{"id":699628,"date":"2018-03-16T12:58:34","date_gmt":"2018-03-16T11:58:34","guid":{"rendered":"http:\/\/www.varesenews.it\/?p=699628"},"modified":"2018-03-16T15:16:50","modified_gmt":"2018-03-16T14:16:50","slug":"bolidi-pista-tortelli-san-giuseppe","status":"publish","type":"post","link":"https:\/\/staging.varesenews.it\/2018\/03\/bolidi-pista-tortelli-san-giuseppe\/699628\/","title":{"rendered":"Bolidi in pista e tortelli per San Giuseppe"},"content":{"rendered":"<p>Ecco gli appuntamenti di questo fine settimana in provincia:<\/p>\n<p><strong>Meteo &#8211;<\/strong>\u00a0Temperature intorno i dieci gradi e intorno allo zero. Sole e neve sui rilievi, pioggia, caldo e freddo. Ci sar\u00e0 di tutto in questo weekend pazzerello di marzo.\u00a0&#8211;<a href=\"http:\/\/www.varesenews.it\/2018\/03\/marzo-pazzerello-un-po-caldo-un-po-freddo-un-po-neve\/699832\/\">\u00a0Il meteo di sabato e domenica\u00a0\u00a0<\/a><\/p>\n<p><strong>INCONTRI\u00a0<\/strong><\/p>\n<p><strong>Varese &#8211;<\/strong>\u00a0Il \u201cRally Internazionale dei Laghi\u201d \u00e8 giunto alla 27a edizione; si svolger\u00e0 tra venerd\u00ec 16 e sabato 17 marzo con partenza e arrivo dalla \u201cMagugliani Arena\u201d, ovvero l\u2019ippodromo delle Bettole di Varese e sar\u00e0 valido anzitutto come prova per la Coppa Italia 2018. &#8211; <a href=\"http:\/\/www.varesenews.it\/2018\/03\/rally-dei-laghi-minuto-minuto-varesenews\/698942\/\">Tutte le informazione e le strade chiuse qua\u00a0<\/a><\/p>\n<p>La diretta del Rally dei Laghi <a href=\"http:\/\/www.varesenews.it\/2018\/03\/rally-dei-laghi-le-informazioni-principali-seguire-la-corsa\/697653\/\">si potr\u00e0 seguire qui<\/a><\/p>\n<p><strong>Cittiglio &#8211; Taino &#8211;\u00a0<\/strong>Si avvicina il grande appuntamento con il ciclismo femminile in provincia di Varese. Domenica 18 marzo \u00e8 il giorno del \u201cTrofeo Binda\u201d, la massima gara in linea italiana dedicata alle donne del pedale e valida per l\u2019Uci Women World Tour, il pi\u00f9 importante circuito internazionale che ha preso il posto della \u201cvecchia\u201d Coppa del Mondo. &#8211; <a href=\"http:\/\/www.varesenews.it\/2018\/03\/taino-cittiglio-pronte-arriva-trofeo-binda\/698854\/\">Tutte le informazioni e il programma\u00a0<\/a><\/p>\n<p><strong>Varese &#8211;<\/strong>\u00a0Bancarelle e tortelli, torna la Festa di San Giuseppe per il 18 e 19 marzo.\u00a0Il banco benefico della tortellata come sempre \u00e8 aperto entrambi i giorni dalle 10.30 davanti alla chiesa di san Giuseppe, nello slargo laterale a corso Moro. Domenica la giornata di iniziative parte dal mattino con la santa messa &#8211; <a href=\"http:\/\/www.varesenews.it\/2018\/03\/tortelli-torna-festa-san-giuseppe\/699233\/\">Tutto il programma\u00a0<\/a><\/p>\n<p><strong>Varese &#8211;\u00a0<\/strong>Pasqua di solidariet\u00e0 con Ail Varese Onlus. L\u2019associazione, che sostiene l\u2019Unit\u00e0 Operativa di Ematologia dell\u2019ospedale di Varese, rinnova l\u2019appuntamento nei giorni 16-17- 18 Marzo con la vendita di colombe e uova, grazie all\u2019impegno dei tanti volontari dell\u2019Associazione impegnati nella raccolta fondi. &#8211; <a href=\"http:\/\/www.varesenews.it\/2018\/03\/caccia-al-tesoro-uova-benefiche-la-pasqua-ail\/699311\/\">Tutto il programma\u00a0<\/a><\/p>\n<p><strong>Varese &#8211;<\/strong> Venerd\u00ec 16 marzo incontro il reato di stalking. Interverranno la Prof.ssa Merzagora e l\u2019Avv. Franz Sarno . Conferenza a cura dell\u2019Ordine degli Avvocati di Varese in collaborazione con AIGA Varese, dalle ore 15.00 alle ore 18.00 alla\u00a0Sala Montanari del Comune\u00a0 di Varese.<\/p>\n<p><strong>Varese &#8211;<\/strong> Venerd\u00ec incontro in occasione della Giornata Nazionale del Fiocchetto Lilla, dalle ore 16.30 alle ore 18.30, al\u00a0Teatro Santuccio Il programma prevede uno spettacolo teatrale, una lettura di testi prodotti da pazienti affetti da DCA e la presentazione di un libro sul trattamento dei DCA. A cura di Villa Miralago, Cuasso al Monte.<\/p>\n<p><strong>Varese &#8211;<\/strong> Sabato linguaggi teatrali per una pedagogia creativa dell\u2019infanzia con Walter Broggini. Dalle ore 10.00 alle ore 13.00 e dalle ore 14.00 alle ore 18:00 al\u00a0Teatro di Varese di\u00a0Piazza Repubblica.\u00a0Il laboratorio verter\u00e0 sul gioco e le tecniche d\u2019animazione,occasione preziosa per avvicinarsi ad un&#8217;arte antica e farlo con un grande maestro. Info prenotazionezattera@libero.it e\u00a0www.progettozattera.com<\/p>\n<p><strong>Varese &#8211;<\/strong> Sabato &#8220;La famiglia Marocchina tra radici e integrazione e le implicazioni legali e culturali&#8221;, giornata di sensibilizzazione a beneficio delle famiglie marocchine e straniere dalle ore 14.00 alle ore 18.00. Alla\u00a0Sala Montanari del Comune di Varese in\u00a0Via dei Bersaglieri 1.\u00a0Parteciperanno ad arricchire le attivit\u00e0 dell&#8217; incontro: Sua Eccellenza il Console del Regno del Marocco, signor Bouzekri Rihani, l&#8217;Assessore ai Servizi Sociali del Comune di Varese Roberto Molinari , il Dott.Agostini, psicologo ,l&#8217;Ing. Zuhair Al\u2013Youbi, il Professor. Zuhair Yousef, il Professor. Moulay Ismail Abu Muslim. L&#8217;incontro \u00e8 aperto alla cittadinanza, saranno offerti t\u00e8 e dolci tipici marocchini. A cura di A.C.L.M. Associazione dei Commercianti e Lavoratori Marocchini.<\/p>\n<p><strong>Varese &#8211;<\/strong>\u00a0&#8220;Guido Villa, cicli pittorici&#8221;. Sabato la presentazione della monografia alle ore 17.00 alla\u00a0Sala Conferenze, Centro Espositivo Mons. Pasquale Macchi, presso la prima cappella al Sacro Monte di Varese.<\/p>\n<p><strong>Varese-<\/strong> Domenica &#8220;67 anni di Avis Varese&#8221;, punto informativo dalle ore 9.00 alle ore 18.00 in\u00a0piazza Montegrappa<\/p>\n<p><strong>Varese &#8211;<\/strong> Domenica per le Uscite Narranti, &#8220;Le campagne di Capolago e i boschi di campanellini&#8221;, Parcheggio Cimitero di Capolago. Le pianure di Varese ricche di biodiversit\u00e0. Un dolce percorso naturalistico tra boschi e campagne intorno al lago. Durata 2 ore e 30 minuti circa &#8211; www.officinambiente.org<\/p>\n<p><strong>Varese &#8211;<\/strong> Domenica visita guidata al\u00a0rifugio antiaereo\u00a0nei Giardini Estensi. Un&#8217;occasione unica per esplorare un luogo poco noto di Varese, ore 15.00, Via Lonati, 10.\u00a0Visita guidata su prenotazione, fino ad esaurimento posti.<br \/>\nPer informazioni e prenotazioni:\u00a0info@archeologistics.it, tel. 328 8377206.<\/p>\n<p><strong>Varese &#8211;<\/strong> Domenica &#8220;Nuovi linguaggi #Inbiblioteca&#8221;, si parla di &#8220;Street Art<br \/>\nStreet art tra arte urbana e gallerie d\u2019arte. In dialogo con la storia&#8221;. Alle 16 alla Biblioteca Civica Comunale incontro con l\u2019artista Seacreative e Sofia Macchi titolare della Galleria Punto sull\u2019Arte. Modera Andrea Ciotti.<\/p>\n<p>Alle 18 incontro &#8220;La fantascienza nel fumetto, da Godzilla a Nathan Never&#8221;. Antonio Serra, storico sceneggiatore della Bonelli e \u201cpap\u00e0\u201d del fortunato fumetto \u201cNathan Never\u201d ci racconter\u00e0 la storia del fumetto di fantascienza.\u00a0 Ingresso libero e gratuito. Per informazioni: contattare il numero,\u00a00332 255274 mail: biblioteca.eventi@comune.varese.it.<\/p>\n<p><strong>Capolago &#8211;<\/strong>\u00a0Torna a Varese la manifestazione interamente dedicata alle piante grasse: Varese Cactus vi aspetta sabato 17 e domenica 18 marzo presso Agricola Home Garden. Tante le iniziative in programma presso il Garden Center varesino: corsi gratuiti, conferenze, una mostra con gli esemplari pi\u00f9 rari e stravaganti e alcuni tra i maggiori esperti italiani in materia pronti a raccontarvi i tanti segreti di queste piante meravigliose. &#8211; <a href=\"http:\/\/www.varesenews.it\/notizie-sponsorizzate\/fine-settimana-pungente-agricola\/\">Tutto il programma\u00a0<\/a><\/p>\n<p><strong>Laveno Mombello &#8211;<\/strong> Domenica sul lungolago mercato dei colori e dei sapori regionali organizzato dalla Pro loco.<\/p>\n<p><strong>Arsago Seprio &#8211;\u00a0<\/strong>Sabato 17 marzo alle ore 15 nella chiesa di S. Maria in Monticello di Arsago Seprio i ragazzi delle scuole primarie e delle medie scopriranno un altro tassello della storia di Arnolfo II de Arsago e uno dei luoghi simbolo di Arsago. &#8211; <a href=\"http:\/\/www.varesenews.it\/2018\/03\/pennelli-ribelli-libri-colori-scoprire-la-storia-arnolfo\/698200\/\">Tutto il programma\u00a0<\/a><\/p>\n<p><strong>Venegono Superiore &#8211;<\/strong>\u00a0Diamogli un taglio: un incontro sullo \u201cscandalo\u201d della spesa militare italiana. Sabato 17 marzo, alle 19 al Castello dei Missionari Comboniani, un incontro pubblico sui dati del Rapporto MIL\u20acX 2018 sulla spesa militare italiana. Segue, per chi lo desidera, una cena condivisa &#8211; <a href=\"http:\/\/www.varesenews.it\/2018\/03\/diamogli-un-taglio-un-incontro-sullo-scandalo-della-spesa-militare-italiana\/699599\/\">Tutto il programma\u00a0<\/a><\/p>\n<p><strong>Cassano Magnago &#8211;\u00a0<\/strong>Sabato 17 e domenica 18 marzo, torna a Cassano Magnago il Choco Festival Lindt, edizione Gold Bunny, un fine settimana divertente e cioccogoloso dedicato a tutti i bambini e agli adulti appassionati di cioccolato, per festeggiare con dolcezza la festa del pap\u00e0. Special guest anche quest\u2019anno sar\u00e0 Mofy, il morbidissimo coniglietto di Rai YoYo che dar\u00e0 il benvenuto a tutti i partecipanti, specialmente ai pi\u00f9 piccoli.\u00a0Sono in programma tanti appuntamenti per giocare e divertirsi, spettacoli di illusione e magia &#8211; <a href=\"http:\/\/www.varesenews.it\/evento\/lindt-choco-festival-2018-gold-bunny-edition-un-fine-settimana-cioccogoloso\/\">Tutto il programma\u00a0<\/a><\/p>\n<p><strong>Busto Arsizio &#8211;\u00a0<\/strong>Prende il via sabato 17 marzo la settima edizione del Festival Fotografico Europeo, appuntamento annuale ideato e curato dall\u2019Afi-Archivio Fotografico Italiano. <a href=\"http:\/\/www.varesenews.it\/2018\/03\/inizia-mese-del-festival-fotografico-europeo\/699613\/\">&#8211; Tutto il programma\u00a0<\/a><\/p>\n<p><strong>Castellanza &#8211;<\/strong>\u00a0Castellanza celebra i 200 anni di Villa Brambilla, domenica visite guidate &#8211; <a href=\"http:\/\/www.varesenews.it\/2018\/03\/castellanza-celebra-200-anni-villa-brambilla\/699889\/\">Tutto il programma\u00a0<\/a><\/p>\n<div class=\"photo-inside-post\"><img decoding=\"async\" loading=\"lazy\" fetchpriority=\"low\" width=\"610\" height=\"431\" src=\"https:\/\/staging.varesenews.it\/photogallery_new\/images\/2018\/03\/generico-2018-661284.610x431.jpg\" alt=\"Generico 2018\"><\/div>\n<p><strong>LIBRI<\/strong><\/p>\n<p><strong>Varese &#8211;<\/strong> Appuntamento alla Libreria Feltrinelli di Varese. Venerd\u00ec 16 Marzo alle ore 18:00 incontro con Matteo Fontana \u2013 Presentazione del volume \u201c Il veleno dei ricordi \u201d Feltrinelli Editore \u2013 Conversano con l\u2019 autore Roberto Mandile e Graziano Pesce.\u00a0Sabato 17 Marzo alle ore 17:30 incontro con Alfredo Ambrosetti \u2013 Presentazione del volume \u201c La mia storia \u201d Egea Editore \u2013 Conversa con l\u2019 autore Ferruccio De Bortoli<\/p>\n<p><strong>Varese &#8211;<\/strong>\u00a0Sar\u00e0 un intenso weekend per la libreria Ubik di Varese. Sabato 17 marzo, alle 18, Ubik incontro con Raul Montanari che racconter\u00e0 il suo nuovo romanzo, \u201cLa vita finora\u201d. Domenica incontro\u00a0con l\u2019ostetrica Marta Campiotti, autrice del libro \u201cL\u2019armonia della nascita\u201d, edizione Bonomi. L\u2019incontro sar\u00e0 condotto da Isabella Mauceri. &#8211; <a href=\"http:\/\/www.varesenews.it\/2018\/03\/raul-montanari-a-magia-della-nascita-weekend-alla-ubik\/699907\/\">Tutto il programma\u00a0<\/a><\/p>\n<p><strong>Casalzuigno &#8211;<\/strong> Laveno Mombello &#8211;\u00a0Il Walser dell\u2019Imperatore e l\u2019acqua stretta nel pugno. Doppio appuntamento letterario sabato 17 marzo a Casalzuigno e Laveno. Protagoniste due scrittrici: Adriana de Carvalho Masi e Annalina Molteni &#8211;<a href=\"http:\/\/www.varesenews.it\/2018\/03\/walser-dellimperatore-lacqua-stretta-nel-pugno\/699035\/\"> Tutto il programma\u00a0<\/a><\/p>\n<p><strong>Busto Arsizio &#8211;<\/strong>\u00a0Sabato 17 marzo alle 18 sar\u00e0 presentato alla Galleria Boragno il libro \u201cIl mare davanti\u201d di Erminia Dell\u2019Oro, edito da Piemme &#8211;<a href=\"http:\/\/www.varesenews.it\/2018\/03\/domande-sullimmigrazione-le-risposte-boragno-mare-davanti\/699627\/\"> Tutto il programma<\/a><\/p>\n<div class=\"photo-inside-post\"><img decoding=\"async\" loading=\"lazy\" fetchpriority=\"low\" width=\"610\" height=\"431\" src=\"https:\/\/staging.varesenews.it\/photogallery_new\/images\/2018\/02\/bambini-in-condominio-656315.610x431.jpg\" alt=\"bambini in condominio\"><\/div>\n<p><strong>BAMBINI\u00a0<\/strong><\/p>\n<p><strong>Varese &#8211;<\/strong> Sabato 17 marzo &#8220;Il mondo di Geronimo Stilton&#8221;, alla\u00a0Biblioteca dei Ragazzi \u201cGianni Rodari\u201d via Cairoli, 16 ore 10.00 lettura, alle\u00a0ore 10.15 laboratori differenziati per argomento, alle\u00a0ore 15.30 lettura e alle\u00a0ore 15.45 laboratori per bambini a partire dai 6 anni. I ragazzi del Corso professionale Operatore della ristorazione offriranno una golosa merenda Partecipazione libera e gratuita.<\/p>\n<p><strong>Varese &#8211;<\/strong>\u00a0Sabato al Castello, let&#8217;s meet the artist Kandinskji,\u00a0dalle ore 15.00 alle ore 17.45 ai\u00a0Musei Civici del Comune di Varese. Dalle ore 15.00 alle ore 16.45 dedicato ai bambini 7\/11 anni ore, dalle ore 16.30 alle ore 17.45 dedicato ai bambini 4\/6 anni attivit\u00e0 10 Euro + 1 ingresso (da 6 anni) abbonamento 4 incontri 30 Euro, 1\u00b0 adulto ingresso gratuito, altri 2 Euro. Prenotazione obbligatoria<br \/>\nUff. Didattica tel. 0332.255473 (lun-gio 9\/12.30 &#8211; 14.30\/17, ven 9\/14.30), Castello tel. 0332.820409 (mar-dom 9.30\/12.30 &#8211; 14\/18). Info: didattica.masnago@comune.varese.it.<\/p>\n<p><strong>Varese &#8211;<\/strong>\u00a0Domenica continua &#8220;Villa Panza Kids. Bim Bum Bart&#8221; per la\u00a0Festa del pap\u00e0, dalle ore 15.00. Un\u2019avventura \u201cspaziale\u201d nei colori delle installazioni di Dan Flavin: in laboratorio realizzeremo speciali paesaggi luminosi nei quali ci fotograferemo con il pap\u00e0. Dai 4 ai 12 anni.\u00a0In collaborazione con LaborArs.<br \/>\nwww.fondoambiente.it\/luoghi\/villa-e- collezione-panza<\/p>\n<p><strong>Lonate Pozzolo &#8211;<\/strong>\u00a0\u201cBrick a Lonate &#8211; Mattoncini a tutte le et\u00e0&#8221;, due giorni a tutto Lego con tanti eventi in programma per sabato e domenica &#8211; <a href=\"http:\/\/www.varesenews.it\/2018\/03\/brick-lonate-un-giorno-lego\/697740\/\">Tutto il programma\u00a0<\/a><\/p>\n<p><strong>Busto Arsizio &#8211;<\/strong>\u00a0Lo spettacolo di Progetto Zattera &#8220;Il Frigo Magico&#8221; ideato Martin Stigol chiude la rassegna \u00abScintille\u00bb: adatto dai 3 anni in su, parla delle verdure, spiega le piramidi alimentari, racconta l\u2019importanza di conservare gli alimenti in luoghi sicuri. Al teatro Sociale Delia Cajelli, via Dante Alighieri 20, ore 16.30, 7 euro, ingresso gratuito per pap\u00e0 e nonni, prenotazione\u00a0 consigliata: prenotazionesociale@libero.it, 349.3281029.<\/p>\n<p><strong>Gallarate &#8211;<\/strong>\u00a0Domenica &#8220;La favola del re Leone&#8221; \u00e8 protagonista del musical \u00abHakuna matata\u00bb, prodotto da All Crazy &amp; Soldout con cast professionista. Al Condominio, via del Teatro 5, ore 16, 15\/10 euro, 392.8980187.<\/p>\n<p><strong>TEATRO<\/strong><\/p>\n<p><strong>Varese &#8211;<\/strong> Venerd\u00ec a teatro &#8220;Quattro donne e una canaglia&#8221;\u00a0di Pierre Chesnot , ore 21.00 al\u00a0Teatro di Varese.\u00a0www.teatrodivarese.altervista.com<\/p>\n<p><strong>Varese &#8211;<\/strong>\u00a0Sabato sera Giovanni Allevi in Equilibrium Tour,\u00a0ore 21.00, al\u00a0Teatro di Varese di\u00a0Piazza Repubblica. L\u2019artista sar\u00e0 sul palco con il\u00a0pianoforte accompagnato da 13 selezionati Archi dell\u2019Orchestra Sinfonica Italiana.\u00a0 www.teatrodivarese.altervista.org<\/p>\n<p><strong>Uboldo &#8211;<\/strong>\u00a0\u201cIl padre della sposa\u201d in scena al Teatro San Pio. Appuntamento per sabato 17 marzo, alle 21 &#8211; <a href=\"http:\/\/www.varesenews.it\/2018\/03\/padre-della-sposa-scena-al-teatro-san-pio\/698813\/\">Tutto il programma\u00a0<\/a><\/p>\n<p><strong>Busto Arsizio &#8211;<\/strong>\u00a0S\u2019intitola \u00abConcerto versatile\u00bb quello che <a href=\"http:\/\/www.varesenews.it\/2018\/01\/brunori-sas-caparezza-ruggiero-allevi-concerti-del-2018\/680915\/\">Antonella Ruggiero, immensa voce italiana<\/a>, propone con Mark Harris a pianoforte e armonium e Roberto Colombo alle prese con vocoder e synth bass. Sabato al teatro Sociale Delia Cajelli.<\/p>\n<p><strong>Gallarate &#8211;<\/strong>\u00a0 La compagnia dei Giovani \u00e8 in scena con \u00abAdess femm i cunt\u00bb, per la regia di Maria Teresa Menegotti. Al teatro Nuovo, sabato sera.<\/p>\n<div class=\"photo-inside-post\"><img decoding=\"async\" loading=\"lazy\" fetchpriority=\"low\" width=\"610\" height=\"431\" src=\"https:\/\/staging.varesenews.it\/photogallery_new\/images\/2013\/07\/giovanni-allevi-musica-63749.610x431.jpg\" alt=\"giovanni allevi musica \"><\/div>\n<p><strong>MUSICA\u00a0<\/strong><\/p>\n<p><strong>Radio &#8211;<\/strong>\u00a0There Will Be Blood, appuntamento su Never Was Radio. Appuntamento con il concerto del gruppo sulla web radio, domenica 18 marzo, alle 21 &#8211; <a href=\"http:\/\/www.varesenews.it\/2018\/03\/there-will-be-blood-appuntamento-never-was-radio\/699400\/\">Tutto il programma\u00a0<\/a><\/p>\n<p><strong>Varese &#8211;<\/strong>\u00a0Appuntamento alle Cantine Coopuf per un fine settimana, come sempre, ricco di iniziative. Allo spazio di Via De Cristoforis si parte venerd\u00ec 16 marzo, alle 16 e 15 con il jazz di \u201cTommaso Starace Organ Trio\u201d.\u00a0Sabato l\u2019appuntamento \u00e8 con \u201cIrish Party\u201d con i The Clurs mentre domenica un pomeriggio dedicato alla tarantella con laboratorio e concerto la sera &#8211; <a href=\"http:\/\/www.varesenews.it\/2018\/03\/irish-party-tarantella-fine-settimana-alla-coopuf\/698820\/\">Tutto il programma\u00a0<\/a><\/p>\n<p><strong>Varese &#8211;<\/strong> Al Twiggy sabato sera \u00e8 Supersound con Dj Vigor in consolle. Domenica live \u201cBlack Jezus\u201d, il duo black-folk\u00a0 formato da Luca Impellizzeri (testi, voce e chitarre) e Ivano Amata (chitarre, synth, xilofono e drum machine) &#8211;<a href=\"http:\/\/www.varesenews.it\/2018\/03\/black-jezus-chiudono-fine-settimana-twiggy\/698918\/\"> Tutto il programma\u00a0<\/a><\/p>\n<p><strong>Varese &#8211;<\/strong>\u00a0Domenica il quartetto rockabilly di Milano suona i brani del Cd \u00abTremendous rock\u2019n\u2019roll\u00bb alle ore 20.30 alla Vecchia Varese di via Ravasi, tutti pezzi originali tranne \u00abMorse code\u00bb di Don Woody.<\/p>\n<p><strong>Albizzate &#8211;<\/strong> Sul palco del The Family torna Bir\u00f8 per un dj set incentrato sui ritmi di &#8220;Incipit&#8221;, il suo nuovo album. Ingresso libero, dalle 22<\/p>\n<p><strong>Busto Arsizio &#8211;<\/strong>\u00a0E\u2019 un weekend all\u2019insegna della musica quello che sta per iniziare al Circolo Gagarin di Busto Arsizio. Venerd\u00ec 16 marzo, alle 21, il live di Nordra e Vespertina, sabato il reading musicale &#8220;Il Babau e i maledetti cretini&#8221; tributo a Edgar Allan Poe. Domenica circolo aperto a tutti i soci dalle 20:30, il luogo giusto dove rilassarsi alla domenica sera e ricaricarsi per il luned\u00ec.<br \/>\nSempre presenti i ragazzi de La Tana dei Goblin con i loro giochi da tavolo per la serata ludica domenicale. &#8211; <a href=\"http:\/\/www.varesenews.it\/2018\/03\/un-weekend-pieno-musica-al-circolo-gagarin\/699761\/\">Tutto il programma\u00a0<\/a><\/p>\n<p><strong>Varese &#8211;<\/strong> Sabato concerto &#8220;Responsoria Hebdomadae Sanctae&#8221;, musiche di M.A.Ingegneri e C.Monteverdi alle ore\u00a021.00 alla\u00a0Chiesa Parrocchiale di S.Ambrogio Olona con\u00a0 il &#8220;Coro da Camera Sine Nomine Citt\u00e0 di Varese&#8221;,c direttore Giuseppe Reggiori. Info: www.sinenomine.info.<\/p>\n<p><strong>Varese &#8211;\u00a0\u00a0<\/strong>Sabato 17 marzo alle 21.00 a Varese, presso la Chiesa Parrocchiale del rione S. Ambrogio, il Coro Sine Nomine Citt\u00e0 di Varese, diretto da Giuseppe Reggiori,proporr\u00e0 i &#8220;Responsoria Hebdomadae Sanctae&#8221;, musica di Ingegneri e Monteverdi. Ingresso libero.<\/p>\n<p><strong>Varese-\u00a0<\/strong>L\u2019Ensemble Varesino, diretto dal M\u00b0 Giuseppina Levato, presenta una lezione Aperta al Liceo Musicale proponendo un programma dedicato al tema della musica da film. Un percorso illustrato da parole ed immagini, accompagnato dalla musica di 22 saxofoni che rievocheranno, attraverso le colonne sonore e alcune scene di famosissimi film, le emozioni che ci trasporteranno all\u2019interno di questo piccolo viaggio. L\u2019evento si terr\u00e0 sabato 24 marzo 2018 alle ore 18.00, presso l\u2019Auditorium del Civico Liceo Musicale \u201cMalipiero\u201d, sito in via G. Garibaldi 4. Musiche di Morricone, Dukas, Ponchielli, Debussy, Williams. Ingresso libero.<\/p>\n<p><strong>Legnano &#8211;<\/strong>\u00a0Un concerto per sostenere il liceo Legnani.\u00a0Il concerto del coro Hebel del Liceo Legnani si terr\u00e0 al Teatro Giuditta Pasta il venerd\u00ec 17 marzo alle 21:00. &#8211; <a href=\"http:\/\/www.varesenews.it\/2018\/03\/un-concerto-attrezzare-giardino-del-liceo-legnani\/699366\/\">Tutto il programma\u00a0<\/a><\/p>\n<p><strong>Legnano &#8211;<\/strong>\u00a0Al circolone, sabato, il concerto del cantautore Andrea Laszlo De Simone (ingresso 10 euro con consumazione). Via san Bernardino 12, ore 22.<\/p>\n<p><strong>Rescaldina &#8211;<\/strong>\u00a0Sabato 17 marzo vede sul palco dell\u2019osteria sociale la formazione jazz Axes Quartet composta da Alfonsina Pansera (voce), Margherita Carbonell (contrabbasso), Eugenio Arcidiacono (pianoforte) e Marco Falcon (batteria); un quartetto il cui nome prende spunto dal termine slang \u201caxes\u201d usato dai primi jazzisti di New Orleans per indicare i loro strumenti. Inizio alle 21.45, ingresso libero.<\/p>\n<p><strong>ARTE<\/strong><\/p>\n<p><strong>Gallarate &#8211;\u00a0<\/strong>La fotografia protagonista nel weekend al Maga.\u00a0Al MA*GA\u00a0un reportage inedito di Paolo Sacchi del 1996 dedicato a Lowell, citta natale di Kerouac, e alle opere della collezione esposte in mostra, quando ancora si trovavano nella casa natale del celebre scrittore americano.<\/p>\n<p>Inoltre, domenica per il ciclo di incontri \u201cIntorno a Kerouac\u201d alle 17.00 Daniele De Luigi, curatore della Galleria Civica di Modena e critico d\u2019arte e fotografia contemporanea, terr\u00e0 un incontro dedicato a Robert Frank e la fotografia americana. Ingresso gratuito alla conferenza. &#8211; <a href=\"http:\/\/www.varesenews.it\/2018\/03\/la-fotografia-protagonista-nel-weekend-al-maga\/699921\/\">Tutto il programma\u00a0<\/a><\/p>\n<p><strong>Cardano al Campo &#8211;<\/strong>\u00a0Il viaggio secondo Ivo Stelluti tra suoni, parole e immagini<br \/>\nInaugurata con un reading dedicato a Jack Kerouac la mostra dell\u2019artista al Temporary Work space &#8211; <a href=\"http:\/\/www.varesenews.it\/2018\/03\/viaggio-secondo-ivo-stelluti-suoni-parole-immagini\/699869\/\">Tutto il programma\u00a0<\/a><\/p>\n<p><strong>Maccagno con Pino e Veddasca &#8211;<\/strong>\u00a0Venerd\u00ec 16 marzo 2018 alle ore 21 al Punto d\u2019Incontro (via Valsecchi 21, complesso Auditorium), inaugurazione di una mostra di pittura a cura di Francesco Galmarini. &#8211; <a href=\"http:\/\/www.varesenews.it\/2018\/03\/serata-pittura-racconti-dialetto-ticinese\/698679\/\">Tutto il programma\u00a0<\/a><\/p>\n<p><strong>Saronno &#8211;<\/strong>\u00a0E\u2019 in corso fino al 18 marzo nel foyer del teatro Giuditta Pasta la mostra dell\u2019artista giapponese Izumi Fujiwara. Proprio domenica andr\u00e0 in scena lo spettacolo per bambini \u201cControvento\u201d, con protagonista suo marito Michele Cafaggi. &#8211; <a href=\"http:\/\/www.varesenews.it\/2018\/03\/larte-giapponese-izumi-fujiwara-nel-foyer-del-giuditta-pasta\/699932\/\">Tutto il programma\u00a0<\/a><\/p>\n<p><strong>CINEMA\u00a0<\/strong><br \/>\nEcco le nuove uscite al cinema &#8211; <a href=\"http:\/\/www.varesenews.it\/2018\/03\/amore-dramma-avventura-al-cinema\/699343\/\">L&#8217;articolo\u00a0<\/a><\/p>\n","protected":false},"excerpt":{"rendered":"<p>Sole e pioggia nel fine settimana ma anche tanti eventi: ecco gli appuntamenti in provincia <\/p>\n","protected":false},"author":32,"featured_media":0,"comment_status":"open","ping_status":"open","sticky":false,"template":"","format":"standard","meta":{"footnotes":""},"categories":[21,2],"tags":[66851,158],"acf":[],"yoast_head":"<!-- This site is optimized with the Yoast SEO plugin v20.1 - https:\/\/yoast.com\/wordpress\/plugins\/seo\/ -->\n<title>Bolidi in pista e tortelli per San Giuseppe<\/title>\n<meta name=\"description\" content=\"Sole e pioggia nel fine settimana ma anche tanti eventi: ecco gli appuntamenti in provincia\" \/>\n<meta name=\"robots\" content=\"noindex, follow, max-snippet:-1, max-image-preview:large, max-video-preview:-1\" \/>\n<meta property=\"og:locale\" content=\"it_IT\" \/>\n<meta property=\"og:type\" content=\"article\" \/>\n<meta property=\"og:title\" content=\"Bolidi in pista e tortelli per San Giuseppe\" \/>\n<meta property=\"og:description\" content=\"Sole e pioggia nel fine settimana ma anche tanti eventi: ecco gli appuntamenti in provincia\" \/>\n<meta property=\"og:url\" content=\"https:\/\/staging.varesenews.it\/2018\/03\/bolidi-pista-tortelli-san-giuseppe\/699628\/\" \/>\n<meta property=\"og:site_name\" content=\"VareseNews\" \/>\n<meta property=\"article:publisher\" content=\"https:\/\/www.facebook.com\/varesenews\" \/>\n<meta property=\"article:published_time\" content=\"2018-03-16T11:58:34+00:00\" \/>\n<meta property=\"article:modified_time\" content=\"2018-03-16T14:16:50+00:00\" \/>\n<meta name=\"author\" content=\"Adelia Brigo\" \/>\n<meta name=\"twitter:card\" content=\"summary_large_image\" \/>\n<meta name=\"twitter:creator\" content=\"@AdeliaBrigo\" \/>\n<meta name=\"twitter:site\" content=\"@varesenews\" \/>\n<meta name=\"twitter:label1\" content=\"Scritto da\" \/>\n\t<meta name=\"twitter:data1\" content=\"Adelia Brigo\" \/>\n\t<meta name=\"twitter:label2\" content=\"Tempo di lettura stimato\" \/>\n\t<meta name=\"twitter:data2\" content=\"12 minuti\" \/>\n<script type=\"application\/ld+json\" class=\"yoast-schema-graph\">{\"@context\":\"https:\/\/schema.org\",\"@graph\":[{\"@type\":\"WebPage\",\"@id\":\"https:\/\/staging.varesenews.it\/2018\/03\/bolidi-pista-tortelli-san-giuseppe\/699628\/\",\"url\":\"https:\/\/staging.varesenews.it\/2018\/03\/bolidi-pista-tortelli-san-giuseppe\/699628\/\",\"name\":\"Bolidi in pista e tortelli per San Giuseppe\",\"isPartOf\":{\"@id\":\"https:\/\/staging.varesenews.it\/#website\"},\"datePublished\":\"2018-03-16T11:58:34+00:00\",\"dateModified\":\"2018-03-16T14:16:50+00:00\",\"author\":{\"@id\":\"https:\/\/staging.varesenews.it\/#\/schema\/person\/272ac0f5b2dbfd572218c2d86e013f1a\"},\"description\":\"Sole e pioggia nel fine settimana ma anche tanti eventi: ecco gli appuntamenti in provincia\",\"breadcrumb\":{\"@id\":\"https:\/\/staging.varesenews.it\/2018\/03\/bolidi-pista-tortelli-san-giuseppe\/699628\/#breadcrumb\"},\"inLanguage\":\"it-IT\",\"potentialAction\":[{\"@type\":\"ReadAction\",\"target\":[\"https:\/\/staging.varesenews.it\/2018\/03\/bolidi-pista-tortelli-san-giuseppe\/699628\/\"]}]},{\"@type\":\"BreadcrumbList\",\"@id\":\"https:\/\/staging.varesenews.it\/2018\/03\/bolidi-pista-tortelli-san-giuseppe\/699628\/#breadcrumb\",\"itemListElement\":[{\"@type\":\"ListItem\",\"position\":1,\"name\":\"Home\",\"item\":\"https:\/\/www.varesenews.it\/\"},{\"@type\":\"ListItem\",\"position\":2,\"name\":\"Bolidi in pista e tortelli per San Giuseppe\"}]},{\"@type\":\"WebSite\",\"@id\":\"https:\/\/staging.varesenews.it\/#website\",\"url\":\"https:\/\/staging.varesenews.it\/\",\"name\":\"VareseNews\",\"description\":\"\",\"potentialAction\":[{\"@type\":\"SearchAction\",\"target\":{\"@type\":\"EntryPoint\",\"urlTemplate\":\"https:\/\/staging.varesenews.it\/?s={search_term_string}\"},\"query-input\":\"required name=search_term_string\"}],\"inLanguage\":\"it-IT\"},{\"@type\":\"Person\",\"@id\":\"https:\/\/staging.varesenews.it\/#\/schema\/person\/272ac0f5b2dbfd572218c2d86e013f1a\",\"name\":\"Adelia Brigo\",\"image\":{\"@type\":\"ImageObject\",\"inLanguage\":\"it-IT\",\"@id\":\"https:\/\/staging.varesenews.it\/#\/schema\/person\/image\/\",\"url\":\"https:\/\/staging.varesenews.it\/wp-content\/uploads\/2020\/12\/adelia_brigo_colori_500.jpg\",\"contentUrl\":\"https:\/\/staging.varesenews.it\/wp-content\/uploads\/2020\/12\/adelia_brigo_colori_500.jpg\",\"caption\":\"Adelia Brigo\"},\"description\":\"Giornalista pubblicista, lavoro a VareseNews dal 2007 e mi occupo di cronaca locale e del settore dedicato alla cultura. In questi anni ho seguito diversi progetti di comunicazione, amo sperimentare strategie per i Social Network e raccontare storie. Varesina, classe 1984, sono laureata in Scienze della Comunicazione.&nbsp;\",\"sameAs\":[\"AdeliaBrigo\",\"https:\/\/twitter.com\/AdeliaBrigo\"],\"url\":\"https:\/\/staging.varesenews.it\/persona\/adelia_brigo\/\"}]}<\/script>\n<!-- \/ Yoast SEO plugin. -->","yoast_head_json":{"title":"Bolidi in pista e tortelli per San Giuseppe","description":"Sole e pioggia nel fine settimana ma anche tanti eventi: ecco gli appuntamenti in provincia","robots":{"index":"noindex","follow":"follow","max-snippet":"max-snippet:-1","max-image-preview":"max-image-preview:large","max-video-preview":"max-video-preview:-1"},"og_locale":"it_IT","og_type":"article","og_title":"Bolidi in pista e tortelli per San Giuseppe","og_description":"Sole e pioggia nel fine settimana ma anche tanti eventi: ecco gli appuntamenti in provincia","og_url":"https:\/\/staging.varesenews.it\/2018\/03\/bolidi-pista-tortelli-san-giuseppe\/699628\/","og_site_name":"VareseNews","article_publisher":"https:\/\/www.facebook.com\/varesenews","article_published_time":"2018-03-16T11:58:34+00:00","article_modified_time":"2018-03-16T14:16:50+00:00","author":"Adelia Brigo","twitter_card":"summary_large_image","twitter_creator":"@AdeliaBrigo","twitter_site":"@varesenews","twitter_misc":{"Scritto da":"Adelia Brigo","Tempo di lettura stimato":"12 minuti"},"schema":{"@context":"https:\/\/schema.org","@graph":[{"@type":"WebPage","@id":"https:\/\/staging.varesenews.it\/2018\/03\/bolidi-pista-tortelli-san-giuseppe\/699628\/","url":"https:\/\/staging.varesenews.it\/2018\/03\/bolidi-pista-tortelli-san-giuseppe\/699628\/","name":"Bolidi in pista e tortelli per San Giuseppe","isPartOf":{"@id":"https:\/\/staging.varesenews.it\/#website"},"datePublished":"2018-03-16T11:58:34+00:00","dateModified":"2018-03-16T14:16:50+00:00","author":{"@id":"https:\/\/staging.varesenews.it\/#\/schema\/person\/272ac0f5b2dbfd572218c2d86e013f1a"},"description":"Sole e pioggia nel fine settimana ma anche tanti eventi: ecco gli appuntamenti in provincia","breadcrumb":{"@id":"https:\/\/staging.varesenews.it\/2018\/03\/bolidi-pista-tortelli-san-giuseppe\/699628\/#breadcrumb"},"inLanguage":"it-IT","potentialAction":[{"@type":"ReadAction","target":["https:\/\/staging.varesenews.it\/2018\/03\/bolidi-pista-tortelli-san-giuseppe\/699628\/"]}]},{"@type":"BreadcrumbList","@id":"https:\/\/staging.varesenews.it\/2018\/03\/bolidi-pista-tortelli-san-giuseppe\/699628\/#breadcrumb","itemListElement":[{"@type":"ListItem","position":1,"name":"Home","item":"https:\/\/www.varesenews.it\/"},{"@type":"ListItem","position":2,"name":"Bolidi in pista e tortelli per San Giuseppe"}]},{"@type":"WebSite","@id":"https:\/\/staging.varesenews.it\/#website","url":"https:\/\/staging.varesenews.it\/","name":"VareseNews","description":"","potentialAction":[{"@type":"SearchAction","target":{"@type":"EntryPoint","urlTemplate":"https:\/\/staging.varesenews.it\/?s={search_term_string}"},"query-input":"required name=search_term_string"}],"inLanguage":"it-IT"},{"@type":"Person","@id":"https:\/\/staging.varesenews.it\/#\/schema\/person\/272ac0f5b2dbfd572218c2d86e013f1a","name":"Adelia Brigo","image":{"@type":"ImageObject","inLanguage":"it-IT","@id":"https:\/\/staging.varesenews.it\/#\/schema\/person\/image\/","url":"https:\/\/staging.varesenews.it\/wp-content\/uploads\/2020\/12\/adelia_brigo_colori_500.jpg","contentUrl":"https:\/\/staging.varesenews.it\/wp-content\/uploads\/2020\/12\/adelia_brigo_colori_500.jpg","caption":"Adelia Brigo"},"description":"Giornalista pubblicista, lavoro a VareseNews dal 2007 e mi occupo di cronaca locale e del settore dedicato alla cultura. In questi anni ho seguito diversi progetti di comunicazione, amo sperimentare strategie per i Social Network e raccontare storie. Varesina, classe 1984, sono laureata in Scienze della Comunicazione.&nbsp;","sameAs":["AdeliaBrigo","https:\/\/twitter.com\/AdeliaBrigo"],"url":"https:\/\/staging.varesenews.it\/persona\/adelia_brigo\/"}]}},"post_meta":{"_edit_lock":"1521209807:32","_edit_last":"32","_category_permalink":"a:1:{s:8:\"category\";s:0:\"\";}","argomento":"Cosa fare nel weekend","_yoast_wpseo_content_score":"30","_jd_tweet_this":"yes","ratings_users":"0","ratings_score":"0","ratings_average":"0","foto":"601542","_wpt_short_url":"http:\/\/www.varesenews.it\/2018\/03\/bolidi-pista-tortelli-san-giuseppe\/699628\/","_wp_jd_target":"http:\/\/www.varesenews.it\/2018\/03\/bolidi-pista-tortelli-san-giuseppe\/699628\/","_jd_wp_twitter":"a:1:{i:0;s:128:\"Bolidi in pista e tortelli per San Giuseppe http:\/\/www.varesenews.it\/2018\/03\/bolidi-pista-tortelli-san-giuseppe\/699628\/ #weekend\";}","_wpt_status_message":"Tweet inviato con successo."},"photos":[{"original":"https:\/\/staging.varesenews.it\/photogallery_new\/images\/2017\/03\/caricamento-temporaneo-per-contributo-j6opembnuy-601542.jpg","full":"https:\/\/staging.varesenews.it\/photogallery_new\/images\/2017\/03\/caricamento-temporaneo-per-contributo-j6opembnuy-601542.1024x768.jpg","large":"https:\/\/staging.varesenews.it\/photogallery_new\/images\/2017\/03\/caricamento-temporaneo-per-contributo-j6opembnuy-601542.610x431.jpg"}],"_links":{"self":[{"href":"https:\/\/staging.varesenews.it\/swgapi\/v1\/wp\/v2\/posts\/699628"}],"collection":[{"href":"https:\/\/staging.varesenews.it\/swgapi\/v1\/wp\/v2\/posts"}],"about":[{"href":"https:\/\/staging.varesenews.it\/swgapi\/v1\/wp\/v2\/types\/post"}],"author":[{"embeddable":true,"href":"https:\/\/staging.varesenews.it\/swgapi\/v1\/wp\/v2\/users\/32"}],"replies":[{"embeddable":true,"href":"https:\/\/staging.varesenews.it\/swgapi\/v1\/wp\/v2\/comments?post=699628"}],"version-history":[{"count":0,"href":"https:\/\/staging.varesenews.it\/swgapi\/v1\/wp\/v2\/posts\/699628\/revisions"}],"wp:attachment":[{"href":"https:\/\/staging.varesenews.it\/swgapi\/v1\/wp\/v2\/media?parent=699628"}],"wp:term":[{"taxonomy":"category","embeddable":true,"href":"https:\/\/staging.varesenews.it\/swgapi\/v1\/wp\/v2\/categories?post=699628"},{"taxonomy":"post_tag","embeddable":true,"href":"https:\/\/staging.varesenews.it\/swgapi\/v1\/wp\/v2\/tags?post=699628"}],"curies":[{"name":"wp","href":"https:\/\/api.w.org\/{rel}","templated":true}]}}