{"id":701856,"date":"2018-03-23T09:14:39","date_gmt":"2018-03-23T08:14:39","guid":{"rendered":"http:\/\/www.varesenews.it\/?p=701856"},"modified":"2018-03-23T09:19:32","modified_gmt":"2018-03-23T08:19:32","slug":"via-matteotti-gallarate-riapre-ipc-falcone","status":"publish","type":"post","link":"https:\/\/staging.varesenews.it\/2018\/03\/via-matteotti-gallarate-riapre-ipc-falcone\/701856\/","title":{"rendered":"Via Matteotti riapre al traffico"},"content":{"rendered":"<p><a href=\"http:\/\/www.varesenews.it\/2017\/10\/via-matteotti-riapre-al-traffico-veicolare-fino-a-piazza-san-lorenzo\/659713\/\" target=\"_blank\" rel=\"noopener\">Annunciata a ottobre 2017,<\/a> diventa ora operativa la <strong>riapertura al traffico di via Matteotti a Gallarate<\/strong>.<\/p>\n<p>Il tratto interessato dai lavori disposti dall\u2019<strong>ufficio Traffico del comando della Polizia Locale<\/strong>, \u00e8 quello compreso tra la via Cadore e la via Sommariva, vale a dire <strong>l&#8217;ultimissimo tratto a ridosso di piazza San Lorenzo<\/strong>, di fronte all&#8217;ingresso dell&#8217;Ipc Falcone. \u00abEntro i primi giorni di aprile\u00bb verr\u00e0 eliminata l\u2019area pedonale (istituita sette anni fa) e<strong> la strada diventer\u00e0 percorribile a senso unico<\/strong> in direzione piazza San Lorenzo, lo stesso senso di marcia dell&#8217;intera via, che diventa quindi nuovo ingresso in centro.<\/p>\n<p>Nelle intenzioni della giunta, la riapertura della strada dovrebbe <strong>\u00abriportare ordine e pulizia nella zona\u00bb<\/strong> che, in base alle denunce dei residenti, \u00e8 oggetto di degrado ambientale, in particolare nel tratto attualmente chiuso al traffico. \u00abL\u2019assenza di veicoli e la vicinanza della stazione ferroviaria, agevolava infatti bivacchi e schiamazzi\u00bb (i bivacchi riguardano a volte anche il parcheggio pubblico sotterraneo, in suo alla scuola).<\/p>\n<p>Dal punto di vista viabilistico la scelta <strong>&#8211; secondo la giunta &#8211; alleggerir\u00e0 il traffico soprattutto nelle ore di punta<\/strong> a tutto vantaggio dei residenti e delle attivit\u00e0 commerciali della zona. Dal punto di vista della sicurezza, viene introdotta la prima \u201cisola ambientale\u201d di Gallarate. Una definizione dietro a cui sta la realizzazione di <strong>un passaggio pedonale rialzato<\/strong> e l\u2019introduzione del<strong> limite dei 30 chilometri orari<\/strong> (quest&#8217;ultimo formalmente <a href=\"http:\/\/www.varesenews.it\/2015\/02\/diventano-effettive-le-zone-30-all-ora\/350753\/\" target=\"_blank\" rel=\"noopener\">esiste gi\u00e0 nei centri storici minori<\/a>, come Cedrate e Arnate), in linea con le &#8220;zone 30&#8221; esistenti in altre citt\u00e0. Un provvedimento di sicurezza \u00absoprattutto per gli studenti dell\u2019istituto Falcone, garantita anche dagli archetti lungo entrambi i lati della strada posti a protezione dei marciapiedi\u00bb.\u00a0Si tratta di una sperimentazione al termine della quale l\u2019amministrazione valuter\u00e0 la<strong> possibilit\u00e0 di estendere analoghe soluzioni ad altre zone della citt\u00e0<\/strong>.<\/p>\n","protected":false},"excerpt":{"rendered":"<p>Annunciata a ottobre 2017, diventa operativa la modifica alla viabilit\u00e0. Scompare la zona pedonale davanti al Falcone, viene introdotto un passaggio pedonale rialzato<\/p>\n","protected":false},"author":46,"featured_media":0,"comment_status":"open","ping_status":"open","sticky":false,"template":"","format":"standard","meta":{"footnotes":""},"categories":[3],"tags":[41324,26703],"acf":[],"yoast_head":"<!-- This site is optimized with the Yoast SEO plugin v20.1 - https:\/\/yoast.com\/wordpress\/plugins\/seo\/ -->\n<title>Via Matteotti riapre al traffico<\/title>\n<meta name=\"description\" content=\"Annunciata a ottobre 2017, diventa operativa la modifica alla viabilit\u00e0. Scompare la zona pedonale davanti al Falcone, viene introdotto un passaggio pedonale rialzato\" \/>\n<meta name=\"robots\" content=\"noindex, follow, max-snippet:-1, max-image-preview:large, max-video-preview:-1\" \/>\n<meta property=\"og:locale\" content=\"it_IT\" \/>\n<meta property=\"og:type\" content=\"article\" \/>\n<meta property=\"og:title\" content=\"Via Matteotti riapre al traffico\" \/>\n<meta property=\"og:description\" content=\"Annunciata a ottobre 2017, diventa operativa la modifica alla viabilit\u00e0. Scompare la zona pedonale davanti al Falcone, viene introdotto un passaggio pedonale rialzato\" \/>\n<meta property=\"og:url\" content=\"https:\/\/staging.varesenews.it\/2018\/03\/via-matteotti-gallarate-riapre-ipc-falcone\/701856\/\" \/>\n<meta property=\"og:site_name\" content=\"VareseNews\" \/>\n<meta property=\"article:publisher\" content=\"https:\/\/www.facebook.com\/varesenews\" \/>\n<meta property=\"article:published_time\" content=\"2018-03-23T08:14:39+00:00\" \/>\n<meta property=\"article:modified_time\" content=\"2018-03-23T08:19:32+00:00\" \/>\n<meta name=\"author\" content=\"Roberto Morandi\" \/>\n<meta name=\"twitter:card\" content=\"summary_large_image\" \/>\n<meta name=\"twitter:creator\" content=\"@ilmorands\" \/>\n<meta name=\"twitter:site\" content=\"@varesenews\" \/>\n<meta name=\"twitter:label1\" content=\"Scritto da\" \/>\n\t<meta name=\"twitter:data1\" content=\"Roberto Morandi\" \/>\n\t<meta name=\"twitter:label2\" content=\"Tempo di lettura stimato\" \/>\n\t<meta name=\"twitter:data2\" content=\"1 minuto\" \/>\n<script type=\"application\/ld+json\" class=\"yoast-schema-graph\">{\"@context\":\"https:\/\/schema.org\",\"@graph\":[{\"@type\":\"WebPage\",\"@id\":\"https:\/\/staging.varesenews.it\/2018\/03\/via-matteotti-gallarate-riapre-ipc-falcone\/701856\/\",\"url\":\"https:\/\/staging.varesenews.it\/2018\/03\/via-matteotti-gallarate-riapre-ipc-falcone\/701856\/\",\"name\":\"Via Matteotti riapre al traffico\",\"isPartOf\":{\"@id\":\"https:\/\/staging.varesenews.it\/#website\"},\"datePublished\":\"2018-03-23T08:14:39+00:00\",\"dateModified\":\"2018-03-23T08:19:32+00:00\",\"author\":{\"@id\":\"https:\/\/staging.varesenews.it\/#\/schema\/person\/efe592ae4c76536b551f89d8b6674bc3\"},\"description\":\"Annunciata a ottobre 2017, diventa operativa la modifica alla viabilit\u00e0. Scompare la zona pedonale davanti al Falcone, viene introdotto un passaggio pedonale rialzato\",\"breadcrumb\":{\"@id\":\"https:\/\/staging.varesenews.it\/2018\/03\/via-matteotti-gallarate-riapre-ipc-falcone\/701856\/#breadcrumb\"},\"inLanguage\":\"it-IT\",\"potentialAction\":[{\"@type\":\"ReadAction\",\"target\":[\"https:\/\/staging.varesenews.it\/2018\/03\/via-matteotti-gallarate-riapre-ipc-falcone\/701856\/\"]}]},{\"@type\":\"BreadcrumbList\",\"@id\":\"https:\/\/staging.varesenews.it\/2018\/03\/via-matteotti-gallarate-riapre-ipc-falcone\/701856\/#breadcrumb\",\"itemListElement\":[{\"@type\":\"ListItem\",\"position\":1,\"name\":\"Home\",\"item\":\"https:\/\/www.varesenews.it\/\"},{\"@type\":\"ListItem\",\"position\":2,\"name\":\"Via Matteotti riapre al traffico\"}]},{\"@type\":\"WebSite\",\"@id\":\"https:\/\/staging.varesenews.it\/#website\",\"url\":\"https:\/\/staging.varesenews.it\/\",\"name\":\"VareseNews\",\"description\":\"\",\"potentialAction\":[{\"@type\":\"SearchAction\",\"target\":{\"@type\":\"EntryPoint\",\"urlTemplate\":\"https:\/\/staging.varesenews.it\/?s={search_term_string}\"},\"query-input\":\"required name=search_term_string\"}],\"inLanguage\":\"it-IT\"},{\"@type\":\"Person\",\"@id\":\"https:\/\/staging.varesenews.it\/#\/schema\/person\/efe592ae4c76536b551f89d8b6674bc3\",\"name\":\"Roberto Morandi\",\"image\":{\"@type\":\"ImageObject\",\"inLanguage\":\"it-IT\",\"@id\":\"https:\/\/staging.varesenews.it\/#\/schema\/person\/image\/\",\"url\":\"https:\/\/staging.varesenews.it\/wp-content\/uploads\/2020\/12\/roberto_morandi_colori_500.jpg\",\"contentUrl\":\"https:\/\/staging.varesenews.it\/wp-content\/uploads\/2020\/12\/roberto_morandi_colori_500.jpg\",\"caption\":\"Roberto Morandi\"},\"description\":\"Classe 1980, laureato in storia, mi occupo dell&rsquo;area di Gallarate e di Malpensa, di trasporti e mobilit&agrave;. Amo molto la dimensione della citt&agrave;, come luogo d&rsquo;incontro di persone diverse e come organismo che si trasforma costantemente. Mi piace anche raccontare le piccole e grandi vicende, anche locali, che compongono la Storia con la S maiuscola. Appassionato di bicicletta: la macchina perfetta per muoversi in citt&agrave; e per viaggiare.\",\"sameAs\":[\"https:\/\/twitter.com\/ilmorands\"],\"url\":\"https:\/\/staging.varesenews.it\/persona\/roberto-morandi1\/\"}]}<\/script>\n<!-- \/ Yoast SEO plugin. -->","yoast_head_json":{"title":"Via Matteotti riapre al traffico","description":"Annunciata a ottobre 2017, diventa operativa la modifica alla viabilit\u00e0. Scompare la zona pedonale davanti al Falcone, viene introdotto un passaggio pedonale rialzato","robots":{"index":"noindex","follow":"follow","max-snippet":"max-snippet:-1","max-image-preview":"max-image-preview:large","max-video-preview":"max-video-preview:-1"},"og_locale":"it_IT","og_type":"article","og_title":"Via Matteotti riapre al traffico","og_description":"Annunciata a ottobre 2017, diventa operativa la modifica alla viabilit\u00e0. Scompare la zona pedonale davanti al Falcone, viene introdotto un passaggio pedonale rialzato","og_url":"https:\/\/staging.varesenews.it\/2018\/03\/via-matteotti-gallarate-riapre-ipc-falcone\/701856\/","og_site_name":"VareseNews","article_publisher":"https:\/\/www.facebook.com\/varesenews","article_published_time":"2018-03-23T08:14:39+00:00","article_modified_time":"2018-03-23T08:19:32+00:00","author":"Roberto Morandi","twitter_card":"summary_large_image","twitter_creator":"@ilmorands","twitter_site":"@varesenews","twitter_misc":{"Scritto da":"Roberto Morandi","Tempo di lettura stimato":"1 minuto"},"schema":{"@context":"https:\/\/schema.org","@graph":[{"@type":"WebPage","@id":"https:\/\/staging.varesenews.it\/2018\/03\/via-matteotti-gallarate-riapre-ipc-falcone\/701856\/","url":"https:\/\/staging.varesenews.it\/2018\/03\/via-matteotti-gallarate-riapre-ipc-falcone\/701856\/","name":"Via Matteotti riapre al traffico","isPartOf":{"@id":"https:\/\/staging.varesenews.it\/#website"},"datePublished":"2018-03-23T08:14:39+00:00","dateModified":"2018-03-23T08:19:32+00:00","author":{"@id":"https:\/\/staging.varesenews.it\/#\/schema\/person\/efe592ae4c76536b551f89d8b6674bc3"},"description":"Annunciata a ottobre 2017, diventa operativa la modifica alla viabilit\u00e0. Scompare la zona pedonale davanti al Falcone, viene introdotto un passaggio pedonale rialzato","breadcrumb":{"@id":"https:\/\/staging.varesenews.it\/2018\/03\/via-matteotti-gallarate-riapre-ipc-falcone\/701856\/#breadcrumb"},"inLanguage":"it-IT","potentialAction":[{"@type":"ReadAction","target":["https:\/\/staging.varesenews.it\/2018\/03\/via-matteotti-gallarate-riapre-ipc-falcone\/701856\/"]}]},{"@type":"BreadcrumbList","@id":"https:\/\/staging.varesenews.it\/2018\/03\/via-matteotti-gallarate-riapre-ipc-falcone\/701856\/#breadcrumb","itemListElement":[{"@type":"ListItem","position":1,"name":"Home","item":"https:\/\/www.varesenews.it\/"},{"@type":"ListItem","position":2,"name":"Via Matteotti riapre al traffico"}]},{"@type":"WebSite","@id":"https:\/\/staging.varesenews.it\/#website","url":"https:\/\/staging.varesenews.it\/","name":"VareseNews","description":"","potentialAction":[{"@type":"SearchAction","target":{"@type":"EntryPoint","urlTemplate":"https:\/\/staging.varesenews.it\/?s={search_term_string}"},"query-input":"required name=search_term_string"}],"inLanguage":"it-IT"},{"@type":"Person","@id":"https:\/\/staging.varesenews.it\/#\/schema\/person\/efe592ae4c76536b551f89d8b6674bc3","name":"Roberto Morandi","image":{"@type":"ImageObject","inLanguage":"it-IT","@id":"https:\/\/staging.varesenews.it\/#\/schema\/person\/image\/","url":"https:\/\/staging.varesenews.it\/wp-content\/uploads\/2020\/12\/roberto_morandi_colori_500.jpg","contentUrl":"https:\/\/staging.varesenews.it\/wp-content\/uploads\/2020\/12\/roberto_morandi_colori_500.jpg","caption":"Roberto Morandi"},"description":"Classe 1980, laureato in storia, mi occupo dell&rsquo;area di Gallarate e di Malpensa, di trasporti e mobilit&agrave;. Amo molto la dimensione della citt&agrave;, come luogo d&rsquo;incontro di persone diverse e come organismo che si trasforma costantemente. Mi piace anche raccontare le piccole e grandi vicende, anche locali, che compongono la Storia con la S maiuscola. Appassionato di bicicletta: la macchina perfetta per muoversi in citt&agrave; e per viaggiare.","sameAs":["https:\/\/twitter.com\/ilmorands"],"url":"https:\/\/staging.varesenews.it\/persona\/roberto-morandi1\/"}]}},"post_meta":{"_edit_lock":"1521793454:46","_edit_last":"46","_category_permalink":"a:1:{s:8:\"category\";s:1:\"3\";}","ratings_users":"0","ratings_score":"0","ratings_average":"0","argomento":"Gallarate","_yoast_wpseo_content_score":"30","_jd_tweet_this":"yes","_wpt_short_url":"http:\/\/www.varesenews.it\/2018\/03\/via-matteotti-gallarate-riapre-falcone\/701856\/","_wp_jd_target":"http:\/\/www.varesenews.it\/2018\/03\/via-matteotti-gallarate-riapre-falcone\/701856\/","_jd_wp_twitter":"a:1:{i:0;s:137:\"Via Matteotti riapre al traffico http:\/\/www.varesenews.it\/2018\/03\/via-matteotti-gallarate-riapre-falcone\/701856\/ #gallarate #viamatteotti\";}","_wpt_status_message":"Tweet inviato con successo.","_wp_old_slug":"via-matteotti-gallarate-riapre-falcone","foto":"662745"},"photos":[{"original":"https:\/\/staging.varesenews.it\/photogallery_new\/images\/2018\/03\/gallarate-generico-662745.jpg","full":"https:\/\/staging.varesenews.it\/photogallery_new\/images\/2018\/03\/gallarate-generico-662745.1024x768.jpg","large":"https:\/\/staging.varesenews.it\/photogallery_new\/images\/2018\/03\/gallarate-generico-662745.610x431.jpg"}],"_links":{"self":[{"href":"https:\/\/staging.varesenews.it\/swgapi\/v1\/wp\/v2\/posts\/701856"}],"collection":[{"href":"https:\/\/staging.varesenews.it\/swgapi\/v1\/wp\/v2\/posts"}],"about":[{"href":"https:\/\/staging.varesenews.it\/swgapi\/v1\/wp\/v2\/types\/post"}],"author":[{"embeddable":true,"href":"https:\/\/staging.varesenews.it\/swgapi\/v1\/wp\/v2\/users\/46"}],"replies":[{"embeddable":true,"href":"https:\/\/staging.varesenews.it\/swgapi\/v1\/wp\/v2\/comments?post=701856"}],"version-history":[{"count":0,"href":"https:\/\/staging.varesenews.it\/swgapi\/v1\/wp\/v2\/posts\/701856\/revisions"}],"wp:attachment":[{"href":"https:\/\/staging.varesenews.it\/swgapi\/v1\/wp\/v2\/media?parent=701856"}],"wp:term":[{"taxonomy":"category","embeddable":true,"href":"https:\/\/staging.varesenews.it\/swgapi\/v1\/wp\/v2\/categories?post=701856"},{"taxonomy":"post_tag","embeddable":true,"href":"https:\/\/staging.varesenews.it\/swgapi\/v1\/wp\/v2\/tags?post=701856"}],"curies":[{"name":"wp","href":"https:\/\/api.w.org\/{rel}","templated":true}]}}