{"id":702441,"date":"2018-03-26T00:25:33","date_gmt":"2018-03-25T22:25:33","guid":{"rendered":"http:\/\/www.varesenews.it\/?p=702441"},"modified":"2018-03-26T00:27:30","modified_gmt":"2018-03-25T22:27:30","slug":"prova-tricolore-crugnola-sul-podio-del-ciocco","status":"publish","type":"post","link":"https:\/\/staging.varesenews.it\/2018\/03\/prova-tricolore-crugnola-sul-podio-del-ciocco\/702441\/","title":{"rendered":"Prima prova tricolore, Crugnola \u00e8 sul podio del &#8220;Ciocco&#8221;"},"content":{"rendered":"<p>Con una gara di alto profilo, il varesino <strong>Andrea Crugnola<\/strong> ha conquistato il secondo posto assoluto al Rally del Ciocco, prima tappa del Campionato Italiano 2018 e gara sempre molto attesa da piloti e appassionati.<\/p>\n<p>Il 28enne di Calcinate del Pesce, sulla <strong>Ford Fiesta R5 del team HK Racing<\/strong> navigata da Danilo Fappani, si \u00e8 tolto di dosso i problemi registrati al &#8220;Laghi&#8221; di settimana scorsa ed \u00e8 stato il<strong> rivale pi\u00f9 insidioso per il vincitore Paolo Andreucci,<\/strong> l&#8217;alfiere Peugeot campione tricolore in carica e dieci volte &#8220;scudettato&#8221;. Partito con un po&#8217; di cautela, <strong>Crugnola \u00e8 poi cresciuto<\/strong> con il passare delle ore, tanto da <strong>vincere ben quattro prove<\/strong> speciali: Renaio 1 e 2, Careggine 2 e il Ciocco 2. Risultati che hanno permesso ad Andrea di scavalcare altri pretendenti al trono come <strong>Campedelli<\/strong> (terzo), <strong>Michelini<\/strong> (quinto) o i due &#8220;giapponesi volanti&#8221; Katsuta e Arai, pupilli di Tommi Makinen. Alla fine il suo ritardo \u00e8 stato di <strong>20&#8243;8<\/strong> dall&#8217;accoppiata Andreucci-Andreussi. <div class=\"photo-inside-post\"><img decoding=\"async\" loading=\"lazy\" fetchpriority=\"low\" width=\"610\" height=\"431\" src=\"https:\/\/staging.varesenews.it\/photogallery_new\/images\/2018\/03\/caricamento-temporaneo-per-contributo-ttycuoqh1l-663113.610x431.jpg\" alt=\"Rally del Ciocco, Crugnola sul podio\"><\/div> Il podio del Ciocco 2018\u00a0(foto L. Roncari \/ VareseNews)<\/p>\n<p>Niente male quindi l&#8217;esordio nell&#8217;Italiano 2018 per il talento del volante varesino, che \u00e8 <strong>solo alla seconda gara con Fappani<\/strong> e che pi\u00f9 in generale deve abituarsi a vettura e avversari. Il suo risultato \u00e8 pesante tanto pi\u00f9 che il\u00a0&#8220;Ciocco&#8221; si \u00e8 rivelato amaro per alcuni rivali in ottica tricolore: sia <strong>Scandola sia Nucita sono stati infatti costretti al ritiro<\/strong> cos\u00ec come Testa e Pollara.<\/p>\n<p>\u00abSono super contento per come \u00e8 andato il weekend, non abbiamo nulla da recriminare &#8211; spiega Crugnola a fine gara &#8211; Il nostro primo <strong>obiettivo era quello di andare sul podio<\/strong> e ci siamo riusciti da secondi; era fondamentale fare punti. Il &#8220;Ciocco&#8221; si \u00e8 dimostrato difficile come sempre ma siamo riusciti a vincere anche qualche prova e siamo abbastanza<strong> in linea con i tempi degli altri:<\/strong> insomma, un fine settimana decisamente positivo che ci<strong> fa ben sperare<\/strong> in vista di Sanremo\u00bb. In Liguria, seconda tappa del CIR, si correr\u00e0 tra l&#8217;11 e il 14 aprile prossimi. <div class=\"photo-inside-post\"><img decoding=\"async\" loading=\"lazy\" fetchpriority=\"low\" width=\"610\" height=\"431\" src=\"https:\/\/staging.varesenews.it\/photogallery_new\/images\/2018\/03\/caricamento-temporaneo-per-contributo-ttycuoqh1l-663116.610x431.jpg\" alt=\"Rally del Ciocco, Crugnola sul podio\"><\/div> De Tommaso in gara (foto L. Roncari \/ VareseNews)<\/p>\n<h3>DE TOMMASO IN CHIAROSCURO<\/h3>\n<p>L&#8217;altro pilota varesino al via del &#8220;Ciocco&#8221;, anche con buone ambizioni, era<strong> Damiano De Tommaso<\/strong> a bordo di una Peugeot 208 ufficiale di classe R2B. Il 22enne di Brebbia (in gara con Michele Ferrara) \u00e8 stato autore di una prova un po&#8217; al di sotto delle speranze della vigilia e ha chiuso al 18\u00b0 posto assoluto, ovvero <strong>il terzo tra gli Junior<\/strong> (e di classe) alle spalle di <strong>Ciuffi<\/strong> e <strong>Mazzocchi,<\/strong> forse anche rallentato da qualche noia ai freni. \u00abLa nostra prestazione non \u00e8 stata molto positiva &#8211; ha ammesso De Tommaso subito dopo l&#8217;arrivo &#8211; ma guardiamo al bicchiere mezzo pieno: sono stati bravissimi gli avversari, noi cominciamo con un <strong>terzo posto che per ora va bene.<\/strong> Adesso per\u00f2 inizieremo subito a <strong>lavorare per essere pi\u00f9 pronti nelle prossime<\/strong> gare\u00bb.<\/p>\n","protected":false},"excerpt":{"rendered":"<p>Il varesino \u00e8 secondo alle spalle del solo Andreucci: &#8220;Obiettivo centrato e risultato che fa ben sperare&#8221;. De Tommaso terzo tra gli Junior: &#8220;Bravi gli avversari, per ora mi accontento&#8221;<\/p>\n","protected":false},"author":38,"featured_media":0,"comment_status":"open","ping_status":"open","sticky":false,"template":"","format":"standard","meta":{"footnotes":""},"categories":[14],"tags":[71378,2663],"acf":[],"yoast_head":"<!-- This site is optimized with the Yoast SEO plugin v20.1 - https:\/\/yoast.com\/wordpress\/plugins\/seo\/ -->\n<title>Prima prova tricolore, Crugnola \u00e8 sul podio del &quot;Ciocco&quot;<\/title>\n<meta name=\"description\" content=\"Il varesino \u00e8 secondo alle spalle del solo Andreucci: &quot;Obiettivo centrato e risultato che fa ben sperare&quot;. De Tommaso terzo tra gli Junior: &quot;Bravi gli avversari, per ora mi accontento&quot;\" \/>\n<meta name=\"robots\" content=\"noindex, follow, max-snippet:-1, max-image-preview:large, max-video-preview:-1\" \/>\n<meta property=\"og:locale\" content=\"it_IT\" \/>\n<meta property=\"og:type\" content=\"article\" \/>\n<meta property=\"og:title\" content=\"Prima prova tricolore, Crugnola \u00e8 sul podio del &quot;Ciocco&quot;\" \/>\n<meta property=\"og:description\" content=\"Il varesino \u00e8 secondo alle spalle del solo Andreucci: &quot;Obiettivo centrato e risultato che fa ben sperare&quot;. De Tommaso terzo tra gli Junior: &quot;Bravi gli avversari, per ora mi accontento&quot;\" \/>\n<meta property=\"og:url\" content=\"https:\/\/staging.varesenews.it\/2018\/03\/prova-tricolore-crugnola-sul-podio-del-ciocco\/702441\/\" \/>\n<meta property=\"og:site_name\" content=\"VareseNews\" \/>\n<meta property=\"article:publisher\" content=\"https:\/\/www.facebook.com\/varesenews\" \/>\n<meta property=\"article:published_time\" content=\"2018-03-25T22:25:33+00:00\" \/>\n<meta property=\"article:modified_time\" content=\"2018-03-25T22:27:30+00:00\" \/>\n<meta name=\"author\" content=\"Damiano Franzetti\" \/>\n<meta name=\"twitter:card\" content=\"summary_large_image\" \/>\n<meta name=\"twitter:creator\" content=\"@damianofranz\" \/>\n<meta name=\"twitter:site\" content=\"@varesenews\" \/>\n<meta name=\"twitter:label1\" content=\"Scritto da\" \/>\n\t<meta name=\"twitter:data1\" content=\"Damiano Franzetti\" \/>\n\t<meta name=\"twitter:label2\" content=\"Tempo di lettura stimato\" \/>\n\t<meta name=\"twitter:data2\" content=\"2 minuti\" \/>\n<script type=\"application\/ld+json\" class=\"yoast-schema-graph\">{\"@context\":\"https:\/\/schema.org\",\"@graph\":[{\"@type\":\"WebPage\",\"@id\":\"https:\/\/staging.varesenews.it\/2018\/03\/prova-tricolore-crugnola-sul-podio-del-ciocco\/702441\/\",\"url\":\"https:\/\/staging.varesenews.it\/2018\/03\/prova-tricolore-crugnola-sul-podio-del-ciocco\/702441\/\",\"name\":\"Prima prova tricolore, Crugnola \u00e8 sul podio del \\\"Ciocco\\\"\",\"isPartOf\":{\"@id\":\"https:\/\/staging.varesenews.it\/#website\"},\"datePublished\":\"2018-03-25T22:25:33+00:00\",\"dateModified\":\"2018-03-25T22:27:30+00:00\",\"author\":{\"@id\":\"https:\/\/staging.varesenews.it\/#\/schema\/person\/709ae3769f6b4dbde8ec332baede8a5b\"},\"description\":\"Il varesino \u00e8 secondo alle spalle del solo Andreucci: \\\"Obiettivo centrato e risultato che fa ben sperare\\\". De Tommaso terzo tra gli Junior: \\\"Bravi gli avversari, per ora mi accontento\\\"\",\"breadcrumb\":{\"@id\":\"https:\/\/staging.varesenews.it\/2018\/03\/prova-tricolore-crugnola-sul-podio-del-ciocco\/702441\/#breadcrumb\"},\"inLanguage\":\"it-IT\",\"potentialAction\":[{\"@type\":\"ReadAction\",\"target\":[\"https:\/\/staging.varesenews.it\/2018\/03\/prova-tricolore-crugnola-sul-podio-del-ciocco\/702441\/\"]}]},{\"@type\":\"BreadcrumbList\",\"@id\":\"https:\/\/staging.varesenews.it\/2018\/03\/prova-tricolore-crugnola-sul-podio-del-ciocco\/702441\/#breadcrumb\",\"itemListElement\":[{\"@type\":\"ListItem\",\"position\":1,\"name\":\"Home\",\"item\":\"https:\/\/www.varesenews.it\/\"},{\"@type\":\"ListItem\",\"position\":2,\"name\":\"Prima prova tricolore, Crugnola \u00e8 sul podio del &#8220;Ciocco&#8221;\"}]},{\"@type\":\"WebSite\",\"@id\":\"https:\/\/staging.varesenews.it\/#website\",\"url\":\"https:\/\/staging.varesenews.it\/\",\"name\":\"VareseNews\",\"description\":\"\",\"potentialAction\":[{\"@type\":\"SearchAction\",\"target\":{\"@type\":\"EntryPoint\",\"urlTemplate\":\"https:\/\/staging.varesenews.it\/?s={search_term_string}\"},\"query-input\":\"required name=search_term_string\"}],\"inLanguage\":\"it-IT\"},{\"@type\":\"Person\",\"@id\":\"https:\/\/staging.varesenews.it\/#\/schema\/person\/709ae3769f6b4dbde8ec332baede8a5b\",\"name\":\"Damiano Franzetti\",\"image\":{\"@type\":\"ImageObject\",\"inLanguage\":\"it-IT\",\"@id\":\"https:\/\/staging.varesenews.it\/#\/schema\/person\/image\/\",\"url\":\"https:\/\/staging.varesenews.it\/wp-content\/uploads\/2020\/12\/damiano_franzetti_colori_500.jpg\",\"contentUrl\":\"https:\/\/staging.varesenews.it\/wp-content\/uploads\/2020\/12\/damiano_franzetti_colori_500.jpg\",\"caption\":\"Damiano Franzetti\"},\"description\":\"Classe 1976, una laurea (nel cassetto) in scienze e tecnologie alimentari; sono giornalista professionista dal 2009 nato e cresciuto con VareseNews dove mi occupo soprattutto di sport ormai da vent&rsquo;anni. Inviato sui campi (sulle piste, sulle strade...), intervistatore, coordinatore e responsabile delle pagine sportive, mi ritaglio volentieri lo spazio per scrivere di birra sul blog Malto Gradimento. Ho seguito innumerevoli campionati di Serie A di basket, di serie B di calcio, due Mondiali di ciclismo, qualche Giro d&rsquo;;Italia e tanto altro ancora. Collaboro con Tuttosport e altre testate, mi diletto di social. Ho una moglie, un figlio, vivo nella mia Gemonio e ho purtroppo smesso con il basket giocato. &nbsp;\",\"sameAs\":[\"damianofranz\",\"https:\/\/www.linkedin.com\/profile\/view?id=241597124&trk=nav_responsive_tab_profile\",\"https:\/\/twitter.com\/damianofranz\"],\"url\":\"https:\/\/staging.varesenews.it\/persona\/damiano_franzetti-2\/\"}]}<\/script>\n<!-- \/ Yoast SEO plugin. -->","yoast_head_json":{"title":"Prima prova tricolore, Crugnola \u00e8 sul podio del \"Ciocco\"","description":"Il varesino \u00e8 secondo alle spalle del solo Andreucci: \"Obiettivo centrato e risultato che fa ben sperare\". De Tommaso terzo tra gli Junior: \"Bravi gli avversari, per ora mi accontento\"","robots":{"index":"noindex","follow":"follow","max-snippet":"max-snippet:-1","max-image-preview":"max-image-preview:large","max-video-preview":"max-video-preview:-1"},"og_locale":"it_IT","og_type":"article","og_title":"Prima prova tricolore, Crugnola \u00e8 sul podio del \"Ciocco\"","og_description":"Il varesino \u00e8 secondo alle spalle del solo Andreucci: \"Obiettivo centrato e risultato che fa ben sperare\". De Tommaso terzo tra gli Junior: \"Bravi gli avversari, per ora mi accontento\"","og_url":"https:\/\/staging.varesenews.it\/2018\/03\/prova-tricolore-crugnola-sul-podio-del-ciocco\/702441\/","og_site_name":"VareseNews","article_publisher":"https:\/\/www.facebook.com\/varesenews","article_published_time":"2018-03-25T22:25:33+00:00","article_modified_time":"2018-03-25T22:27:30+00:00","author":"Damiano Franzetti","twitter_card":"summary_large_image","twitter_creator":"@damianofranz","twitter_site":"@varesenews","twitter_misc":{"Scritto da":"Damiano Franzetti","Tempo di lettura stimato":"2 minuti"},"schema":{"@context":"https:\/\/schema.org","@graph":[{"@type":"WebPage","@id":"https:\/\/staging.varesenews.it\/2018\/03\/prova-tricolore-crugnola-sul-podio-del-ciocco\/702441\/","url":"https:\/\/staging.varesenews.it\/2018\/03\/prova-tricolore-crugnola-sul-podio-del-ciocco\/702441\/","name":"Prima prova tricolore, Crugnola \u00e8 sul podio del \"Ciocco\"","isPartOf":{"@id":"https:\/\/staging.varesenews.it\/#website"},"datePublished":"2018-03-25T22:25:33+00:00","dateModified":"2018-03-25T22:27:30+00:00","author":{"@id":"https:\/\/staging.varesenews.it\/#\/schema\/person\/709ae3769f6b4dbde8ec332baede8a5b"},"description":"Il varesino \u00e8 secondo alle spalle del solo Andreucci: \"Obiettivo centrato e risultato che fa ben sperare\". De Tommaso terzo tra gli Junior: \"Bravi gli avversari, per ora mi accontento\"","breadcrumb":{"@id":"https:\/\/staging.varesenews.it\/2018\/03\/prova-tricolore-crugnola-sul-podio-del-ciocco\/702441\/#breadcrumb"},"inLanguage":"it-IT","potentialAction":[{"@type":"ReadAction","target":["https:\/\/staging.varesenews.it\/2018\/03\/prova-tricolore-crugnola-sul-podio-del-ciocco\/702441\/"]}]},{"@type":"BreadcrumbList","@id":"https:\/\/staging.varesenews.it\/2018\/03\/prova-tricolore-crugnola-sul-podio-del-ciocco\/702441\/#breadcrumb","itemListElement":[{"@type":"ListItem","position":1,"name":"Home","item":"https:\/\/www.varesenews.it\/"},{"@type":"ListItem","position":2,"name":"Prima prova tricolore, Crugnola \u00e8 sul podio del &#8220;Ciocco&#8221;"}]},{"@type":"WebSite","@id":"https:\/\/staging.varesenews.it\/#website","url":"https:\/\/staging.varesenews.it\/","name":"VareseNews","description":"","potentialAction":[{"@type":"SearchAction","target":{"@type":"EntryPoint","urlTemplate":"https:\/\/staging.varesenews.it\/?s={search_term_string}"},"query-input":"required name=search_term_string"}],"inLanguage":"it-IT"},{"@type":"Person","@id":"https:\/\/staging.varesenews.it\/#\/schema\/person\/709ae3769f6b4dbde8ec332baede8a5b","name":"Damiano Franzetti","image":{"@type":"ImageObject","inLanguage":"it-IT","@id":"https:\/\/staging.varesenews.it\/#\/schema\/person\/image\/","url":"https:\/\/staging.varesenews.it\/wp-content\/uploads\/2020\/12\/damiano_franzetti_colori_500.jpg","contentUrl":"https:\/\/staging.varesenews.it\/wp-content\/uploads\/2020\/12\/damiano_franzetti_colori_500.jpg","caption":"Damiano Franzetti"},"description":"Classe 1976, una laurea (nel cassetto) in scienze e tecnologie alimentari; sono giornalista professionista dal 2009 nato e cresciuto con VareseNews dove mi occupo soprattutto di sport ormai da vent&rsquo;anni. Inviato sui campi (sulle piste, sulle strade...), intervistatore, coordinatore e responsabile delle pagine sportive, mi ritaglio volentieri lo spazio per scrivere di birra sul blog Malto Gradimento. Ho seguito innumerevoli campionati di Serie A di basket, di serie B di calcio, due Mondiali di ciclismo, qualche Giro d&rsquo;;Italia e tanto altro ancora. Collaboro con Tuttosport e altre testate, mi diletto di social. Ho una moglie, un figlio, vivo nella mia Gemonio e ho purtroppo smesso con il basket giocato. &nbsp;","sameAs":["damianofranz","https:\/\/www.linkedin.com\/profile\/view?id=241597124&trk=nav_responsive_tab_profile","https:\/\/twitter.com\/damianofranz"],"url":"https:\/\/staging.varesenews.it\/persona\/damiano_franzetti-2\/"}]}},"post_meta":{"_edit_lock":"1522019520:38","_edit_last":"38","_category_permalink":"a:1:{s:8:\"category\";s:0:\"\";}","argomento":"Rally","_yoast_wpseo_content_score":"60","_jd_tweet_this":"yes","ratings_users":"0","ratings_score":"0","ratings_average":"0","foto":"663112","_wpt_short_url":"http:\/\/www.varesenews.it\/2018\/03\/prova-tricolore-crugnola-sul-podio-del-ciocco\/702441\/","_wp_jd_target":"http:\/\/www.varesenews.it\/2018\/03\/prova-tricolore-crugnola-sul-podio-del-ciocco\/702441\/","_jd_wp_twitter":"a:1:{i:0;s:155:\"Prima prova tricolore, Crugnola \u00e8 sul podio del \u201cCiocco\u201d http:\/\/www.varesenews.it\/2018\/03\/prova-tricolore-crugnola-sul-podio-del-ciocco\/702441\/ #rally\";}","_wpt_status_message":"Tweet inviato con successo.","id_link_fotogallery":"702443","id_leggi_anche":"713566"},"photos":[{"original":"https:\/\/staging.varesenews.it\/photogallery_new\/images\/2018\/03\/caricamento-temporaneo-per-contributo-ttycuoqh1l-663112.jpg","full":"https:\/\/staging.varesenews.it\/photogallery_new\/images\/2018\/03\/caricamento-temporaneo-per-contributo-ttycuoqh1l-663112.1024x768.jpg","large":"https:\/\/staging.varesenews.it\/photogallery_new\/images\/2018\/03\/caricamento-temporaneo-per-contributo-ttycuoqh1l-663112.610x431.jpg"}],"_links":{"self":[{"href":"https:\/\/staging.varesenews.it\/swgapi\/v1\/wp\/v2\/posts\/702441"}],"collection":[{"href":"https:\/\/staging.varesenews.it\/swgapi\/v1\/wp\/v2\/posts"}],"about":[{"href":"https:\/\/staging.varesenews.it\/swgapi\/v1\/wp\/v2\/types\/post"}],"author":[{"embeddable":true,"href":"https:\/\/staging.varesenews.it\/swgapi\/v1\/wp\/v2\/users\/38"}],"replies":[{"embeddable":true,"href":"https:\/\/staging.varesenews.it\/swgapi\/v1\/wp\/v2\/comments?post=702441"}],"version-history":[{"count":0,"href":"https:\/\/staging.varesenews.it\/swgapi\/v1\/wp\/v2\/posts\/702441\/revisions"}],"wp:attachment":[{"href":"https:\/\/staging.varesenews.it\/swgapi\/v1\/wp\/v2\/media?parent=702441"}],"wp:term":[{"taxonomy":"category","embeddable":true,"href":"https:\/\/staging.varesenews.it\/swgapi\/v1\/wp\/v2\/categories?post=702441"},{"taxonomy":"post_tag","embeddable":true,"href":"https:\/\/staging.varesenews.it\/swgapi\/v1\/wp\/v2\/tags?post=702441"}],"curies":[{"name":"wp","href":"https:\/\/api.w.org\/{rel}","templated":true}]}}