{"id":702484,"date":"2018-03-26T09:52:19","date_gmt":"2018-03-26T07:52:19","guid":{"rendered":"http:\/\/www.varesenews.it\/?p=702484"},"modified":"2018-03-26T09:52:19","modified_gmt":"2018-03-26T07:52:19","slug":"sole-brutto-forse-pasqua-migliora","status":"publish","type":"post","link":"https:\/\/staging.varesenews.it\/2018\/03\/sole-brutto-forse-pasqua-migliora\/702484\/","title":{"rendered":"Sole e poi brutto, forse a Pasqua migliora"},"content":{"rendered":"<p>Si torna al lavoro col sole, ma che tempo far\u00e0 questa settimana che ci porta diritti al lungo weekend di Pasqua?<\/p>\n<p><strong>SITUAZIONE<\/strong> &#8211; Lo dice il <a href=\"http:\/\/www.astrogeo.va.it\/meteo\/\"><strong>Centro Geofisico Prealpino<\/strong><\/a> che parla di \u201cdeboli venti settentrionali\u201d che \u201cmantengono tempo soleggiato oggi e domani a Sud delle Alpi ma da mercoled\u00ec il tempo torner\u00e0 variabile con l\u2019arrivo di masse d\u2019aria di origine atlantica a tratti umide ma via via pi\u00f9 miti. La perturbazione pi\u00f9 attiva sar\u00e0 probabilmente in transito venerd\u00ec. Da sabato probabile miglioramento\u201d.<\/p>\n<p><strong>PREVISIONI<\/strong> &#8211; Oggi ben soleggiato, a tratti velature di nubi alte. Freddo all&#8217;alba, mite in giornata. Marted\u00ec ben soleggiato, a tratti velature di nubi alte. Freddo all&#8217;alba, mite in giornata. Mercoled\u00ec potrebbe tornare il brutto: nuvoloso o variabile con ancora schiarite soleggiate pi\u00f9 ampie sulla fascia pedemontana. Asciutto o rare piogge in serata. Limite neve sulle Alpi oltre 1500m.<\/p>\n<p><strong>TENDENZA<\/strong> &#8211; Gioved\u00ec 29 marzo: molto nuvoloso. Possibili deboli piogge dal pomeriggio. Neve oltre 1500m. Venerd\u00ec 30 marzo: cielo coperto con piogge. Non freddo, temperature tra 10 e 15\u00b0C. Sulla bassa padana piogge pi\u00f9 deboli e intermittenti e forse qualche schiarita. Da sabato, appunto, \u00e8 atteso un possibile miglioramento.<\/p>\n","protected":false},"excerpt":{"rendered":"<p>Si apre una settimana che porter\u00e0 ad un lungo weekend di feste, con l\u2019incognita tempo<\/p>\n","protected":false},"author":34,"featured_media":0,"comment_status":"open","ping_status":"open","sticky":false,"template":"","format":"standard","meta":{"footnotes":""},"categories":[2],"tags":[163,162,7716],"acf":[],"yoast_head":"<!-- This site is optimized with the Yoast SEO plugin v20.1 - https:\/\/yoast.com\/wordpress\/plugins\/seo\/ -->\n<title>Sole e poi brutto, forse a Pasqua migliora<\/title>\n<meta name=\"description\" content=\"Si apre una settimana che porter\u00e0 ad un lungo weekend di feste, con l\u2019incognita tempo\" \/>\n<meta name=\"robots\" content=\"noindex, follow, max-snippet:-1, max-image-preview:large, max-video-preview:-1\" \/>\n<meta property=\"og:locale\" content=\"it_IT\" \/>\n<meta property=\"og:type\" content=\"article\" \/>\n<meta property=\"og:title\" content=\"Sole e poi brutto, forse a Pasqua migliora\" \/>\n<meta property=\"og:description\" content=\"Si apre una settimana che porter\u00e0 ad un lungo weekend di feste, con l\u2019incognita tempo\" \/>\n<meta property=\"og:url\" content=\"https:\/\/staging.varesenews.it\/2018\/03\/sole-brutto-forse-pasqua-migliora\/702484\/\" \/>\n<meta property=\"og:site_name\" content=\"VareseNews\" \/>\n<meta property=\"article:publisher\" content=\"https:\/\/www.facebook.com\/varesenews\" \/>\n<meta property=\"article:author\" content=\"https:\/\/www.facebook.com\/andrea.camurani?fref=photo\" \/>\n<meta property=\"article:published_time\" content=\"2018-03-26T07:52:19+00:00\" \/>\n<meta name=\"author\" content=\"Andrea Camurani\" \/>\n<meta name=\"twitter:card\" content=\"summary_large_image\" \/>\n<meta name=\"twitter:creator\" content=\"@AndreaCamurani\" \/>\n<meta name=\"twitter:site\" content=\"@varesenews\" \/>\n<meta name=\"twitter:label1\" content=\"Scritto da\" \/>\n\t<meta name=\"twitter:data1\" content=\"Andrea Camurani\" \/>\n\t<meta name=\"twitter:label2\" content=\"Tempo di lettura stimato\" \/>\n\t<meta name=\"twitter:data2\" content=\"1 minuto\" \/>\n<script type=\"application\/ld+json\" class=\"yoast-schema-graph\">{\"@context\":\"https:\/\/schema.org\",\"@graph\":[{\"@type\":\"WebPage\",\"@id\":\"https:\/\/staging.varesenews.it\/2018\/03\/sole-brutto-forse-pasqua-migliora\/702484\/\",\"url\":\"https:\/\/staging.varesenews.it\/2018\/03\/sole-brutto-forse-pasqua-migliora\/702484\/\",\"name\":\"Sole e poi brutto, forse a Pasqua migliora\",\"isPartOf\":{\"@id\":\"https:\/\/staging.varesenews.it\/#website\"},\"datePublished\":\"2018-03-26T07:52:19+00:00\",\"dateModified\":\"2018-03-26T07:52:19+00:00\",\"author\":{\"@id\":\"https:\/\/staging.varesenews.it\/#\/schema\/person\/3eb5832c6beae763de8d9596fdbe8c49\"},\"description\":\"Si apre una settimana che porter\u00e0 ad un lungo weekend di feste, con l\u2019incognita tempo\",\"breadcrumb\":{\"@id\":\"https:\/\/staging.varesenews.it\/2018\/03\/sole-brutto-forse-pasqua-migliora\/702484\/#breadcrumb\"},\"inLanguage\":\"it-IT\",\"potentialAction\":[{\"@type\":\"ReadAction\",\"target\":[\"https:\/\/staging.varesenews.it\/2018\/03\/sole-brutto-forse-pasqua-migliora\/702484\/\"]}]},{\"@type\":\"BreadcrumbList\",\"@id\":\"https:\/\/staging.varesenews.it\/2018\/03\/sole-brutto-forse-pasqua-migliora\/702484\/#breadcrumb\",\"itemListElement\":[{\"@type\":\"ListItem\",\"position\":1,\"name\":\"Home\",\"item\":\"https:\/\/www.varesenews.it\/\"},{\"@type\":\"ListItem\",\"position\":2,\"name\":\"Sole e poi brutto, forse a Pasqua migliora\"}]},{\"@type\":\"WebSite\",\"@id\":\"https:\/\/staging.varesenews.it\/#website\",\"url\":\"https:\/\/staging.varesenews.it\/\",\"name\":\"VareseNews\",\"description\":\"\",\"potentialAction\":[{\"@type\":\"SearchAction\",\"target\":{\"@type\":\"EntryPoint\",\"urlTemplate\":\"https:\/\/staging.varesenews.it\/?s={search_term_string}\"},\"query-input\":\"required name=search_term_string\"}],\"inLanguage\":\"it-IT\"},{\"@type\":\"Person\",\"@id\":\"https:\/\/staging.varesenews.it\/#\/schema\/person\/3eb5832c6beae763de8d9596fdbe8c49\",\"name\":\"Andrea Camurani\",\"image\":{\"@type\":\"ImageObject\",\"inLanguage\":\"it-IT\",\"@id\":\"https:\/\/staging.varesenews.it\/#\/schema\/person\/image\/\",\"url\":\"https:\/\/staging.varesenews.it\/wp-content\/uploads\/2020\/12\/andrea_camurani_colori_500.jpg\",\"contentUrl\":\"https:\/\/staging.varesenews.it\/wp-content\/uploads\/2020\/12\/andrea_camurani_colori_500.jpg\",\"caption\":\"Andrea Camurani\"},\"description\":\"Sono figlio degli anni Settanta e di Milano, dove ho imparato a riconoscere buoni e cattivi. Laurea in scienze politiche, lavoro a VareseNews dal 2000. Racconto quel che trovo quando incontro chi vuole lasciare al mondo un pezzetto di vita, che si chiama cronaca. &ldquo;...perch&eacute; &egrave; la gente il pi&ugrave; grande spettacolo del mondo. E non si paga il biglietto...&rdquo; (Charles Bukowsky)\",\"sameAs\":[\"https:\/\/www.facebook.com\/andrea.camurani?fref=photo\",\"andreacamurani\",\"https:\/\/www.linkedin.com\/hp\/?dnr=A9a84RfzsLdo9xg4NcGV4dLiMknoc9ms4WM\",\"https:\/\/twitter.com\/AndreaCamurani\"],\"url\":\"https:\/\/staging.varesenews.it\/persona\/andrea_camurani\/\"}]}<\/script>\n<!-- \/ Yoast SEO plugin. -->","yoast_head_json":{"title":"Sole e poi brutto, forse a Pasqua migliora","description":"Si apre una settimana che porter\u00e0 ad un lungo weekend di feste, con l\u2019incognita tempo","robots":{"index":"noindex","follow":"follow","max-snippet":"max-snippet:-1","max-image-preview":"max-image-preview:large","max-video-preview":"max-video-preview:-1"},"og_locale":"it_IT","og_type":"article","og_title":"Sole e poi brutto, forse a Pasqua migliora","og_description":"Si apre una settimana che porter\u00e0 ad un lungo weekend di feste, con l\u2019incognita tempo","og_url":"https:\/\/staging.varesenews.it\/2018\/03\/sole-brutto-forse-pasqua-migliora\/702484\/","og_site_name":"VareseNews","article_publisher":"https:\/\/www.facebook.com\/varesenews","article_author":"https:\/\/www.facebook.com\/andrea.camurani?fref=photo","article_published_time":"2018-03-26T07:52:19+00:00","author":"Andrea Camurani","twitter_card":"summary_large_image","twitter_creator":"@AndreaCamurani","twitter_site":"@varesenews","twitter_misc":{"Scritto da":"Andrea Camurani","Tempo di lettura stimato":"1 minuto"},"schema":{"@context":"https:\/\/schema.org","@graph":[{"@type":"WebPage","@id":"https:\/\/staging.varesenews.it\/2018\/03\/sole-brutto-forse-pasqua-migliora\/702484\/","url":"https:\/\/staging.varesenews.it\/2018\/03\/sole-brutto-forse-pasqua-migliora\/702484\/","name":"Sole e poi brutto, forse a Pasqua migliora","isPartOf":{"@id":"https:\/\/staging.varesenews.it\/#website"},"datePublished":"2018-03-26T07:52:19+00:00","dateModified":"2018-03-26T07:52:19+00:00","author":{"@id":"https:\/\/staging.varesenews.it\/#\/schema\/person\/3eb5832c6beae763de8d9596fdbe8c49"},"description":"Si apre una settimana che porter\u00e0 ad un lungo weekend di feste, con l\u2019incognita tempo","breadcrumb":{"@id":"https:\/\/staging.varesenews.it\/2018\/03\/sole-brutto-forse-pasqua-migliora\/702484\/#breadcrumb"},"inLanguage":"it-IT","potentialAction":[{"@type":"ReadAction","target":["https:\/\/staging.varesenews.it\/2018\/03\/sole-brutto-forse-pasqua-migliora\/702484\/"]}]},{"@type":"BreadcrumbList","@id":"https:\/\/staging.varesenews.it\/2018\/03\/sole-brutto-forse-pasqua-migliora\/702484\/#breadcrumb","itemListElement":[{"@type":"ListItem","position":1,"name":"Home","item":"https:\/\/www.varesenews.it\/"},{"@type":"ListItem","position":2,"name":"Sole e poi brutto, forse a Pasqua migliora"}]},{"@type":"WebSite","@id":"https:\/\/staging.varesenews.it\/#website","url":"https:\/\/staging.varesenews.it\/","name":"VareseNews","description":"","potentialAction":[{"@type":"SearchAction","target":{"@type":"EntryPoint","urlTemplate":"https:\/\/staging.varesenews.it\/?s={search_term_string}"},"query-input":"required name=search_term_string"}],"inLanguage":"it-IT"},{"@type":"Person","@id":"https:\/\/staging.varesenews.it\/#\/schema\/person\/3eb5832c6beae763de8d9596fdbe8c49","name":"Andrea Camurani","image":{"@type":"ImageObject","inLanguage":"it-IT","@id":"https:\/\/staging.varesenews.it\/#\/schema\/person\/image\/","url":"https:\/\/staging.varesenews.it\/wp-content\/uploads\/2020\/12\/andrea_camurani_colori_500.jpg","contentUrl":"https:\/\/staging.varesenews.it\/wp-content\/uploads\/2020\/12\/andrea_camurani_colori_500.jpg","caption":"Andrea Camurani"},"description":"Sono figlio degli anni Settanta e di Milano, dove ho imparato a riconoscere buoni e cattivi. Laurea in scienze politiche, lavoro a VareseNews dal 2000. Racconto quel che trovo quando incontro chi vuole lasciare al mondo un pezzetto di vita, che si chiama cronaca. &ldquo;...perch&eacute; &egrave; la gente il pi&ugrave; grande spettacolo del mondo. E non si paga il biglietto...&rdquo; (Charles Bukowsky)","sameAs":["https:\/\/www.facebook.com\/andrea.camurani?fref=photo","andreacamurani","https:\/\/www.linkedin.com\/hp\/?dnr=A9a84RfzsLdo9xg4NcGV4dLiMknoc9ms4WM","https:\/\/twitter.com\/AndreaCamurani"],"url":"https:\/\/staging.varesenews.it\/persona\/andrea_camurani\/"}]}},"post_meta":{"_edit_lock":"1522050748:34","_edit_last":"34","_category_permalink":"a:1:{s:8:\"category\";s:0:\"\";}","ratings_users":"0","ratings_score":"0","ratings_average":"0","foto":"663219","firma_come_redazione":"1","argomento":"METEO","_yoast_wpseo_content_score":"30","_jd_tweet_this":"yes","_wpt_short_url":"http:\/\/www.varesenews.it\/2018\/03\/sole-brutto-forse-pasqua-migliora\/702484\/","_wp_jd_target":"http:\/\/www.varesenews.it\/2018\/03\/sole-brutto-forse-pasqua-migliora\/702484\/","_jd_wp_twitter":"a:1:{i:0;s:132:\"Sole e poi brutto, forse a Pasqua migliora http:\/\/www.varesenews.it\/2018\/03\/sole-brutto-forse-pasqua-migliora\/702484\/ #meteo #pasqua\";}","_wpt_status_message":"Tweet inviato con successo."},"photos":[{"original":"https:\/\/staging.varesenews.it\/photogallery_new\/images\/2018\/03\/avarie-663219.jpg","full":"https:\/\/staging.varesenews.it\/photogallery_new\/images\/2018\/03\/avarie-663219.1024x768.jpg","large":"https:\/\/staging.varesenews.it\/photogallery_new\/images\/2018\/03\/avarie-663219.610x431.jpg"}],"_links":{"self":[{"href":"https:\/\/staging.varesenews.it\/swgapi\/v1\/wp\/v2\/posts\/702484"}],"collection":[{"href":"https:\/\/staging.varesenews.it\/swgapi\/v1\/wp\/v2\/posts"}],"about":[{"href":"https:\/\/staging.varesenews.it\/swgapi\/v1\/wp\/v2\/types\/post"}],"author":[{"embeddable":true,"href":"https:\/\/staging.varesenews.it\/swgapi\/v1\/wp\/v2\/users\/34"}],"replies":[{"embeddable":true,"href":"https:\/\/staging.varesenews.it\/swgapi\/v1\/wp\/v2\/comments?post=702484"}],"version-history":[{"count":0,"href":"https:\/\/staging.varesenews.it\/swgapi\/v1\/wp\/v2\/posts\/702484\/revisions"}],"wp:attachment":[{"href":"https:\/\/staging.varesenews.it\/swgapi\/v1\/wp\/v2\/media?parent=702484"}],"wp:term":[{"taxonomy":"category","embeddable":true,"href":"https:\/\/staging.varesenews.it\/swgapi\/v1\/wp\/v2\/categories?post=702484"},{"taxonomy":"post_tag","embeddable":true,"href":"https:\/\/staging.varesenews.it\/swgapi\/v1\/wp\/v2\/tags?post=702484"}],"curies":[{"name":"wp","href":"https:\/\/api.w.org\/{rel}","templated":true}]}}