{"id":703451,"date":"2018-03-28T23:26:40","date_gmt":"2018-03-28T21:26:40","guid":{"rendered":"http:\/\/www.varesenews.it\/?p=703451"},"modified":"2018-03-28T23:27:53","modified_gmt":"2018-03-28T21:27:53","slug":"faberlab-made-varese-diventa-qualita","status":"publish","type":"post","link":"https:\/\/staging.varesenews.it\/2018\/03\/faberlab-made-varese-diventa-qualita\/703451\/","title":{"rendered":"Con Faberlab il &#8220;Made in Varese&#8221; diventa di qualit\u00e0"},"content":{"rendered":"<p>Dopo quattro anni di attivit\u00e0 <strong>Faberlab cambia e il design diventa ancor pi\u00f9 protagonista<\/strong> grazie alla collaborazione con lo Studio Caporaso.<\/p>\n<p>Nella serata di lancio della nuova iniziativa di Confartigianato Varese, sono le aziende, le loro storie e alcuni prodotti a testimoniare le ragioni della scelta.<\/p>\n<p>Lo sono a partire dal buffet in cui ogni scelta era frutto di una riflessione. Dalla pasta di Legu, realizzata tutta con soli legumi, al Buosino passando dalle mele della Valtellina, dall&#8217;acqua Laurisia per finire al tradizionale Apollo 11.<\/p>\n<p>&#8220;Oggi ci rendiamo conto che non ci sono pi\u00f9 i prodotti di una volta. &#8211; Ha aperto le brevi presentazioni <strong>Angelo Bongio che ha visto nascere Faberlab nel 2014<\/strong> &#8211; Il prodotto vive una personalizzazione spinta e si passa dal prodotto di massa a una massa di prodotti sempre pi\u00f9 governati dall\u2019intelligenza. Il nostro lavoro va a supporto delle innovazioni che il mercato ci chiede tenendo presente che le imprese hanno nel loro codice genetico la competitivit\u00e0. Con Faberlab seguiamo la via italiana della manifattura&#8221;.<\/p>\n<p>\u00c8 <strong>Davide Baldi, direttore del progetto<\/strong> a raccontare le evoluzioni che dal 2018 ci saranno negli spazi di Tradate e non solo.<br \/>\n&#8220;Il design pu\u00f2 portare valore aggiunto a diverse aziende che possono trovare un servizio innovativo. Faberlab fa parte di Confartigianato e pu\u00f2 essere l\u2019anello di congiunzione delle diverse tecnologie per un obiettivo di produzione Made in Varese. Noi abbiamo le competenze e le professionalit\u00e0 per fare una produzione di qualit\u00e0 alta&#8221;.<\/p>\n<p>Sono le aziende presenti il piatto forte della serata e una dopo l&#8217;altra si presentano testimoniando l&#8217;importanza dell&#8217;innovazione e del design anche in produzioni che sembrerebbero lontane da questa attivit\u00e0.<\/p>\n<p><strong>La pasticceria di Denis Buosi<\/strong> da decenni \u00e8 conosciuta ben oltre il territorio provinciale. Nelle ultime settimana suo figlio Andrea ha vinto un importante premio grazie alla creativit\u00e0, ma anche al gusto nella presentazione.<\/p>\n<p>&#8220;Noi &#8211; racconta Denis &#8211; vendiamo un prodotto che viene acquistato anche per la sua dimensione estetica. La grafica, il design e la presentazione devono funzionare. Questo ovviamente segue un prodotto di qualit\u00e0 perch\u00e9 il consumatore \u00e8 sempre pi\u00f9 esigente ed \u00e8 disposto a spendere solo se tutto garantisce uno standard alto&#8221;.<\/p>\n<p>La serata, oltre che dal dolce di Buosi, \u00e8 stata allietata dai prodotti di <strong>Monica Neri di Legu.<\/strong><br \/>\n&#8220;Abbiamo realizzato pasta e prodotti fatti solo dai legumi. Un progetto artigianale che nasce dal desiderio di riscoprire la tradizione. Il design ne \u00e8 parte perch\u00e9 la persona deve restare colpita anche dall\u2019immagine. Tutto deve comunicare e in modo veloce&#8221;.<\/p>\n<p><strong>Roxi Scotti \u00e8 il direttore marketing dell&#8217;Apollo11<\/strong>. &#8220;Nato nel 1969 per festeggiare. Nel 2007 abbiamo stabilizzato una ricetta e l\u2019abbiamo messo in bottiglia. Con questo abbiamo vinto un premio. Ora la sfida \u00e8 portarlo a livello del consumatore denudandolo dalla bottiglia storica e rendendo il cittadino protagonista del riuso del contenitore facendone un premio.\u00a0Dopo 20 anni di esperienza imprenditoriale nel mondo del marketing e della comunicazione che mi hanno permesso di collaborare e crescere con i pi\u00f9 grandi brand nazionali e internazionali, a dicembre del 2016 ho deciso di intraprendere una nuova sfida.<br \/>\nIspirata dal legame affettivo e dalle potenzialit\u00e0 di prodotto e di brand, ho creato e lanciato sul mercato &#8220;Apollo 11 in love&#8221;, la prima linea dedicata al wedding, agli eventi e alla regalistica di Apollo 11, l&#8217;aperitivo rosa nato a Varese il 20 luglio del 1969 e tenuto ufficialmente a battesimo da Edwin Aldrin&#8221;.<\/p>\n<p>A completare i prodotti scelti per la serata c&#8217;era una selezione delle patatine Pringles, l&#8217;acqua Lurisia e le mele della Valtellina che vengono valorizzate da un particolare packaging .<\/p>\n<p>L&#8217;architetto <strong>Giorgio Caporaso<\/strong> ha chiuso le presentazioni raccontando come la tradizione varesina in materia di design \u00e8 di grande profilo.<br \/>\n&#8220;La sedia Varese \u00e8 un simbolo del lavoro di design del nostro territorio e che \u00e8 arrivato oltre oceano.<br \/>\nDesign che poi significa disegno industriale e definisce le propriet\u00e0 formali del prodotto. Significa progettare per arrivare a produrre qualcosa che non esiste.<br \/>\nOltre alla sedia in questi spazi abbiamo portato la storia delle bobine industriali di Parasacchi, un&#8217;azienda nata nel 1945 e leader in Europa per la loro produzione. Settant&#8217;anni dopo abbiamo iniziato a ripensare a questi oggetti e progettarne un loro riutilizzo per altre finalit\u00e0. Ci siamo messi a progettare altri oggetti come tavoli, sedie e componenti per la casa. Abbiamo contaminato quell\u2019esperienza storica con altre professionalit\u00e0 e questo ci potr\u00e0 aprire a mercati nuovi. Poi siamo passati a cercare il nome. Parasacchihome \u00e8 il frutto di un lavoro di studio&#8221;.<\/p>\n<p><strong>Luisa Parasacchi<\/strong> ha raccolto il testimone dell&#8217;azienda che \u00e8 cos\u00ec arrivata alla terza generazione. &#8220;Avevo voglia di fare qualcosa di mio e personalizzare il prodotto. Ho iniziato a studiarci e Giorgio ha dato una bella spinta per arrivare a fare qualcosa in pi\u00f9 al mio articolo&#8221;.<\/p>\n<p>Faberlab entra cos\u00ec in una nuova stagione. Per farlo usa uno slogan forte: &#8220;L&#8217;idea migliore non basta. Credici e trasformala in realt\u00e0&#8221;. A Tradate lo spazio, le competenze, le esperienze potranno esser cos\u00ec a supporto delle imprese e di chiunque voglia provare a trasformare un&#8217;idea in qualcosa di bello, ma soprattutto di utile a far nascere o crescere un&#8217;impresa.<\/p>\n<p>&nbsp;<\/p>\n","protected":false},"excerpt":{"rendered":"<p>Dopo quattro anni di vita il progetto di Confartigianato Imprese Varese si unisce all&#8217;esperienza dello Studio Caporaso diventando cos\u00ec Faberlab design<\/p>\n","protected":false},"author":54,"featured_media":0,"comment_status":"open","ping_status":"open","sticky":false,"template":"","format":"standard","meta":{"footnotes":""},"categories":[15,5],"tags":[474,85311,2762],"acf":[],"yoast_head":"<!-- This site is optimized with the Yoast SEO plugin v20.1 - https:\/\/yoast.com\/wordpress\/plugins\/seo\/ -->\n<title>Con Faberlab il &quot;Made in Varese&quot; diventa di qualit\u00e0<\/title>\n<meta name=\"description\" content=\"Dopo quattro anni di vita il progetto di Confartigianato Imprese Varese si unisce all&#039;esperienza dello Studio Caporaso diventando cos\u00ec Faberlab design\" \/>\n<meta name=\"robots\" content=\"noindex, follow, max-snippet:-1, max-image-preview:large, max-video-preview:-1\" \/>\n<meta property=\"og:locale\" content=\"it_IT\" \/>\n<meta property=\"og:type\" content=\"article\" \/>\n<meta property=\"og:title\" content=\"Con Faberlab il &quot;Made in Varese&quot; diventa di qualit\u00e0\" \/>\n<meta property=\"og:description\" content=\"Dopo quattro anni di vita il progetto di Confartigianato Imprese Varese si unisce all&#039;esperienza dello Studio Caporaso diventando cos\u00ec Faberlab design\" \/>\n<meta property=\"og:url\" content=\"https:\/\/www.varesenews.it\/2018\/03\/faberlab-made-varese-diventa-qualita\/703451\/\" \/>\n<meta property=\"og:site_name\" content=\"VareseNews\" \/>\n<meta property=\"article:publisher\" content=\"https:\/\/www.facebook.com\/varesenews\" \/>\n<meta property=\"article:author\" content=\"https:\/\/www.facebook.com\/giovannelli.marco?fref=ts\" \/>\n<meta property=\"article:published_time\" content=\"2018-03-28T21:26:40+00:00\" \/>\n<meta property=\"article:modified_time\" content=\"2018-03-28T21:27:53+00:00\" \/>\n<meta name=\"author\" content=\"Marco Giovannelli\" \/>\n<meta name=\"twitter:card\" content=\"summary_large_image\" \/>\n<meta name=\"twitter:creator\" content=\"@marcogio59\" \/>\n<meta name=\"twitter:site\" content=\"@varesenews\" \/>\n<meta name=\"twitter:label1\" content=\"Scritto da\" \/>\n\t<meta name=\"twitter:data1\" content=\"Marco Giovannelli\" \/>\n\t<meta name=\"twitter:label2\" content=\"Tempo di lettura stimato\" \/>\n\t<meta name=\"twitter:data2\" content=\"4 minuti\" \/>\n<script type=\"application\/ld+json\" class=\"yoast-schema-graph\">{\"@context\":\"https:\/\/schema.org\",\"@graph\":[{\"@type\":\"WebPage\",\"@id\":\"https:\/\/www.varesenews.it\/2018\/03\/faberlab-made-varese-diventa-qualita\/703451\/\",\"url\":\"https:\/\/www.varesenews.it\/2018\/03\/faberlab-made-varese-diventa-qualita\/703451\/\",\"name\":\"Con Faberlab il \\\"Made in Varese\\\" diventa di qualit\u00e0\",\"isPartOf\":{\"@id\":\"https:\/\/staging.varesenews.it\/#website\"},\"datePublished\":\"2018-03-28T21:26:40+00:00\",\"dateModified\":\"2018-03-28T21:27:53+00:00\",\"author\":{\"@id\":\"https:\/\/staging.varesenews.it\/#\/schema\/person\/b32b6f44664f8274f79469e452856024\"},\"description\":\"Dopo quattro anni di vita il progetto di Confartigianato Imprese Varese si unisce all'esperienza dello Studio Caporaso diventando cos\u00ec Faberlab design\",\"breadcrumb\":{\"@id\":\"https:\/\/www.varesenews.it\/2018\/03\/faberlab-made-varese-diventa-qualita\/703451\/#breadcrumb\"},\"inLanguage\":\"it-IT\",\"potentialAction\":[{\"@type\":\"ReadAction\",\"target\":[\"https:\/\/www.varesenews.it\/2018\/03\/faberlab-made-varese-diventa-qualita\/703451\/\"]}]},{\"@type\":\"BreadcrumbList\",\"@id\":\"https:\/\/www.varesenews.it\/2018\/03\/faberlab-made-varese-diventa-qualita\/703451\/#breadcrumb\",\"itemListElement\":[{\"@type\":\"ListItem\",\"position\":1,\"name\":\"Home\",\"item\":\"https:\/\/www.varesenews.it\/\"},{\"@type\":\"ListItem\",\"position\":2,\"name\":\"Con Faberlab il &#8220;Made in Varese&#8221; diventa di qualit\u00e0\"}]},{\"@type\":\"WebSite\",\"@id\":\"https:\/\/staging.varesenews.it\/#website\",\"url\":\"https:\/\/staging.varesenews.it\/\",\"name\":\"VareseNews\",\"description\":\"\",\"potentialAction\":[{\"@type\":\"SearchAction\",\"target\":{\"@type\":\"EntryPoint\",\"urlTemplate\":\"https:\/\/staging.varesenews.it\/?s={search_term_string}\"},\"query-input\":\"required name=search_term_string\"}],\"inLanguage\":\"it-IT\"},{\"@type\":\"Person\",\"@id\":\"https:\/\/staging.varesenews.it\/#\/schema\/person\/b32b6f44664f8274f79469e452856024\",\"name\":\"Marco Giovannelli\",\"image\":{\"@type\":\"ImageObject\",\"inLanguage\":\"it-IT\",\"@id\":\"https:\/\/staging.varesenews.it\/#\/schema\/person\/image\/\",\"url\":\"https:\/\/staging.varesenews.it\/wp-content\/uploads\/2020\/12\/marco_giovannelli_colori_500.jpg\",\"contentUrl\":\"https:\/\/staging.varesenews.it\/wp-content\/uploads\/2020\/12\/marco_giovannelli_colori_500.jpg\",\"caption\":\"Marco Giovannelli\"},\"description\":\"Viterbese di origine vivo a Varese dal 1978. Due figli grandi, due lauree in scienze &ldquo;inutili&rdquo; quanto affascinanti che mi portano a mettere lo studio ancora al primo posto. Dopo aver lavorato per il sindacato, fondato e lavorato al centro Gulliver, in una cooperativa che gestiva il Circolino a Varese, con un altro viterbese e un lucano ho fondato VareseNews quando nessuno o quasi sapeva cosa fosse Internet. Ho alcune grandi passioni, la prima &egrave; il cammino che cerco di vivere quotidianamente. Averne percorsi alcuni storici con Santiago e la Francigena mi ha poi portato a far diventare anche lavoro la loro valorizzazione e in particolare la Via Francisca del Lucomagno. Amo leggere, andare al cinema, viaggiare. Mi piace conoscere. La mia migliore attitudine &egrave; connettere mondi e per questo mi affascina la contemporaneit&agrave; e il digitale. Ho insegnato diritto ed economia per un decennio nelle scuole superiori. Ho tenuto diverse lezioni e laboratori allo Iulm e ora all&rsquo;Universit&agrave; dell&rsquo;Insubria con un corso di Giornalismo digitale alla specialistica. Ho fondato diversi progetti editoriali.&nbsp;\",\"sameAs\":[\"https:\/\/www.facebook.com\/giovannelli.marco?fref=ts\",\"marcogio59\",\"https:\/\/it.linkedin.com\/in\/giovannellimarco\",\"https:\/\/twitter.com\/marcogio59\"],\"url\":\"https:\/\/staging.varesenews.it\/persona\/marco_giovannelli-2\/\"}]}<\/script>\n<!-- \/ Yoast SEO plugin. -->","yoast_head_json":{"title":"Con Faberlab il \"Made in Varese\" diventa di qualit\u00e0","description":"Dopo quattro anni di vita il progetto di Confartigianato Imprese Varese si unisce all'esperienza dello Studio Caporaso diventando cos\u00ec Faberlab design","robots":{"index":"noindex","follow":"follow","max-snippet":"max-snippet:-1","max-image-preview":"max-image-preview:large","max-video-preview":"max-video-preview:-1"},"og_locale":"it_IT","og_type":"article","og_title":"Con Faberlab il \"Made in Varese\" diventa di qualit\u00e0","og_description":"Dopo quattro anni di vita il progetto di Confartigianato Imprese Varese si unisce all'esperienza dello Studio Caporaso diventando cos\u00ec Faberlab design","og_url":"https:\/\/www.varesenews.it\/2018\/03\/faberlab-made-varese-diventa-qualita\/703451\/","og_site_name":"VareseNews","article_publisher":"https:\/\/www.facebook.com\/varesenews","article_author":"https:\/\/www.facebook.com\/giovannelli.marco?fref=ts","article_published_time":"2018-03-28T21:26:40+00:00","article_modified_time":"2018-03-28T21:27:53+00:00","author":"Marco Giovannelli","twitter_card":"summary_large_image","twitter_creator":"@marcogio59","twitter_site":"@varesenews","twitter_misc":{"Scritto da":"Marco Giovannelli","Tempo di lettura stimato":"4 minuti"},"schema":{"@context":"https:\/\/schema.org","@graph":[{"@type":"WebPage","@id":"https:\/\/www.varesenews.it\/2018\/03\/faberlab-made-varese-diventa-qualita\/703451\/","url":"https:\/\/www.varesenews.it\/2018\/03\/faberlab-made-varese-diventa-qualita\/703451\/","name":"Con Faberlab il \"Made in Varese\" diventa di qualit\u00e0","isPartOf":{"@id":"https:\/\/staging.varesenews.it\/#website"},"datePublished":"2018-03-28T21:26:40+00:00","dateModified":"2018-03-28T21:27:53+00:00","author":{"@id":"https:\/\/staging.varesenews.it\/#\/schema\/person\/b32b6f44664f8274f79469e452856024"},"description":"Dopo quattro anni di vita il progetto di Confartigianato Imprese Varese si unisce all'esperienza dello Studio Caporaso diventando cos\u00ec Faberlab design","breadcrumb":{"@id":"https:\/\/www.varesenews.it\/2018\/03\/faberlab-made-varese-diventa-qualita\/703451\/#breadcrumb"},"inLanguage":"it-IT","potentialAction":[{"@type":"ReadAction","target":["https:\/\/www.varesenews.it\/2018\/03\/faberlab-made-varese-diventa-qualita\/703451\/"]}]},{"@type":"BreadcrumbList","@id":"https:\/\/www.varesenews.it\/2018\/03\/faberlab-made-varese-diventa-qualita\/703451\/#breadcrumb","itemListElement":[{"@type":"ListItem","position":1,"name":"Home","item":"https:\/\/www.varesenews.it\/"},{"@type":"ListItem","position":2,"name":"Con Faberlab il &#8220;Made in Varese&#8221; diventa di qualit\u00e0"}]},{"@type":"WebSite","@id":"https:\/\/staging.varesenews.it\/#website","url":"https:\/\/staging.varesenews.it\/","name":"VareseNews","description":"","potentialAction":[{"@type":"SearchAction","target":{"@type":"EntryPoint","urlTemplate":"https:\/\/staging.varesenews.it\/?s={search_term_string}"},"query-input":"required name=search_term_string"}],"inLanguage":"it-IT"},{"@type":"Person","@id":"https:\/\/staging.varesenews.it\/#\/schema\/person\/b32b6f44664f8274f79469e452856024","name":"Marco Giovannelli","image":{"@type":"ImageObject","inLanguage":"it-IT","@id":"https:\/\/staging.varesenews.it\/#\/schema\/person\/image\/","url":"https:\/\/staging.varesenews.it\/wp-content\/uploads\/2020\/12\/marco_giovannelli_colori_500.jpg","contentUrl":"https:\/\/staging.varesenews.it\/wp-content\/uploads\/2020\/12\/marco_giovannelli_colori_500.jpg","caption":"Marco Giovannelli"},"description":"Viterbese di origine vivo a Varese dal 1978. Due figli grandi, due lauree in scienze &ldquo;inutili&rdquo; quanto affascinanti che mi portano a mettere lo studio ancora al primo posto. Dopo aver lavorato per il sindacato, fondato e lavorato al centro Gulliver, in una cooperativa che gestiva il Circolino a Varese, con un altro viterbese e un lucano ho fondato VareseNews quando nessuno o quasi sapeva cosa fosse Internet. Ho alcune grandi passioni, la prima &egrave; il cammino che cerco di vivere quotidianamente. Averne percorsi alcuni storici con Santiago e la Francigena mi ha poi portato a far diventare anche lavoro la loro valorizzazione e in particolare la Via Francisca del Lucomagno. Amo leggere, andare al cinema, viaggiare. Mi piace conoscere. La mia migliore attitudine &egrave; connettere mondi e per questo mi affascina la contemporaneit&agrave; e il digitale. Ho insegnato diritto ed economia per un decennio nelle scuole superiori. Ho tenuto diverse lezioni e laboratori allo Iulm e ora all&rsquo;Universit&agrave; dell&rsquo;Insubria con un corso di Giornalismo digitale alla specialistica. Ho fondato diversi progetti editoriali.&nbsp;","sameAs":["https:\/\/www.facebook.com\/giovannelli.marco?fref=ts","marcogio59","https:\/\/it.linkedin.com\/in\/giovannellimarco","https:\/\/twitter.com\/marcogio59"],"url":"https:\/\/staging.varesenews.it\/persona\/marco_giovannelli-2\/"}]}},"post_meta":{"_edit_lock":"1522273662:54","_edit_last":"54","_category_permalink":"a:1:{s:8:\"category\";s:0:\"\";}","ratings_users":"0","ratings_score":"0","ratings_average":"0","foto":"663864","firma_come_redazione":"1","argomento":"Tradate","_yoast_wpseo_content_score":"30","_jd_tweet_this":"yes","_wpt_short_url":"http:\/\/www.varesenews.it\/2018\/03\/faberlab-made-varese-diventa-qualita\/703451\/","_wp_jd_target":"http:\/\/www.varesenews.it\/2018\/03\/faberlab-made-varese-diventa-qualita\/703451\/","_jd_wp_twitter":"a:1:{i:0;s:176:\"Con Faberlab il \u201cMade in Varese\u201d diventa di qualit\u00e0 http:\/\/www.varesenews.it\/2018\/03\/faberlab-made-varese-diventa-qualita\/703451\/ #faberlab #faberlabdesign #StudioCaporaso\";}","_wpt_status_message":"Tweet inviato con successo."},"photos":[{"original":"https:\/\/staging.varesenews.it\/photogallery_new\/images\/2018\/03\/generico-2018-663864.jpg","full":"https:\/\/staging.varesenews.it\/photogallery_new\/images\/2018\/03\/generico-2018-663864.1024x768.jpg","large":"https:\/\/staging.varesenews.it\/photogallery_new\/images\/2018\/03\/generico-2018-663864.610x431.jpg"}],"_links":{"self":[{"href":"https:\/\/staging.varesenews.it\/swgapi\/v1\/wp\/v2\/posts\/703451"}],"collection":[{"href":"https:\/\/staging.varesenews.it\/swgapi\/v1\/wp\/v2\/posts"}],"about":[{"href":"https:\/\/staging.varesenews.it\/swgapi\/v1\/wp\/v2\/types\/post"}],"author":[{"embeddable":true,"href":"https:\/\/staging.varesenews.it\/swgapi\/v1\/wp\/v2\/users\/54"}],"replies":[{"embeddable":true,"href":"https:\/\/staging.varesenews.it\/swgapi\/v1\/wp\/v2\/comments?post=703451"}],"version-history":[{"count":0,"href":"https:\/\/staging.varesenews.it\/swgapi\/v1\/wp\/v2\/posts\/703451\/revisions"}],"wp:attachment":[{"href":"https:\/\/staging.varesenews.it\/swgapi\/v1\/wp\/v2\/media?parent=703451"}],"wp:term":[{"taxonomy":"category","embeddable":true,"href":"https:\/\/staging.varesenews.it\/swgapi\/v1\/wp\/v2\/categories?post=703451"},{"taxonomy":"post_tag","embeddable":true,"href":"https:\/\/staging.varesenews.it\/swgapi\/v1\/wp\/v2\/tags?post=703451"}],"curies":[{"name":"wp","href":"https:\/\/api.w.org\/{rel}","templated":true}]}}