{"id":703500,"date":"2018-03-29T10:55:08","date_gmt":"2018-03-29T08:55:08","guid":{"rendered":"http:\/\/www.varesenews.it\/?p=703500"},"modified":"2018-03-29T10:57:41","modified_gmt":"2018-03-29T08:57:41","slug":"malnate-lanno-prossimo-la-nuova-biblioteca","status":"publish","type":"post","link":"https:\/\/staging.varesenews.it\/2018\/03\/malnate-lanno-prossimo-la-nuova-biblioteca\/703500\/","title":{"rendered":"Malnate, \u00abL&#8217;anno prossimo la nuova biblioteca\u00bb"},"content":{"rendered":"<p><em>Un&#8217;immagine non ufficiale del posizionamento del nuovo centro<\/em><\/p>\n<p><strong>\u00abVogliamo realizzare questa opera nel 2019\u00bb<\/strong>. Parola del vicesindaco e assessore alle opere pubbliche <strong>Piero Battaini,<\/strong> che presenta il progetto per il nuovo polo culturale, all&#8217;interno del quale nascer\u00e0 la nuova biblioteca.<\/p>\n<p>L\u2019edificio <strong>sorger\u00e0 alle spalle del Municipio, verso piazza delle Tessitrici.<\/strong> Per costruire la struttura verranno abbattuti gli ex uffici tecnici \u2013 inutilizzati perch\u00e9 pericolanti \u2013, parcheggi interni e vecchia palestra compresi, mentre rimarranno integri gli archivi comunali.<\/p>\n<blockquote>\n<h2 style=\"text-align: center;\"><a href=\"http:\/\/www.varesenews.it\/tag\/biblioteche-in-tour\/\">LO SPECIALE BIBLIOTECHE<\/a><\/h2>\n<\/blockquote>\n<p><strong>\u00abAbbiamo a disposizione 700mila euro<\/strong> \u2013 spiega l\u2019assessore Battaini \u2013 e vogliamo utilizzare questa cifra per la realizzazione di un primo lotto funzionale, che permetter\u00e0 un possibile ampliamento futuro. Quando avremo il progetto definitivo si potr\u00e0 anche partecipare a bandi per reperire ulteriori risorse. <strong>Il disegno attuale prevede una struttura a pi\u00f9 piani,<\/strong> con aree da utilizzare per attivit\u00e0 culturali e che ovviamente comprenda la nuova biblioteca\u00bb. <div class=\"photo-inside-post\"><img decoding=\"async\" loading=\"lazy\" fetchpriority=\"low\" width=\"610\" height=\"431\" src=\"https:\/\/staging.varesenews.it\/photogallery_new\/images\/2018\/03\/biblioteca-malnate-663910.610x431.jpg\" alt=\"biblioteca malnate\"><\/div> <em>Gli edifici che verranno abbattuti per far posto al nuovo polo culturale<\/em><\/p>\n<p>In questo momento <strong>la biblioteca civica di Malnate \u00e8 all\u2019inizio di via Volta, al confine con piazza Repubblica,<\/strong> dopo che gli spazi dell\u2019edificio di via Matteotti sono stati adibiti a uffici comunali. La sistemazione attuale \u00e8 <strong>un locale troppo piccolo per una realt\u00e0 cittadina come quella malnatese, in continua crescita.<\/strong> Ecco perch\u00e9 un nuovo polo culturale era in cima al programma dell\u2019amministrazione.<\/p>\n<blockquote>\n<h2 style=\"text-align: center;\"><a href=\"http:\/\/www.varesenews.it\/tag\/speciale-comune-di-malnate\/\">LO SPECIALE DI MALNATE<\/a><\/h2>\n<\/blockquote>\n<p>Dal 14 giugno 2004 il servizio \u00e8 stato reso pi\u00f9 rapido e puntuale dall\u2019organizzazione di un servizio di prestito del sistema bibliotecario <strong>&#8220;Valli dei Mulini&#8221;,<\/strong> che fa capo proprio a Malnate.<\/p>\n<p>Dal 5 maggio 2008 si possono prenotare libri anche on line sul sito : <a href=\"http:\/\/webopac.bibliotecheprovinciavarese.it\">http:\/\/webopac.bibliotecheprovinciavarese.it<\/a><\/p>\n<p>Tornando al progetto per la realizzazione del nuovo polo, Battaini spiega i prossimi passi: \u00ab<strong>Ora dobbiamo avviare la gara d\u2019appalto<\/strong>. Le risorse sono quelle citate (700 mila euro, <em>ndr<\/em>). Speriamo di realizzare l\u2019opera nel 2019\u00bb.<\/p>\n","protected":false},"excerpt":{"rendered":"<p>Non solo libri ma cultura e sale per la comunit\u00e0 nell\u2019edificio che sorger\u00e0 alle spalle del Municipio<\/p>\n","protected":false},"author":37,"featured_media":0,"comment_status":"open","ping_status":"open","sticky":false,"template":"","format":"standard","meta":{"footnotes":""},"categories":[18,2],"tags":[65791,84833,85161],"acf":[],"yoast_head":"<!-- This site is optimized with the Yoast SEO plugin v20.1 - https:\/\/yoast.com\/wordpress\/plugins\/seo\/ -->\n<title>Malnate, \u00abL&#039;anno prossimo la nuova biblioteca\u00bb<\/title>\n<meta name=\"description\" content=\"Non solo libri ma cultura e sale per la comunit\u00e0 nell\u2019edificio che sorger\u00e0 alle spalle del Municipio\" \/>\n<meta name=\"robots\" content=\"noindex, follow, max-snippet:-1, max-image-preview:large, max-video-preview:-1\" \/>\n<meta property=\"og:locale\" content=\"it_IT\" \/>\n<meta property=\"og:type\" content=\"article\" \/>\n<meta property=\"og:title\" content=\"Malnate, \u00abL&#039;anno prossimo la nuova biblioteca\u00bb\" \/>\n<meta property=\"og:description\" content=\"Non solo libri ma cultura e sale per la comunit\u00e0 nell\u2019edificio che sorger\u00e0 alle spalle del Municipio\" \/>\n<meta property=\"og:url\" content=\"https:\/\/staging.varesenews.it\/2018\/03\/malnate-lanno-prossimo-la-nuova-biblioteca\/703500\/\" \/>\n<meta property=\"og:site_name\" content=\"VareseNews\" \/>\n<meta property=\"article:publisher\" content=\"https:\/\/www.facebook.com\/varesenews\" \/>\n<meta property=\"article:published_time\" content=\"2018-03-29T08:55:08+00:00\" \/>\n<meta property=\"article:modified_time\" content=\"2018-03-29T08:57:41+00:00\" \/>\n<meta name=\"author\" content=\"Francesco Mazzoleni\" \/>\n<meta name=\"twitter:card\" content=\"summary_large_image\" \/>\n<meta name=\"twitter:creator\" content=\"@fmazzof\" \/>\n<meta name=\"twitter:site\" content=\"@varesenews\" \/>\n<meta name=\"twitter:label1\" content=\"Scritto da\" \/>\n\t<meta name=\"twitter:data1\" content=\"Francesco Mazzoleni\" \/>\n\t<meta name=\"twitter:label2\" content=\"Tempo di lettura stimato\" \/>\n\t<meta name=\"twitter:data2\" content=\"2 minuti\" \/>\n<script type=\"application\/ld+json\" class=\"yoast-schema-graph\">{\"@context\":\"https:\/\/schema.org\",\"@graph\":[{\"@type\":\"WebPage\",\"@id\":\"https:\/\/staging.varesenews.it\/2018\/03\/malnate-lanno-prossimo-la-nuova-biblioteca\/703500\/\",\"url\":\"https:\/\/staging.varesenews.it\/2018\/03\/malnate-lanno-prossimo-la-nuova-biblioteca\/703500\/\",\"name\":\"Malnate, \u00abL'anno prossimo la nuova biblioteca\u00bb\",\"isPartOf\":{\"@id\":\"https:\/\/staging.varesenews.it\/#website\"},\"datePublished\":\"2018-03-29T08:55:08+00:00\",\"dateModified\":\"2018-03-29T08:57:41+00:00\",\"author\":{\"@id\":\"https:\/\/staging.varesenews.it\/#\/schema\/person\/e82236e79160d30d4e1f942004ac3038\"},\"description\":\"Non solo libri ma cultura e sale per la comunit\u00e0 nell\u2019edificio che sorger\u00e0 alle spalle del Municipio\",\"breadcrumb\":{\"@id\":\"https:\/\/staging.varesenews.it\/2018\/03\/malnate-lanno-prossimo-la-nuova-biblioteca\/703500\/#breadcrumb\"},\"inLanguage\":\"it-IT\",\"potentialAction\":[{\"@type\":\"ReadAction\",\"target\":[\"https:\/\/staging.varesenews.it\/2018\/03\/malnate-lanno-prossimo-la-nuova-biblioteca\/703500\/\"]}]},{\"@type\":\"BreadcrumbList\",\"@id\":\"https:\/\/staging.varesenews.it\/2018\/03\/malnate-lanno-prossimo-la-nuova-biblioteca\/703500\/#breadcrumb\",\"itemListElement\":[{\"@type\":\"ListItem\",\"position\":1,\"name\":\"Home\",\"item\":\"https:\/\/www.varesenews.it\/\"},{\"@type\":\"ListItem\",\"position\":2,\"name\":\"Malnate, \u00abL&#8217;anno prossimo la nuova biblioteca\u00bb\"}]},{\"@type\":\"WebSite\",\"@id\":\"https:\/\/staging.varesenews.it\/#website\",\"url\":\"https:\/\/staging.varesenews.it\/\",\"name\":\"VareseNews\",\"description\":\"\",\"potentialAction\":[{\"@type\":\"SearchAction\",\"target\":{\"@type\":\"EntryPoint\",\"urlTemplate\":\"https:\/\/staging.varesenews.it\/?s={search_term_string}\"},\"query-input\":\"required name=search_term_string\"}],\"inLanguage\":\"it-IT\"},{\"@type\":\"Person\",\"@id\":\"https:\/\/staging.varesenews.it\/#\/schema\/person\/e82236e79160d30d4e1f942004ac3038\",\"name\":\"Francesco Mazzoleni\",\"image\":{\"@type\":\"ImageObject\",\"inLanguage\":\"it-IT\",\"@id\":\"https:\/\/staging.varesenews.it\/#\/schema\/person\/image\/\",\"url\":\"https:\/\/staging.varesenews.it\/wp-content\/uploads\/2020\/12\/francesco_mazzoleni_colori_500-1.jpg\",\"contentUrl\":\"https:\/\/staging.varesenews.it\/wp-content\/uploads\/2020\/12\/francesco_mazzoleni_colori_500-1.jpg\",\"caption\":\"Francesco Mazzoleni\"},\"description\":\"\\\"Uomo di campo\\\" della redazione sportiva. Nutro una vera passione per il calcio, che sia ad alti livelli, sui campi di provincia o in altri continenti. Sono nato a Varese nel 1984, vivo da sempre a Malnate e ho una laurea in Scienze Motorie. Ho mosso i primi passi a VareseNews da stagista nel 2002; nel 2008 ho iniziato a collaborare con maggiore continuit\u00e0 e dal 2018 sono giornalista professionista. Orgoglioso pap\u00e0 di Federico e Adelaide.\",\"sameAs\":[\"fmazzof\",\"it.linkedin.com\/in\/francescomazzolenif\",\"https:\/\/twitter.com\/fmazzof\"],\"url\":\"https:\/\/staging.varesenews.it\/persona\/francesco_mazzoleniferracini\/\"}]}<\/script>\n<!-- \/ Yoast SEO plugin. -->","yoast_head_json":{"title":"Malnate, \u00abL'anno prossimo la nuova biblioteca\u00bb","description":"Non solo libri ma cultura e sale per la comunit\u00e0 nell\u2019edificio che sorger\u00e0 alle spalle del Municipio","robots":{"index":"noindex","follow":"follow","max-snippet":"max-snippet:-1","max-image-preview":"max-image-preview:large","max-video-preview":"max-video-preview:-1"},"og_locale":"it_IT","og_type":"article","og_title":"Malnate, \u00abL'anno prossimo la nuova biblioteca\u00bb","og_description":"Non solo libri ma cultura e sale per la comunit\u00e0 nell\u2019edificio che sorger\u00e0 alle spalle del Municipio","og_url":"https:\/\/staging.varesenews.it\/2018\/03\/malnate-lanno-prossimo-la-nuova-biblioteca\/703500\/","og_site_name":"VareseNews","article_publisher":"https:\/\/www.facebook.com\/varesenews","article_published_time":"2018-03-29T08:55:08+00:00","article_modified_time":"2018-03-29T08:57:41+00:00","author":"Francesco Mazzoleni","twitter_card":"summary_large_image","twitter_creator":"@fmazzof","twitter_site":"@varesenews","twitter_misc":{"Scritto da":"Francesco Mazzoleni","Tempo di lettura stimato":"2 minuti"},"schema":{"@context":"https:\/\/schema.org","@graph":[{"@type":"WebPage","@id":"https:\/\/staging.varesenews.it\/2018\/03\/malnate-lanno-prossimo-la-nuova-biblioteca\/703500\/","url":"https:\/\/staging.varesenews.it\/2018\/03\/malnate-lanno-prossimo-la-nuova-biblioteca\/703500\/","name":"Malnate, \u00abL'anno prossimo la nuova biblioteca\u00bb","isPartOf":{"@id":"https:\/\/staging.varesenews.it\/#website"},"datePublished":"2018-03-29T08:55:08+00:00","dateModified":"2018-03-29T08:57:41+00:00","author":{"@id":"https:\/\/staging.varesenews.it\/#\/schema\/person\/e82236e79160d30d4e1f942004ac3038"},"description":"Non solo libri ma cultura e sale per la comunit\u00e0 nell\u2019edificio che sorger\u00e0 alle spalle del Municipio","breadcrumb":{"@id":"https:\/\/staging.varesenews.it\/2018\/03\/malnate-lanno-prossimo-la-nuova-biblioteca\/703500\/#breadcrumb"},"inLanguage":"it-IT","potentialAction":[{"@type":"ReadAction","target":["https:\/\/staging.varesenews.it\/2018\/03\/malnate-lanno-prossimo-la-nuova-biblioteca\/703500\/"]}]},{"@type":"BreadcrumbList","@id":"https:\/\/staging.varesenews.it\/2018\/03\/malnate-lanno-prossimo-la-nuova-biblioteca\/703500\/#breadcrumb","itemListElement":[{"@type":"ListItem","position":1,"name":"Home","item":"https:\/\/www.varesenews.it\/"},{"@type":"ListItem","position":2,"name":"Malnate, \u00abL&#8217;anno prossimo la nuova biblioteca\u00bb"}]},{"@type":"WebSite","@id":"https:\/\/staging.varesenews.it\/#website","url":"https:\/\/staging.varesenews.it\/","name":"VareseNews","description":"","potentialAction":[{"@type":"SearchAction","target":{"@type":"EntryPoint","urlTemplate":"https:\/\/staging.varesenews.it\/?s={search_term_string}"},"query-input":"required name=search_term_string"}],"inLanguage":"it-IT"},{"@type":"Person","@id":"https:\/\/staging.varesenews.it\/#\/schema\/person\/e82236e79160d30d4e1f942004ac3038","name":"Francesco Mazzoleni","image":{"@type":"ImageObject","inLanguage":"it-IT","@id":"https:\/\/staging.varesenews.it\/#\/schema\/person\/image\/","url":"https:\/\/staging.varesenews.it\/wp-content\/uploads\/2020\/12\/francesco_mazzoleni_colori_500-1.jpg","contentUrl":"https:\/\/staging.varesenews.it\/wp-content\/uploads\/2020\/12\/francesco_mazzoleni_colori_500-1.jpg","caption":"Francesco Mazzoleni"},"description":"\"Uomo di campo\" della redazione sportiva. Nutro una vera passione per il calcio, che sia ad alti livelli, sui campi di provincia o in altri continenti. Sono nato a Varese nel 1984, vivo da sempre a Malnate e ho una laurea in Scienze Motorie. Ho mosso i primi passi a VareseNews da stagista nel 2002; nel 2008 ho iniziato a collaborare con maggiore continuit\u00e0 e dal 2018 sono giornalista professionista. Orgoglioso pap\u00e0 di Federico e Adelaide.","sameAs":["fmazzof","it.linkedin.com\/in\/francescomazzolenif","https:\/\/twitter.com\/fmazzof"],"url":"https:\/\/staging.varesenews.it\/persona\/francesco_mazzoleniferracini\/"}]}},"post_meta":{"_edit_lock":"1522315498:37","_edit_last":"37","_category_permalink":"a:1:{s:8:\"category\";s:1:\"2\";}","foto":"663911","argomento":"Malnate","_yoast_wpseo_content_score":"60","_jd_tweet_this":"yes","_yoast_wpseo_focuskw_text_input":"biblioteca malnate","_yoast_wpseo_focuskw":"biblioteca malnate","_yoast_wpseo_linkdex":"67","ratings_users":"0","ratings_score":"0","ratings_average":"0","_wpt_short_url":"http:\/\/www.varesenews.it\/2018\/03\/malnate-lanno-prossimo-la-nuova-biblioteca\/703500\/","_wp_jd_target":"http:\/\/www.varesenews.it\/2018\/03\/malnate-lanno-prossimo-la-nuova-biblioteca\/703500\/","_jd_wp_twitter":"a:1:{i:0;s:135:\"Malnate, \u00abL\u2019anno prossimo la nuova biblioteca\u00bb http:\/\/www.varesenews.it\/2018\/03\/malnate-lanno-prossimo-la-nuova-biblioteca\/703500\/ \";}","_wpt_status_message":"Tweet inviato con successo.","id_leggi_anche":"735217,772292"},"photos":[{"original":"https:\/\/staging.varesenews.it\/photogallery_new\/images\/2018\/03\/biblioteca-malnate-663911.jpg","full":"https:\/\/staging.varesenews.it\/photogallery_new\/images\/2018\/03\/biblioteca-malnate-663911.1024x768.jpg","large":"https:\/\/staging.varesenews.it\/photogallery_new\/images\/2018\/03\/biblioteca-malnate-663911.610x431.jpg"}],"_links":{"self":[{"href":"https:\/\/staging.varesenews.it\/swgapi\/v1\/wp\/v2\/posts\/703500"}],"collection":[{"href":"https:\/\/staging.varesenews.it\/swgapi\/v1\/wp\/v2\/posts"}],"about":[{"href":"https:\/\/staging.varesenews.it\/swgapi\/v1\/wp\/v2\/types\/post"}],"author":[{"embeddable":true,"href":"https:\/\/staging.varesenews.it\/swgapi\/v1\/wp\/v2\/users\/37"}],"replies":[{"embeddable":true,"href":"https:\/\/staging.varesenews.it\/swgapi\/v1\/wp\/v2\/comments?post=703500"}],"version-history":[{"count":0,"href":"https:\/\/staging.varesenews.it\/swgapi\/v1\/wp\/v2\/posts\/703500\/revisions"}],"wp:attachment":[{"href":"https:\/\/staging.varesenews.it\/swgapi\/v1\/wp\/v2\/media?parent=703500"}],"wp:term":[{"taxonomy":"category","embeddable":true,"href":"https:\/\/staging.varesenews.it\/swgapi\/v1\/wp\/v2\/categories?post=703500"},{"taxonomy":"post_tag","embeddable":true,"href":"https:\/\/staging.varesenews.it\/swgapi\/v1\/wp\/v2\/tags?post=703500"}],"curies":[{"name":"wp","href":"https:\/\/api.w.org\/{rel}","templated":true}]}}