{"id":704016,"date":"2018-03-30T13:39:13","date_gmt":"2018-03-30T11:39:13","guid":{"rendered":"http:\/\/www.varesenews.it\/?p=704016"},"modified":"2018-03-30T16:37:24","modified_gmt":"2018-03-30T14:37:24","slug":"elezioni-amministrative-2018-data-date","status":"publish","type":"post","link":"https:\/\/staging.varesenews.it\/2018\/03\/elezioni-amministrative-2018-data-date\/704016\/","title":{"rendered":"Amministrative 2018, fissata la data: si vota al 10 giugno"},"content":{"rendered":"<p>Il <a href=\"http:\/\/www.interno.gov.it\/it\" target=\"_blank\" rel=\"noopener\">Ministero dell&#8217;Interno<\/a> ha ufficializzato oggi la data delle prossime elezioni amministrative: <strong>si va al voto domenica 10 giugno<\/strong><\/p>\n<p>La data \u00e8 stata fissata con <a href=\"http:\/\/dait.interno.gov.it\/documenti\/dm_30-03-2018_el_amm_2018.pdf\" target=\"_blank\" rel=\"noopener\">decreto<\/a> dal ministro dell&#8217;Interno Marco Minniti. L&#8217;eventuale turno di ballottaggio si svolger\u00e0 domenica 24 giugno.<\/p>\n<p>Il sistema prevede l&#8217;elezione diretta dei sindaci e dei consigli comunali. <strong>In Provincia di Varese<\/strong> il voto riguarda <strong>Agra<\/strong>,\u00a0<strong>Azzate, Jerago con Orago e Venegono Superiore<\/strong> (arrivati a scadenza naturale), nonch\u00e9<strong> Lonate Pozzolo<\/strong>, che torna alle urne con un anno di anticipo dopo le <a href=\"http:\/\/www.varesenews.it\/2017\/07\/il-sindaco-di-lonate-pozzolo-si-e-dimesso\/640374\/\">dimissioni<\/a>\u00a0nel 2017 del sindaco Danilo Rivolta, che ha <a href=\"http:\/\/www.varesenews.it\/2017\/09\/rivolta-e-zocchi-patteggiano-e-restituiscono-i-soldi\/649913\/\">patteggiato una pena per diversi reati<\/a>.<\/p>\n<p>Con circa 12mila abitanti, <strong>Lonate Pozzolo<\/strong> \u00e8 anche il Comune pi\u00f9 grande al voto: <strong>nessun Comune varesino al voto quest&#8217;anno supera i 15mila abitanti<\/strong> e dunque in nessuno si voter\u00e0 anche l&#8217;eventuale ballottaggio, che \u00e8 fissato per il 24 giugno. Il<strong> pi\u00f9 piccolo<\/strong> Comune varesino dove si vota \u00e8 <strong>Agra<\/strong>, con 379 abitanti e 352 elettori.<\/p>\n<p>Le <strong>consultazioni amministrative 2018 riguardano in tutto 797 comuni italiani<\/strong>, dei quali 203 nelle regioni a statuto speciale.\u00a0Il voto in Sicilia \u00e8 fissato nella stessa data del 10 giugno, mentre in Friuli &#8211; Venezia Giulia, Valle d&#8217;Aosta e Trentino &#8211; Alto Adige gli elettori interessati andranno al voto rispettivamente il 29 aprile, il 20 maggio e il 27 maggio 2018. Sul totale dei comuni si contano\u00a0114 comuni &#8220;superiori&#8221;, cio\u00e8 con pi\u00f9 di 15.000 abitanti (pi\u00f9 di 3.000 in provincia di Trento), e 683 &#8220;inferiori&#8221;;\u00a021 capoluoghi di provincia.\u00a0I consigli circoscrizionali interessati sono il III e l&#8217;VIII Municipio di Roma Capitale.<\/p>\n<p>Tra i Comuni pi\u00f9 vicini alla Provincia di Varese va al voto anche Mozzate, sull&#8217;asse della Varesina, che con i suoi\u00a08.208 abitanti \u00e8 il pi\u00f9 grande dei Comuni comaschi chiamati alle urne.<\/p>\n<p>&nbsp;<\/p>\n","protected":false},"excerpt":{"rendered":"<p>In 797 Comuni italiani, tra cui cinque in provincia di Varese<\/p>\n","protected":false},"author":46,"featured_media":0,"comment_status":"open","ping_status":"open","sticky":false,"template":"","format":"standard","meta":{"footnotes":""},"categories":[3,16,5,2],"tags":[85378,82562],"acf":[],"yoast_head":"<!-- This site is optimized with the Yoast SEO plugin v20.1 - https:\/\/yoast.com\/wordpress\/plugins\/seo\/ -->\n<title>Amministrative 2018, fissata la data: si vota al 10 giugno<\/title>\n<meta name=\"description\" content=\"In 797 Comuni italiani, tra cui cinque in provincia di Varese\" \/>\n<meta name=\"robots\" content=\"noindex, follow, max-snippet:-1, max-image-preview:large, max-video-preview:-1\" \/>\n<meta property=\"og:locale\" content=\"it_IT\" \/>\n<meta property=\"og:type\" content=\"article\" \/>\n<meta property=\"og:title\" content=\"Amministrative 2018, fissata la data: si vota al 10 giugno\" \/>\n<meta property=\"og:description\" content=\"In 797 Comuni italiani, tra cui cinque in provincia di Varese\" \/>\n<meta property=\"og:url\" content=\"https:\/\/staging.varesenews.it\/2018\/03\/elezioni-amministrative-2018-data-date\/704016\/\" \/>\n<meta property=\"og:site_name\" content=\"VareseNews\" \/>\n<meta property=\"article:publisher\" content=\"https:\/\/www.facebook.com\/varesenews\" \/>\n<meta property=\"article:published_time\" content=\"2018-03-30T11:39:13+00:00\" \/>\n<meta property=\"article:modified_time\" content=\"2018-03-30T14:37:24+00:00\" \/>\n<meta name=\"author\" content=\"Roberto Morandi\" \/>\n<meta name=\"twitter:card\" content=\"summary_large_image\" \/>\n<meta name=\"twitter:creator\" content=\"@ilmorands\" \/>\n<meta name=\"twitter:site\" content=\"@varesenews\" \/>\n<meta name=\"twitter:label1\" content=\"Scritto da\" \/>\n\t<meta name=\"twitter:data1\" content=\"Roberto Morandi\" \/>\n\t<meta name=\"twitter:label2\" content=\"Tempo di lettura stimato\" \/>\n\t<meta name=\"twitter:data2\" content=\"1 minuto\" \/>\n<script type=\"application\/ld+json\" class=\"yoast-schema-graph\">{\"@context\":\"https:\/\/schema.org\",\"@graph\":[{\"@type\":\"WebPage\",\"@id\":\"https:\/\/staging.varesenews.it\/2018\/03\/elezioni-amministrative-2018-data-date\/704016\/\",\"url\":\"https:\/\/staging.varesenews.it\/2018\/03\/elezioni-amministrative-2018-data-date\/704016\/\",\"name\":\"Amministrative 2018, fissata la data: si vota al 10 giugno\",\"isPartOf\":{\"@id\":\"https:\/\/staging.varesenews.it\/#website\"},\"datePublished\":\"2018-03-30T11:39:13+00:00\",\"dateModified\":\"2018-03-30T14:37:24+00:00\",\"author\":{\"@id\":\"https:\/\/staging.varesenews.it\/#\/schema\/person\/efe592ae4c76536b551f89d8b6674bc3\"},\"description\":\"In 797 Comuni italiani, tra cui cinque in provincia di Varese\",\"breadcrumb\":{\"@id\":\"https:\/\/staging.varesenews.it\/2018\/03\/elezioni-amministrative-2018-data-date\/704016\/#breadcrumb\"},\"inLanguage\":\"it-IT\",\"potentialAction\":[{\"@type\":\"ReadAction\",\"target\":[\"https:\/\/staging.varesenews.it\/2018\/03\/elezioni-amministrative-2018-data-date\/704016\/\"]}]},{\"@type\":\"BreadcrumbList\",\"@id\":\"https:\/\/staging.varesenews.it\/2018\/03\/elezioni-amministrative-2018-data-date\/704016\/#breadcrumb\",\"itemListElement\":[{\"@type\":\"ListItem\",\"position\":1,\"name\":\"Home\",\"item\":\"https:\/\/www.varesenews.it\/\"},{\"@type\":\"ListItem\",\"position\":2,\"name\":\"Amministrative 2018, fissata la data: si vota al 10 giugno\"}]},{\"@type\":\"WebSite\",\"@id\":\"https:\/\/staging.varesenews.it\/#website\",\"url\":\"https:\/\/staging.varesenews.it\/\",\"name\":\"VareseNews\",\"description\":\"\",\"potentialAction\":[{\"@type\":\"SearchAction\",\"target\":{\"@type\":\"EntryPoint\",\"urlTemplate\":\"https:\/\/staging.varesenews.it\/?s={search_term_string}\"},\"query-input\":\"required name=search_term_string\"}],\"inLanguage\":\"it-IT\"},{\"@type\":\"Person\",\"@id\":\"https:\/\/staging.varesenews.it\/#\/schema\/person\/efe592ae4c76536b551f89d8b6674bc3\",\"name\":\"Roberto Morandi\",\"image\":{\"@type\":\"ImageObject\",\"inLanguage\":\"it-IT\",\"@id\":\"https:\/\/staging.varesenews.it\/#\/schema\/person\/image\/\",\"url\":\"https:\/\/staging.varesenews.it\/wp-content\/uploads\/2020\/12\/roberto_morandi_colori_500.jpg\",\"contentUrl\":\"https:\/\/staging.varesenews.it\/wp-content\/uploads\/2020\/12\/roberto_morandi_colori_500.jpg\",\"caption\":\"Roberto Morandi\"},\"description\":\"Classe 1980, laureato in storia, mi occupo dell&rsquo;area di Gallarate e di Malpensa, di trasporti e mobilit&agrave;. Amo molto la dimensione della citt&agrave;, come luogo d&rsquo;incontro di persone diverse e come organismo che si trasforma costantemente. Mi piace anche raccontare le piccole e grandi vicende, anche locali, che compongono la Storia con la S maiuscola. Appassionato di bicicletta: la macchina perfetta per muoversi in citt&agrave; e per viaggiare.\",\"sameAs\":[\"https:\/\/twitter.com\/ilmorands\"],\"url\":\"https:\/\/staging.varesenews.it\/persona\/roberto-morandi1\/\"}]}<\/script>\n<!-- \/ Yoast SEO plugin. -->","yoast_head_json":{"title":"Amministrative 2018, fissata la data: si vota al 10 giugno","description":"In 797 Comuni italiani, tra cui cinque in provincia di Varese","robots":{"index":"noindex","follow":"follow","max-snippet":"max-snippet:-1","max-image-preview":"max-image-preview:large","max-video-preview":"max-video-preview:-1"},"og_locale":"it_IT","og_type":"article","og_title":"Amministrative 2018, fissata la data: si vota al 10 giugno","og_description":"In 797 Comuni italiani, tra cui cinque in provincia di Varese","og_url":"https:\/\/staging.varesenews.it\/2018\/03\/elezioni-amministrative-2018-data-date\/704016\/","og_site_name":"VareseNews","article_publisher":"https:\/\/www.facebook.com\/varesenews","article_published_time":"2018-03-30T11:39:13+00:00","article_modified_time":"2018-03-30T14:37:24+00:00","author":"Roberto Morandi","twitter_card":"summary_large_image","twitter_creator":"@ilmorands","twitter_site":"@varesenews","twitter_misc":{"Scritto da":"Roberto Morandi","Tempo di lettura stimato":"1 minuto"},"schema":{"@context":"https:\/\/schema.org","@graph":[{"@type":"WebPage","@id":"https:\/\/staging.varesenews.it\/2018\/03\/elezioni-amministrative-2018-data-date\/704016\/","url":"https:\/\/staging.varesenews.it\/2018\/03\/elezioni-amministrative-2018-data-date\/704016\/","name":"Amministrative 2018, fissata la data: si vota al 10 giugno","isPartOf":{"@id":"https:\/\/staging.varesenews.it\/#website"},"datePublished":"2018-03-30T11:39:13+00:00","dateModified":"2018-03-30T14:37:24+00:00","author":{"@id":"https:\/\/staging.varesenews.it\/#\/schema\/person\/efe592ae4c76536b551f89d8b6674bc3"},"description":"In 797 Comuni italiani, tra cui cinque in provincia di Varese","breadcrumb":{"@id":"https:\/\/staging.varesenews.it\/2018\/03\/elezioni-amministrative-2018-data-date\/704016\/#breadcrumb"},"inLanguage":"it-IT","potentialAction":[{"@type":"ReadAction","target":["https:\/\/staging.varesenews.it\/2018\/03\/elezioni-amministrative-2018-data-date\/704016\/"]}]},{"@type":"BreadcrumbList","@id":"https:\/\/staging.varesenews.it\/2018\/03\/elezioni-amministrative-2018-data-date\/704016\/#breadcrumb","itemListElement":[{"@type":"ListItem","position":1,"name":"Home","item":"https:\/\/www.varesenews.it\/"},{"@type":"ListItem","position":2,"name":"Amministrative 2018, fissata la data: si vota al 10 giugno"}]},{"@type":"WebSite","@id":"https:\/\/staging.varesenews.it\/#website","url":"https:\/\/staging.varesenews.it\/","name":"VareseNews","description":"","potentialAction":[{"@type":"SearchAction","target":{"@type":"EntryPoint","urlTemplate":"https:\/\/staging.varesenews.it\/?s={search_term_string}"},"query-input":"required name=search_term_string"}],"inLanguage":"it-IT"},{"@type":"Person","@id":"https:\/\/staging.varesenews.it\/#\/schema\/person\/efe592ae4c76536b551f89d8b6674bc3","name":"Roberto Morandi","image":{"@type":"ImageObject","inLanguage":"it-IT","@id":"https:\/\/staging.varesenews.it\/#\/schema\/person\/image\/","url":"https:\/\/staging.varesenews.it\/wp-content\/uploads\/2020\/12\/roberto_morandi_colori_500.jpg","contentUrl":"https:\/\/staging.varesenews.it\/wp-content\/uploads\/2020\/12\/roberto_morandi_colori_500.jpg","caption":"Roberto Morandi"},"description":"Classe 1980, laureato in storia, mi occupo dell&rsquo;area di Gallarate e di Malpensa, di trasporti e mobilit&agrave;. Amo molto la dimensione della citt&agrave;, come luogo d&rsquo;incontro di persone diverse e come organismo che si trasforma costantemente. Mi piace anche raccontare le piccole e grandi vicende, anche locali, che compongono la Storia con la S maiuscola. Appassionato di bicicletta: la macchina perfetta per muoversi in citt&agrave; e per viaggiare.","sameAs":["https:\/\/twitter.com\/ilmorands"],"url":"https:\/\/staging.varesenews.it\/persona\/roberto-morandi1\/"}]}},"post_meta":{"_edit_lock":"1522423085:46","_edit_last":"46","_category_permalink":"a:1:{s:8:\"category\";s:2:\"16\";}","argomento":"Politica","_yoast_wpseo_content_score":"30","_jd_tweet_this":"yes","ratings_users":"0","ratings_score":"0","ratings_average":"0","foto":"530274","_wpt_short_url":"http:\/\/www.varesenews.it\/2018\/03\/elezioni-amministrative-2018-data\/704016\/","_wp_jd_target":"http:\/\/www.varesenews.it\/2018\/03\/elezioni-amministrative-2018-data\/704016\/","_jd_wp_twitter":"a:1:{i:0;s:134:\"Amministrative 2018, fissata la data: si vota al 10 giugno http:\/\/www.varesenews.it\/2018\/03\/elezioni-amministrative-2018-data\/704016\/ \";}","_wpt_status_message":"Tweet inviato con successo.","_wp_old_slug":"elezioni-amministrative-2018-data","id_leggi_anche":"709542"},"photos":[{"original":"https:\/\/staging.varesenews.it\/photogallery_new\/images\/2016\/04\/elezioni-amministrative-2016-scheda-530274.jpg","full":"https:\/\/staging.varesenews.it\/photogallery_new\/images\/2016\/04\/elezioni-amministrative-2016-scheda-530274.1024x768.jpg","large":"https:\/\/staging.varesenews.it\/photogallery_new\/images\/2016\/04\/elezioni-amministrative-2016-scheda-530274.610x431.jpg"}],"_links":{"self":[{"href":"https:\/\/staging.varesenews.it\/swgapi\/v1\/wp\/v2\/posts\/704016"}],"collection":[{"href":"https:\/\/staging.varesenews.it\/swgapi\/v1\/wp\/v2\/posts"}],"about":[{"href":"https:\/\/staging.varesenews.it\/swgapi\/v1\/wp\/v2\/types\/post"}],"author":[{"embeddable":true,"href":"https:\/\/staging.varesenews.it\/swgapi\/v1\/wp\/v2\/users\/46"}],"replies":[{"embeddable":true,"href":"https:\/\/staging.varesenews.it\/swgapi\/v1\/wp\/v2\/comments?post=704016"}],"version-history":[{"count":0,"href":"https:\/\/staging.varesenews.it\/swgapi\/v1\/wp\/v2\/posts\/704016\/revisions"}],"wp:attachment":[{"href":"https:\/\/staging.varesenews.it\/swgapi\/v1\/wp\/v2\/media?parent=704016"}],"wp:term":[{"taxonomy":"category","embeddable":true,"href":"https:\/\/staging.varesenews.it\/swgapi\/v1\/wp\/v2\/categories?post=704016"},{"taxonomy":"post_tag","embeddable":true,"href":"https:\/\/staging.varesenews.it\/swgapi\/v1\/wp\/v2\/tags?post=704016"}],"curies":[{"name":"wp","href":"https:\/\/api.w.org\/{rel}","templated":true}]}}