{"id":704063,"date":"2018-03-30T15:51:56","date_gmt":"2018-03-30T13:51:56","guid":{"rendered":"http:\/\/www.varesenews.it\/?p=704063"},"modified":"2018-03-30T15:52:55","modified_gmt":"2018-03-30T13:52:55","slug":"il-giardino-di-borri","status":"publish","type":"post","link":"https:\/\/staging.varesenews.it\/2018\/03\/il-giardino-di-borri\/704063\/","title":{"rendered":"Il giardino di Borri"},"content":{"rendered":"<p style=\"text-align: justify;\">Dietro al successo di una campagna di comunicazione ci sono diversi fattori. Nell\u2019ambiente digitale conta la possibilit\u00e0 di gestire le informazioni sulle varie piattaforme.<\/p>\n<p style=\"text-align: justify;\">Nel 2017, la Ditta Borri Angioletto ha spento <strong>le sue prime novanta candeline<\/strong>. Abbiamo incontrato il suo titolare, che ci ha <a href=\"http:\/\/www.varesenews.it\/notizie-sponsorizzate\/angioletto-borri-dal-1927-giardinieri-varese\/\">raccontato<\/a> <strong>cosa significa essere giardiniere oggi<\/strong> e quanto questa professione sia cambiata nel corso degli anni. Lo ha fatto anche attraverso un <strong><a href=\"http:\/\/www.varesenews.it\/video\/angioletto-borri-giardinieri-90-anni\/\">video<\/a><\/strong>, ambientato nel\u00a0 parco di una villa di Azzate dove con i suoi collaboratori si stava occupando della cura del verde.<\/p>\n<p><strong>In un solo giorno<\/strong>\u00a0l\u2019articolo \u00e8 stato\u00a0<strong>letto da oltre 1.200 persone<\/strong>\u00a0e ha avuto <strong>oltre diverse condivisioni a Facebook<\/strong>. Ad incrementarne la visibilit\u00e0, il post Facebook che in meno di un giorno ha raggiunto circa 23.000 persone ed \u00e8 stato pi\u00f9 volte condiviso e il video, che \u00e8 stato visionato da oltre 11.000 persone.<\/p>\n<p>&nbsp;<\/p>\n<div class=\"photo-inside-post\"><img decoding=\"async\" loading=\"lazy\" fetchpriority=\"low\" width=\"610\" height=\"431\" src=\"https:\/\/staging.varesenews.it\/photogallery_new\/images\/2018\/03\/vario-664163.610x431.jpg\" alt=\"vario\"><\/div>\n","protected":false},"excerpt":{"rendered":"<p>Dietro al successo di una campagna di comunicazione ci sono diversi fattori. Vi presentiamo il caso della Ditta Borri Angioletto, che da 90 anni si occupa del verde della Citt\u00e0 Giardino <\/p>\n","protected":false},"author":5428,"featured_media":0,"comment_status":"open","ping_status":"open","sticky":false,"template":"","format":"standard","meta":{"footnotes":""},"categories":[1,2],"tags":[84455,84466],"acf":[],"yoast_head":"<!-- This site is optimized with the Yoast SEO plugin v20.1 - https:\/\/yoast.com\/wordpress\/plugins\/seo\/ -->\n<title>Il giardino di Borri<\/title>\n<meta name=\"description\" content=\"Dietro al successo di una campagna di comunicazione ci sono diversi fattori. Vi presentiamo il caso della Ditta Borri Angioletto, che da 90 anni si occupa del verde della Citt\u00e0 Giardino\" \/>\n<meta name=\"robots\" content=\"noindex, follow, max-snippet:-1, max-image-preview:large, max-video-preview:-1\" \/>\n<meta property=\"og:locale\" content=\"it_IT\" \/>\n<meta property=\"og:type\" content=\"article\" \/>\n<meta property=\"og:title\" content=\"Il giardino di Borri\" \/>\n<meta property=\"og:description\" content=\"Dietro al successo di una campagna di comunicazione ci sono diversi fattori. Vi presentiamo il caso della Ditta Borri Angioletto, che da 90 anni si occupa del verde della Citt\u00e0 Giardino\" \/>\n<meta property=\"og:url\" content=\"https:\/\/www.varesenews.it\/2018\/03\/il-giardino-di-borri\/704063\/\" \/>\n<meta property=\"og:site_name\" content=\"VareseNews\" \/>\n<meta property=\"article:publisher\" content=\"https:\/\/www.facebook.com\/varesenews\" \/>\n<meta property=\"article:published_time\" content=\"2018-03-30T13:51:56+00:00\" \/>\n<meta property=\"article:modified_time\" content=\"2018-03-30T13:52:55+00:00\" \/>\n<meta name=\"author\" content=\"divisionebusiness\" \/>\n<meta name=\"twitter:card\" content=\"summary_large_image\" \/>\n<meta name=\"twitter:creator\" content=\"@varesenews\" \/>\n<meta name=\"twitter:site\" content=\"@varesenews\" \/>\n<meta name=\"twitter:label1\" content=\"Scritto da\" \/>\n\t<meta name=\"twitter:data1\" content=\"divisionebusiness\" \/>\n\t<meta name=\"twitter:label2\" content=\"Tempo di lettura stimato\" \/>\n\t<meta name=\"twitter:data2\" content=\"1 minuto\" \/>\n<script type=\"application\/ld+json\" class=\"yoast-schema-graph\">{\"@context\":\"https:\/\/schema.org\",\"@graph\":[{\"@type\":\"WebPage\",\"@id\":\"https:\/\/www.varesenews.it\/2018\/03\/il-giardino-di-borri\/704063\/\",\"url\":\"https:\/\/www.varesenews.it\/2018\/03\/il-giardino-di-borri\/704063\/\",\"name\":\"Il giardino di Borri\",\"isPartOf\":{\"@id\":\"https:\/\/staging.varesenews.it\/#website\"},\"datePublished\":\"2018-03-30T13:51:56+00:00\",\"dateModified\":\"2018-03-30T13:52:55+00:00\",\"author\":{\"@id\":\"https:\/\/staging.varesenews.it\/#\/schema\/person\/9fc65cf41366c6512d37aa8b5aa40b98\"},\"description\":\"Dietro al successo di una campagna di comunicazione ci sono diversi fattori. Vi presentiamo il caso della Ditta Borri Angioletto, che da 90 anni si occupa del verde della Citt\u00e0 Giardino\",\"breadcrumb\":{\"@id\":\"https:\/\/www.varesenews.it\/2018\/03\/il-giardino-di-borri\/704063\/#breadcrumb\"},\"inLanguage\":\"it-IT\",\"potentialAction\":[{\"@type\":\"ReadAction\",\"target\":[\"https:\/\/www.varesenews.it\/2018\/03\/il-giardino-di-borri\/704063\/\"]}]},{\"@type\":\"BreadcrumbList\",\"@id\":\"https:\/\/www.varesenews.it\/2018\/03\/il-giardino-di-borri\/704063\/#breadcrumb\",\"itemListElement\":[{\"@type\":\"ListItem\",\"position\":1,\"name\":\"Home\",\"item\":\"https:\/\/www.varesenews.it\/\"},{\"@type\":\"ListItem\",\"position\":2,\"name\":\"Il giardino di Borri\"}]},{\"@type\":\"WebSite\",\"@id\":\"https:\/\/staging.varesenews.it\/#website\",\"url\":\"https:\/\/staging.varesenews.it\/\",\"name\":\"VareseNews\",\"description\":\"\",\"potentialAction\":[{\"@type\":\"SearchAction\",\"target\":{\"@type\":\"EntryPoint\",\"urlTemplate\":\"https:\/\/staging.varesenews.it\/?s={search_term_string}\"},\"query-input\":\"required name=search_term_string\"}],\"inLanguage\":\"it-IT\"},{\"@type\":\"Person\",\"@id\":\"https:\/\/staging.varesenews.it\/#\/schema\/person\/9fc65cf41366c6512d37aa8b5aa40b98\",\"name\":\"divisionebusiness\",\"image\":{\"@type\":\"ImageObject\",\"inLanguage\":\"it-IT\",\"@id\":\"https:\/\/staging.varesenews.it\/#\/schema\/person\/image\/\",\"url\":\"https:\/\/staging.varesenews.it\/wp-content\/uploads\/2015\/03\/mistery.jpg\",\"contentUrl\":\"https:\/\/staging.varesenews.it\/wp-content\/uploads\/2015\/03\/mistery.jpg\",\"caption\":\"divisionebusiness\"},\"url\":\"https:\/\/staging.varesenews.it\/persona\/divisionebusiness2\/\"}]}<\/script>\n<!-- \/ Yoast SEO plugin. -->","yoast_head_json":{"title":"Il giardino di Borri","description":"Dietro al successo di una campagna di comunicazione ci sono diversi fattori. Vi presentiamo il caso della Ditta Borri Angioletto, che da 90 anni si occupa del verde della Citt\u00e0 Giardino","robots":{"index":"noindex","follow":"follow","max-snippet":"max-snippet:-1","max-image-preview":"max-image-preview:large","max-video-preview":"max-video-preview:-1"},"og_locale":"it_IT","og_type":"article","og_title":"Il giardino di Borri","og_description":"Dietro al successo di una campagna di comunicazione ci sono diversi fattori. Vi presentiamo il caso della Ditta Borri Angioletto, che da 90 anni si occupa del verde della Citt\u00e0 Giardino","og_url":"https:\/\/www.varesenews.it\/2018\/03\/il-giardino-di-borri\/704063\/","og_site_name":"VareseNews","article_publisher":"https:\/\/www.facebook.com\/varesenews","article_published_time":"2018-03-30T13:51:56+00:00","article_modified_time":"2018-03-30T13:52:55+00:00","author":"divisionebusiness","twitter_card":"summary_large_image","twitter_creator":"@varesenews","twitter_site":"@varesenews","twitter_misc":{"Scritto da":"divisionebusiness","Tempo di lettura stimato":"1 minuto"},"schema":{"@context":"https:\/\/schema.org","@graph":[{"@type":"WebPage","@id":"https:\/\/www.varesenews.it\/2018\/03\/il-giardino-di-borri\/704063\/","url":"https:\/\/www.varesenews.it\/2018\/03\/il-giardino-di-borri\/704063\/","name":"Il giardino di Borri","isPartOf":{"@id":"https:\/\/staging.varesenews.it\/#website"},"datePublished":"2018-03-30T13:51:56+00:00","dateModified":"2018-03-30T13:52:55+00:00","author":{"@id":"https:\/\/staging.varesenews.it\/#\/schema\/person\/9fc65cf41366c6512d37aa8b5aa40b98"},"description":"Dietro al successo di una campagna di comunicazione ci sono diversi fattori. Vi presentiamo il caso della Ditta Borri Angioletto, che da 90 anni si occupa del verde della Citt\u00e0 Giardino","breadcrumb":{"@id":"https:\/\/www.varesenews.it\/2018\/03\/il-giardino-di-borri\/704063\/#breadcrumb"},"inLanguage":"it-IT","potentialAction":[{"@type":"ReadAction","target":["https:\/\/www.varesenews.it\/2018\/03\/il-giardino-di-borri\/704063\/"]}]},{"@type":"BreadcrumbList","@id":"https:\/\/www.varesenews.it\/2018\/03\/il-giardino-di-borri\/704063\/#breadcrumb","itemListElement":[{"@type":"ListItem","position":1,"name":"Home","item":"https:\/\/www.varesenews.it\/"},{"@type":"ListItem","position":2,"name":"Il giardino di Borri"}]},{"@type":"WebSite","@id":"https:\/\/staging.varesenews.it\/#website","url":"https:\/\/staging.varesenews.it\/","name":"VareseNews","description":"","potentialAction":[{"@type":"SearchAction","target":{"@type":"EntryPoint","urlTemplate":"https:\/\/staging.varesenews.it\/?s={search_term_string}"},"query-input":"required name=search_term_string"}],"inLanguage":"it-IT"},{"@type":"Person","@id":"https:\/\/staging.varesenews.it\/#\/schema\/person\/9fc65cf41366c6512d37aa8b5aa40b98","name":"divisionebusiness","image":{"@type":"ImageObject","inLanguage":"it-IT","@id":"https:\/\/staging.varesenews.it\/#\/schema\/person\/image\/","url":"https:\/\/staging.varesenews.it\/wp-content\/uploads\/2015\/03\/mistery.jpg","contentUrl":"https:\/\/staging.varesenews.it\/wp-content\/uploads\/2015\/03\/mistery.jpg","caption":"divisionebusiness"},"url":"https:\/\/staging.varesenews.it\/persona\/divisionebusiness2\/"}]}},"post_meta":{"foto":"613756","firma_come_redazione":"1","nascondi_adsense":"1","argomento":"Case History","ratings_users":"0","ratings_score":"0","ratings_average":"0","_edit_lock":"1522417985:5428","_edit_last":"5428","_category_permalink":"a:1:{s:8:\"category\";s:0:\"\";}","_yoast_wpseo_content_score":"30","_jd_tweet_this":"yes","_wpt_short_url":"http:\/\/www.varesenews.it\/2018\/03\/angioletto-borri-dal-1927-giardinieri-varese\/704063\/","_wp_jd_target":"http:\/\/www.varesenews.it\/2018\/03\/angioletto-borri-dal-1927-giardinieri-varese\/704063\/","_jd_wp_twitter":"a:1:{i:0;s:135:\"Angioletto Borri, dal 1927 giardinieri in Varese http:\/\/www.varesenews.it\/2018\/03\/angioletto-borri-dal-1927-giardinieri-varese\/704063\/ \";}","_wpt_status_message":"Tweet inviato con successo.","_wp_old_slug":"angioletto-borri-dal-1927-giardinieri-varese"},"photos":[{"original":"https:\/\/staging.varesenews.it\/photogallery_new\/images\/2017\/05\/borri-costruzione-giardini-613756.jpg","full":"https:\/\/staging.varesenews.it\/photogallery_new\/images\/2017\/05\/borri-costruzione-giardini-613756.1024x768.jpg","large":"https:\/\/staging.varesenews.it\/photogallery_new\/images\/2017\/05\/borri-costruzione-giardini-613756.610x431.jpg"}],"_links":{"self":[{"href":"https:\/\/staging.varesenews.it\/swgapi\/v1\/wp\/v2\/posts\/704063"}],"collection":[{"href":"https:\/\/staging.varesenews.it\/swgapi\/v1\/wp\/v2\/posts"}],"about":[{"href":"https:\/\/staging.varesenews.it\/swgapi\/v1\/wp\/v2\/types\/post"}],"author":[{"embeddable":true,"href":"https:\/\/staging.varesenews.it\/swgapi\/v1\/wp\/v2\/users\/5428"}],"replies":[{"embeddable":true,"href":"https:\/\/staging.varesenews.it\/swgapi\/v1\/wp\/v2\/comments?post=704063"}],"version-history":[{"count":0,"href":"https:\/\/staging.varesenews.it\/swgapi\/v1\/wp\/v2\/posts\/704063\/revisions"}],"wp:attachment":[{"href":"https:\/\/staging.varesenews.it\/swgapi\/v1\/wp\/v2\/media?parent=704063"}],"wp:term":[{"taxonomy":"category","embeddable":true,"href":"https:\/\/staging.varesenews.it\/swgapi\/v1\/wp\/v2\/categories?post=704063"},{"taxonomy":"post_tag","embeddable":true,"href":"https:\/\/staging.varesenews.it\/swgapi\/v1\/wp\/v2\/tags?post=704063"}],"curies":[{"name":"wp","href":"https:\/\/api.w.org\/{rel}","templated":true}]}}