{"id":704068,"date":"2018-03-30T15:53:45","date_gmt":"2018-03-30T13:53:45","guid":{"rendered":"http:\/\/www.varesenews.it\/?p=704068"},"modified":"2018-03-30T15:53:45","modified_gmt":"2018-03-30T13:53:45","slug":"agesp-ritirera-rifiuti-pasqua-pasquetta","status":"publish","type":"post","link":"https:\/\/staging.varesenews.it\/2018\/03\/agesp-ritirera-rifiuti-pasqua-pasquetta\/704068\/","title":{"rendered":"Ecco quando Agesp ritirer\u00e0 i rifiuti di Pasqua e Pasquetta"},"content":{"rendered":"<div class=\"page\" title=\"Page 1\">\n<div class=\"layoutArea\">\n<div class=\"column\">\n<p>Agesp comunica che\u00a0in occasione delle imminenti festivit\u00e0 Pasquali le attivit\u00e0 del gruppo\u00a0subiranno alcune variazioni. In particolare il Centro Multiraccolta di Via Tosi sar\u00e0 chiuso per l\u2019intera giornata sia domenica 1\u00b0 aprile (S. Pasqua) che luned\u00ec 2 aprile (Luned\u00ec dell\u2019Angelo).<\/p>\n<p>Anche gli Sportelli Agesp Energia (Gas, Energia Elettrica e Teleriscaldamento) di Via Magenta 22 rimarranno chiusi mentre si conferma che, per eventuali emergenze, \u00e8 sempre garantita l\u2019operativit\u00e0 del servizio del pronto intervento gas (800 251 628) e di quello per il teleriscaldamento (800 594 999).<\/p>\n<\/div>\n<\/div>\n<\/div>\n<p>Si rende noto che, nella giornata festiva del 2 aprile \u2013 \u201cLuned\u00ec dell\u2019Angelo\u201d \u2013 <strong>il servizio domiciliare di raccolta differenziata dei rifiuti presso il Comune di Busto Arsizio non sar\u00e0 sospeso come di consueto<\/strong>, ma verr\u00e0 svolto secondo le modalit\u00e0 ordinarie dei giorni feriali.<\/p>\n<p>Negli altri comuni serviti da Agesp, invece, ecco quando saranno recuperati i rifiuti:<\/p>\n<p><strong>FAGNANO OLONA<\/strong><br \/>\nIndifferenziato, umido e vetro: marted\u00ec 3 aprile<\/p>\n<p><strong>MARNATE<\/strong><br \/>\nIndifferenziato e umido: mercoled\u00ec 4 aprile<\/p>\n<p><strong>OLGIATE OLONA<\/strong><br \/>\nIndifferenziato, plastica, umido e vetro: marted\u00ec 3 aprile<\/p>\n","protected":false},"excerpt":{"rendered":"<p>Ecco le modifiche alle attivit\u00e0 del gruppo Agesp in occasione delle festivit\u00e0 di Pasqua<\/p>\n","protected":false},"author":42,"featured_media":0,"comment_status":"open","ping_status":"open","sticky":false,"template":"","format":"standard","meta":{"footnotes":""},"categories":[4],"tags":[2037,394],"acf":[],"yoast_head":"<!-- This site is optimized with the Yoast SEO plugin v20.1 - https:\/\/yoast.com\/wordpress\/plugins\/seo\/ -->\n<title>Ecco quando Agesp ritirer\u00e0 i rifiuti di Pasqua e Pasquetta<\/title>\n<meta name=\"description\" content=\"Ecco le modifiche alle attivit\u00e0 del gruppo Agesp in occasione delle festivit\u00e0 di Pasqua\" \/>\n<meta name=\"robots\" content=\"noindex, follow, max-snippet:-1, max-image-preview:large, max-video-preview:-1\" \/>\n<meta property=\"og:locale\" content=\"it_IT\" \/>\n<meta property=\"og:type\" content=\"article\" \/>\n<meta property=\"og:title\" content=\"Ecco quando Agesp ritirer\u00e0 i rifiuti di Pasqua e Pasquetta\" \/>\n<meta property=\"og:description\" content=\"Ecco le modifiche alle attivit\u00e0 del gruppo Agesp in occasione delle festivit\u00e0 di Pasqua\" \/>\n<meta property=\"og:url\" content=\"https:\/\/staging.varesenews.it\/2018\/03\/agesp-ritirera-rifiuti-pasqua-pasquetta\/704068\/\" \/>\n<meta property=\"og:site_name\" content=\"VareseNews\" \/>\n<meta property=\"article:publisher\" content=\"https:\/\/www.facebook.com\/varesenews\" \/>\n<meta property=\"article:published_time\" content=\"2018-03-30T13:53:45+00:00\" \/>\n<meta name=\"author\" content=\"Marco Corso\" \/>\n<meta name=\"twitter:card\" content=\"summary_large_image\" \/>\n<meta name=\"twitter:creator\" content=\"@varesenews\" \/>\n<meta name=\"twitter:site\" content=\"@varesenews\" \/>\n<meta name=\"twitter:label1\" content=\"Scritto da\" \/>\n\t<meta name=\"twitter:data1\" content=\"Marco Corso\" \/>\n\t<meta name=\"twitter:label2\" content=\"Tempo di lettura stimato\" \/>\n\t<meta name=\"twitter:data2\" content=\"1 minuto\" \/>\n<script type=\"application\/ld+json\" class=\"yoast-schema-graph\">{\"@context\":\"https:\/\/schema.org\",\"@graph\":[{\"@type\":\"WebPage\",\"@id\":\"https:\/\/staging.varesenews.it\/2018\/03\/agesp-ritirera-rifiuti-pasqua-pasquetta\/704068\/\",\"url\":\"https:\/\/staging.varesenews.it\/2018\/03\/agesp-ritirera-rifiuti-pasqua-pasquetta\/704068\/\",\"name\":\"Ecco quando Agesp ritirer\u00e0 i rifiuti di Pasqua e Pasquetta\",\"isPartOf\":{\"@id\":\"https:\/\/staging.varesenews.it\/#website\"},\"datePublished\":\"2018-03-30T13:53:45+00:00\",\"dateModified\":\"2018-03-30T13:53:45+00:00\",\"author\":{\"@id\":\"https:\/\/staging.varesenews.it\/#\/schema\/person\/f0b866bf1a4a7b2b1558574309a927fa\"},\"description\":\"Ecco le modifiche alle attivit\u00e0 del gruppo Agesp in occasione delle festivit\u00e0 di Pasqua\",\"breadcrumb\":{\"@id\":\"https:\/\/staging.varesenews.it\/2018\/03\/agesp-ritirera-rifiuti-pasqua-pasquetta\/704068\/#breadcrumb\"},\"inLanguage\":\"it-IT\",\"potentialAction\":[{\"@type\":\"ReadAction\",\"target\":[\"https:\/\/staging.varesenews.it\/2018\/03\/agesp-ritirera-rifiuti-pasqua-pasquetta\/704068\/\"]}]},{\"@type\":\"BreadcrumbList\",\"@id\":\"https:\/\/staging.varesenews.it\/2018\/03\/agesp-ritirera-rifiuti-pasqua-pasquetta\/704068\/#breadcrumb\",\"itemListElement\":[{\"@type\":\"ListItem\",\"position\":1,\"name\":\"Home\",\"item\":\"https:\/\/www.varesenews.it\/\"},{\"@type\":\"ListItem\",\"position\":2,\"name\":\"Ecco quando Agesp ritirer\u00e0 i rifiuti di Pasqua e Pasquetta\"}]},{\"@type\":\"WebSite\",\"@id\":\"https:\/\/staging.varesenews.it\/#website\",\"url\":\"https:\/\/staging.varesenews.it\/\",\"name\":\"VareseNews\",\"description\":\"\",\"potentialAction\":[{\"@type\":\"SearchAction\",\"target\":{\"@type\":\"EntryPoint\",\"urlTemplate\":\"https:\/\/staging.varesenews.it\/?s={search_term_string}\"},\"query-input\":\"required name=search_term_string\"}],\"inLanguage\":\"it-IT\"},{\"@type\":\"Person\",\"@id\":\"https:\/\/staging.varesenews.it\/#\/schema\/person\/f0b866bf1a4a7b2b1558574309a927fa\",\"name\":\"Marco Corso\",\"image\":{\"@type\":\"ImageObject\",\"inLanguage\":\"it-IT\",\"@id\":\"https:\/\/staging.varesenews.it\/#\/schema\/person\/image\/\",\"url\":\"https:\/\/staging.varesenews.it\/wp-content\/uploads\/2020\/12\/marco_corso_colori_500.jpg\",\"contentUrl\":\"https:\/\/staging.varesenews.it\/wp-content\/uploads\/2020\/12\/marco_corso_colori_500.jpg\",\"caption\":\"Marco Corso\"},\"description\":\"Classe 91, per diversi anni mi sono fregiato del titolo di pi&ugrave; giovane della redazione, ma adesso faccio il fratello maggiore alle nuove leve. Mi sono laureato nel 2013 in Scienze Sociali per la Globalizzazione alla Statale di Milano e nel 2015 mi sono diplomato in videogiornalismo alla Civica Scuola di Cinema di Milano. A VareseNews da 10 anni, ho seguito da sempre diversi progetti, partendo dalla mia Busto Arsizio per attraversare tutta la provincia. Adesso la \\\"sorvolo\\\" anche con il mio drone, regalando alle mie riprese sempre un punto di vista emozionale e narrativo sui luoghi e le vicende che racconto, ma rimanendo fedele alla cronaca. Quando non faccio il giornalista viaggio o mi arrampico sui monti, per guardare il mondo da altri punti di vista.\",\"sameAs\":[\"mar_corso\"],\"url\":\"https:\/\/staging.varesenews.it\/persona\/marco-corso1\/\"}]}<\/script>\n<!-- \/ Yoast SEO plugin. -->","yoast_head_json":{"title":"Ecco quando Agesp ritirer\u00e0 i rifiuti di Pasqua e Pasquetta","description":"Ecco le modifiche alle attivit\u00e0 del gruppo Agesp in occasione delle festivit\u00e0 di Pasqua","robots":{"index":"noindex","follow":"follow","max-snippet":"max-snippet:-1","max-image-preview":"max-image-preview:large","max-video-preview":"max-video-preview:-1"},"og_locale":"it_IT","og_type":"article","og_title":"Ecco quando Agesp ritirer\u00e0 i rifiuti di Pasqua e Pasquetta","og_description":"Ecco le modifiche alle attivit\u00e0 del gruppo Agesp in occasione delle festivit\u00e0 di Pasqua","og_url":"https:\/\/staging.varesenews.it\/2018\/03\/agesp-ritirera-rifiuti-pasqua-pasquetta\/704068\/","og_site_name":"VareseNews","article_publisher":"https:\/\/www.facebook.com\/varesenews","article_published_time":"2018-03-30T13:53:45+00:00","author":"Marco Corso","twitter_card":"summary_large_image","twitter_creator":"@varesenews","twitter_site":"@varesenews","twitter_misc":{"Scritto da":"Marco Corso","Tempo di lettura stimato":"1 minuto"},"schema":{"@context":"https:\/\/schema.org","@graph":[{"@type":"WebPage","@id":"https:\/\/staging.varesenews.it\/2018\/03\/agesp-ritirera-rifiuti-pasqua-pasquetta\/704068\/","url":"https:\/\/staging.varesenews.it\/2018\/03\/agesp-ritirera-rifiuti-pasqua-pasquetta\/704068\/","name":"Ecco quando Agesp ritirer\u00e0 i rifiuti di Pasqua e Pasquetta","isPartOf":{"@id":"https:\/\/staging.varesenews.it\/#website"},"datePublished":"2018-03-30T13:53:45+00:00","dateModified":"2018-03-30T13:53:45+00:00","author":{"@id":"https:\/\/staging.varesenews.it\/#\/schema\/person\/f0b866bf1a4a7b2b1558574309a927fa"},"description":"Ecco le modifiche alle attivit\u00e0 del gruppo Agesp in occasione delle festivit\u00e0 di Pasqua","breadcrumb":{"@id":"https:\/\/staging.varesenews.it\/2018\/03\/agesp-ritirera-rifiuti-pasqua-pasquetta\/704068\/#breadcrumb"},"inLanguage":"it-IT","potentialAction":[{"@type":"ReadAction","target":["https:\/\/staging.varesenews.it\/2018\/03\/agesp-ritirera-rifiuti-pasqua-pasquetta\/704068\/"]}]},{"@type":"BreadcrumbList","@id":"https:\/\/staging.varesenews.it\/2018\/03\/agesp-ritirera-rifiuti-pasqua-pasquetta\/704068\/#breadcrumb","itemListElement":[{"@type":"ListItem","position":1,"name":"Home","item":"https:\/\/www.varesenews.it\/"},{"@type":"ListItem","position":2,"name":"Ecco quando Agesp ritirer\u00e0 i rifiuti di Pasqua e Pasquetta"}]},{"@type":"WebSite","@id":"https:\/\/staging.varesenews.it\/#website","url":"https:\/\/staging.varesenews.it\/","name":"VareseNews","description":"","potentialAction":[{"@type":"SearchAction","target":{"@type":"EntryPoint","urlTemplate":"https:\/\/staging.varesenews.it\/?s={search_term_string}"},"query-input":"required name=search_term_string"}],"inLanguage":"it-IT"},{"@type":"Person","@id":"https:\/\/staging.varesenews.it\/#\/schema\/person\/f0b866bf1a4a7b2b1558574309a927fa","name":"Marco Corso","image":{"@type":"ImageObject","inLanguage":"it-IT","@id":"https:\/\/staging.varesenews.it\/#\/schema\/person\/image\/","url":"https:\/\/staging.varesenews.it\/wp-content\/uploads\/2020\/12\/marco_corso_colori_500.jpg","contentUrl":"https:\/\/staging.varesenews.it\/wp-content\/uploads\/2020\/12\/marco_corso_colori_500.jpg","caption":"Marco Corso"},"description":"Classe 91, per diversi anni mi sono fregiato del titolo di pi&ugrave; giovane della redazione, ma adesso faccio il fratello maggiore alle nuove leve. Mi sono laureato nel 2013 in Scienze Sociali per la Globalizzazione alla Statale di Milano e nel 2015 mi sono diplomato in videogiornalismo alla Civica Scuola di Cinema di Milano. A VareseNews da 10 anni, ho seguito da sempre diversi progetti, partendo dalla mia Busto Arsizio per attraversare tutta la provincia. Adesso la \"sorvolo\" anche con il mio drone, regalando alle mie riprese sempre un punto di vista emozionale e narrativo sui luoghi e le vicende che racconto, ma rimanendo fedele alla cronaca. Quando non faccio il giornalista viaggio o mi arrampico sui monti, per guardare il mondo da altri punti di vista.","sameAs":["mar_corso"],"url":"https:\/\/staging.varesenews.it\/persona\/marco-corso1\/"}]}},"post_meta":{"_edit_lock":"1522418147:42","_edit_last":"42","_category_permalink":"a:1:{s:8:\"category\";s:0:\"\";}","foto":"542699","firma_come_redazione":"1","argomento":"Agesp","_yoast_wpseo_content_score":"30","_jd_tweet_this":"yes","ratings_users":"0","ratings_score":"0","ratings_average":"0","_wpt_short_url":"http:\/\/www.varesenews.it\/2018\/03\/agesp-ritirera-rifiuti-pasqua-pasquetta\/704068\/","_wp_jd_target":"http:\/\/www.varesenews.it\/2018\/03\/agesp-ritirera-rifiuti-pasqua-pasquetta\/704068\/","_jd_wp_twitter":"a:1:{i:0;s:156:\"Ecco quando Agesp ritirer\u00e0 i rifiuti di Pasqua e Pasquetta http:\/\/www.varesenews.it\/2018\/03\/agesp-ritirera-rifiuti-pasqua-pasquetta\/704068\/ #agesp #rifiuti\";}","_wpt_status_message":"Tweet inviato con successo."},"photos":[{"original":"https:\/\/staging.varesenews.it\/photogallery_new\/images\/2016\/06\/caricamento-temporaneo-per-contributo-eozqpu30cr-542699.jpg","full":"https:\/\/staging.varesenews.it\/photogallery_new\/images\/2016\/06\/caricamento-temporaneo-per-contributo-eozqpu30cr-542699.1024x768.jpg","large":"https:\/\/staging.varesenews.it\/photogallery_new\/images\/2016\/06\/caricamento-temporaneo-per-contributo-eozqpu30cr-542699.610x431.jpg"}],"_links":{"self":[{"href":"https:\/\/staging.varesenews.it\/swgapi\/v1\/wp\/v2\/posts\/704068"}],"collection":[{"href":"https:\/\/staging.varesenews.it\/swgapi\/v1\/wp\/v2\/posts"}],"about":[{"href":"https:\/\/staging.varesenews.it\/swgapi\/v1\/wp\/v2\/types\/post"}],"author":[{"embeddable":true,"href":"https:\/\/staging.varesenews.it\/swgapi\/v1\/wp\/v2\/users\/42"}],"replies":[{"embeddable":true,"href":"https:\/\/staging.varesenews.it\/swgapi\/v1\/wp\/v2\/comments?post=704068"}],"version-history":[{"count":0,"href":"https:\/\/staging.varesenews.it\/swgapi\/v1\/wp\/v2\/posts\/704068\/revisions"}],"wp:attachment":[{"href":"https:\/\/staging.varesenews.it\/swgapi\/v1\/wp\/v2\/media?parent=704068"}],"wp:term":[{"taxonomy":"category","embeddable":true,"href":"https:\/\/staging.varesenews.it\/swgapi\/v1\/wp\/v2\/categories?post=704068"},{"taxonomy":"post_tag","embeddable":true,"href":"https:\/\/staging.varesenews.it\/swgapi\/v1\/wp\/v2\/tags?post=704068"}],"curies":[{"name":"wp","href":"https:\/\/api.w.org\/{rel}","templated":true}]}}