{"id":706497,"date":"2018-04-09T17:23:53","date_gmt":"2018-04-09T15:23:53","guid":{"rendered":"http:\/\/www.varesenews.it\/?p=706497"},"modified":"2018-04-09T17:23:53","modified_gmt":"2018-04-09T15:23:53","slug":"torna-la-grande-cena-solidarieta-piazza-san-vittore","status":"publish","type":"post","link":"https:\/\/staging.varesenews.it\/2018\/04\/torna-la-grande-cena-solidarieta-piazza-san-vittore\/706497\/","title":{"rendered":"Torna la grande cena di solidariet\u00e0 in Piazza San Vittore"},"content":{"rendered":"<p>E&#8217; in programma per il 5 maggio 2018<strong> la grande cena di solidariet\u00e0 in Piazza San Vittore<\/strong>, organizzata da cinquanta associazione di volontariato. Un&#8217;iniziativa dal titolo &#8220;Aggiungi un posto a tavola&#8221; che nelle scorse edizioni ha avuto un grande successo e ha l&#8217;obiettivo di raccogliere fondi per la distribuzione di alimenti per altri progetti di solidariet\u00e0.<\/p>\n<p>La giornata del 5 maggio prevede: alle 10 le associazioni si presentano in Corso Matteotti mentre alle 20 ci sar\u00e0 la cena in piazza. Per informazioni e prenotazioni:\u00a0info@varesesolidale.it oppure presso Varesevive in Via San Francesco 26. Dal 9 aprile 2018: Luned\u00ec, Mercoled\u00ec, Venerd\u00ec 9.00-13.00 \/ Marted\u00ec, Gioved\u00ec 15.00-19.00 o\u00a0Panificio Pigionatti (Via Bizzozero 1\/3).<\/p>\n","protected":false},"excerpt":{"rendered":"<p>Appuntamento per il 5 maggio 2018 con la grande cena di solidariet\u00e0 in Piazza San Vittore, organizzata da cinquanta associazione di volontariato<\/p>\n","protected":false},"author":32,"featured_media":0,"comment_status":"open","ping_status":"open","sticky":false,"template":"","format":"standard","meta":{"footnotes":""},"categories":[21,2],"tags":[60832,550,11916,130],"acf":[],"yoast_head":"<!-- This site is optimized with the Yoast SEO plugin v20.1 - https:\/\/yoast.com\/wordpress\/plugins\/seo\/ -->\n<title>Torna la grande cena di solidariet\u00e0 in Piazza San Vittore<\/title>\n<meta name=\"description\" content=\"Appuntamento per il 5 maggio 2018 con la grande cena di solidariet\u00e0 in Piazza San Vittore, organizzata da cinquanta associazione di volontariato\" \/>\n<meta name=\"robots\" content=\"noindex, follow, max-snippet:-1, max-image-preview:large, max-video-preview:-1\" \/>\n<meta property=\"og:locale\" content=\"it_IT\" \/>\n<meta property=\"og:type\" content=\"article\" \/>\n<meta property=\"og:title\" content=\"Torna la grande cena di solidariet\u00e0 in Piazza San Vittore\" \/>\n<meta property=\"og:description\" content=\"Appuntamento per il 5 maggio 2018 con la grande cena di solidariet\u00e0 in Piazza San Vittore, organizzata da cinquanta associazione di volontariato\" \/>\n<meta property=\"og:url\" content=\"https:\/\/staging.varesenews.it\/2018\/04\/torna-la-grande-cena-solidarieta-piazza-san-vittore\/706497\/\" \/>\n<meta property=\"og:site_name\" content=\"VareseNews\" \/>\n<meta property=\"article:publisher\" content=\"https:\/\/www.facebook.com\/varesenews\" \/>\n<meta property=\"article:published_time\" content=\"2018-04-09T15:23:53+00:00\" \/>\n<meta name=\"author\" content=\"Adelia Brigo\" \/>\n<meta name=\"twitter:card\" content=\"summary_large_image\" \/>\n<meta name=\"twitter:creator\" content=\"@AdeliaBrigo\" \/>\n<meta name=\"twitter:site\" content=\"@varesenews\" \/>\n<meta name=\"twitter:label1\" content=\"Scritto da\" \/>\n\t<meta name=\"twitter:data1\" content=\"Adelia Brigo\" \/>\n\t<meta name=\"twitter:label2\" content=\"Tempo di lettura stimato\" \/>\n\t<meta name=\"twitter:data2\" content=\"1 minuto\" \/>\n<script type=\"application\/ld+json\" class=\"yoast-schema-graph\">{\"@context\":\"https:\/\/schema.org\",\"@graph\":[{\"@type\":\"WebPage\",\"@id\":\"https:\/\/staging.varesenews.it\/2018\/04\/torna-la-grande-cena-solidarieta-piazza-san-vittore\/706497\/\",\"url\":\"https:\/\/staging.varesenews.it\/2018\/04\/torna-la-grande-cena-solidarieta-piazza-san-vittore\/706497\/\",\"name\":\"Torna la grande cena di solidariet\u00e0 in Piazza San Vittore\",\"isPartOf\":{\"@id\":\"https:\/\/staging.varesenews.it\/#website\"},\"datePublished\":\"2018-04-09T15:23:53+00:00\",\"dateModified\":\"2018-04-09T15:23:53+00:00\",\"author\":{\"@id\":\"https:\/\/staging.varesenews.it\/#\/schema\/person\/272ac0f5b2dbfd572218c2d86e013f1a\"},\"description\":\"Appuntamento per il 5 maggio 2018 con la grande cena di solidariet\u00e0 in Piazza San Vittore, organizzata da cinquanta associazione di volontariato\",\"breadcrumb\":{\"@id\":\"https:\/\/staging.varesenews.it\/2018\/04\/torna-la-grande-cena-solidarieta-piazza-san-vittore\/706497\/#breadcrumb\"},\"inLanguage\":\"it-IT\",\"potentialAction\":[{\"@type\":\"ReadAction\",\"target\":[\"https:\/\/staging.varesenews.it\/2018\/04\/torna-la-grande-cena-solidarieta-piazza-san-vittore\/706497\/\"]}]},{\"@type\":\"BreadcrumbList\",\"@id\":\"https:\/\/staging.varesenews.it\/2018\/04\/torna-la-grande-cena-solidarieta-piazza-san-vittore\/706497\/#breadcrumb\",\"itemListElement\":[{\"@type\":\"ListItem\",\"position\":1,\"name\":\"Home\",\"item\":\"https:\/\/www.varesenews.it\/\"},{\"@type\":\"ListItem\",\"position\":2,\"name\":\"Torna la grande cena di solidariet\u00e0 in Piazza San Vittore\"}]},{\"@type\":\"WebSite\",\"@id\":\"https:\/\/staging.varesenews.it\/#website\",\"url\":\"https:\/\/staging.varesenews.it\/\",\"name\":\"VareseNews\",\"description\":\"\",\"potentialAction\":[{\"@type\":\"SearchAction\",\"target\":{\"@type\":\"EntryPoint\",\"urlTemplate\":\"https:\/\/staging.varesenews.it\/?s={search_term_string}\"},\"query-input\":\"required name=search_term_string\"}],\"inLanguage\":\"it-IT\"},{\"@type\":\"Person\",\"@id\":\"https:\/\/staging.varesenews.it\/#\/schema\/person\/272ac0f5b2dbfd572218c2d86e013f1a\",\"name\":\"Adelia Brigo\",\"image\":{\"@type\":\"ImageObject\",\"inLanguage\":\"it-IT\",\"@id\":\"https:\/\/staging.varesenews.it\/#\/schema\/person\/image\/\",\"url\":\"https:\/\/staging.varesenews.it\/wp-content\/uploads\/2020\/12\/adelia_brigo_colori_500.jpg\",\"contentUrl\":\"https:\/\/staging.varesenews.it\/wp-content\/uploads\/2020\/12\/adelia_brigo_colori_500.jpg\",\"caption\":\"Adelia Brigo\"},\"description\":\"Giornalista pubblicista, lavoro a VareseNews dal 2007 e mi occupo di cronaca locale e del settore dedicato alla cultura. In questi anni ho seguito diversi progetti di comunicazione, amo sperimentare strategie per i Social Network e raccontare storie. Varesina, classe 1984, sono laureata in Scienze della Comunicazione.&nbsp;\",\"sameAs\":[\"AdeliaBrigo\",\"https:\/\/twitter.com\/AdeliaBrigo\"],\"url\":\"https:\/\/staging.varesenews.it\/persona\/adelia_brigo\/\"}]}<\/script>\n<!-- \/ Yoast SEO plugin. -->","yoast_head_json":{"title":"Torna la grande cena di solidariet\u00e0 in Piazza San Vittore","description":"Appuntamento per il 5 maggio 2018 con la grande cena di solidariet\u00e0 in Piazza San Vittore, organizzata da cinquanta associazione di volontariato","robots":{"index":"noindex","follow":"follow","max-snippet":"max-snippet:-1","max-image-preview":"max-image-preview:large","max-video-preview":"max-video-preview:-1"},"og_locale":"it_IT","og_type":"article","og_title":"Torna la grande cena di solidariet\u00e0 in Piazza San Vittore","og_description":"Appuntamento per il 5 maggio 2018 con la grande cena di solidariet\u00e0 in Piazza San Vittore, organizzata da cinquanta associazione di volontariato","og_url":"https:\/\/staging.varesenews.it\/2018\/04\/torna-la-grande-cena-solidarieta-piazza-san-vittore\/706497\/","og_site_name":"VareseNews","article_publisher":"https:\/\/www.facebook.com\/varesenews","article_published_time":"2018-04-09T15:23:53+00:00","author":"Adelia Brigo","twitter_card":"summary_large_image","twitter_creator":"@AdeliaBrigo","twitter_site":"@varesenews","twitter_misc":{"Scritto da":"Adelia Brigo","Tempo di lettura stimato":"1 minuto"},"schema":{"@context":"https:\/\/schema.org","@graph":[{"@type":"WebPage","@id":"https:\/\/staging.varesenews.it\/2018\/04\/torna-la-grande-cena-solidarieta-piazza-san-vittore\/706497\/","url":"https:\/\/staging.varesenews.it\/2018\/04\/torna-la-grande-cena-solidarieta-piazza-san-vittore\/706497\/","name":"Torna la grande cena di solidariet\u00e0 in Piazza San Vittore","isPartOf":{"@id":"https:\/\/staging.varesenews.it\/#website"},"datePublished":"2018-04-09T15:23:53+00:00","dateModified":"2018-04-09T15:23:53+00:00","author":{"@id":"https:\/\/staging.varesenews.it\/#\/schema\/person\/272ac0f5b2dbfd572218c2d86e013f1a"},"description":"Appuntamento per il 5 maggio 2018 con la grande cena di solidariet\u00e0 in Piazza San Vittore, organizzata da cinquanta associazione di volontariato","breadcrumb":{"@id":"https:\/\/staging.varesenews.it\/2018\/04\/torna-la-grande-cena-solidarieta-piazza-san-vittore\/706497\/#breadcrumb"},"inLanguage":"it-IT","potentialAction":[{"@type":"ReadAction","target":["https:\/\/staging.varesenews.it\/2018\/04\/torna-la-grande-cena-solidarieta-piazza-san-vittore\/706497\/"]}]},{"@type":"BreadcrumbList","@id":"https:\/\/staging.varesenews.it\/2018\/04\/torna-la-grande-cena-solidarieta-piazza-san-vittore\/706497\/#breadcrumb","itemListElement":[{"@type":"ListItem","position":1,"name":"Home","item":"https:\/\/www.varesenews.it\/"},{"@type":"ListItem","position":2,"name":"Torna la grande cena di solidariet\u00e0 in Piazza San Vittore"}]},{"@type":"WebSite","@id":"https:\/\/staging.varesenews.it\/#website","url":"https:\/\/staging.varesenews.it\/","name":"VareseNews","description":"","potentialAction":[{"@type":"SearchAction","target":{"@type":"EntryPoint","urlTemplate":"https:\/\/staging.varesenews.it\/?s={search_term_string}"},"query-input":"required name=search_term_string"}],"inLanguage":"it-IT"},{"@type":"Person","@id":"https:\/\/staging.varesenews.it\/#\/schema\/person\/272ac0f5b2dbfd572218c2d86e013f1a","name":"Adelia Brigo","image":{"@type":"ImageObject","inLanguage":"it-IT","@id":"https:\/\/staging.varesenews.it\/#\/schema\/person\/image\/","url":"https:\/\/staging.varesenews.it\/wp-content\/uploads\/2020\/12\/adelia_brigo_colori_500.jpg","contentUrl":"https:\/\/staging.varesenews.it\/wp-content\/uploads\/2020\/12\/adelia_brigo_colori_500.jpg","caption":"Adelia Brigo"},"description":"Giornalista pubblicista, lavoro a VareseNews dal 2007 e mi occupo di cronaca locale e del settore dedicato alla cultura. In questi anni ho seguito diversi progetti di comunicazione, amo sperimentare strategie per i Social Network e raccontare storie. Varesina, classe 1984, sono laureata in Scienze della Comunicazione.&nbsp;","sameAs":["AdeliaBrigo","https:\/\/twitter.com\/AdeliaBrigo"],"url":"https:\/\/staging.varesenews.it\/persona\/adelia_brigo\/"}]}},"post_meta":{"_edit_lock":"1523287322:32","_edit_last":"32","_category_permalink":"a:1:{s:8:\"category\";s:1:\"2\";}","ratings_users":"0","ratings_score":"0","ratings_average":"0","foto":"665646","firma_come_redazione":"1","argomento":"Varese","_yoast_wpseo_content_score":"30","_jd_tweet_this":"yes","_wpt_short_url":"http:\/\/www.varesenews.it\/2018\/04\/torna-la-grande-cena-solidarieta-piazza-san-vittore\/706497\/","_wp_jd_target":"http:\/\/www.varesenews.it\/2018\/04\/torna-la-grande-cena-solidarieta-piazza-san-vittore\/706497\/","_jd_wp_twitter":"a:1:{i:0;s:179:\"Torna la grande cena di solidariet\u00e0 in Piazza San Vittore http:\/\/www.varesenews.it\/2018\/04\/torna-la-grande-cena-solidarieta-piazza-san-vittore\/706497\/ #associazioni #solidariet\u00e0\";}","_wpt_status_message":"Tweet inviato con successo.","id_leggi_anche":"712721"},"photos":[{"original":"https:\/\/staging.varesenews.it\/photogallery_new\/images\/2018\/04\/varie-665646.jpg","full":"https:\/\/staging.varesenews.it\/photogallery_new\/images\/2018\/04\/varie-665646.1024x768.jpg","large":"https:\/\/staging.varesenews.it\/photogallery_new\/images\/2018\/04\/varie-665646.610x431.jpg"}],"_links":{"self":[{"href":"https:\/\/staging.varesenews.it\/swgapi\/v1\/wp\/v2\/posts\/706497"}],"collection":[{"href":"https:\/\/staging.varesenews.it\/swgapi\/v1\/wp\/v2\/posts"}],"about":[{"href":"https:\/\/staging.varesenews.it\/swgapi\/v1\/wp\/v2\/types\/post"}],"author":[{"embeddable":true,"href":"https:\/\/staging.varesenews.it\/swgapi\/v1\/wp\/v2\/users\/32"}],"replies":[{"embeddable":true,"href":"https:\/\/staging.varesenews.it\/swgapi\/v1\/wp\/v2\/comments?post=706497"}],"version-history":[{"count":0,"href":"https:\/\/staging.varesenews.it\/swgapi\/v1\/wp\/v2\/posts\/706497\/revisions"}],"wp:attachment":[{"href":"https:\/\/staging.varesenews.it\/swgapi\/v1\/wp\/v2\/media?parent=706497"}],"wp:term":[{"taxonomy":"category","embeddable":true,"href":"https:\/\/staging.varesenews.it\/swgapi\/v1\/wp\/v2\/categories?post=706497"},{"taxonomy":"post_tag","embeddable":true,"href":"https:\/\/staging.varesenews.it\/swgapi\/v1\/wp\/v2\/tags?post=706497"}],"curies":[{"name":"wp","href":"https:\/\/api.w.org\/{rel}","templated":true}]}}