{"id":706735,"date":"2018-04-10T12:00:36","date_gmt":"2018-04-10T10:00:36","guid":{"rendered":"http:\/\/www.varesenews.it\/?p=706735"},"modified":"2018-04-10T12:01:46","modified_gmt":"2018-04-10T10:01:46","slug":"rimpasto-giunta-saronno-banfi-strano","status":"publish","type":"post","link":"https:\/\/staging.varesenews.it\/2018\/04\/rimpasto-giunta-saronno-banfi-strano\/706735\/","title":{"rendered":"Rimpasto di Giunta: via Banfi, dentro Strano. Silenzio sulle motivazioni, restano le incognite"},"content":{"rendered":"<p>\u00ab<strong>Il sindaco Alessandro Fagioli ringrazia l&#8217;assessore Francesco Banfi<\/strong> per il lavoro svolto in questi anni e comunica che le deleghe al Commercio, Artigianato e Attivit\u00e0 produttive sono state assegnate al nuovo assessore Paolo Strano, cui augura un proficuo lavoro al servizio della citt\u00e0\u00bb.<\/p>\n<p>Con questa nota stamattina il primo cittadino di Saronno ha annunciato la <strong>seconda fase del rimpasto di giunta<\/strong>. Cos\u00ec dopo <a href=\"http:\/\/www.varesenews.it\/2018\/03\/rimpasto-fagioli-via-pellicciotta-arriva-miglino-resta-la-tensione\/702596\/\">l\u2019uscita di Maria Elena Pellicciotta<\/a> e l\u2019ingresso di Maria Assunta Miglino \u00e8 toccato ad un cambio all\u2019interno della lista civica Saronno al centro.<strong> Esce la <em>promessa<\/em> della politica saronnese<\/strong>, scelto come delegato in Giunta proprio dal sindaco Alessandro Fagioli, ed <strong>entra Paolo Strano,<\/strong> consigliere comunale ed ex assessore alla seconda Giunta dell\u2019ex sindaco Pierluigi Gilli (nella foto: con l&#8217;assessore Lonardoni).<\/p>\n<p><strong>Tanti gli interrogativi rimasti aperti<\/strong>. \u00c8 vero che esiste una mozione di sfiducia a carico del giovane assessore che la Lega ha chiesto alla maggioranza di firmare per giustificare il rimpasto bis e che tanti <em>mal di pancia<\/em> ha provocato tra le basi e persino tra gli stessi assessori?<strong> A chi andr\u00e0 la delega all\u2019Urbanistica<\/strong> che il sindaco ha tenuto ancora per s\u00e8? E soprattutto<strong> cosa accadr\u00e0 in consiglio comunale?<\/strong><\/p>\n<p>Paolo Strano \u00e8 attualmente consigliere comunale di Saronno al centro, per diventare assessore dovr\u00e0 lasciare lo scranno ed il <strong>primo dei non eletti della lista civica \u00e8 proprio Francesco Banfi<\/strong>. L\u2019ex assessore rester\u00e0 nella maggioranza che l\u2019ha defenestrato?<\/p>\n","protected":false},"excerpt":{"rendered":"<p>Nuova fase del riordino della squadra di governo. Il nuovo assessore lascer\u00e0 come previsto il consiglio comunale, il &#8220;dimissionato&#8221; dovrebbe tornare in consiglio<\/p>\n","protected":false},"author":11800,"featured_media":0,"comment_status":"open","ping_status":"closed","sticky":false,"template":"","format":"standard","meta":{"footnotes":""},"categories":[5],"tags":[4292,49285,781],"acf":[],"yoast_head":"<!-- This site is optimized with the Yoast SEO plugin v20.1 - https:\/\/yoast.com\/wordpress\/plugins\/seo\/ -->\n<title>Rimpasto di Giunta: via Banfi, dentro Strano. Silenzio sulle motivazioni, restano le incognite<\/title>\n<meta name=\"description\" content=\"Nuova fase del riordino della squadra di governo. Il nuovo assessore lascer\u00e0 come previsto il consiglio comunale, il &quot;dimissionato&quot; dovrebbe tornare in consiglio\" \/>\n<meta name=\"robots\" content=\"noindex, follow, max-snippet:-1, max-image-preview:large, max-video-preview:-1\" \/>\n<meta property=\"og:locale\" content=\"it_IT\" \/>\n<meta property=\"og:type\" content=\"article\" \/>\n<meta property=\"og:title\" content=\"Rimpasto di Giunta: via Banfi, dentro Strano. Silenzio sulle motivazioni, restano le incognite\" \/>\n<meta property=\"og:description\" content=\"Nuova fase del riordino della squadra di governo. Il nuovo assessore lascer\u00e0 come previsto il consiglio comunale, il &quot;dimissionato&quot; dovrebbe tornare in consiglio\" \/>\n<meta property=\"og:url\" content=\"https:\/\/staging.varesenews.it\/2018\/04\/rimpasto-giunta-saronno-banfi-strano\/706735\/\" \/>\n<meta property=\"og:site_name\" content=\"VareseNews\" \/>\n<meta property=\"article:publisher\" content=\"https:\/\/www.facebook.com\/varesenews\" \/>\n<meta property=\"article:author\" content=\"https:\/\/www.facebook.com\/IlSaronno-213880515411179\/\" \/>\n<meta property=\"article:published_time\" content=\"2018-04-10T10:00:36+00:00\" \/>\n<meta property=\"article:modified_time\" content=\"2018-04-10T10:01:46+00:00\" \/>\n<meta name=\"author\" content=\"ilSaronno\" \/>\n<meta name=\"twitter:card\" content=\"summary_large_image\" \/>\n<meta name=\"twitter:creator\" content=\"@ilsaronno\" \/>\n<meta name=\"twitter:site\" content=\"@varesenews\" \/>\n<meta name=\"twitter:label1\" content=\"Scritto da\" \/>\n\t<meta name=\"twitter:data1\" content=\"ilSaronno\" \/>\n\t<meta name=\"twitter:label2\" content=\"Tempo di lettura stimato\" \/>\n\t<meta name=\"twitter:data2\" content=\"1 minuto\" \/>\n<script type=\"application\/ld+json\" class=\"yoast-schema-graph\">{\"@context\":\"https:\/\/schema.org\",\"@graph\":[{\"@type\":\"WebPage\",\"@id\":\"https:\/\/staging.varesenews.it\/2018\/04\/rimpasto-giunta-saronno-banfi-strano\/706735\/\",\"url\":\"https:\/\/staging.varesenews.it\/2018\/04\/rimpasto-giunta-saronno-banfi-strano\/706735\/\",\"name\":\"Rimpasto di Giunta: via Banfi, dentro Strano. Silenzio sulle motivazioni, restano le incognite\",\"isPartOf\":{\"@id\":\"https:\/\/staging.varesenews.it\/#website\"},\"datePublished\":\"2018-04-10T10:00:36+00:00\",\"dateModified\":\"2018-04-10T10:01:46+00:00\",\"author\":{\"@id\":\"https:\/\/staging.varesenews.it\/#\/schema\/person\/34ad7337334147281697413d05fff81f\"},\"description\":\"Nuova fase del riordino della squadra di governo. Il nuovo assessore lascer\u00e0 come previsto il consiglio comunale, il \\\"dimissionato\\\" dovrebbe tornare in consiglio\",\"breadcrumb\":{\"@id\":\"https:\/\/staging.varesenews.it\/2018\/04\/rimpasto-giunta-saronno-banfi-strano\/706735\/#breadcrumb\"},\"inLanguage\":\"it-IT\",\"potentialAction\":[{\"@type\":\"ReadAction\",\"target\":[\"https:\/\/staging.varesenews.it\/2018\/04\/rimpasto-giunta-saronno-banfi-strano\/706735\/\"]}]},{\"@type\":\"BreadcrumbList\",\"@id\":\"https:\/\/staging.varesenews.it\/2018\/04\/rimpasto-giunta-saronno-banfi-strano\/706735\/#breadcrumb\",\"itemListElement\":[{\"@type\":\"ListItem\",\"position\":1,\"name\":\"Home\",\"item\":\"https:\/\/www.varesenews.it\/\"},{\"@type\":\"ListItem\",\"position\":2,\"name\":\"Rimpasto di Giunta: via Banfi, dentro Strano. Silenzio sulle motivazioni, restano le incognite\"}]},{\"@type\":\"WebSite\",\"@id\":\"https:\/\/staging.varesenews.it\/#website\",\"url\":\"https:\/\/staging.varesenews.it\/\",\"name\":\"VareseNews\",\"description\":\"\",\"potentialAction\":[{\"@type\":\"SearchAction\",\"target\":{\"@type\":\"EntryPoint\",\"urlTemplate\":\"https:\/\/staging.varesenews.it\/?s={search_term_string}\"},\"query-input\":\"required name=search_term_string\"}],\"inLanguage\":\"it-IT\"},{\"@type\":\"Person\",\"@id\":\"https:\/\/staging.varesenews.it\/#\/schema\/person\/34ad7337334147281697413d05fff81f\",\"name\":\"ilSaronno\",\"image\":{\"@type\":\"ImageObject\",\"inLanguage\":\"it-IT\",\"@id\":\"https:\/\/staging.varesenews.it\/#\/schema\/person\/image\/\",\"url\":\"https:\/\/staging.varesenews.it\/wp-content\/uploads\/2015\/03\/mistery.jpg\",\"contentUrl\":\"https:\/\/staging.varesenews.it\/wp-content\/uploads\/2015\/03\/mistery.jpg\",\"caption\":\"ilSaronno\"},\"sameAs\":[\"https:\/\/www.facebook.com\/IlSaronno-213880515411179\/\",\"ilSaronno\",\"https:\/\/twitter.com\/ilsaronno\"],\"url\":\"https:\/\/staging.varesenews.it\/persona\/ilsaronno\/\"}]}<\/script>\n<!-- \/ Yoast SEO plugin. -->","yoast_head_json":{"title":"Rimpasto di Giunta: via Banfi, dentro Strano. Silenzio sulle motivazioni, restano le incognite","description":"Nuova fase del riordino della squadra di governo. Il nuovo assessore lascer\u00e0 come previsto il consiglio comunale, il \"dimissionato\" dovrebbe tornare in consiglio","robots":{"index":"noindex","follow":"follow","max-snippet":"max-snippet:-1","max-image-preview":"max-image-preview:large","max-video-preview":"max-video-preview:-1"},"og_locale":"it_IT","og_type":"article","og_title":"Rimpasto di Giunta: via Banfi, dentro Strano. Silenzio sulle motivazioni, restano le incognite","og_description":"Nuova fase del riordino della squadra di governo. Il nuovo assessore lascer\u00e0 come previsto il consiglio comunale, il \"dimissionato\" dovrebbe tornare in consiglio","og_url":"https:\/\/staging.varesenews.it\/2018\/04\/rimpasto-giunta-saronno-banfi-strano\/706735\/","og_site_name":"VareseNews","article_publisher":"https:\/\/www.facebook.com\/varesenews","article_author":"https:\/\/www.facebook.com\/IlSaronno-213880515411179\/","article_published_time":"2018-04-10T10:00:36+00:00","article_modified_time":"2018-04-10T10:01:46+00:00","author":"ilSaronno","twitter_card":"summary_large_image","twitter_creator":"@ilsaronno","twitter_site":"@varesenews","twitter_misc":{"Scritto da":"ilSaronno","Tempo di lettura stimato":"1 minuto"},"schema":{"@context":"https:\/\/schema.org","@graph":[{"@type":"WebPage","@id":"https:\/\/staging.varesenews.it\/2018\/04\/rimpasto-giunta-saronno-banfi-strano\/706735\/","url":"https:\/\/staging.varesenews.it\/2018\/04\/rimpasto-giunta-saronno-banfi-strano\/706735\/","name":"Rimpasto di Giunta: via Banfi, dentro Strano. Silenzio sulle motivazioni, restano le incognite","isPartOf":{"@id":"https:\/\/staging.varesenews.it\/#website"},"datePublished":"2018-04-10T10:00:36+00:00","dateModified":"2018-04-10T10:01:46+00:00","author":{"@id":"https:\/\/staging.varesenews.it\/#\/schema\/person\/34ad7337334147281697413d05fff81f"},"description":"Nuova fase del riordino della squadra di governo. Il nuovo assessore lascer\u00e0 come previsto il consiglio comunale, il \"dimissionato\" dovrebbe tornare in consiglio","breadcrumb":{"@id":"https:\/\/staging.varesenews.it\/2018\/04\/rimpasto-giunta-saronno-banfi-strano\/706735\/#breadcrumb"},"inLanguage":"it-IT","potentialAction":[{"@type":"ReadAction","target":["https:\/\/staging.varesenews.it\/2018\/04\/rimpasto-giunta-saronno-banfi-strano\/706735\/"]}]},{"@type":"BreadcrumbList","@id":"https:\/\/staging.varesenews.it\/2018\/04\/rimpasto-giunta-saronno-banfi-strano\/706735\/#breadcrumb","itemListElement":[{"@type":"ListItem","position":1,"name":"Home","item":"https:\/\/www.varesenews.it\/"},{"@type":"ListItem","position":2,"name":"Rimpasto di Giunta: via Banfi, dentro Strano. Silenzio sulle motivazioni, restano le incognite"}]},{"@type":"WebSite","@id":"https:\/\/staging.varesenews.it\/#website","url":"https:\/\/staging.varesenews.it\/","name":"VareseNews","description":"","potentialAction":[{"@type":"SearchAction","target":{"@type":"EntryPoint","urlTemplate":"https:\/\/staging.varesenews.it\/?s={search_term_string}"},"query-input":"required name=search_term_string"}],"inLanguage":"it-IT"},{"@type":"Person","@id":"https:\/\/staging.varesenews.it\/#\/schema\/person\/34ad7337334147281697413d05fff81f","name":"ilSaronno","image":{"@type":"ImageObject","inLanguage":"it-IT","@id":"https:\/\/staging.varesenews.it\/#\/schema\/person\/image\/","url":"https:\/\/staging.varesenews.it\/wp-content\/uploads\/2015\/03\/mistery.jpg","contentUrl":"https:\/\/staging.varesenews.it\/wp-content\/uploads\/2015\/03\/mistery.jpg","caption":"ilSaronno"},"sameAs":["https:\/\/www.facebook.com\/IlSaronno-213880515411179\/","ilSaronno","https:\/\/twitter.com\/ilsaronno"],"url":"https:\/\/staging.varesenews.it\/persona\/ilsaronno\/"}]}},"post_meta":{"_edit_lock":"1523354379:46","_edit_last":"46","_category_permalink":"a:1:{s:8:\"category\";s:1:\"5\";}","ratings_users":"0","ratings_score":"0","ratings_average":"0","argomento":"Saronno","_yoast_wpseo_content_score":"30","_jd_tweet_this":"yes","_wpt_short_url":"http:\/\/www.varesenews.it\/2018\/04\/rimpasto-giunta-via-banfi-dentro-strano-silenzio-sulle-motivazioni-restano-le-incognite\/706735\/","_wp_jd_target":"http:\/\/www.varesenews.it\/2018\/04\/rimpasto-giunta-via-banfi-dentro-strano-silenzio-sulle-motivazioni-restano-le-incognite\/706735\/","_jd_wp_twitter":"a:1:{i:0;s:243:\"Rimpasto di Giunta: via Banfi, dentro Strano. Silenzio sulle motivazioni, restano http:\/\/www.varesenews.it\/2018\/04\/rimpasto-giunta-via-banfi-dentro-strano-silenzio-sulle-motivazioni-restano-le-incognite\/706735\/ #giunta #giuntafagioli #politica\";}","_wpt_status_message":"Tweet inviato con successo.","foto":"529301","_wp_old_slug":"rimpasto-giunta-via-banfi-dentro-strano-silenzio-sulle-motivazioni-restano-le-incognite"},"photos":[{"original":"https:\/\/staging.varesenews.it\/photogallery_new\/images\/2016\/04\/dario-lonardoni-paolo-strano-529301.jpg","full":"https:\/\/staging.varesenews.it\/photogallery_new\/images\/2016\/04\/dario-lonardoni-paolo-strano-529301.1024x768.jpg","large":"https:\/\/staging.varesenews.it\/photogallery_new\/images\/2016\/04\/dario-lonardoni-paolo-strano-529301.610x431.jpg"}],"_links":{"self":[{"href":"https:\/\/staging.varesenews.it\/swgapi\/v1\/wp\/v2\/posts\/706735"}],"collection":[{"href":"https:\/\/staging.varesenews.it\/swgapi\/v1\/wp\/v2\/posts"}],"about":[{"href":"https:\/\/staging.varesenews.it\/swgapi\/v1\/wp\/v2\/types\/post"}],"author":[{"embeddable":true,"href":"https:\/\/staging.varesenews.it\/swgapi\/v1\/wp\/v2\/users\/11800"}],"replies":[{"embeddable":true,"href":"https:\/\/staging.varesenews.it\/swgapi\/v1\/wp\/v2\/comments?post=706735"}],"version-history":[{"count":0,"href":"https:\/\/staging.varesenews.it\/swgapi\/v1\/wp\/v2\/posts\/706735\/revisions"}],"wp:attachment":[{"href":"https:\/\/staging.varesenews.it\/swgapi\/v1\/wp\/v2\/media?parent=706735"}],"wp:term":[{"taxonomy":"category","embeddable":true,"href":"https:\/\/staging.varesenews.it\/swgapi\/v1\/wp\/v2\/categories?post=706735"},{"taxonomy":"post_tag","embeddable":true,"href":"https:\/\/staging.varesenews.it\/swgapi\/v1\/wp\/v2\/tags?post=706735"}],"curies":[{"name":"wp","href":"https:\/\/api.w.org\/{rel}","templated":true}]}}