{"id":707300,"date":"2018-04-11T18:02:18","date_gmt":"2018-04-11T16:02:18","guid":{"rendered":"http:\/\/www.varesenews.it\/?p=707300"},"modified":"2018-04-11T18:02:43","modified_gmt":"2018-04-11T16:02:43","slug":"primavera-lora-del-cipollaccio-stellato","status":"publish","type":"post","link":"https:\/\/staging.varesenews.it\/2018\/04\/primavera-lora-del-cipollaccio-stellato\/707300\/","title":{"rendered":"Primavera, \u00e8 l&#8217;ora del Cipollaccio stellato"},"content":{"rendered":"<p><strong>Sabato 14 aprile con partenza alle ore 9.30 dal posteggio antistante la ex Pensione Irma<\/strong> attualmente un bar faremo il giro di cima Paradiso (quella dove ha sede l\u2019osservatorio astronomico \u201cSchiapparelli\u201d), quelli che arrivassero, con qualche momento di anticipo, al posteggio potranno in, attesa delle partenza, ammirare la fioritura <strong>Colombina cava<\/strong> (Corydalis cava) , nonch\u00e9 della <strong>Dentaria gialla<\/strong> (Cardamine kittabeilli) quest\u2019ultima che si distingue dagli altri tipi di dentaria perch\u00e9 ha la foglia divisa in nove parti mentre la foglia della bianca \u00e8 divisa in 7 parti e quella rosea in cinque, se fortunati, qualche esemplare di <strong>Cipollaccio stellato<\/strong> (Gagea lutea) oltre alle piantine del <strong>Giglio martagone<\/strong> (Lilium martagon) e qualche cespuglio di <strong>Belladonna<\/strong> (Atropa belladonna).<\/p>\n<p><strong>Dopo esserci salutati ci avvieremo lungo il sentiero<\/strong> che, partendo dal bar in direzione nord-ovest ci consente di arrivare con un percorso di una cinquantina di metri all\u2019inizio della parte di sentiero 7 che seguiremo facendo il primo strappo in salita per poco pi\u00f9 di un centinaio di metri, che sar\u00e0 interrotto quasi subito per una sosta al primo belvedere dove, oltre il bellissimo panorama, potremo osservare da vicino sia piantine di <strong>Valeriana trifogliata<\/strong> (Valeriana tripteris) nonch\u00e9 qualche esemplare di Primula orecchia d\u2019orso; subito riprenderemo la salita al termine della quale un falso piano di un centinaio di metri ci porter\u00e0 al secondo belvedere con bella vista che spazia dai Pizzoni di Laveno al Monte Generoso con sul fondo la catena delle Alpi ma un apposito cartello ci aiuter\u00e0 a riconoscere sia i centri urbani sia i rilievi che li circondano cos\u00ec come le vette delle montagne.<\/p>\n<p>Dopo la sosta inizia un nuovo tratto di salita della lunghezza di poco pi\u00f9 di un centinaio di metri meno ripida della precedente e ricca di <strong>Dentaria gialla<\/strong> (Cardamine kitaibelli) e la presenza di numerosi <strong>Farfaracci bianchi<\/strong> (Petasites albus), nella parte mediana della salita notiamo la numerosa presenza di piante del <strong>Giglio martagone<\/strong> (Lilium martagon), al termine di questa breve salita il sentiero prosegue in falso piano sotto pareti biancastre della sommit\u00e0 della punta Paradiso, ma \u00e8 su queste pareti biancastre che spuntano le <strong>Primule rosa<\/strong> (Primula hirsuta), forse qualche cespuglio di <strong>Dafne mezereo<\/strong> ci mostrer\u00e0 i suoi fiori si arriva cos\u00ec al termine della punta Paradiso e inizia il percorso della Punta di mezzo, fra i 2 tratti vi \u00e8 una panchina senza dubbio umida ma, mi sieder\u00f2 invitando i pi\u00f9 giovani del gruppo a proseguire fino al pratone della Punta di mezzo da questo per vedere la fioritura della <strong>Cinquefoglie bianca<\/strong> (Potentilla alba) una piccola rosacea, cos\u00ec potranno osservare quello che, negli anni trenta, \u00e8 stato il primo campo di volo per i primi alianti della provincia.<\/p>\n<p>Nel frattempo provveder\u00f2 a rifocillarmi e pensare ai fiori che incontreremo sulla via del ritorno che avverr\u00e0 lungo il sentiero 1. Arrivo previsto alle 12.30 al piazzale della pensione Irma. Come si pu\u00f2 notare il percorso si sviluppa per un tratto di circa 3 chilometri con un dislivello che non supera i 200 metri, di cui 100 in salita con possibilit\u00e0 di soste in diversi punti. Una uscita alla portata di tutti. Vi aspettiamo numerosi.<\/p>\n<p>Si ribadisce che l\u2019escursione avr\u00e0 luogo soltanto in caso di bel tempo<\/p>\n<p>(Attualmente le previsioni sono per una giornata nuvolosa ma senza pioggia)<\/p>\n<p>Teresio Colombo<\/p>\n<p><a href=\"http:\/\/www.varesenews.it\/tag-personaggio\/teresio-colombo\/\"><strong>TUTTI GLI ARTICOLI SULLE USCITE DI TERESIO COLOMBO<\/strong><\/a><\/p>\n","protected":false},"excerpt":{"rendered":"<p>A Punta Paradiso con Teresio Colombo: ecco come sar\u00e0 la VI uscita prevista per sabato prossimo<\/p>\n","protected":false},"author":34,"featured_media":0,"comment_status":"open","ping_status":"open","sticky":false,"template":"","format":"standard","meta":{"footnotes":""},"categories":[2],"tags":[158],"acf":[],"yoast_head":"<!-- This site is optimized with the Yoast SEO plugin v20.1 - https:\/\/yoast.com\/wordpress\/plugins\/seo\/ -->\n<title>Primavera, \u00e8 l&#039;ora del Cipollaccio stellato<\/title>\n<meta name=\"description\" content=\"A Punta Paradiso con Teresio Colombo: ecco come sar\u00e0 la VI uscita prevista per sabato prossimo\" \/>\n<meta name=\"robots\" content=\"noindex, follow, max-snippet:-1, max-image-preview:large, max-video-preview:-1\" \/>\n<meta property=\"og:locale\" content=\"it_IT\" \/>\n<meta property=\"og:type\" content=\"article\" \/>\n<meta property=\"og:title\" content=\"Primavera, \u00e8 l&#039;ora del Cipollaccio stellato\" \/>\n<meta property=\"og:description\" content=\"A Punta Paradiso con Teresio Colombo: ecco come sar\u00e0 la VI uscita prevista per sabato prossimo\" \/>\n<meta property=\"og:url\" content=\"https:\/\/staging.varesenews.it\/2018\/04\/primavera-lora-del-cipollaccio-stellato\/707300\/\" \/>\n<meta property=\"og:site_name\" content=\"VareseNews\" \/>\n<meta property=\"article:publisher\" content=\"https:\/\/www.facebook.com\/varesenews\" \/>\n<meta property=\"article:author\" content=\"https:\/\/www.facebook.com\/andrea.camurani?fref=photo\" \/>\n<meta property=\"article:published_time\" content=\"2018-04-11T16:02:18+00:00\" \/>\n<meta property=\"article:modified_time\" content=\"2018-04-11T16:02:43+00:00\" \/>\n<meta name=\"author\" content=\"Andrea Camurani\" \/>\n<meta name=\"twitter:card\" content=\"summary_large_image\" \/>\n<meta name=\"twitter:creator\" content=\"@AndreaCamurani\" \/>\n<meta name=\"twitter:site\" content=\"@varesenews\" \/>\n<meta name=\"twitter:label1\" content=\"Scritto da\" \/>\n\t<meta name=\"twitter:data1\" content=\"Andrea Camurani\" \/>\n\t<meta name=\"twitter:label2\" content=\"Tempo di lettura stimato\" \/>\n\t<meta name=\"twitter:data2\" content=\"3 minuti\" \/>\n<script type=\"application\/ld+json\" class=\"yoast-schema-graph\">{\"@context\":\"https:\/\/schema.org\",\"@graph\":[{\"@type\":\"WebPage\",\"@id\":\"https:\/\/staging.varesenews.it\/2018\/04\/primavera-lora-del-cipollaccio-stellato\/707300\/\",\"url\":\"https:\/\/staging.varesenews.it\/2018\/04\/primavera-lora-del-cipollaccio-stellato\/707300\/\",\"name\":\"Primavera, \u00e8 l'ora del Cipollaccio stellato\",\"isPartOf\":{\"@id\":\"https:\/\/staging.varesenews.it\/#website\"},\"datePublished\":\"2018-04-11T16:02:18+00:00\",\"dateModified\":\"2018-04-11T16:02:43+00:00\",\"author\":{\"@id\":\"https:\/\/staging.varesenews.it\/#\/schema\/person\/3eb5832c6beae763de8d9596fdbe8c49\"},\"description\":\"A Punta Paradiso con Teresio Colombo: ecco come sar\u00e0 la VI uscita prevista per sabato prossimo\",\"breadcrumb\":{\"@id\":\"https:\/\/staging.varesenews.it\/2018\/04\/primavera-lora-del-cipollaccio-stellato\/707300\/#breadcrumb\"},\"inLanguage\":\"it-IT\",\"potentialAction\":[{\"@type\":\"ReadAction\",\"target\":[\"https:\/\/staging.varesenews.it\/2018\/04\/primavera-lora-del-cipollaccio-stellato\/707300\/\"]}]},{\"@type\":\"BreadcrumbList\",\"@id\":\"https:\/\/staging.varesenews.it\/2018\/04\/primavera-lora-del-cipollaccio-stellato\/707300\/#breadcrumb\",\"itemListElement\":[{\"@type\":\"ListItem\",\"position\":1,\"name\":\"Home\",\"item\":\"https:\/\/www.varesenews.it\/\"},{\"@type\":\"ListItem\",\"position\":2,\"name\":\"Primavera, \u00e8 l&#8217;ora del Cipollaccio stellato\"}]},{\"@type\":\"WebSite\",\"@id\":\"https:\/\/staging.varesenews.it\/#website\",\"url\":\"https:\/\/staging.varesenews.it\/\",\"name\":\"VareseNews\",\"description\":\"\",\"potentialAction\":[{\"@type\":\"SearchAction\",\"target\":{\"@type\":\"EntryPoint\",\"urlTemplate\":\"https:\/\/staging.varesenews.it\/?s={search_term_string}\"},\"query-input\":\"required name=search_term_string\"}],\"inLanguage\":\"it-IT\"},{\"@type\":\"Person\",\"@id\":\"https:\/\/staging.varesenews.it\/#\/schema\/person\/3eb5832c6beae763de8d9596fdbe8c49\",\"name\":\"Andrea Camurani\",\"image\":{\"@type\":\"ImageObject\",\"inLanguage\":\"it-IT\",\"@id\":\"https:\/\/staging.varesenews.it\/#\/schema\/person\/image\/\",\"url\":\"https:\/\/staging.varesenews.it\/wp-content\/uploads\/2020\/12\/andrea_camurani_colori_500.jpg\",\"contentUrl\":\"https:\/\/staging.varesenews.it\/wp-content\/uploads\/2020\/12\/andrea_camurani_colori_500.jpg\",\"caption\":\"Andrea Camurani\"},\"description\":\"Sono figlio degli anni Settanta e di Milano, dove ho imparato a riconoscere buoni e cattivi. Laurea in scienze politiche, lavoro a VareseNews dal 2000. Racconto quel che trovo quando incontro chi vuole lasciare al mondo un pezzetto di vita, che si chiama cronaca. &ldquo;...perch&eacute; &egrave; la gente il pi&ugrave; grande spettacolo del mondo. E non si paga il biglietto...&rdquo; (Charles Bukowsky)\",\"sameAs\":[\"https:\/\/www.facebook.com\/andrea.camurani?fref=photo\",\"andreacamurani\",\"https:\/\/www.linkedin.com\/hp\/?dnr=A9a84RfzsLdo9xg4NcGV4dLiMknoc9ms4WM\",\"https:\/\/twitter.com\/AndreaCamurani\"],\"url\":\"https:\/\/staging.varesenews.it\/persona\/andrea_camurani\/\"}]}<\/script>\n<!-- \/ Yoast SEO plugin. -->","yoast_head_json":{"title":"Primavera, \u00e8 l'ora del Cipollaccio stellato","description":"A Punta Paradiso con Teresio Colombo: ecco come sar\u00e0 la VI uscita prevista per sabato prossimo","robots":{"index":"noindex","follow":"follow","max-snippet":"max-snippet:-1","max-image-preview":"max-image-preview:large","max-video-preview":"max-video-preview:-1"},"og_locale":"it_IT","og_type":"article","og_title":"Primavera, \u00e8 l'ora del Cipollaccio stellato","og_description":"A Punta Paradiso con Teresio Colombo: ecco come sar\u00e0 la VI uscita prevista per sabato prossimo","og_url":"https:\/\/staging.varesenews.it\/2018\/04\/primavera-lora-del-cipollaccio-stellato\/707300\/","og_site_name":"VareseNews","article_publisher":"https:\/\/www.facebook.com\/varesenews","article_author":"https:\/\/www.facebook.com\/andrea.camurani?fref=photo","article_published_time":"2018-04-11T16:02:18+00:00","article_modified_time":"2018-04-11T16:02:43+00:00","author":"Andrea Camurani","twitter_card":"summary_large_image","twitter_creator":"@AndreaCamurani","twitter_site":"@varesenews","twitter_misc":{"Scritto da":"Andrea Camurani","Tempo di lettura stimato":"3 minuti"},"schema":{"@context":"https:\/\/schema.org","@graph":[{"@type":"WebPage","@id":"https:\/\/staging.varesenews.it\/2018\/04\/primavera-lora-del-cipollaccio-stellato\/707300\/","url":"https:\/\/staging.varesenews.it\/2018\/04\/primavera-lora-del-cipollaccio-stellato\/707300\/","name":"Primavera, \u00e8 l'ora del Cipollaccio stellato","isPartOf":{"@id":"https:\/\/staging.varesenews.it\/#website"},"datePublished":"2018-04-11T16:02:18+00:00","dateModified":"2018-04-11T16:02:43+00:00","author":{"@id":"https:\/\/staging.varesenews.it\/#\/schema\/person\/3eb5832c6beae763de8d9596fdbe8c49"},"description":"A Punta Paradiso con Teresio Colombo: ecco come sar\u00e0 la VI uscita prevista per sabato prossimo","breadcrumb":{"@id":"https:\/\/staging.varesenews.it\/2018\/04\/primavera-lora-del-cipollaccio-stellato\/707300\/#breadcrumb"},"inLanguage":"it-IT","potentialAction":[{"@type":"ReadAction","target":["https:\/\/staging.varesenews.it\/2018\/04\/primavera-lora-del-cipollaccio-stellato\/707300\/"]}]},{"@type":"BreadcrumbList","@id":"https:\/\/staging.varesenews.it\/2018\/04\/primavera-lora-del-cipollaccio-stellato\/707300\/#breadcrumb","itemListElement":[{"@type":"ListItem","position":1,"name":"Home","item":"https:\/\/www.varesenews.it\/"},{"@type":"ListItem","position":2,"name":"Primavera, \u00e8 l&#8217;ora del Cipollaccio stellato"}]},{"@type":"WebSite","@id":"https:\/\/staging.varesenews.it\/#website","url":"https:\/\/staging.varesenews.it\/","name":"VareseNews","description":"","potentialAction":[{"@type":"SearchAction","target":{"@type":"EntryPoint","urlTemplate":"https:\/\/staging.varesenews.it\/?s={search_term_string}"},"query-input":"required name=search_term_string"}],"inLanguage":"it-IT"},{"@type":"Person","@id":"https:\/\/staging.varesenews.it\/#\/schema\/person\/3eb5832c6beae763de8d9596fdbe8c49","name":"Andrea Camurani","image":{"@type":"ImageObject","inLanguage":"it-IT","@id":"https:\/\/staging.varesenews.it\/#\/schema\/person\/image\/","url":"https:\/\/staging.varesenews.it\/wp-content\/uploads\/2020\/12\/andrea_camurani_colori_500.jpg","contentUrl":"https:\/\/staging.varesenews.it\/wp-content\/uploads\/2020\/12\/andrea_camurani_colori_500.jpg","caption":"Andrea Camurani"},"description":"Sono figlio degli anni Settanta e di Milano, dove ho imparato a riconoscere buoni e cattivi. Laurea in scienze politiche, lavoro a VareseNews dal 2000. Racconto quel che trovo quando incontro chi vuole lasciare al mondo un pezzetto di vita, che si chiama cronaca. &ldquo;...perch&eacute; &egrave; la gente il pi&ugrave; grande spettacolo del mondo. E non si paga il biglietto...&rdquo; (Charles Bukowsky)","sameAs":["https:\/\/www.facebook.com\/andrea.camurani?fref=photo","andreacamurani","https:\/\/www.linkedin.com\/hp\/?dnr=A9a84RfzsLdo9xg4NcGV4dLiMknoc9ms4WM","https:\/\/twitter.com\/AndreaCamurani"],"url":"https:\/\/staging.varesenews.it\/persona\/andrea_camurani\/"}]}},"post_meta":{"_edit_lock":"1523462579:34","_edit_last":"34","_category_permalink":"a:1:{s:8:\"category\";s:0:\"\";}","ratings_users":"0","ratings_score":"0","ratings_average":"0","foto":"666165","firma_come_redazione":"1","argomento":"Varese","_yoast_wpseo_content_score":"30","_jd_tweet_this":"yes","_wpt_short_url":"http:\/\/www.varesenews.it\/2018\/04\/primavera-lora-del-cipollaccio-stellato\/707300\/","_wp_jd_target":"http:\/\/www.varesenews.it\/2018\/04\/primavera-lora-del-cipollaccio-stellato\/707300\/","_jd_wp_twitter":"a:1:{i:0;s:128:\"Primavera, \u00e8 l\u2019ora del Cipollaccio stellato http:\/\/www.varesenews.it\/2018\/04\/primavera-lora-del-cipollaccio-stellato\/707300\/ \";}","_wpt_status_message":"Tweet inviato con successo."},"photos":[{"original":"https:\/\/staging.varesenews.it\/photogallery_new\/images\/2018\/04\/avarie-666165.jpg","full":"https:\/\/staging.varesenews.it\/photogallery_new\/images\/2018\/04\/avarie-666165.1024x768.jpg","large":"https:\/\/staging.varesenews.it\/photogallery_new\/images\/2018\/04\/avarie-666165.610x431.jpg"}],"_links":{"self":[{"href":"https:\/\/staging.varesenews.it\/swgapi\/v1\/wp\/v2\/posts\/707300"}],"collection":[{"href":"https:\/\/staging.varesenews.it\/swgapi\/v1\/wp\/v2\/posts"}],"about":[{"href":"https:\/\/staging.varesenews.it\/swgapi\/v1\/wp\/v2\/types\/post"}],"author":[{"embeddable":true,"href":"https:\/\/staging.varesenews.it\/swgapi\/v1\/wp\/v2\/users\/34"}],"replies":[{"embeddable":true,"href":"https:\/\/staging.varesenews.it\/swgapi\/v1\/wp\/v2\/comments?post=707300"}],"version-history":[{"count":0,"href":"https:\/\/staging.varesenews.it\/swgapi\/v1\/wp\/v2\/posts\/707300\/revisions"}],"wp:attachment":[{"href":"https:\/\/staging.varesenews.it\/swgapi\/v1\/wp\/v2\/media?parent=707300"}],"wp:term":[{"taxonomy":"category","embeddable":true,"href":"https:\/\/staging.varesenews.it\/swgapi\/v1\/wp\/v2\/categories?post=707300"},{"taxonomy":"post_tag","embeddable":true,"href":"https:\/\/staging.varesenews.it\/swgapi\/v1\/wp\/v2\/tags?post=707300"}],"curies":[{"name":"wp","href":"https:\/\/api.w.org\/{rel}","templated":true}]}}