{"id":708605,"date":"2018-04-16T14:45:59","date_gmt":"2018-04-16T12:45:59","guid":{"rendered":"http:\/\/www.varesenews.it\/?p=708605"},"modified":"2018-04-16T14:46:45","modified_gmt":"2018-04-16T12:46:45","slug":"25-aprile-legnano-punkreas","status":"publish","type":"post","link":"https:\/\/staging.varesenews.it\/2018\/04\/25-aprile-legnano-punkreas\/708605\/","title":{"rendered":"Il 25 aprile a Legnano \u00e8 con i Punkreas"},"content":{"rendered":"<p>Dopo i Canova (2015), i Modena City Ramblers (2016) e la Bandabard\u00f2 (2017), anche quest\u2019anno il centro sociale Salice di Legnano deciso di festeggiare la\u00a0festa della Resistenza in grande stile.\u00a0<strong>Al Centro Pertini &#8211; Salice di Legnano arrivano infatti i grandissimi Punkreas.<\/strong><\/p>\n<p>Nati nel 1989 a Parabiago (MI), i Punkreas sono la punk band pi\u00f9 famosa d&#8217;Italia:\u00a0Energia, sonorit\u00e0 grezze e una creativit\u00e0 senza pari. Prima di loro si esibiranno i Versante Litfiba &#8211; Tribute Band, un concentrato di energia pronto a scaldare l\u2019atmosfera. L&#8217;appuntamento \u00e8 in\u00a0via dei Salici 9 a Legnano.<\/p>\n<p><strong>PROGRAMMA DELLA GIORNATA<\/strong><\/p>\n<p>12.00 PRANZO SOCIALE con la Punkreas!<\/p>\n<p>15.00 INIZIO CONCERTI &#8211; LINE UP:<br \/>\n\u2192 Versante Litfiba &#8211; Tribute Band live<br \/>\n\u2192 Punkreas live<\/p>\n<p>AFTERSHOW (dalle 19.30):<br \/>\n\u2192 dj set: TBA<\/p>\n<p>La cucina chiuder\u00e0 alle 14,30, la griglieria rimarr\u00e0 aperta tutto il giorno.<br \/>\nInfo e prenotazioni pranzo sociale: 3771296375<br \/>\nInfo concerti: 3498436452<\/p>\n","protected":false},"excerpt":{"rendered":"<p>La band punk pi\u00f9 famosa d&#8217;Italia si esibir\u00e0 il 25 aprile: Energia, sonorit\u00e0 grezze e una creativit\u00e0 senza pari.<\/p>\n","protected":false},"author":42,"featured_media":0,"comment_status":"open","ping_status":"open","sticky":false,"template":"","format":"standard","meta":{"footnotes":""},"categories":[4,18,20],"tags":[85606,74370],"acf":[],"yoast_head":"<!-- This site is optimized with the Yoast SEO plugin v20.1 - https:\/\/yoast.com\/wordpress\/plugins\/seo\/ -->\n<title>Il 25 aprile a Legnano \u00e8 con i Punkreas<\/title>\n<meta name=\"description\" content=\"La band punk pi\u00f9 famosa d&#039;Italia si esibir\u00e0 il 25 aprile: Energia, sonorit\u00e0 grezze e una creativit\u00e0 senza pari.\" \/>\n<meta name=\"robots\" content=\"noindex, follow, max-snippet:-1, max-image-preview:large, max-video-preview:-1\" \/>\n<meta property=\"og:locale\" content=\"it_IT\" \/>\n<meta property=\"og:type\" content=\"article\" \/>\n<meta property=\"og:title\" content=\"Il 25 aprile a Legnano \u00e8 con i Punkreas\" \/>\n<meta property=\"og:description\" content=\"La band punk pi\u00f9 famosa d&#039;Italia si esibir\u00e0 il 25 aprile: Energia, sonorit\u00e0 grezze e una creativit\u00e0 senza pari.\" \/>\n<meta property=\"og:url\" content=\"https:\/\/staging.varesenews.it\/2018\/04\/25-aprile-legnano-punkreas\/708605\/\" \/>\n<meta property=\"og:site_name\" content=\"VareseNews\" \/>\n<meta property=\"article:publisher\" content=\"https:\/\/www.facebook.com\/varesenews\" \/>\n<meta property=\"article:published_time\" content=\"2018-04-16T12:45:59+00:00\" \/>\n<meta property=\"article:modified_time\" content=\"2018-04-16T12:46:45+00:00\" \/>\n<meta name=\"author\" content=\"Marco Corso\" \/>\n<meta name=\"twitter:card\" content=\"summary_large_image\" \/>\n<meta name=\"twitter:creator\" content=\"@varesenews\" \/>\n<meta name=\"twitter:site\" content=\"@varesenews\" \/>\n<meta name=\"twitter:label1\" content=\"Scritto da\" \/>\n\t<meta name=\"twitter:data1\" content=\"Marco Corso\" \/>\n\t<meta name=\"twitter:label2\" content=\"Tempo di lettura stimato\" \/>\n\t<meta name=\"twitter:data2\" content=\"1 minuto\" \/>\n<script type=\"application\/ld+json\" class=\"yoast-schema-graph\">{\"@context\":\"https:\/\/schema.org\",\"@graph\":[{\"@type\":\"WebPage\",\"@id\":\"https:\/\/staging.varesenews.it\/2018\/04\/25-aprile-legnano-punkreas\/708605\/\",\"url\":\"https:\/\/staging.varesenews.it\/2018\/04\/25-aprile-legnano-punkreas\/708605\/\",\"name\":\"Il 25 aprile a Legnano \u00e8 con i Punkreas\",\"isPartOf\":{\"@id\":\"https:\/\/staging.varesenews.it\/#website\"},\"datePublished\":\"2018-04-16T12:45:59+00:00\",\"dateModified\":\"2018-04-16T12:46:45+00:00\",\"author\":{\"@id\":\"https:\/\/staging.varesenews.it\/#\/schema\/person\/f0b866bf1a4a7b2b1558574309a927fa\"},\"description\":\"La band punk pi\u00f9 famosa d'Italia si esibir\u00e0 il 25 aprile: Energia, sonorit\u00e0 grezze e una creativit\u00e0 senza pari.\",\"breadcrumb\":{\"@id\":\"https:\/\/staging.varesenews.it\/2018\/04\/25-aprile-legnano-punkreas\/708605\/#breadcrumb\"},\"inLanguage\":\"it-IT\",\"potentialAction\":[{\"@type\":\"ReadAction\",\"target\":[\"https:\/\/staging.varesenews.it\/2018\/04\/25-aprile-legnano-punkreas\/708605\/\"]}]},{\"@type\":\"BreadcrumbList\",\"@id\":\"https:\/\/staging.varesenews.it\/2018\/04\/25-aprile-legnano-punkreas\/708605\/#breadcrumb\",\"itemListElement\":[{\"@type\":\"ListItem\",\"position\":1,\"name\":\"Home\",\"item\":\"https:\/\/www.varesenews.it\/\"},{\"@type\":\"ListItem\",\"position\":2,\"name\":\"Il 25 aprile a Legnano \u00e8 con i Punkreas\"}]},{\"@type\":\"WebSite\",\"@id\":\"https:\/\/staging.varesenews.it\/#website\",\"url\":\"https:\/\/staging.varesenews.it\/\",\"name\":\"VareseNews\",\"description\":\"\",\"potentialAction\":[{\"@type\":\"SearchAction\",\"target\":{\"@type\":\"EntryPoint\",\"urlTemplate\":\"https:\/\/staging.varesenews.it\/?s={search_term_string}\"},\"query-input\":\"required name=search_term_string\"}],\"inLanguage\":\"it-IT\"},{\"@type\":\"Person\",\"@id\":\"https:\/\/staging.varesenews.it\/#\/schema\/person\/f0b866bf1a4a7b2b1558574309a927fa\",\"name\":\"Marco Corso\",\"image\":{\"@type\":\"ImageObject\",\"inLanguage\":\"it-IT\",\"@id\":\"https:\/\/staging.varesenews.it\/#\/schema\/person\/image\/\",\"url\":\"https:\/\/staging.varesenews.it\/wp-content\/uploads\/2020\/12\/marco_corso_colori_500.jpg\",\"contentUrl\":\"https:\/\/staging.varesenews.it\/wp-content\/uploads\/2020\/12\/marco_corso_colori_500.jpg\",\"caption\":\"Marco Corso\"},\"description\":\"Classe 91, per diversi anni mi sono fregiato del titolo di pi&ugrave; giovane della redazione, ma adesso faccio il fratello maggiore alle nuove leve. Mi sono laureato nel 2013 in Scienze Sociali per la Globalizzazione alla Statale di Milano e nel 2015 mi sono diplomato in videogiornalismo alla Civica Scuola di Cinema di Milano. A VareseNews da 10 anni, ho seguito da sempre diversi progetti, partendo dalla mia Busto Arsizio per attraversare tutta la provincia. Adesso la \\\"sorvolo\\\" anche con il mio drone, regalando alle mie riprese sempre un punto di vista emozionale e narrativo sui luoghi e le vicende che racconto, ma rimanendo fedele alla cronaca. Quando non faccio il giornalista viaggio o mi arrampico sui monti, per guardare il mondo da altri punti di vista.\",\"sameAs\":[\"mar_corso\"],\"url\":\"https:\/\/staging.varesenews.it\/persona\/marco-corso1\/\"}]}<\/script>\n<!-- \/ Yoast SEO plugin. -->","yoast_head_json":{"title":"Il 25 aprile a Legnano \u00e8 con i Punkreas","description":"La band punk pi\u00f9 famosa d'Italia si esibir\u00e0 il 25 aprile: Energia, sonorit\u00e0 grezze e una creativit\u00e0 senza pari.","robots":{"index":"noindex","follow":"follow","max-snippet":"max-snippet:-1","max-image-preview":"max-image-preview:large","max-video-preview":"max-video-preview:-1"},"og_locale":"it_IT","og_type":"article","og_title":"Il 25 aprile a Legnano \u00e8 con i Punkreas","og_description":"La band punk pi\u00f9 famosa d'Italia si esibir\u00e0 il 25 aprile: Energia, sonorit\u00e0 grezze e una creativit\u00e0 senza pari.","og_url":"https:\/\/staging.varesenews.it\/2018\/04\/25-aprile-legnano-punkreas\/708605\/","og_site_name":"VareseNews","article_publisher":"https:\/\/www.facebook.com\/varesenews","article_published_time":"2018-04-16T12:45:59+00:00","article_modified_time":"2018-04-16T12:46:45+00:00","author":"Marco Corso","twitter_card":"summary_large_image","twitter_creator":"@varesenews","twitter_site":"@varesenews","twitter_misc":{"Scritto da":"Marco Corso","Tempo di lettura stimato":"1 minuto"},"schema":{"@context":"https:\/\/schema.org","@graph":[{"@type":"WebPage","@id":"https:\/\/staging.varesenews.it\/2018\/04\/25-aprile-legnano-punkreas\/708605\/","url":"https:\/\/staging.varesenews.it\/2018\/04\/25-aprile-legnano-punkreas\/708605\/","name":"Il 25 aprile a Legnano \u00e8 con i Punkreas","isPartOf":{"@id":"https:\/\/staging.varesenews.it\/#website"},"datePublished":"2018-04-16T12:45:59+00:00","dateModified":"2018-04-16T12:46:45+00:00","author":{"@id":"https:\/\/staging.varesenews.it\/#\/schema\/person\/f0b866bf1a4a7b2b1558574309a927fa"},"description":"La band punk pi\u00f9 famosa d'Italia si esibir\u00e0 il 25 aprile: Energia, sonorit\u00e0 grezze e una creativit\u00e0 senza pari.","breadcrumb":{"@id":"https:\/\/staging.varesenews.it\/2018\/04\/25-aprile-legnano-punkreas\/708605\/#breadcrumb"},"inLanguage":"it-IT","potentialAction":[{"@type":"ReadAction","target":["https:\/\/staging.varesenews.it\/2018\/04\/25-aprile-legnano-punkreas\/708605\/"]}]},{"@type":"BreadcrumbList","@id":"https:\/\/staging.varesenews.it\/2018\/04\/25-aprile-legnano-punkreas\/708605\/#breadcrumb","itemListElement":[{"@type":"ListItem","position":1,"name":"Home","item":"https:\/\/www.varesenews.it\/"},{"@type":"ListItem","position":2,"name":"Il 25 aprile a Legnano \u00e8 con i Punkreas"}]},{"@type":"WebSite","@id":"https:\/\/staging.varesenews.it\/#website","url":"https:\/\/staging.varesenews.it\/","name":"VareseNews","description":"","potentialAction":[{"@type":"SearchAction","target":{"@type":"EntryPoint","urlTemplate":"https:\/\/staging.varesenews.it\/?s={search_term_string}"},"query-input":"required name=search_term_string"}],"inLanguage":"it-IT"},{"@type":"Person","@id":"https:\/\/staging.varesenews.it\/#\/schema\/person\/f0b866bf1a4a7b2b1558574309a927fa","name":"Marco Corso","image":{"@type":"ImageObject","inLanguage":"it-IT","@id":"https:\/\/staging.varesenews.it\/#\/schema\/person\/image\/","url":"https:\/\/staging.varesenews.it\/wp-content\/uploads\/2020\/12\/marco_corso_colori_500.jpg","contentUrl":"https:\/\/staging.varesenews.it\/wp-content\/uploads\/2020\/12\/marco_corso_colori_500.jpg","caption":"Marco Corso"},"description":"Classe 91, per diversi anni mi sono fregiato del titolo di pi&ugrave; giovane della redazione, ma adesso faccio il fratello maggiore alle nuove leve. Mi sono laureato nel 2013 in Scienze Sociali per la Globalizzazione alla Statale di Milano e nel 2015 mi sono diplomato in videogiornalismo alla Civica Scuola di Cinema di Milano. A VareseNews da 10 anni, ho seguito da sempre diversi progetti, partendo dalla mia Busto Arsizio per attraversare tutta la provincia. Adesso la \"sorvolo\" anche con il mio drone, regalando alle mie riprese sempre un punto di vista emozionale e narrativo sui luoghi e le vicende che racconto, ma rimanendo fedele alla cronaca. Quando non faccio il giornalista viaggio o mi arrampico sui monti, per guardare il mondo da altri punti di vista.","sameAs":["mar_corso"],"url":"https:\/\/staging.varesenews.it\/persona\/marco-corso1\/"}]}},"post_meta":{"_edit_lock":"1523883279:42","_edit_last":"42","_category_permalink":"a:1:{s:8:\"category\";s:0:\"\";}","foto":"667300","firma_come_redazione":"1","argomento":"Legnano","_yoast_wpseo_content_score":"30","_jd_tweet_this":"yes","ratings_users":"0","ratings_score":"0","ratings_average":"0","_wpt_short_url":"http:\/\/www.varesenews.it\/2018\/04\/25-aprile-legnano-punkreas\/708605\/","_wp_jd_target":"http:\/\/www.varesenews.it\/2018\/04\/25-aprile-legnano-punkreas\/708605\/","_jd_wp_twitter":"a:1:{i:0;s:122:\"Il 25 aprile a Legnano \u00e8 con i Punkreas http:\/\/www.varesenews.it\/2018\/04\/25-aprile-legnano-punkreas\/708605\/ #25aprile2018\";}","_wpt_status_message":"Tweet inviato con successo."},"photos":[{"original":"https:\/\/staging.varesenews.it\/photogallery_new\/images\/2018\/04\/generico-2018-667300.jpg","full":"https:\/\/staging.varesenews.it\/photogallery_new\/images\/2018\/04\/generico-2018-667300.1024x768.jpg","large":"https:\/\/staging.varesenews.it\/photogallery_new\/images\/2018\/04\/generico-2018-667300.610x431.jpg"}],"_links":{"self":[{"href":"https:\/\/staging.varesenews.it\/swgapi\/v1\/wp\/v2\/posts\/708605"}],"collection":[{"href":"https:\/\/staging.varesenews.it\/swgapi\/v1\/wp\/v2\/posts"}],"about":[{"href":"https:\/\/staging.varesenews.it\/swgapi\/v1\/wp\/v2\/types\/post"}],"author":[{"embeddable":true,"href":"https:\/\/staging.varesenews.it\/swgapi\/v1\/wp\/v2\/users\/42"}],"replies":[{"embeddable":true,"href":"https:\/\/staging.varesenews.it\/swgapi\/v1\/wp\/v2\/comments?post=708605"}],"version-history":[{"count":0,"href":"https:\/\/staging.varesenews.it\/swgapi\/v1\/wp\/v2\/posts\/708605\/revisions"}],"wp:attachment":[{"href":"https:\/\/staging.varesenews.it\/swgapi\/v1\/wp\/v2\/media?parent=708605"}],"wp:term":[{"taxonomy":"category","embeddable":true,"href":"https:\/\/staging.varesenews.it\/swgapi\/v1\/wp\/v2\/categories?post=708605"},{"taxonomy":"post_tag","embeddable":true,"href":"https:\/\/staging.varesenews.it\/swgapi\/v1\/wp\/v2\/tags?post=708605"}],"curies":[{"name":"wp","href":"https:\/\/api.w.org\/{rel}","templated":true}]}}