{"id":708634,"date":"2018-04-16T13:36:23","date_gmt":"2018-04-16T11:36:23","guid":{"rendered":"http:\/\/www.varesenews.it\/?p=708634"},"modified":"2018-04-17T10:13:23","modified_gmt":"2018-04-17T08:13:23","slug":"glass-emotion-bridge-emozionera-meta-maggio","status":"publish","type":"post","link":"https:\/\/staging.varesenews.it\/2018\/04\/glass-emotion-bridge-emozionera-meta-maggio\/708634\/","title":{"rendered":"Il glass emotion bridge emozioner\u00e0 fino a met\u00e0 maggio"},"content":{"rendered":"<p>Chiusi i battenti della <strong>Varese Design Week<\/strong>, la passerella \u201csospesa\u201d ideata da <strong>Roberto Torsellini<\/strong> e installata in piazza Podest\u00e0 a Varese dalla Torsellini Vetro insieme a un gruppo di imprenditori varesini, non si smonta: <strong>fino al 13 maggio rester\u00e0 installata<\/strong>, e consentir\u00e0 a chi non ci \u00e8 ancora salito o vuole fare il \u201cbis\u201d dell\u2019emozione di camminare \u201cnel vuoto\u201d sospeso sopra corso Matteotti.<\/p>\n<p>Sar\u00e0 possibile per\u00f2 <strong>con modalit\u00e0 lievemente diverse<\/strong>: l\u2019accesso, alla passerella prima e alla \u201cterrazza\u201d poi, sar\u00e0 infatti consentito tutti i giorni, ma con <strong>orari leggermente differenti:<\/strong> dal luned\u00ec al gioved\u00ec dalle 15.00 alle 20.00, il venerd\u00ec alla 15.00 alle 22.00 mentr<strong>e il sabato e la domenica sar\u00e0 aperto con gli orari della Varese Design week<\/strong>, dalle 11.00 alle 22.00.<\/p>\n<p>Questi orari per\u00f2 sono \u201cad oggi puramente indicativi, e potranno essere suscettibili di estensioni e modifiche, a seconda dell\u2019affluenza di accesso registrata\u201d: lo spiega la nota della <strong>fondazione Giacomo Ascoli<\/strong>, che sar\u00e0 <strong>una delle quattro associazioni attive sul territorio che \u201cgestiranno\u201d il Glass Emozional Bridge<\/strong> con scopi solidali: saranno loro\u00a0 a gestire<strong>\u00a0le entrate<\/strong>.<\/p>\n<p>Le associazioni che assicureranno la salita &#8211; e riceveranno i proventi degli eventuali contributi &#8211; sono la <strong>Fondazione Giacomo Ascoli<\/strong>, <strong>Il Circolo della Bont\u00e0<\/strong> Onlus, il <strong>Corpo Volontari di Protezione Civile<\/strong> Nucleo Mobile di Pronto Intervento Provincia di Varese, e l\u2019<strong>associazione On<\/strong> guidata da <strong>Max Laudadio<\/strong>.<\/p>\n<p>Saranno quindi le associazioni a premettere di prorogare di un mese la permanenza del \u201cGlass Emotion Bridge\u201d, visitato nei primi quattro giorni di apertura da<strong> oltre 6.000 persone<\/strong>, mentre oltre 52mila sono state le visualizzazioni sulla pagina Facebook di Varesenews del video dell\u2019installazione. Sono gi\u00e0 previsti anche spettacoli ed esibizioni: ma di questo ne verremo a sapere piu avanti<\/p>\n<p><iframe loading=\"lazy\" style=\"border: none; overflow: hidden;\" src=\"https:\/\/www.facebook.com\/plugins\/video.php?href=https%3A%2F%2Fwww.facebook.com%2Fvaresenews%2Fvideos%2F10156137659211832%2F&amp;show_text=0&amp;width=560\" width=\"560\" height=\"315\" frameborder=\"0\" scrolling=\"no\" allowfullscreen=\"allowfullscreen\"><\/iframe><\/p>\n","protected":false},"excerpt":{"rendered":"<p>Chiusi i battenti della Varese Design Week, la passerella \u201csospesa\u201d ideata da Roberto Torsellini e installata in piazza Podest\u00e0 a<\/p>\n","protected":false},"author":48,"featured_media":0,"comment_status":"open","ping_status":"open","sticky":false,"template":"","format":"standard","meta":{"footnotes":""},"categories":[2],"tags":[],"acf":[],"yoast_head":"<!-- This site is optimized with the Yoast SEO plugin v20.1 - https:\/\/yoast.com\/wordpress\/plugins\/seo\/ -->\n<title>Il glass emotion bridge emozioner\u00e0 fino a met\u00e0 maggio<\/title>\n<meta name=\"description\" content=\"Chiusi i battenti della Varese Design Week, la passerella \u201csospesa\u201d ideata da Roberto Torsellini e installata in piazza Podest\u00e0 a Varese dalla Torsellini\" \/>\n<meta name=\"robots\" content=\"noindex, follow, max-snippet:-1, max-image-preview:large, max-video-preview:-1\" \/>\n<meta property=\"og:locale\" content=\"it_IT\" \/>\n<meta property=\"og:type\" content=\"article\" \/>\n<meta property=\"og:title\" content=\"Il glass emotion bridge emozioner\u00e0 fino a met\u00e0 maggio\" \/>\n<meta property=\"og:description\" content=\"Chiusi i battenti della Varese Design Week, la passerella \u201csospesa\u201d ideata da Roberto Torsellini e installata in piazza Podest\u00e0 a Varese dalla Torsellini\" \/>\n<meta property=\"og:url\" content=\"https:\/\/staging.varesenews.it\/2018\/04\/glass-emotion-bridge-emozionera-meta-maggio\/708634\/\" \/>\n<meta property=\"og:site_name\" content=\"VareseNews\" \/>\n<meta property=\"article:publisher\" content=\"https:\/\/www.facebook.com\/varesenews\" \/>\n<meta property=\"article:author\" content=\"https:\/\/www.facebook.com\/stefaniaradman\" \/>\n<meta property=\"article:published_time\" content=\"2018-04-16T11:36:23+00:00\" \/>\n<meta property=\"article:modified_time\" content=\"2018-04-17T08:13:23+00:00\" \/>\n<meta name=\"author\" content=\"Stefania Radman\" \/>\n<meta name=\"twitter:card\" content=\"summary_large_image\" \/>\n<meta name=\"twitter:creator\" content=\"@LaRadman\" \/>\n<meta name=\"twitter:site\" content=\"@varesenews\" \/>\n<meta name=\"twitter:label1\" content=\"Scritto da\" \/>\n\t<meta name=\"twitter:data1\" content=\"Stefania Radman\" \/>\n\t<meta name=\"twitter:label2\" content=\"Tempo di lettura stimato\" \/>\n\t<meta name=\"twitter:data2\" content=\"1 minuto\" \/>\n<script type=\"application\/ld+json\" class=\"yoast-schema-graph\">{\"@context\":\"https:\/\/schema.org\",\"@graph\":[{\"@type\":\"WebPage\",\"@id\":\"https:\/\/staging.varesenews.it\/2018\/04\/glass-emotion-bridge-emozionera-meta-maggio\/708634\/\",\"url\":\"https:\/\/staging.varesenews.it\/2018\/04\/glass-emotion-bridge-emozionera-meta-maggio\/708634\/\",\"name\":\"Il glass emotion bridge emozioner\u00e0 fino a met\u00e0 maggio\",\"isPartOf\":{\"@id\":\"https:\/\/staging.varesenews.it\/#website\"},\"datePublished\":\"2018-04-16T11:36:23+00:00\",\"dateModified\":\"2018-04-17T08:13:23+00:00\",\"author\":{\"@id\":\"https:\/\/staging.varesenews.it\/#\/schema\/person\/995d2e6a31c67237a9a1bc1f0079f3aa\"},\"description\":\"Chiusi i battenti della Varese Design Week, la passerella \u201csospesa\u201d ideata da Roberto Torsellini e installata in piazza Podest\u00e0 a Varese dalla Torsellini\",\"breadcrumb\":{\"@id\":\"https:\/\/staging.varesenews.it\/2018\/04\/glass-emotion-bridge-emozionera-meta-maggio\/708634\/#breadcrumb\"},\"inLanguage\":\"it-IT\",\"potentialAction\":[{\"@type\":\"ReadAction\",\"target\":[\"https:\/\/staging.varesenews.it\/2018\/04\/glass-emotion-bridge-emozionera-meta-maggio\/708634\/\"]}]},{\"@type\":\"BreadcrumbList\",\"@id\":\"https:\/\/staging.varesenews.it\/2018\/04\/glass-emotion-bridge-emozionera-meta-maggio\/708634\/#breadcrumb\",\"itemListElement\":[{\"@type\":\"ListItem\",\"position\":1,\"name\":\"Home\",\"item\":\"https:\/\/www.varesenews.it\/\"},{\"@type\":\"ListItem\",\"position\":2,\"name\":\"Il glass emotion bridge emozioner\u00e0 fino a met\u00e0 maggio\"}]},{\"@type\":\"WebSite\",\"@id\":\"https:\/\/staging.varesenews.it\/#website\",\"url\":\"https:\/\/staging.varesenews.it\/\",\"name\":\"VareseNews\",\"description\":\"\",\"potentialAction\":[{\"@type\":\"SearchAction\",\"target\":{\"@type\":\"EntryPoint\",\"urlTemplate\":\"https:\/\/staging.varesenews.it\/?s={search_term_string}\"},\"query-input\":\"required name=search_term_string\"}],\"inLanguage\":\"it-IT\"},{\"@type\":\"Person\",\"@id\":\"https:\/\/staging.varesenews.it\/#\/schema\/person\/995d2e6a31c67237a9a1bc1f0079f3aa\",\"name\":\"Stefania Radman\",\"image\":{\"@type\":\"ImageObject\",\"inLanguage\":\"it-IT\",\"@id\":\"https:\/\/staging.varesenews.it\/#\/schema\/person\/image\/\",\"url\":\"https:\/\/staging.varesenews.it\/wp-content\/uploads\/2020\/12\/stefania_radman_colori_500.jpg\",\"contentUrl\":\"https:\/\/staging.varesenews.it\/wp-content\/uploads\/2020\/12\/stefania_radman_colori_500.jpg\",\"caption\":\"Stefania Radman\"},\"description\":\"Varesina dal 1991, lavoro dal 2000 per Varesenews.it, prima come responsabile della pagina dell&rsquo;economia, poi della pagina life, ora della citt&agrave; di Varese.Ma sono (e sono stata) anche altro: per esempio, agli albori delle radio private ero dj in una radio milanese, Onda Radio. Da 20 anni sono corrispondente da Varese di Radio Popolare e ho collaborato con Espresso, Repubblica, Diario della Settimana, Italia Oggi. &ldquo;Smanettona&rdquo; da sempre, ho aperto il mio primo sito personale con Geocities nei primi anni novanta (chi se lo ricorda?) e i miei primi blog in Splinder all&rsquo;inizio del 2000. Ora sono sui social: qui quasi sempre sono semplicemente \\\"LaRadman&rdquo;.\",\"sameAs\":[\"http:\/\/laradman.blogspot.it\",\"https:\/\/www.facebook.com\/stefaniaradman\",\"@LaRadman\",\"https:\/\/www.linkedin.com\/in\/stefaniaradman\",\"https:\/\/twitter.com\/LaRadman\"],\"url\":\"https:\/\/staging.varesenews.it\/persona\/stefania-radman1\/\"}]}<\/script>\n<!-- \/ Yoast SEO plugin. -->","yoast_head_json":{"title":"Il glass emotion bridge emozioner\u00e0 fino a met\u00e0 maggio","description":"Chiusi i battenti della Varese Design Week, la passerella \u201csospesa\u201d ideata da Roberto Torsellini e installata in piazza Podest\u00e0 a Varese dalla Torsellini","robots":{"index":"noindex","follow":"follow","max-snippet":"max-snippet:-1","max-image-preview":"max-image-preview:large","max-video-preview":"max-video-preview:-1"},"og_locale":"it_IT","og_type":"article","og_title":"Il glass emotion bridge emozioner\u00e0 fino a met\u00e0 maggio","og_description":"Chiusi i battenti della Varese Design Week, la passerella \u201csospesa\u201d ideata da Roberto Torsellini e installata in piazza Podest\u00e0 a Varese dalla Torsellini","og_url":"https:\/\/staging.varesenews.it\/2018\/04\/glass-emotion-bridge-emozionera-meta-maggio\/708634\/","og_site_name":"VareseNews","article_publisher":"https:\/\/www.facebook.com\/varesenews","article_author":"https:\/\/www.facebook.com\/stefaniaradman","article_published_time":"2018-04-16T11:36:23+00:00","article_modified_time":"2018-04-17T08:13:23+00:00","author":"Stefania Radman","twitter_card":"summary_large_image","twitter_creator":"@LaRadman","twitter_site":"@varesenews","twitter_misc":{"Scritto da":"Stefania Radman","Tempo di lettura stimato":"1 minuto"},"schema":{"@context":"https:\/\/schema.org","@graph":[{"@type":"WebPage","@id":"https:\/\/staging.varesenews.it\/2018\/04\/glass-emotion-bridge-emozionera-meta-maggio\/708634\/","url":"https:\/\/staging.varesenews.it\/2018\/04\/glass-emotion-bridge-emozionera-meta-maggio\/708634\/","name":"Il glass emotion bridge emozioner\u00e0 fino a met\u00e0 maggio","isPartOf":{"@id":"https:\/\/staging.varesenews.it\/#website"},"datePublished":"2018-04-16T11:36:23+00:00","dateModified":"2018-04-17T08:13:23+00:00","author":{"@id":"https:\/\/staging.varesenews.it\/#\/schema\/person\/995d2e6a31c67237a9a1bc1f0079f3aa"},"description":"Chiusi i battenti della Varese Design Week, la passerella \u201csospesa\u201d ideata da Roberto Torsellini e installata in piazza Podest\u00e0 a Varese dalla Torsellini","breadcrumb":{"@id":"https:\/\/staging.varesenews.it\/2018\/04\/glass-emotion-bridge-emozionera-meta-maggio\/708634\/#breadcrumb"},"inLanguage":"it-IT","potentialAction":[{"@type":"ReadAction","target":["https:\/\/staging.varesenews.it\/2018\/04\/glass-emotion-bridge-emozionera-meta-maggio\/708634\/"]}]},{"@type":"BreadcrumbList","@id":"https:\/\/staging.varesenews.it\/2018\/04\/glass-emotion-bridge-emozionera-meta-maggio\/708634\/#breadcrumb","itemListElement":[{"@type":"ListItem","position":1,"name":"Home","item":"https:\/\/www.varesenews.it\/"},{"@type":"ListItem","position":2,"name":"Il glass emotion bridge emozioner\u00e0 fino a met\u00e0 maggio"}]},{"@type":"WebSite","@id":"https:\/\/staging.varesenews.it\/#website","url":"https:\/\/staging.varesenews.it\/","name":"VareseNews","description":"","potentialAction":[{"@type":"SearchAction","target":{"@type":"EntryPoint","urlTemplate":"https:\/\/staging.varesenews.it\/?s={search_term_string}"},"query-input":"required name=search_term_string"}],"inLanguage":"it-IT"},{"@type":"Person","@id":"https:\/\/staging.varesenews.it\/#\/schema\/person\/995d2e6a31c67237a9a1bc1f0079f3aa","name":"Stefania Radman","image":{"@type":"ImageObject","inLanguage":"it-IT","@id":"https:\/\/staging.varesenews.it\/#\/schema\/person\/image\/","url":"https:\/\/staging.varesenews.it\/wp-content\/uploads\/2020\/12\/stefania_radman_colori_500.jpg","contentUrl":"https:\/\/staging.varesenews.it\/wp-content\/uploads\/2020\/12\/stefania_radman_colori_500.jpg","caption":"Stefania Radman"},"description":"Varesina dal 1991, lavoro dal 2000 per Varesenews.it, prima come responsabile della pagina dell&rsquo;economia, poi della pagina life, ora della citt&agrave; di Varese.Ma sono (e sono stata) anche altro: per esempio, agli albori delle radio private ero dj in una radio milanese, Onda Radio. Da 20 anni sono corrispondente da Varese di Radio Popolare e ho collaborato con Espresso, Repubblica, Diario della Settimana, Italia Oggi. &ldquo;Smanettona&rdquo; da sempre, ho aperto il mio primo sito personale con Geocities nei primi anni novanta (chi se lo ricorda?) e i miei primi blog in Splinder all&rsquo;inizio del 2000. Ora sono sui social: qui quasi sempre sono semplicemente \"LaRadman&rdquo;.","sameAs":["http:\/\/laradman.blogspot.it","https:\/\/www.facebook.com\/stefaniaradman","@LaRadman","https:\/\/www.linkedin.com\/in\/stefaniaradman","https:\/\/twitter.com\/LaRadman"],"url":"https:\/\/staging.varesenews.it\/persona\/stefania-radman1\/"}]}},"post_meta":{"_edit_lock":"1523952693:48","_edit_last":"48","_category_permalink":"a:1:{s:8:\"category\";s:0:\"\";}","argomento":"Varese","_yoast_wpseo_content_score":"30","_jd_tweet_this":"yes","ratings_users":"0","ratings_score":"0","ratings_average":"0","id_leggi_anche":"708291,701509,707686,708818,709873","foto":"666885,666889","_wpt_short_url":"http:\/\/www.varesenews.it\/2018\/04\/glass-emotional-bridge-emozionera-meta-maggio\/708634\/","_wp_jd_target":"http:\/\/www.varesenews.it\/2018\/04\/glass-emotional-bridge-emozionera-meta-maggio\/708634\/","_jd_wp_twitter":"a:1:{i:0;s:145:\"Il glass emotional bridge emozioner\u00e0 fino a met\u00e0 maggio http:\/\/www.varesenews.it\/2018\/04\/glass-emotional-bridge-emozionera-meta-maggio\/708634\/ \";}","_wpt_status_message":"Tweet inviato con successo.","id_link_fotogallery":"708292,705381","_wp_old_slug":"glass-emotional-bridge-emozionera-meta-maggio"},"photos":[{"original":"https:\/\/staging.varesenews.it\/photogallery_new\/images\/2018\/04\/caricamento-temporaneo-per-contributo-q24dmgmhig-666885.jpg","full":"https:\/\/staging.varesenews.it\/photogallery_new\/images\/2018\/04\/caricamento-temporaneo-per-contributo-q24dmgmhig-666885.1024x768.jpg","large":"https:\/\/staging.varesenews.it\/photogallery_new\/images\/2018\/04\/caricamento-temporaneo-per-contributo-q24dmgmhig-666885.610x431.jpg"},{"original":"https:\/\/staging.varesenews.it\/photogallery_new\/images\/2018\/04\/caricamento-temporaneo-per-contributo-q24dmgmhig-666889.jpg","full":"https:\/\/staging.varesenews.it\/photogallery_new\/images\/2018\/04\/caricamento-temporaneo-per-contributo-q24dmgmhig-666889.1024x768.jpg","large":"https:\/\/staging.varesenews.it\/photogallery_new\/images\/2018\/04\/caricamento-temporaneo-per-contributo-q24dmgmhig-666889.610x431.jpg"}],"_links":{"self":[{"href":"https:\/\/staging.varesenews.it\/swgapi\/v1\/wp\/v2\/posts\/708634"}],"collection":[{"href":"https:\/\/staging.varesenews.it\/swgapi\/v1\/wp\/v2\/posts"}],"about":[{"href":"https:\/\/staging.varesenews.it\/swgapi\/v1\/wp\/v2\/types\/post"}],"author":[{"embeddable":true,"href":"https:\/\/staging.varesenews.it\/swgapi\/v1\/wp\/v2\/users\/48"}],"replies":[{"embeddable":true,"href":"https:\/\/staging.varesenews.it\/swgapi\/v1\/wp\/v2\/comments?post=708634"}],"version-history":[{"count":0,"href":"https:\/\/staging.varesenews.it\/swgapi\/v1\/wp\/v2\/posts\/708634\/revisions"}],"wp:attachment":[{"href":"https:\/\/staging.varesenews.it\/swgapi\/v1\/wp\/v2\/media?parent=708634"}],"wp:term":[{"taxonomy":"category","embeddable":true,"href":"https:\/\/staging.varesenews.it\/swgapi\/v1\/wp\/v2\/categories?post=708634"},{"taxonomy":"post_tag","embeddable":true,"href":"https:\/\/staging.varesenews.it\/swgapi\/v1\/wp\/v2\/tags?post=708634"}],"curies":[{"name":"wp","href":"https:\/\/api.w.org\/{rel}","templated":true}]}}