{"id":709984,"date":"2018-04-20T12:51:07","date_gmt":"2018-04-20T10:51:07","guid":{"rendered":"http:\/\/www.varesenews.it\/?p=709984"},"modified":"2018-04-20T18:01:31","modified_gmt":"2018-04-20T16:01:31","slug":"agenda-ricca-vietato-stare-casa","status":"publish","type":"post","link":"https:\/\/staging.varesenews.it\/2018\/04\/agenda-ricca-vietato-stare-casa\/709984\/","title":{"rendered":"Agenda ricca, vietato stare in casa"},"content":{"rendered":"<p>Un fine settimana di sole e caldo e tanti eventi in provincia. Eccoli:<\/p>\n<p><strong>Meteo &#8211;\u00a0<\/strong>Le temperature si sono alzate, ce ne siamo accorti tutti, ma nel week end lo faranno ancora: saranno un sabato e una domenica da pantaloncini e maglietta a manica corta. &#8211; <a href=\"http:\/\/www.varesenews.it\/2018\/04\/esplode-caldo-nel-weekend\/710025\/\">Il meteo del weekend\u00a0<\/a><\/p>\n<p><strong>ITINERARI\u00a0<\/strong><\/p>\n<p>Cercate un&#8217;idea per una gita in famiglia o un pomeriggio romantico? Alcune proposte per godersi laghi e monti dall&#8217;alto e senza fatica &#8211; <a href=\"http:\/\/www.varesenews.it\/2018\/04\/vetta-funivia-cinque-panorami-comodi-spettacolari\/709983\/\">LEGGI QUI\u00a0<\/a><\/p>\n<p><strong>INCONTRI\u00a0<\/strong><\/p>\n<p><strong>Varese &#8211;<\/strong> Sabato incontro &#8220;Incendi e vegetazione spontanea: prevenzione, danni e possibilit\u00e0 di recupero&#8221;.\u00a0Conversazioni al Sacro Monte, Settima Edizione in\u00a0Via del Ceppo, 5 al\u00a0Sacro Monte alle\u00a0ore 15. 30.\u00a0Relatore: Bruno Cerabolini, Docente Ordinario di Botanica Ambientale e Applicata presso l&#8217;Universit\u00e0 dell&#8217;Insubria<\/p>\n<p><strong>Varese &#8211;<\/strong> Sabato incontro &#8220;Bullismo e cyberbullismo. Nuove prospettive in ambito psicologico e giuridico&#8221;, dalle ore 9.00 alle ore 16.30 al\u00a0Collegio Arcivescovile \u201cDe Filippi\u201d di\u00a0Via Brambilla, 15. Convegno organizzato dal Rotary Club Laveno Luino Alto Verbano. La giornata si propone quale occasione di studio e approfondimento del fenomeno del bullismo, del cyberbullismo e, pi\u00f9 in generale, dei rischi legati all\u2019utilizzo delle nuove tecnologie. Al convegno saranno presenti numerosi relatori provenienti dal mondo universitario, giuridico e sociale. Per informazioni: Auxilium International Onlus, tel.: 0332 287039.<\/p>\n<p><strong>Varese &#8211;<\/strong> Sabato &#8220;The Look of Silence&#8221; di Joshua Oppenheimer,\u00a0ore 21.00 alla Sala Montanari del Comune di Varese\u00a0 in\u00a0Piazza dei Bersaglieri 1. Un grande documentario che diventa vera testimonianza di un passato che si vuole<br \/>\noscurare.\u00a0Nel 2016 \u00e8 stato nominato per il\u00a0premio Oscar\u00a0quale miglior<br \/>\ndocumentario.<\/p>\n<p><strong>Varese<\/strong> &#8211;\u00a0Sabato 21 aprile a Villa e Collezione Panza a Varese si propone, dalle ore 11 alle 17, uno speciale appuntamento dedicato ai futuri sposi, che potranno trovare, in un sito d\u2019eccezione, tutto ci\u00f2 che pu\u00f2 rendere unico e indimenticabile il giorno delle nozze. &#8211; <a href=\"http:\/\/www.varesenews.it\/2018\/04\/wedding-day-villa-panza-matrimonio-regola-darte\/708721\/\">Tutto il programma\u00a0<\/a><\/p>\n<p><strong>Varese &#8211;<\/strong> Domenica 22 aprile appuntamento &#8220;Tracce un patrimonio da esplorare&#8221;, Visita guidata al Villaggio Cagnola, dalle 15.30 alle 17.30 alla\u00a0Rasa di Varese. Info: tel. 327 9071249, email: info.elmodernista@gmail.com.<\/p>\n<p><strong>Varese &#8211;<\/strong> Domenica &#8220;Concerto e S. Messa cantata&#8221; al\u00a0Santuario di Santa Maria del Monte. Alle ore 14.30, concerto con il\u00a0Corpo Musicale Mornaghese, Corpo Musicale G. Colombo e Coro Harmonia. Alle\u00a0ore 16.30, S. Messa Cantata del\u00a0Coro Harmonia<\/p>\n<p><strong>Varese<\/strong> &#8211; Domenica visioni d&#8217;altri tempi su Casa Pogliaghi.\u00a0Conferenza nell&#8217;ambito del ciclo di tre incontri dal titolo &#8220;Sacro Monte d&#8217;altri tempi&#8221; con visita guidata. Dalle 15.\u00a0Costo pari al biglietto d\u2019ingresso: 5\u00a0\u20ac intero, 3\u00a0\u20ac ridotto<br \/>\nIngresso libero e gratuito. Per informazioni: 366 4774873 &#8211; 328 8377206 &#8211; info@sacromontedivarese.it.<\/p>\n<p><strong>Varese &#8211;<\/strong> &#8220;Bosto e Sant\u2019Imerio con gli Ulivi del Monte Bernasco&#8221;. Domenica appuntamento con le Uscite Narranti alle 15. Incontro al\u00a0Monumento ai Caduti in piazza Repubblica. Up and down, su e gi\u00f9 da una collina all\u2019altra. Bosto antica castellanza, la chiesetta di Sant\u2019Imerio martire con San Gemolo. Ville che hanno fatto la storia e il parco degli Ulivi ancora poco conosciuto. Durata 3h circa. www.officinambiente.org.<\/p>\n<p><strong>Varese &#8211;<\/strong>\u00a0Sar\u00e0 domenica 22 aprile 2018 l\u2019evento \u201csalti solidali\u201d organizzato dagli amici dell\u2019asilo infantile Macchi Zonda, all\u2019oratorio di Biumo Inferiore, per finanziarne le attivit\u00e0. Tra gli ospiti i &#8220;Truzzi Volanti&#8221; &#8211;<a href=\"http:\/\/www.varesenews.it\/2018\/04\/arriva-domenica-la-festa-dellasilo-truzzi-volanti-la-pizza-gourmet\/706764\/\"> Tutto il programma\u00a0<\/a><\/p>\n<p><strong>Schiranna &#8211;<\/strong> Le giostre del Luna Park sono aperte per tutto il fine settimana.<\/p>\n<p><strong>Casalzuigno &#8211;<\/strong>\u00a0Villa Della Porta Bozzolo &#8211; Bene del FAI &#8211; Fondo Ambiente Italiano a Casalzuigno (VA), apre le sue porte ai produttori caseari ospitando una mostra e mercato dedicata alla Formaggella del Luinese e agli altri prodotti del territorio, in collaborazione con il Consorzio per la Tutela della Formaggella del Luinese. Domenica 22 aprile 2018, dalle 10 alle 18, degustazioni, incontri, animali, percorsi di scoperta per bambini e per adulti. &#8211; <a href=\"http:\/\/www.varesenews.it\/2018\/04\/sapori-del-territorio-protagonisti-villa-della-porta-bozzolo\/709052\/\">Tutto il programma\u00a0<\/a><\/p>\n<div class=\"photo-inside-post\"><img decoding=\"async\" loading=\"lazy\" fetchpriority=\"low\" width=\"610\" height=\"431\" src=\"https:\/\/staging.varesenews.it\/photogallery_new\/images\/2018\/04\/fioritura-665829.610x431.jpg\" alt=\"Fioritura\"><\/div>\n<p><strong>Gemonio &#8211;\u00a0<\/strong>Domenica 22\u00a0appuntamento con\u00a0\u201cScoprire camminando\u201d, una passeggiata \u2013 con\u00a0inizio alle 9,30\u00a0dal centro polivalente di via Curti \u2013 lungo la cosiddetta\u00a0<em>Gemoniasca,<\/em>\u00a0il sentiero che \u00e8 una sorta di \u201ctangenziale verde\u201d del paese. Nel corso della camminata si toccher\u00e0 anche il torrente\u00a0Viganella\u00a0per visitare i lavori di pulizia effettuati dagli uomini della locale squadra di Protezione Civile. &#8211; <a href=\"http:\/\/www.varesenews.it\/2018\/04\/settimana-ricca-appuntamenti-gemonio\/708988\/\">Tutto il programma\u00a0<\/a><\/p>\n<p><strong>Ispra &#8211;\u00a0<\/strong>Dopo il successo delle precedenti edizioni, quest\u2019anno \u201cInfiorita\u201d &#8211; l\u2019esposizione dedicata al florovivaismo, alle attrezzature e agli accessori da giardino \u2013 si terr\u00e0 il 21-22 aprile sul lungolago di Ispra. L\u2019organizzazione dell\u2019evento \u00e8 a cura della ProLoco di Ispra, con il patrocino dell\u2019Amministrazione Comunale. &#8211;<a href=\"http:\/\/www.varesenews.it\/2018\/04\/torna-infiorita-fiori-curiosita-tutti-sul-lungolago-ispra\/708875\/\"> Tutto il programma\u00a0<\/a><\/p>\n<p><strong>Laveno Mombello &#8211;\u00a0<\/strong>Sabato e domenica per tutto il giorno le bancarelle del mercatino del privato in piazza Ferrovie Nord.<\/p>\n<p><strong>Inarzo &#8211;\u00a0<\/strong>\u201cLa natura \u00e8 una di famiglia\u201d \u00e8 il tema che caratterizzer\u00e0 la &#8220;Festa delle oasi e delle riserve della Lipu&#8221;, che quest\u2019anno si svolger\u00e0 domenica 22 aprile.\u00a0All\u2019oasi LIPU Palude Brabbia a Inarzo per l&#8217;occasione \u00e8 stato organizza un pomeriggio ricco di iniziative per adulti e bambini a partire dalle ore 14.30. &#8211; <a href=\"http:\/\/www.varesenews.it\/2018\/04\/domenica-alla-palude-brabbia-la-festa-delle-oasi-lipu\/709585\/\">Tutto il programma\u00a0<\/a><\/p>\n<p><strong>Angera &#8211;<\/strong>\u00a0Appuntamento al Museo Archeologico domenica 22 aprile alle ore 17.30, presso la Sala conferenze del Museo, Via Marconi 2 \u2013 Angera (Va). Filippo Maria Gambari, gi\u00e0 Soprintendente per l\u2019Archeologia della Liguria, dell\u2019Emilia e della Lombardia, oggi direttore del Museo delle Civilt\u00e0 di Roma, parler\u00e0 di &#8220;Un alfabeto antico per lingue \u2018nuove\u2019: racconter\u00e0 come avvenne quel delicato passaggio dalla protostoria alla storia presso le popolazioni cisalpine&#8221; &#8211; <a href=\"http:\/\/www.varesenews.it\/2018\/04\/filippo-maria-gambari-ad-angera-ciclo-le-voci-degli-altri\/707966\/\">Tutto il programma\u00a0<\/a><\/p>\n<p><strong>Luino &#8211;\u00a0<\/strong>Sabato 21 aprile alle 18.00 presso la sala conferenze della biblioteca civica di Villa Hussy (Piazza Risorgimento 2 a Luino) si terr\u00e0 la presentazione del volume \u201cTutti gli uomini di Francesco. I nuovi cardinali si raccontano\u201d. Interverr\u00e0 l\u2019autore, Fabio Marchese Ragona e l\u2019incontro sar\u00e0 moderato da Alessandro Franzetti. &#8211; <a href=\"http:\/\/www.varesenews.it\/2018\/04\/tutti-gli-uomini-francesco-nuovi-cardinali-si-raccontano\/708698\/\">Tutto il programma\u00a0<\/a><\/p>\n<p><strong>Valganna &#8211;<\/strong>\u00a0La Pro loco organizza, sabato sera, uno spettacolo con Matteo Carraro, mago, mentalista e illusionista e a seguire cena. Alle 20 nell\u2019area feste Prato Airolo di Ganna in via Roma 12, 30 euro. Info e prenotazioni al 338.2682141.<\/p>\n<div class=\"photo-inside-post\"><img decoding=\"async\" loading=\"lazy\" fetchpriority=\"low\" width=\"610\" height=\"431\" src=\"https:\/\/staging.varesenews.it\/photogallery_new\/images\/2016\/04\/festa-olandese-ad-azzate-2016-535143.610x431.jpg\" alt=\"Festa Olandese ad Azzate 2016\"><\/div>\n<p><strong>Azzate &#8211;<\/strong>\u00a0E\u2019 una manifestazione semplice ma molto attesa dagli olandesi che vivono in provincia di Varese. Sabato 21 aprile 2018 ad Azzate torna la festa nazionale olandese \u201cKoningsdag\u201c: questa volta sar\u00e0 allestita nel cortile del palazzo Comunale, la villa Benizzi Castellani. &#8211; <a href=\"http:\/\/www.varesenews.it\/2018\/04\/tutti-vestiti-darancione-torna-la-festa-olandese\/709027\/\">Tutto il programma\u00a0<\/a><\/p>\n<p><strong>Mustonate &#8211;<\/strong> Festa di primavera a Mustonate con le E-Bike. Domenica 22 aprile giornata di festa e la possibilit\u00e0 di provare le E-Bike con A Ruota Libera Varese &amp; Sbranz Bike grazie alla collaborazione con la Pro Loco di Buguggiate e ASD Emissioni Zero &#8211;<a href=\"http:\/\/www.varesenews.it\/2018\/04\/festa-primavera-mustonate-le-bike\/708115\/\"> Tutto il programma\u00a0<\/a><\/p>\n<p><strong>Bodio Lomnago &#8211;<\/strong>\u00a0Dal 20 al 22 aprile appuntamento con il meeting internazionale dell&#8217;Ex Libris. L\u2019evento richiama artisti e collezionisti di tutto il mondo: saranno oltre 100, provenienti anche da Russia, Cina, India, Stati Uniti. &#8211; <a href=\"http:\/\/www.varesenews.it\/2018\/04\/ex-libris-arte-cultura-senza-confini\/709317\/\">Tutto il programma\u00a0<\/a><\/p>\n<p><strong>Vergiate &#8211;\u00a0<\/strong>Il Gelato di Marina di via Piave a Vergiate, ci tiene a festeggiare il 5\u00b0 anniversario di apertura! con tutti i suoi adorati clienti ma anche con chiunque vorr\u00e0 assaggiare il suo delizioso gelato. E per l\u2019occasione, sabato 21 aprile, dalle ore 13 alle ore 22, vi aspetta una super offerta &#8211;<a href=\"http:\/\/www.varesenews.it\/evento\/gelato-marina-compie-5-anni\/\"> Tutte le info<\/a><\/p>\n<p><strong>Viggi\u00f9 &#8211;<\/strong>\u00a0Un giornata sulla Linea Cadorna, tra natura, storia e memoria. Suggestiva camminata con rievocazioni storiche per i 100 anni della fine della Prima guerra mondiale. L&#8217;appuntamento \u00e8 per domenica 22 aprile &#8211; <a href=\"http:\/\/www.varesenews.it\/2018\/04\/un-giornata-sulla-linea-cadorna-natura-storia-memoria\/709047\/\">Tutto il programma<\/a><\/p>\n<p><strong>Sumirago &#8211;\u00a0<\/strong>Nella splendida cornice della settecentesca Villa Molino, sede del Comune, l\u2019Amministrazione comunale organizza la prima edizione del \u201cMercatino di Primavera Sumirago \u2013 Sapori ed artigianato\u201d. Un appuntamento che vedr\u00e0 protagonisti i prodotti a chilometro \u201c0\u201d delle aziende agricole locali con un programma che si svolge per tutta la giornata di domenica 22 aprile, dalle 10 alle 18. &#8211; <a href=\"http:\/\/www.varesenews.it\/2018\/04\/nel-parco-della-villa-comunale-arriva-primo-mercatino-primavera\/709287\/\">Tutto il programma\u00a0<\/a><\/p>\n<p><strong>Venegono Superiore &#8211;\u00a0<\/strong>Una giornata dedicata alle auto storiche con la \u201cFesta di primavera\u201d e il Trofeo Enzo Bellardi organizzati dall\u2019associazione Auto Moto Storiche Varese. L\u2019evento \u00e8 in programma domenica 22 aprile, ed \u00e8 riservato alle auto storiche fino al 1998. In programma ben 75 prove cronometrate che si svolgeranno tra Venegono Superiore e Castiglione Olona, con una tappa al Museo delle pompe di benzina Fisogni di Tradate. &#8211; <a href=\"http:\/\/www.varesenews.it\/2018\/04\/festa-primavera-le-auto-storiche-trofeo-bellardi\/709277\/\">Tutto il programma\u00a0<\/a><\/p>\n<p><strong>Sesto Calende &#8211;<\/strong>\u00a0Sabato camminata gratuita lungo fiume per avere un sano stile di vita e una corretta nutrizione. Partenza alle 15.30 in piazza Guarana. Informazioni al 349.5455681.<\/p>\n<p><strong>Carronno Varesino &#8211;\u00a0<\/strong>Tre giorni speciali per il restauro dell\u2019altare di Bernardino Castelli. Domenica 22 aprile ci sar\u00e0 l\u2019Arcivescovo Monsignor Delpini per dare la sua benedizione all&#8217;opera &#8211; <a href=\"http:\/\/www.varesenews.it\/2018\/04\/tre-giorni-speciali-restauro-dellaltare-bernardino-castelli\/709676\/\">Tutto il programma\u00a0<\/a><\/p>\n<p><strong>Fagnano Olona &#8211;<\/strong>\u00a0Domenica c&#8217;\u00e8 la &#8220;Festa di primavera&#8221;. Dalle 12 alle 19 ai Calimali danze, laboratori artistici, presentazione della nuova Via Fiancisca del Lucomagno e banco gastronomico. Informazioni al 328.0216670.<\/p>\n<p><strong>Jerago con Orago &#8211;<\/strong>\u00a0Domenica 22 aprile, il Castello di Jerago, in collaborazione con Serena Roga Events e C\u2019era una volta nonna Maria Catering, apre le porte a voi, futuri coppie di sposi, con un duplice evento: un pranzo di degustazione, per assaporare in anteprima i nostri menu dedicati alle nozze, e un pomeriggio di visite, per coloro che desiderano organizzare la propria cerimonia e farsi consigliare dalle migliori realt\u00e0 del mondo wedding. &#8211; <a href=\"http:\/\/www.varesenews.it\/evento\/sposi-jerago-2018\/\">Tutto il programma\u00a0<\/a><\/p>\n<p><strong>Caronno Pertusella &#8211;<\/strong>\u00a0Sabato mercatino dell\u2019antiquariato, dell\u2019usato e del vintage nel parcheggio tra lo stadio e viale della Vittoria 999.<\/p>\n<p><strong>Busto Arsizio &#8211;\u00a0<\/strong>Il weekend della \u201cPrimavera in Fiore\u201d riempie le piazze di Busto<br \/>\nDall&#8217;arte nei cortili alla fine del Festival Fotografico Europeo passando per il Cammino di Sant&#8217;Agostino sono stati tanti gli eventi organizzati nel weekend in citt\u00e0\u00a0 &#8211; <a href=\"http:\/\/www.varesenews.it\/2018\/04\/weekend-della-primavera-fiore-riempie-le-piazze-busto\/708565\/\">Tutto il programma\u00a0<\/a><\/p>\n<p><strong>BAMBINI\u00a0<\/strong><\/p>\n<p><strong>Varese &#8211;<\/strong> Sabato 21 aprile appuntamento al Castello di Masnago con &#8220;Matisse&#8221; &#8211; Racconti d\u2019arte e laboratori creativi per bambini. Dalle ore 15.00 alle ore 17.45 ai\u00a0Musei Civici Via Cola di Rienzo, 42. Dalle ore 15.00 alle ore 16.45 dedicato ai bambini 7\/11 anni ore &#8211; dalle ore 16.30 alle ore 17.45 dedicato ai bambini 4\/6 anni<br \/>\nattivit\u00e0 10 Euro + 1 ingresso (da 6 anni) abbonamento 4 incontri 30 Euro.\u00a01\u00b0 adulto ingresso gratuito, altri 2 Euro. Prenotazione obbligatoria: Uff. Didattica tel. 0332.255473 (lun-gio 9\/12.30 &#8211; 14.30\/17, ven 9\/14.30) &#8211; Castello tel. 0332.820409 (mar-dom 9.30\/12.30 &#8211; 14\/18) &#8211; didattica.masnago@comune.varese.it<\/p>\n<p><strong>Busto Arsizio &#8211;<\/strong>\u00a0Domenica 22 aprile 2018, alle ore 15.30, presso il Museo del Tessile e della Tradizione Industriale di Busto Arsizio (via Volta n. 6) si terr\u00e0 la \u201cGiocomerenda: State sul pezzo!\u201d. &#8211; <a href=\"http:\/\/www.varesenews.it\/2018\/04\/domenica-torna-la-giocomerenda-al-museo-del-tessile\/709449\/\">Tutto il programma\u00a0<\/a><\/p>\n<p><strong>Castellanza &#8211;\u00a0<\/strong>Aperitivo e discoteca per sostenere i progetti dei giovani. Il Rotaract club Tradate organizza una serata al Ritual di Castellanza per raccogliere fondi ad un progetto che sar\u00e0 selezionato tramite un concorso &#8211; <a href=\"http:\/\/www.varesenews.it\/2018\/04\/aperitivo-discoteca-sostenere-progetti-dei-giovani\/709415\/\">Tutto il programma\u00a0<\/a><\/p>\n<p><strong>Tradate &#8211;<\/strong>\u00a0Andr\u00e0 avanti fino a domenica il festival \u201cTradate \u00e8 cultura\u201d, organizzato per i 60 anni della citt\u00e0 dal Tavolo della cultura cittadino che riunisce diverse realt\u00e0 culturali e associative tradatesi. &#8211; <a href=\"http:\/\/www.varesenews.it\/2018\/04\/domenica-festival-tradate-cultura\/709429\/\">Tutto il programma\u00a0<\/a><\/p>\n<div class=\"photo-inside-post\"><img decoding=\"async\" loading=\"lazy\" fetchpriority=\"low\" width=\"610\" height=\"431\" src=\"https:\/\/staging.varesenews.it\/photogallery_new\/images\/2017\/03\/fiera-del-vinile-597180.610x431.jpg\" alt=\"Fiera del vinile\"><\/div>\n<p><strong>MUSICA<\/strong><\/p>\n<p><strong>Radio &#8211;\u00a0<\/strong>Jack Cannon (alias Bruno Dorella) ai microfoni di SaunAlive.\u00a0L&#8217;appuntamento \u00e8 per domenica 22 aprile, alle 21, su &#8220;Never Was Radio&#8221; per una nuova puntata del documentario musicale &#8211; <a href=\"http:\/\/www.varesenews.it\/2018\/04\/jack-cannon-alias-bruno-dorella-ai-microfoni-saunalive\/709814\/\">Tutto il programma\u00a0<\/a><\/p>\n<p><strong>Gallarate &#8211;\u00a0<\/strong>Tornano i concerti live in piazza Garibaldi, grazie a Car\u00f9 Dischi. \u00c8 ormai un appuntamento fisso, quello del \u201cRecord Store Day\u201c, evento mondiale che ha appunto un affezionato pubblico anche a Gallarate. L&#8217;appuntamento \u00e8 per sabato 21 aprile a Gallarate ci saranno Radoslav Lorkovic, Bobo Rondelli, The Rad Trads, Filippo Graziani, Andrea Parodi, Chiara Giacobbe, Paul Henriksen, Lucia Comnes, Luca Rovini&amp;Companeros &#8211; <a href=\"http:\/\/www.varesenews.it\/2018\/04\/caru-offre-un-pomeriggio-concerti-record-store-day\/707693\/\">Tutto il programma\u00a0<\/a><\/p>\n<p><strong>Besozzo &#8211;<\/strong>\u00a0 In occasione dello &#8220;Record Store Day&#8221; di sabato 21 aprile Musical Box organizza l&#8217;incontro con Max Prandi. L&#8217;artista sar\u00e0 in negozio per\u00a0 presentare il suo nuovo album. Dalle 17 e 30, ingresso libero.<\/p>\n<p><strong>Travedona Monate &#8211;<\/strong> Secondo appuntamento della rassegna &#8220;Ciak si suona&#8221; a Travedona. Domenica 22 aprile al Cinema Santamanzio appuntamento con \u201cAmerican Graffiti\u201d (1973) di George Lucas (regista ricordato spesso solo per \u201cStar wars\u201d) che offre invece un ritratto malinconico e affettuoso dei primi Anni Sessanta, l\u2019epoca d\u2019ora del rock\u2019n\u2019roll. Proprio il rockabilly sar\u00e0 protagonista del live set dei \u201cThe Goose Bumps\u201d, formazione frizzante e coinvolgente, che vi far\u00e0 scatenare sull\u2019onda di intramontabili evergreen. A seguire aperitivo &#8211; <a href=\"http:\/\/www.varesenews.it\/2018\/04\/cinema-musica-live-aperitivo-al-santamanzio-inizia-ciak-si-suona\/704862\/\">Tutto il programma\u00a0<\/a><\/p>\n<p><strong>Varese &#8211;<\/strong>\u00a0Il fine settimana delle Cantine Coopuf inizia venerd\u00ec 20 aprile, alle 22 con una festa sfavillante e divertente a tema Rocky Horror Picture Show, organizzata da Arcigay Varese.\u00a0Sabato 21 aprile invece, alle 14 e 30 \u00e8\u00a0in programma un laboratorio condotto dalla psicoterapeuta e psicodrammatista Francesca Pelizzoni. La sera\u00a0invece, alle 22, appuntamento con #OverCover, la rassegna di cover particolari, inusuali di Cantine Coopuf presenta: \u201cSound Of Seattle\u201d, l\u2019omaggio ai grandi nomi della scena grunge di Seattle. Domenica aperitivo dell&#8217;accoglienza.- <a href=\"http:\/\/www.varesenews.it\/2018\/04\/serata-tema-rocky-horror-picture-show-la-musica-seattle\/709162\/\">Tutto il programma\u00a0<\/a><\/p>\n<p><strong>Varese &#8211;<\/strong> Fine settimana al Twiggy di Varese con, venerd\u00ec dj set e musiche degli anni &#8217;60, sabato la\u00a0 serata ispirata alla splendida colonna sonora della serie TV Stranger Things mentre domenica torna al Twiggy l&#8217;appuntamento con la serata dedicata al blues in collaborazione con Black &amp; Blue Festival! Protagonisti della serata saranno Ruben Minuto &amp; The Good Ole Manners &#8211; <a href=\"https:\/\/www.facebook.com\/twiggyvarese\/?hc_ref=ARSeWDsfa7MriACr3eaSeb_TK-68Rq6msSUNiRxfb-xj99cVSSveNGjZ0SSf_YEAUrM&amp;fref=nf\">Tutto il programma<\/a><\/p>\n<p><strong>Varese &#8211;\u00a0<\/strong>Rockabilly, country, western swing, blues e surf: questo\u00a0 promette Don Diego. Il concerto \u00e8 per domenica sera a La Vecchia Varese con\u00a0Don Diego Geraci: chitarra e voce,\u00a0Sandro Pittari: stand up drums, Luca Chiappara: contrabbasso.<\/p>\n<p><strong>Besozzo &#8211;<\/strong>\u00a0Gli Smallable Ensemble Plays the Beatles in scena al teatro Duse di Besozzo. L\u2019appuntamento con l\u2019eclettico quartetto guidato da Alex Gariazzo \u00e8 per venerd\u00ec 20 aprile sul palco di Via XXV Aprile.<a href=\"http:\/\/www.varesenews.it\/2018\/04\/gli-smallable-ensemble-e-le-musiche-dei-beatles-gioca-e-partecipa-alla-serata\/709098\/\"> &#8211; Tutto il programma\u00a0<\/a><\/p>\n<p><strong>Albizzate &#8211;<\/strong>\u00a0A The Family sabato sera ci sar\u00e0 il concerto di cesare Malfatti. L&#8217;appuntamento, come sempre \u00e8 ad ingresso gratuito. Il circolo \u00e8 aperto tutto il fine settimana.\u00a0&#8211; <a href=\"https:\/\/www.facebook.com\/TheFamilyCircoloDiAlbizzate\/\">Tutto il programma<\/a><\/p>\n<p><strong>Cardano al Campo &#8211;\u00a0<\/strong> Sabato 14 appuntamento con &#8220;I Re della Cantina&#8221;, live in occasione della &#8220;Festa d&#8217;Aprile&#8221; con ANPI. Prima birra offerta se ti tesseri in serata.<\/p>\n<p><strong>CELEBRAZIONI DEL 25 APRILE<\/strong><\/p>\n<p>In diversi comuni le iniziative e le celebrazioni per il 73\u00b0 anniversario della Liberazione avranno inizio nel fine settimana. Abbiamo raccolto i vari appuntamenti in un articolo &gt;<strong>\u00a0<a href=\"http:\/\/www.varesenews.it\/2018\/04\/festa-della-liberazione-tutti-gli-appuntamenti-provincia\/709363\/\">LE INIZIATIVE PER LA FESTA DELLA LIBERAZIONE<\/a><\/strong><\/p>\n<p><strong>ARTE<\/strong><\/p>\n<p><strong>Gavirate<\/strong> &#8211; Continua la mostra &#8220;Il genio di Dal\u00ec&#8221;\u00a0in programma fino al 31 agosto 2018. Un viaggio unico ed emozionante alla riscoperta della Sacra Bibbia e della Divina Commedia; un labirinto onirico e suggestivo tra i pilastri della nostra cultura, rivisitati dalla fantasia e immensa creativit\u00e0 del Maestro Salvador Dal\u00ec. &#8211; <a href=\"http:\/\/www.varesenews.it\/evento\/il-genio-di-dali\/\">Tutto il programma\u00a0<\/a><\/p>\n<p><strong>Voltorre &#8211;<\/strong> Continua la mostra\u00a0per festeggiare l&#8217;anniversario del coro Val Tinella realizzata dal Chiostro di Voltorre, una mostra per ripercorrere i suoi 50 anni di attivit\u00e0. Durante questi giorni di aprile si potranno visitare gli allestimenti studiati per far assaporare e rivivere tutto questo mezzo secolo di storia passato tra canti, voci, viaggi e amicizia. &#8211; <a href=\"http:\/\/www.varesenews.it\/evento\/50-anniversario-del-coro-val-tinella\/\">Tutto il programma\u00a0<\/a><\/p>\n<p><strong>Gallarate &#8211;\u00a0<\/strong>Domenica 22 aprile 2018, al MA*GA di Gallarate (VA) si chiude la mostra Kerouac. Beat Painting che presenta 80 tra dipinti e disegni, in gran parte esposti per la prima volta in Italia, capaci di proiettare una luce del tutto inedita sull\u2019attivit\u00e0 artistica del padre della Beat Generation. Per festeggiare insieme al pubblico il successo dell\u2019esposizione, il MA*GA organizza un pomeriggio ricco di eventi a ingresso gratuiti &#8211;<a href=\"http:\/\/www.varesenews.it\/2018\/04\/giornata-eventi-finissage-al-maga\/709971\/\"> Tutto il programma\u00a0<\/a><\/p>\n<p><strong>Maccagno con Pino e Veddasca &#8211;<\/strong> Inaugurazione della sua mostra \u201cIl sentimento della realt\u00e0, la contemplazione della bellezza\u201d al Civico Museo Parisi-Valle di Maccagno con Pino e Veddasca, Sandro Bardelli a partire da sabato 21 aprile proporr\u00e0 al pubblico \u201cperformance live\u201d di pittura, libere ed aperte al pubblico. &#8211; <a href=\"http:\/\/www.varesenews.it\/2018\/04\/sandro-bardelli-museo-parisi-valle\/709906\/\">Tutto il programma\u00a0<\/a><\/p>\n<div class=\"photo-inside-post\"><img decoding=\"async\" loading=\"lazy\" fetchpriority=\"low\" width=\"610\" height=\"431\" src=\"https:\/\/staging.varesenews.it\/photogallery_new\/images\/2018\/04\/tempo-libero-generica-668069.610x431.jpg\" alt=\"Tempo libero generica \"><\/div>\n<p><strong>TEATRO\u00a0<\/strong><\/p>\n<p><strong>Varese &#8211;<\/strong>\u00a0Karakorum Teatro torna a girare le strade cittadine con il Progetto Iceberg, format di narrazioni itineranti che si presenta anche quest\u2019anno per fare riscoprire gli spazi cittadini alla luce della storia che li ha attraversati. Si riparte con \u00abPugni e biciclette\u00bb, con i personaggi di Calogero Marrone, eroe varesino della Resistenza, e Domenico Castelletti, podest\u00e0 di Varese fino al 1944, che faranno da guida nella Varese fascista. A fine camminata, sar\u00e0 possibile visitare il rifugio antiaereo dei giardini estensi grazie alla collaborazione con Archeologistics. Partenza da piazza Monte Grappa a Varese, ore 16, 12 euro, prenotazione obbligatoria info@karakorumteatro.it.<\/p>\n<p><strong>Varese &#8211;<\/strong>\u00a0Lillo e Greg arrivano a Varese con \u00abBest of\u00bb. I due &#8211; che all\u2019anagrafe si chiamano Pasquale Petrolo e Claudio Gregori. In scena con loro &#8211; che firmano anche il testo e la regia dello spettacolo &#8211; ci sono Vania Della Bidia e Chiara Sani e il maestro Attilio Di Giovanni, che si finge rockettaro e in realt\u00e0 riadatta le migliori hit del genere in stile ballo liscio. Al teatro Openjobmetis, piazza Repubblica, ore 21, biglietti platea 36\/32 euro, galleria 32\/28\/25 euro, per info e prenotazioni 0332.247897.<\/p>\n<p class=\"p1\"><span class=\"s1\"><strong>Varese<\/strong> &#8211;<span class=\"Apple-converted-space\">\u00a0 <\/span>La compagnia \u201cAttori in Circolo\u201d, tutti dipendenti dell\u2019ospedale di Varese, portano in scena la commedia di Peppino De Filippo \u201cNon \u00e8 vero ma ci credo\u201d. Una commedia ambientata nella Napoli degli anni \u201920: <\/span><span class=\"s2\">storia di un amore contrastato tra\u00a0superstizioni, raggiri e colpi di scena.<b><br \/>\n<\/b><\/span><span class=\"s1\">Costo del biglietto 13 euro . I proventi saranno devoluti in beneficienza all\u2019associazione Sulla Ali e alla Finestra di Malnate<br \/>\n<\/span><a href=\"http:\/\/www.varesenews.it\/2018\/04\/non-vero-ci-credo-gli-attori-circolo-pronti-al-debutto\/710069\/\" target=\"_blank\" rel=\"noopener\"><span class=\"s1\">Approfondimenti <\/span><\/a><\/p>\n<p><strong>Azzate &#8211;\u00a0<\/strong>Un variet\u00e0 magico che toccher\u00e0 diversi temi ed emozioni. Venerd\u00ec 20 aprile e sabato 21 aprile alle ore 21 ad Azzate andr\u00e0 in scena il nuovo spettacolo di Ale Bellotto dal titolo Uan Men Sci\u00f2. (Sala Triacca, via Volta 26) &#8211; <a href=\"http:\/\/www.varesenews.it\/2018\/04\/ale-bellotto-uan-men-scio\/707933\/\">Tutto il programma\u00a0<\/a><\/p>\n<p><strong>Cocquio Trevisago &#8211; <\/strong>Sabato in scena\u00a0\u00abMostruosamentemMostro\u00bb, il musical scritto e diretto da Paolo Franchini, con la collaborazione di autori e artisti tutti varesini e varesotti, \u00e8 in scena alle ore 21 al teatro Soms in localit\u00e0 Caldana. Replica domenica 22 alle ore 17. Ingresso 10 euro, i biglietti si acquistano al Miv di Varese, oppure alla cassa del teatro nei giorni di spettacolo.<\/p>\n<p><strong>Cassano Valcuvia &#8211; &#8220;<\/strong>Occhi nudi. Ritratto di una modella che ha imparato a dipingere se stessa&#8221;, lo spettacolo in scena il 21 aprile alle 21.00 al Teatro Comunale di Cassano Valcuvia, \u00e8 la storia di una modella che diventa essa stessa pittrice. &#8211; <a href=\"http:\/\/www.varesenews.it\/2018\/04\/al-periferico-occhi-nudi-la-storia-della-modella-pittrice-suzanne-valadon\/708978\/\">Tutto il programma\u00a0<\/a><\/p>\n<p><strong>Besozzo &#8211;<\/strong>\u00a0Spettacolo per tutti sabato 21 aprile al Teatro Duse di Besozzo alle ore 21 , all\u2019interno della stagione teatrale del Comune. Lo spettacolo \u201cAppunto\u201d \u00e8 dedicato ad un pubblico di grandi e piccoli e vedr\u00e0 in scena Claudio Cremonesi e Davide Baldi &#8211; <a href=\"http:\/\/www.varesenews.it\/2018\/04\/clown-musica-comicita-teatro-cremonesi-baldi\/709046\/\">Tutto il programma\u00a0<\/a><\/p>\n<p><strong>Busto Arsizio &#8211;<\/strong>\u00a0Sabato la compagnia &#8220;Giardino delle Ore&#8221; porta in scena \u00abCane sugar\u00bb, che affronta un problema poco discusso, ma molto comune: cosa succede al profilo Facebook di chi muore? Identit\u00e0 e lutto sono i due temi affrontati da questa commedia di Simone Severgnini, Andrea Robbiano e Davide Bonaldo. Al San Giovanni Bosco, via Bergamo 12, ore 21, 12\/5 euro.<\/p>\n<p><strong>Busto Arsizio &#8211;\u00a0<\/strong>La celebre opera di Puccini &#8220;Turandot&#8221; \u00e8 proposta in versione da camera con la Compagnia di Canto Vittorio Tosto, per la Societ\u00e0 Ponchielli. Domenica, alle ore 16 al Museo del Tessile, ingresso 5 euro compreso il consueto rinfresco.<\/p>\n<p><strong>Carnago &#8211;<\/strong>\u00a0Sabato in scena Alta Tensione con \u00abIl padre della sposa\u00bb, celeberrima commedia finita anche al cinema, sul momento pi\u00f9 temuto da un padre: il matrimonio della figlia. Al teatro Agor\u00e0, piazza San Giovanni Bosco 6, ore 21.15, 10\/8 euro, 345.6268785.<\/p>\n<p><strong>Gallarate &#8211;<\/strong> Al teatro del Popolo arriva l&#8217;appuntamento con il &#8220;Conciorto&#8221;.\u00a0Le verdure in scena suonano, cantano, si raccontano attraverso la tecnologia di OTOTO (da Arduino). Bagini e Carlone accompagnano melanzane, carote, zucchine, cetrioli dolci, con flauti traversi, sax e chitarre per dare vita a un concerto sostenibile, un vero \u201clive in the garden\u201d. Appuntamento per sabato sera &#8211; <a href=\"http:\/\/www.varesenews.it\/2018\/04\/quando-sul-palco-si-suonano-peperoni-e-zucchine\/709427\/\">Tutto il programma<\/a><\/p>\n<p><strong>Gallarate &#8211;\u00a0<\/strong>La Casa delle Donne e la cooperativa Cuac presentano sabato 21 lo spettacolo delle Sorelle Borromee, accompagnate dai musici Tonino e Gildo. \u201cCantate con noi \u2013 primavera in festa\u201d \u00e8 il titolo dello spettacolo, proposto dalle ironiche e impegnate Sorelle Borromee, nell\u2019ambito della campagna di autofinanziamento della Casa delle Donne \u201cAnna Andriulo\u201d di Gallarate.\u00a0L\u2019appuntamento \u00e8 sabato alle 17.30, al termine aperitivo libero.<br \/>\nLa Cuac si trova in via Torino 64 a Gallarate. &#8211; <a href=\"http:\/\/www.varesenews.it\/2018\/04\/cantate-primavera-le-donne\/709961\/\">Tutto il programma\u00a0<\/a><\/p>\n<div class=\"photo-inside-post\"><img decoding=\"async\" loading=\"lazy\" fetchpriority=\"low\" width=\"610\" height=\"431\" src=\"https:\/\/staging.varesenews.it\/photogallery_new\/images\/2018\/04\/generico-2018-668070.610x431.jpg\" alt=\"Generico 2018\"><\/div>\n<p><strong>SPORT\u00a0<\/strong><\/p>\n<p><strong>Trekking &#8211;\u00a0<\/strong>Il 21 aprile ci sar\u00e0 la seconda edizione del Vertikal Sass de Fer, il primo Vertikal Trail Running di Varese, organizzato da ASD 100% Anima Trail. La gara vedr\u00e0 200 atleti gareggiare in una corsa in salita con un dislivello totale di 900 metri. La bella novit\u00e0 di quest\u2019anno, \u00e8 che verr\u00e0 conferito un premio in memoria di Oliviero Bellinzani \u2013 il grande atleta di Brenta scomparso nel 2016 e che am\u00f2 profondamente queste montagne \u2013 a chi in quest\u2019ultimo anno si \u00e8 distinto divulgano un messaggio positivo nel mondo dello sport. &#8211; <a href=\"http:\/\/www.varesenews.it\/2018\/04\/torna-vertikal-trail-la-corsa-segno-oliviero-bellinzani\/706335\/\">Tutto il programma\u00a0<\/a><\/p>\n<p><strong>Ciclismo &#8211;\u00a0<\/strong>\u201cSulle strade di Alfredo Binda\u201d si terr\u00e0 domenica 22 aprile a Cittiglio, il paese natale del tre volte campione del mondo e cinque volte maglia rosa. L\u2019appuntamento (anche in versione ciclostorica), organizzato da Vincenzo Tolomeo, Gianluigi Simonetta, Alessandro Ruzzenenti e Giordano Azzimonti e supportato dalla Varese Sport Commission, sar\u00e0 articolato su tre diversi percorsi\u00a0 &#8211; <a href=\"http:\/\/www.varesenews.it\/2018\/04\/sulle-strade-binda-si-pedala-compagnia\/709786\/\">Tutto il programma\u00a0<\/a><\/p>\n<p><strong>Equitazione &#8211;<\/strong>\u00a0Saranno ben 30 i binomi \u2013 tutti lombardi \u2013 in gara domenica 22 aprile a Cislago nella gara di equitazione promossa dalla Fisdir (la federazione che raduna gli sportivi con disabilit\u00e0 intellettiva e relazionale) che assegner\u00e0 sia i titoli regionali, sia i pass per i campionati italiani. Appuntamento a Cislago. &#8211; <a href=\"http:\/\/www.varesenews.it\/2018\/04\/campionati-regionali-fisdir-vista-sui-tricolori\/709732\/\">Tutto il programma\u00a0<\/a><\/p>\n","protected":false},"excerpt":{"rendered":"<p>Temperature estive nel fine settimana e tantissimi eventi in programma per grandi e piccini. Eccoli<\/p>\n","protected":false},"author":32,"featured_media":0,"comment_status":"open","ping_status":"open","sticky":false,"template":"","format":"standard","meta":{"footnotes":""},"categories":[3,5,21,2],"tags":[1228,66851,158],"acf":[],"yoast_head":"<!-- This site is optimized with the Yoast SEO plugin v20.1 - https:\/\/yoast.com\/wordpress\/plugins\/seo\/ -->\n<title>Agenda ricca, vietato stare in casa<\/title>\n<meta name=\"description\" content=\"Temperature estive nel fine settimana e tantissimi eventi in programma per grandi e piccini. Eccoli\" \/>\n<meta name=\"robots\" content=\"noindex, follow, max-snippet:-1, max-image-preview:large, max-video-preview:-1\" \/>\n<meta property=\"og:locale\" content=\"it_IT\" \/>\n<meta property=\"og:type\" content=\"article\" \/>\n<meta property=\"og:title\" content=\"Agenda ricca, vietato stare in casa\" \/>\n<meta property=\"og:description\" content=\"Temperature estive nel fine settimana e tantissimi eventi in programma per grandi e piccini. Eccoli\" \/>\n<meta property=\"og:url\" content=\"https:\/\/www.varesenews.it\/2018\/04\/agenda-ricca-vietato-stare-casa\/709984\/\" \/>\n<meta property=\"og:site_name\" content=\"VareseNews\" \/>\n<meta property=\"article:publisher\" content=\"https:\/\/www.facebook.com\/varesenews\" \/>\n<meta property=\"article:published_time\" content=\"2018-04-20T10:51:07+00:00\" \/>\n<meta property=\"article:modified_time\" content=\"2018-04-20T16:01:31+00:00\" \/>\n<meta name=\"author\" content=\"Adelia Brigo\" \/>\n<meta name=\"twitter:card\" content=\"summary_large_image\" \/>\n<meta name=\"twitter:creator\" content=\"@AdeliaBrigo\" \/>\n<meta name=\"twitter:site\" content=\"@varesenews\" \/>\n<meta name=\"twitter:label1\" content=\"Scritto da\" \/>\n\t<meta name=\"twitter:data1\" content=\"Adelia Brigo\" \/>\n\t<meta name=\"twitter:label2\" content=\"Tempo di lettura stimato\" \/>\n\t<meta name=\"twitter:data2\" content=\"17 minuti\" \/>\n<script type=\"application\/ld+json\" class=\"yoast-schema-graph\">{\"@context\":\"https:\/\/schema.org\",\"@graph\":[{\"@type\":\"WebPage\",\"@id\":\"https:\/\/www.varesenews.it\/2018\/04\/agenda-ricca-vietato-stare-casa\/709984\/\",\"url\":\"https:\/\/www.varesenews.it\/2018\/04\/agenda-ricca-vietato-stare-casa\/709984\/\",\"name\":\"Agenda ricca, vietato stare in casa\",\"isPartOf\":{\"@id\":\"https:\/\/staging.varesenews.it\/#website\"},\"datePublished\":\"2018-04-20T10:51:07+00:00\",\"dateModified\":\"2018-04-20T16:01:31+00:00\",\"author\":{\"@id\":\"https:\/\/staging.varesenews.it\/#\/schema\/person\/272ac0f5b2dbfd572218c2d86e013f1a\"},\"description\":\"Temperature estive nel fine settimana e tantissimi eventi in programma per grandi e piccini. Eccoli\",\"breadcrumb\":{\"@id\":\"https:\/\/www.varesenews.it\/2018\/04\/agenda-ricca-vietato-stare-casa\/709984\/#breadcrumb\"},\"inLanguage\":\"it-IT\",\"potentialAction\":[{\"@type\":\"ReadAction\",\"target\":[\"https:\/\/www.varesenews.it\/2018\/04\/agenda-ricca-vietato-stare-casa\/709984\/\"]}]},{\"@type\":\"BreadcrumbList\",\"@id\":\"https:\/\/www.varesenews.it\/2018\/04\/agenda-ricca-vietato-stare-casa\/709984\/#breadcrumb\",\"itemListElement\":[{\"@type\":\"ListItem\",\"position\":1,\"name\":\"Home\",\"item\":\"https:\/\/www.varesenews.it\/\"},{\"@type\":\"ListItem\",\"position\":2,\"name\":\"Agenda ricca, vietato stare in casa\"}]},{\"@type\":\"WebSite\",\"@id\":\"https:\/\/staging.varesenews.it\/#website\",\"url\":\"https:\/\/staging.varesenews.it\/\",\"name\":\"VareseNews\",\"description\":\"\",\"potentialAction\":[{\"@type\":\"SearchAction\",\"target\":{\"@type\":\"EntryPoint\",\"urlTemplate\":\"https:\/\/staging.varesenews.it\/?s={search_term_string}\"},\"query-input\":\"required name=search_term_string\"}],\"inLanguage\":\"it-IT\"},{\"@type\":\"Person\",\"@id\":\"https:\/\/staging.varesenews.it\/#\/schema\/person\/272ac0f5b2dbfd572218c2d86e013f1a\",\"name\":\"Adelia Brigo\",\"image\":{\"@type\":\"ImageObject\",\"inLanguage\":\"it-IT\",\"@id\":\"https:\/\/staging.varesenews.it\/#\/schema\/person\/image\/\",\"url\":\"https:\/\/staging.varesenews.it\/wp-content\/uploads\/2020\/12\/adelia_brigo_colori_500.jpg\",\"contentUrl\":\"https:\/\/staging.varesenews.it\/wp-content\/uploads\/2020\/12\/adelia_brigo_colori_500.jpg\",\"caption\":\"Adelia Brigo\"},\"description\":\"Giornalista pubblicista, lavoro a VareseNews dal 2007 e mi occupo di cronaca locale e del settore dedicato alla cultura. In questi anni ho seguito diversi progetti di comunicazione, amo sperimentare strategie per i Social Network e raccontare storie. Varesina, classe 1984, sono laureata in Scienze della Comunicazione.&nbsp;\",\"sameAs\":[\"AdeliaBrigo\",\"https:\/\/twitter.com\/AdeliaBrigo\"],\"url\":\"https:\/\/staging.varesenews.it\/persona\/adelia_brigo\/\"}]}<\/script>\n<!-- \/ Yoast SEO plugin. -->","yoast_head_json":{"title":"Agenda ricca, vietato stare in casa","description":"Temperature estive nel fine settimana e tantissimi eventi in programma per grandi e piccini. Eccoli","robots":{"index":"noindex","follow":"follow","max-snippet":"max-snippet:-1","max-image-preview":"max-image-preview:large","max-video-preview":"max-video-preview:-1"},"og_locale":"it_IT","og_type":"article","og_title":"Agenda ricca, vietato stare in casa","og_description":"Temperature estive nel fine settimana e tantissimi eventi in programma per grandi e piccini. Eccoli","og_url":"https:\/\/www.varesenews.it\/2018\/04\/agenda-ricca-vietato-stare-casa\/709984\/","og_site_name":"VareseNews","article_publisher":"https:\/\/www.facebook.com\/varesenews","article_published_time":"2018-04-20T10:51:07+00:00","article_modified_time":"2018-04-20T16:01:31+00:00","author":"Adelia Brigo","twitter_card":"summary_large_image","twitter_creator":"@AdeliaBrigo","twitter_site":"@varesenews","twitter_misc":{"Scritto da":"Adelia Brigo","Tempo di lettura stimato":"17 minuti"},"schema":{"@context":"https:\/\/schema.org","@graph":[{"@type":"WebPage","@id":"https:\/\/www.varesenews.it\/2018\/04\/agenda-ricca-vietato-stare-casa\/709984\/","url":"https:\/\/www.varesenews.it\/2018\/04\/agenda-ricca-vietato-stare-casa\/709984\/","name":"Agenda ricca, vietato stare in casa","isPartOf":{"@id":"https:\/\/staging.varesenews.it\/#website"},"datePublished":"2018-04-20T10:51:07+00:00","dateModified":"2018-04-20T16:01:31+00:00","author":{"@id":"https:\/\/staging.varesenews.it\/#\/schema\/person\/272ac0f5b2dbfd572218c2d86e013f1a"},"description":"Temperature estive nel fine settimana e tantissimi eventi in programma per grandi e piccini. Eccoli","breadcrumb":{"@id":"https:\/\/www.varesenews.it\/2018\/04\/agenda-ricca-vietato-stare-casa\/709984\/#breadcrumb"},"inLanguage":"it-IT","potentialAction":[{"@type":"ReadAction","target":["https:\/\/www.varesenews.it\/2018\/04\/agenda-ricca-vietato-stare-casa\/709984\/"]}]},{"@type":"BreadcrumbList","@id":"https:\/\/www.varesenews.it\/2018\/04\/agenda-ricca-vietato-stare-casa\/709984\/#breadcrumb","itemListElement":[{"@type":"ListItem","position":1,"name":"Home","item":"https:\/\/www.varesenews.it\/"},{"@type":"ListItem","position":2,"name":"Agenda ricca, vietato stare in casa"}]},{"@type":"WebSite","@id":"https:\/\/staging.varesenews.it\/#website","url":"https:\/\/staging.varesenews.it\/","name":"VareseNews","description":"","potentialAction":[{"@type":"SearchAction","target":{"@type":"EntryPoint","urlTemplate":"https:\/\/staging.varesenews.it\/?s={search_term_string}"},"query-input":"required name=search_term_string"}],"inLanguage":"it-IT"},{"@type":"Person","@id":"https:\/\/staging.varesenews.it\/#\/schema\/person\/272ac0f5b2dbfd572218c2d86e013f1a","name":"Adelia Brigo","image":{"@type":"ImageObject","inLanguage":"it-IT","@id":"https:\/\/staging.varesenews.it\/#\/schema\/person\/image\/","url":"https:\/\/staging.varesenews.it\/wp-content\/uploads\/2020\/12\/adelia_brigo_colori_500.jpg","contentUrl":"https:\/\/staging.varesenews.it\/wp-content\/uploads\/2020\/12\/adelia_brigo_colori_500.jpg","caption":"Adelia Brigo"},"description":"Giornalista pubblicista, lavoro a VareseNews dal 2007 e mi occupo di cronaca locale e del settore dedicato alla cultura. In questi anni ho seguito diversi progetti di comunicazione, amo sperimentare strategie per i Social Network e raccontare storie. Varesina, classe 1984, sono laureata in Scienze della Comunicazione.&nbsp;","sameAs":["AdeliaBrigo","https:\/\/twitter.com\/AdeliaBrigo"],"url":"https:\/\/staging.varesenews.it\/persona\/adelia_brigo\/"}]}},"post_meta":{"_edit_lock":"1524291352:33","_edit_last":"32","_category_permalink":"a:1:{s:8:\"category\";s:2:\"21\";}","ratings_users":"0","ratings_score":"0","ratings_average":"0","foto":"550880","argomento":"Cosa fare nel weekend","_yoast_wpseo_content_score":"30","_jd_tweet_this":"yes","_wpt_short_url":"http:\/\/www.varesenews.it\/2018\/04\/agenda-ricca-vietato-stare-casa\/709984\/","_wp_jd_target":"http:\/\/www.varesenews.it\/2018\/04\/agenda-ricca-vietato-stare-casa\/709984\/","_jd_wp_twitter":"a:1:{i:0;s:117:\"Agenda ricca, vietato stare in casa http:\/\/www.varesenews.it\/2018\/04\/agenda-ricca-vietato-stare-casa\/709984\/ #weekend\";}","_wpt_status_message":"Tweet inviato con successo."},"photos":[{"original":"https:\/\/staging.varesenews.it\/photogallery_new\/images\/2016\/07\/sasso-del-ferro-bidonvia-550880.jpg","full":"https:\/\/staging.varesenews.it\/photogallery_new\/images\/2016\/07\/sasso-del-ferro-bidonvia-550880.1024x768.jpg","large":"https:\/\/staging.varesenews.it\/photogallery_new\/images\/2016\/07\/sasso-del-ferro-bidonvia-550880.610x431.jpg"}],"_links":{"self":[{"href":"https:\/\/staging.varesenews.it\/swgapi\/v1\/wp\/v2\/posts\/709984"}],"collection":[{"href":"https:\/\/staging.varesenews.it\/swgapi\/v1\/wp\/v2\/posts"}],"about":[{"href":"https:\/\/staging.varesenews.it\/swgapi\/v1\/wp\/v2\/types\/post"}],"author":[{"embeddable":true,"href":"https:\/\/staging.varesenews.it\/swgapi\/v1\/wp\/v2\/users\/32"}],"replies":[{"embeddable":true,"href":"https:\/\/staging.varesenews.it\/swgapi\/v1\/wp\/v2\/comments?post=709984"}],"version-history":[{"count":0,"href":"https:\/\/staging.varesenews.it\/swgapi\/v1\/wp\/v2\/posts\/709984\/revisions"}],"wp:attachment":[{"href":"https:\/\/staging.varesenews.it\/swgapi\/v1\/wp\/v2\/media?parent=709984"}],"wp:term":[{"taxonomy":"category","embeddable":true,"href":"https:\/\/staging.varesenews.it\/swgapi\/v1\/wp\/v2\/categories?post=709984"},{"taxonomy":"post_tag","embeddable":true,"href":"https:\/\/staging.varesenews.it\/swgapi\/v1\/wp\/v2\/tags?post=709984"}],"curies":[{"name":"wp","href":"https:\/\/api.w.org\/{rel}","templated":true}]}}