{"id":711797,"date":"2018-04-27T01:50:33","date_gmt":"2018-04-26T23:50:33","guid":{"rendered":"http:\/\/www.varesenews.it\/?p=711797"},"modified":"2018-04-27T08:52:29","modified_gmt":"2018-04-27T06:52:29","slug":"approvato-consiglio-comunale-rendiconto-gestione-2017","status":"publish","type":"post","link":"https:\/\/staging.varesenews.it\/2018\/04\/approvato-consiglio-comunale-rendiconto-gestione-2017\/711797\/","title":{"rendered":"Approvato in consiglio comunale il rendiconto di gestione 2017"},"content":{"rendered":"<p>Sospeso tra un ponte (quello del 25 aprile) e l\u2019altro (quello del primo maggio), il consiglio comunale di Varese, che si \u00e8 svolto gioved\u00ec 26 aprile, ha approvato il <strong>rendiconto di gestione per l\u2019esercizio 2017<\/strong>.<\/p>\n<p>Relatore era l\u2019assessore al Bilancio <b>Cristina Buzzetti<\/b>, che ha sottolineato innanzitutto il fatto che il bilancio comunale \u00e8 appesantito da due fardelli: un disavanzo tecnico importante (attualmente intorno agli 8 milioni , che di anno in anno tende a ridursi, ma rimane sempre consistente), e la necessit\u00e0 di assorbire una gran parte (attualmente 21milioni e 247mila euro) di crediti di dubbia esigibilit\u00e0, cio\u00e8 molto difficili da riscuotere: \u00ab21 milioni di crediti difficilmente esigibili sono un peso che ci portiamo dietro, e ci impegnano a un lavoro che ci dobbiamo prefiggere per il 2018: quello della \u201c<strong>pulizia dei residui<\/strong>\u201d\u00bb ha spiegato Buzzetti.<\/p>\n<p>Per l\u2019amministrazione attuale questa \u00e8 una brutta eredit\u00e0 della gestione precedente a cui si sta ponendo rimedio al meglio: \u00abUn disavanzo tecnico risalente alla Giunta di centro destra da recuperare anno dopo anno, un fondo crediti di dubbia esigibilit\u00e0 particolarmente alto a causa di una gestione poco attenta delle entrate nello scorso quinquennio, sono solo alcuni dei fardelli che ci impediscono di investire molte risorse a risposta delle richieste dei varesini &#8211; ha commentato il consigliere <b>Luca Conte<\/b>, presidente della commissione bilancio &#8211; Il lavoro dell&#8217;assessore Buzzetti ha il merito di affrontare finalmente queste e tante altre patologie del bilancio fino ad ora irrisolte\u00bb.<\/p>\n<p>Di diversa opinione, ovviamente, le opposizioni: per <b>Fabio Binelli<\/b>, Lega, \u00abI bilanci di previsione sono sempre meno interessanti, perch\u00e8 il confine con la propaganda \u00e8 labile. Se si facesse un po\u2019 meno propaganda e un po\u2019 piu di lavoro insieme al consiglio comunale, si arriverebbero a maggiori risultati a consuntivo\u00bb mentre per\u00a0<b>Luca Boldetti<\/b>, consigliere della lista Orrigoni, sono diversi gli appunti da fare ai conti presentati, compresi quelli relativi al piano sosta: \u00abIl park and bus, per esempio, mostra discreti dati di utilizzo, ma per i primi 4 mesi si parla di una spesa per l\u2019amministrazione di 55mila euro contro i 25mila previsti: una sorta di reddito di cittadinanza della mobilit\u00e0, destinato peraltro prevalentemente agli utenti non varesini\u00bb.<\/p>\n<p>Il risultato \u00e8 stato un rendiconto approvato a maggioranza: 18 sono stati i voti favorevoli, 9 i contrari &#8211; l\u2019intero centrodestra &#8211; e un astenuto, il presidente.<\/p>\n<h3>MOLTE APPROVAZIONI ALL\u2019UNANIMITA\u2019 PER GLI ALTRI PUNTI ALL\u2019ORDINE DEL GIORNO<\/h3>\n<p><strong>I punti all\u2019ordine del giorno nel consiglio comunale erano per\u00f2 ben sette<\/strong>: molti di loro approvati senza nemmeno grandi discussioni perch\u00e8 condivisi da tutti: come<strong> l\u2019istituzione di una commissione comunale per l\u2019organizzazione della sicurezza negli eventi pubblici<\/strong> (la voce dell\u2019ordine del giorno recitava piu precisamente: \u201cregolamento per l\u2019organizzazione e il funzionamento della commissione comunale di vigilanza sui locali e impianti di pubblico spettacolo\u201d) che \u00e8 stato<strong> votato all\u2019unanimit\u00e0<\/strong>: 28 voti su 28. La commissione prevede un tavolo comunale per l\u2019organizzazione in sicurezza degli eventi speciali in citt\u00e0: finora tale organismo \u00e8 sempre stato solo a livello provinciale.<\/p>\n<p><strong>Unanimit\u00e0<\/strong> anche per l\u2019<strong>approvazione del regolamento della consulta giovanile<\/strong> del comune di Varese: il voto ha sancito cos\u00ec la nascita di questo organismo comunale formato dalle associazioni giovanili.<\/p>\n<p><strong>Approvato ad ampia maggioranza<\/strong> anche il punto che riguardava il <strong>progetto di demolizione e ricostruzione di edifici all\u2019interno dell\u2019ospedale di Circolo<\/strong> (in particolare: la demolizione della palazzina che ospitava geriatria, che verr\u00e0 ricostruita ex novo), che prevede anche una convenzione tra ospedale e comune per l\u2019organizzazione dei parcheggi per gli utenti, ma soprattutto per i dipendenti. <strong>Il provvedimento \u00e8 passato con 27 voti favorevoli e uno contrario<\/strong>: quello del consigliere Vigoni, che si \u00e8 dichiarato favorevole al lavoro di abbattimento e ricostruzione, ma non alle politiche di mobilit\u00e0 della amministrazione.<\/p>\n<p>Piu dibattuti invece altri due punti all&#8217;ordine del giorno: la <strong>modifica al documento unico di programmazione 2018\/2020<\/strong> e la variazione del bilancio di previsione, che \u00e8 passato con 19 voti favorevoli, 6 contrari (tutti i consiglieri della Lista Orrigoni: <strong>Paolo Orrigoni<\/strong>, <strong>Rinaldo Ballerio<\/strong>, <strong>Valerio Vigoni<\/strong> e <strong>Luca Boldetti<\/strong>, e i consiglieri della Lega <strong>Carlo Piatti<\/strong> e <strong>Fabio Binelli<\/strong>)\u00a0 e 2 astenuti (i\u00a0 consiglieri di Forza Italia <strong>Simone Longhini<\/strong> e <strong>Domenico Esposito<\/strong>).<\/p>\n<p>Ancor pi\u00f9 dibattutto quello sulla<strong> realizzazione di un centro residenziale disabili e una struttura sportiva<\/strong>, derivante dall\u2019allargamento dell\u2019attuale palestra<strong> Robur<\/strong>, a favore di un progetto che coinvolger\u00e0 anche la grande cooperativa \u201c<strong>L\u2019Anaconda<\/strong>\u201d: qui i voti favorevoli sono stati 22, con tre voti contrari (dai rappresentanti della Lega <strong>Fabio Binelli<\/strong>, <strong>Carlo Piatti<\/strong> e <strong>Marco Pinti<\/strong>) e tre astensioni (da <strong>Simone Longhini<\/strong> di Forza Italia, <strong>Valerio Vigoni<\/strong> della lista Orrigoni, e <strong>Luisa Oprandi<\/strong> del Pd). A far parlare, e dubitare, di pi\u00f9 \u00e8 stata una delle opere di compensazione previste nel piano: <strong>l&#8217;abbattimento della scuola Canziani<\/strong>, chiusa da diversi mesi per inagibilit\u00e0, e la sua trasformazione in un area verde.<\/p>\n","protected":false},"excerpt":{"rendered":"<p>Dei sette punti all&#8217;ordine del giorno molti sono stati approvati all&#8217;unanimit\u00e0. Il dibattito maggiore sul progetto Robur &#8211; Anaconda<\/p>\n","protected":false},"author":48,"featured_media":0,"comment_status":"open","ping_status":"open","sticky":false,"template":"","format":"standard","meta":{"footnotes":""},"categories":[2],"tags":[1245],"acf":[],"yoast_head":"<!-- This site is optimized with the Yoast SEO plugin v20.1 - https:\/\/yoast.com\/wordpress\/plugins\/seo\/ -->\n<title>Approvato in consiglio comunale il rendiconto di gestione 2017<\/title>\n<meta name=\"description\" content=\"Dei sette punti all&#039;ordine del giorno molti sono stati approvati all&#039;unanimit\u00e0. Il dibattito maggiore sul progetto Robur - Anaconda\" \/>\n<meta name=\"robots\" content=\"noindex, follow, max-snippet:-1, max-image-preview:large, max-video-preview:-1\" \/>\n<meta property=\"og:locale\" content=\"it_IT\" \/>\n<meta property=\"og:type\" content=\"article\" \/>\n<meta property=\"og:title\" content=\"Approvato in consiglio comunale il rendiconto di gestione 2017\" \/>\n<meta property=\"og:description\" content=\"Dei sette punti all&#039;ordine del giorno molti sono stati approvati all&#039;unanimit\u00e0. Il dibattito maggiore sul progetto Robur - Anaconda\" \/>\n<meta property=\"og:url\" content=\"https:\/\/staging.varesenews.it\/2018\/04\/approvato-consiglio-comunale-rendiconto-gestione-2017\/711797\/\" \/>\n<meta property=\"og:site_name\" content=\"VareseNews\" \/>\n<meta property=\"article:publisher\" content=\"https:\/\/www.facebook.com\/varesenews\" \/>\n<meta property=\"article:author\" content=\"https:\/\/www.facebook.com\/stefaniaradman\" \/>\n<meta property=\"article:published_time\" content=\"2018-04-26T23:50:33+00:00\" \/>\n<meta property=\"article:modified_time\" content=\"2018-04-27T06:52:29+00:00\" \/>\n<meta name=\"author\" content=\"Stefania Radman\" \/>\n<meta name=\"twitter:card\" content=\"summary_large_image\" \/>\n<meta name=\"twitter:creator\" content=\"@LaRadman\" \/>\n<meta name=\"twitter:site\" content=\"@varesenews\" \/>\n<meta name=\"twitter:label1\" content=\"Scritto da\" \/>\n\t<meta name=\"twitter:data1\" content=\"Stefania Radman\" \/>\n\t<meta name=\"twitter:label2\" content=\"Tempo di lettura stimato\" \/>\n\t<meta name=\"twitter:data2\" content=\"4 minuti\" \/>\n<script type=\"application\/ld+json\" class=\"yoast-schema-graph\">{\"@context\":\"https:\/\/schema.org\",\"@graph\":[{\"@type\":\"WebPage\",\"@id\":\"https:\/\/staging.varesenews.it\/2018\/04\/approvato-consiglio-comunale-rendiconto-gestione-2017\/711797\/\",\"url\":\"https:\/\/staging.varesenews.it\/2018\/04\/approvato-consiglio-comunale-rendiconto-gestione-2017\/711797\/\",\"name\":\"Approvato in consiglio comunale il rendiconto di gestione 2017\",\"isPartOf\":{\"@id\":\"https:\/\/staging.varesenews.it\/#website\"},\"datePublished\":\"2018-04-26T23:50:33+00:00\",\"dateModified\":\"2018-04-27T06:52:29+00:00\",\"author\":{\"@id\":\"https:\/\/staging.varesenews.it\/#\/schema\/person\/995d2e6a31c67237a9a1bc1f0079f3aa\"},\"description\":\"Dei sette punti all'ordine del giorno molti sono stati approvati all'unanimit\u00e0. Il dibattito maggiore sul progetto Robur - Anaconda\",\"breadcrumb\":{\"@id\":\"https:\/\/staging.varesenews.it\/2018\/04\/approvato-consiglio-comunale-rendiconto-gestione-2017\/711797\/#breadcrumb\"},\"inLanguage\":\"it-IT\",\"potentialAction\":[{\"@type\":\"ReadAction\",\"target\":[\"https:\/\/staging.varesenews.it\/2018\/04\/approvato-consiglio-comunale-rendiconto-gestione-2017\/711797\/\"]}]},{\"@type\":\"BreadcrumbList\",\"@id\":\"https:\/\/staging.varesenews.it\/2018\/04\/approvato-consiglio-comunale-rendiconto-gestione-2017\/711797\/#breadcrumb\",\"itemListElement\":[{\"@type\":\"ListItem\",\"position\":1,\"name\":\"Home\",\"item\":\"https:\/\/www.varesenews.it\/\"},{\"@type\":\"ListItem\",\"position\":2,\"name\":\"Approvato in consiglio comunale il rendiconto di gestione 2017\"}]},{\"@type\":\"WebSite\",\"@id\":\"https:\/\/staging.varesenews.it\/#website\",\"url\":\"https:\/\/staging.varesenews.it\/\",\"name\":\"VareseNews\",\"description\":\"\",\"potentialAction\":[{\"@type\":\"SearchAction\",\"target\":{\"@type\":\"EntryPoint\",\"urlTemplate\":\"https:\/\/staging.varesenews.it\/?s={search_term_string}\"},\"query-input\":\"required name=search_term_string\"}],\"inLanguage\":\"it-IT\"},{\"@type\":\"Person\",\"@id\":\"https:\/\/staging.varesenews.it\/#\/schema\/person\/995d2e6a31c67237a9a1bc1f0079f3aa\",\"name\":\"Stefania Radman\",\"image\":{\"@type\":\"ImageObject\",\"inLanguage\":\"it-IT\",\"@id\":\"https:\/\/staging.varesenews.it\/#\/schema\/person\/image\/\",\"url\":\"https:\/\/staging.varesenews.it\/wp-content\/uploads\/2020\/12\/stefania_radman_colori_500.jpg\",\"contentUrl\":\"https:\/\/staging.varesenews.it\/wp-content\/uploads\/2020\/12\/stefania_radman_colori_500.jpg\",\"caption\":\"Stefania Radman\"},\"description\":\"Varesina dal 1991, lavoro dal 2000 per Varesenews.it, prima come responsabile della pagina dell&rsquo;economia, poi della pagina life, ora della citt&agrave; di Varese.Ma sono (e sono stata) anche altro: per esempio, agli albori delle radio private ero dj in una radio milanese, Onda Radio. Da 20 anni sono corrispondente da Varese di Radio Popolare e ho collaborato con Espresso, Repubblica, Diario della Settimana, Italia Oggi. &ldquo;Smanettona&rdquo; da sempre, ho aperto il mio primo sito personale con Geocities nei primi anni novanta (chi se lo ricorda?) e i miei primi blog in Splinder all&rsquo;inizio del 2000. Ora sono sui social: qui quasi sempre sono semplicemente \\\"LaRadman&rdquo;.\",\"sameAs\":[\"http:\/\/laradman.blogspot.it\",\"https:\/\/www.facebook.com\/stefaniaradman\",\"@LaRadman\",\"https:\/\/www.linkedin.com\/in\/stefaniaradman\",\"https:\/\/twitter.com\/LaRadman\"],\"url\":\"https:\/\/staging.varesenews.it\/persona\/stefania-radman1\/\"}]}<\/script>\n<!-- \/ Yoast SEO plugin. -->","yoast_head_json":{"title":"Approvato in consiglio comunale il rendiconto di gestione 2017","description":"Dei sette punti all'ordine del giorno molti sono stati approvati all'unanimit\u00e0. Il dibattito maggiore sul progetto Robur - Anaconda","robots":{"index":"noindex","follow":"follow","max-snippet":"max-snippet:-1","max-image-preview":"max-image-preview:large","max-video-preview":"max-video-preview:-1"},"og_locale":"it_IT","og_type":"article","og_title":"Approvato in consiglio comunale il rendiconto di gestione 2017","og_description":"Dei sette punti all'ordine del giorno molti sono stati approvati all'unanimit\u00e0. Il dibattito maggiore sul progetto Robur - Anaconda","og_url":"https:\/\/staging.varesenews.it\/2018\/04\/approvato-consiglio-comunale-rendiconto-gestione-2017\/711797\/","og_site_name":"VareseNews","article_publisher":"https:\/\/www.facebook.com\/varesenews","article_author":"https:\/\/www.facebook.com\/stefaniaradman","article_published_time":"2018-04-26T23:50:33+00:00","article_modified_time":"2018-04-27T06:52:29+00:00","author":"Stefania Radman","twitter_card":"summary_large_image","twitter_creator":"@LaRadman","twitter_site":"@varesenews","twitter_misc":{"Scritto da":"Stefania Radman","Tempo di lettura stimato":"4 minuti"},"schema":{"@context":"https:\/\/schema.org","@graph":[{"@type":"WebPage","@id":"https:\/\/staging.varesenews.it\/2018\/04\/approvato-consiglio-comunale-rendiconto-gestione-2017\/711797\/","url":"https:\/\/staging.varesenews.it\/2018\/04\/approvato-consiglio-comunale-rendiconto-gestione-2017\/711797\/","name":"Approvato in consiglio comunale il rendiconto di gestione 2017","isPartOf":{"@id":"https:\/\/staging.varesenews.it\/#website"},"datePublished":"2018-04-26T23:50:33+00:00","dateModified":"2018-04-27T06:52:29+00:00","author":{"@id":"https:\/\/staging.varesenews.it\/#\/schema\/person\/995d2e6a31c67237a9a1bc1f0079f3aa"},"description":"Dei sette punti all'ordine del giorno molti sono stati approvati all'unanimit\u00e0. Il dibattito maggiore sul progetto Robur - Anaconda","breadcrumb":{"@id":"https:\/\/staging.varesenews.it\/2018\/04\/approvato-consiglio-comunale-rendiconto-gestione-2017\/711797\/#breadcrumb"},"inLanguage":"it-IT","potentialAction":[{"@type":"ReadAction","target":["https:\/\/staging.varesenews.it\/2018\/04\/approvato-consiglio-comunale-rendiconto-gestione-2017\/711797\/"]}]},{"@type":"BreadcrumbList","@id":"https:\/\/staging.varesenews.it\/2018\/04\/approvato-consiglio-comunale-rendiconto-gestione-2017\/711797\/#breadcrumb","itemListElement":[{"@type":"ListItem","position":1,"name":"Home","item":"https:\/\/www.varesenews.it\/"},{"@type":"ListItem","position":2,"name":"Approvato in consiglio comunale il rendiconto di gestione 2017"}]},{"@type":"WebSite","@id":"https:\/\/staging.varesenews.it\/#website","url":"https:\/\/staging.varesenews.it\/","name":"VareseNews","description":"","potentialAction":[{"@type":"SearchAction","target":{"@type":"EntryPoint","urlTemplate":"https:\/\/staging.varesenews.it\/?s={search_term_string}"},"query-input":"required name=search_term_string"}],"inLanguage":"it-IT"},{"@type":"Person","@id":"https:\/\/staging.varesenews.it\/#\/schema\/person\/995d2e6a31c67237a9a1bc1f0079f3aa","name":"Stefania Radman","image":{"@type":"ImageObject","inLanguage":"it-IT","@id":"https:\/\/staging.varesenews.it\/#\/schema\/person\/image\/","url":"https:\/\/staging.varesenews.it\/wp-content\/uploads\/2020\/12\/stefania_radman_colori_500.jpg","contentUrl":"https:\/\/staging.varesenews.it\/wp-content\/uploads\/2020\/12\/stefania_radman_colori_500.jpg","caption":"Stefania Radman"},"description":"Varesina dal 1991, lavoro dal 2000 per Varesenews.it, prima come responsabile della pagina dell&rsquo;economia, poi della pagina life, ora della citt&agrave; di Varese.Ma sono (e sono stata) anche altro: per esempio, agli albori delle radio private ero dj in una radio milanese, Onda Radio. Da 20 anni sono corrispondente da Varese di Radio Popolare e ho collaborato con Espresso, Repubblica, Diario della Settimana, Italia Oggi. &ldquo;Smanettona&rdquo; da sempre, ho aperto il mio primo sito personale con Geocities nei primi anni novanta (chi se lo ricorda?) e i miei primi blog in Splinder all&rsquo;inizio del 2000. Ora sono sui social: qui quasi sempre sono semplicemente \"LaRadman&rdquo;.","sameAs":["http:\/\/laradman.blogspot.it","https:\/\/www.facebook.com\/stefaniaradman","@LaRadman","https:\/\/www.linkedin.com\/in\/stefaniaradman","https:\/\/twitter.com\/LaRadman"],"url":"https:\/\/staging.varesenews.it\/persona\/stefania-radman1\/"}]}},"post_meta":{"_edit_lock":"1524812026:48","_edit_last":"48","_category_permalink":"a:1:{s:8:\"category\";s:0:\"\";}","ratings_users":"0","ratings_score":"0","ratings_average":"0","foto":"669168","argomento":"Varese","_yoast_wpseo_focuskw_text_input":"consiglio","_yoast_wpseo_focuskw":"consiglio","_yoast_wpseo_linkdex":"63","_yoast_wpseo_content_score":"30","_jd_tweet_this":"yes","_wpt_short_url":"http:\/\/www.varesenews.it\/2018\/04\/approvato-consiglio-comunale-rendiconto-gestione-2017\/711797\/","_wp_jd_target":"http:\/\/www.varesenews.it\/2018\/04\/approvato-consiglio-comunale-rendiconto-gestione-2017\/711797\/","_jd_wp_twitter":"a:1:{i:0;s:158:\"Approvato in consiglio comunale il rendiconto di gestione 2017 http:\/\/www.varesenews.it\/2018\/04\/approvato-consiglio-comunale-rendiconto-gestione-2017\/711797\/ \";}","_wpt_status_message":"Tweet inviato con successo."},"photos":[{"original":"https:\/\/staging.varesenews.it\/photogallery_new\/images\/2018\/04\/generico-2018-669168.jpg","full":"https:\/\/staging.varesenews.it\/photogallery_new\/images\/2018\/04\/generico-2018-669168.1024x768.jpg","large":"https:\/\/staging.varesenews.it\/photogallery_new\/images\/2018\/04\/generico-2018-669168.610x431.jpg"}],"_links":{"self":[{"href":"https:\/\/staging.varesenews.it\/swgapi\/v1\/wp\/v2\/posts\/711797"}],"collection":[{"href":"https:\/\/staging.varesenews.it\/swgapi\/v1\/wp\/v2\/posts"}],"about":[{"href":"https:\/\/staging.varesenews.it\/swgapi\/v1\/wp\/v2\/types\/post"}],"author":[{"embeddable":true,"href":"https:\/\/staging.varesenews.it\/swgapi\/v1\/wp\/v2\/users\/48"}],"replies":[{"embeddable":true,"href":"https:\/\/staging.varesenews.it\/swgapi\/v1\/wp\/v2\/comments?post=711797"}],"version-history":[{"count":0,"href":"https:\/\/staging.varesenews.it\/swgapi\/v1\/wp\/v2\/posts\/711797\/revisions"}],"wp:attachment":[{"href":"https:\/\/staging.varesenews.it\/swgapi\/v1\/wp\/v2\/media?parent=711797"}],"wp:term":[{"taxonomy":"category","embeddable":true,"href":"https:\/\/staging.varesenews.it\/swgapi\/v1\/wp\/v2\/categories?post=711797"},{"taxonomy":"post_tag","embeddable":true,"href":"https:\/\/staging.varesenews.it\/swgapi\/v1\/wp\/v2\/tags?post=711797"}],"curies":[{"name":"wp","href":"https:\/\/api.w.org\/{rel}","templated":true}]}}