{"id":712813,"date":"2018-05-02T11:33:02","date_gmt":"2018-05-02T09:33:02","guid":{"rendered":"http:\/\/www.varesenews.it\/?p=712813"},"modified":"2018-05-02T11:46:58","modified_gmt":"2018-05-02T09:46:58","slug":"weekend-medioevale-san-bernardino-col-battesimo-contrada","status":"publish","type":"post","link":"https:\/\/staging.varesenews.it\/2018\/05\/weekend-medioevale-san-bernardino-col-battesimo-contrada\/712813\/","title":{"rendered":"Weekend medievale a San Bernardino col battesimo di contrada"},"content":{"rendered":"<p>Si sono svolti nel pomeriggio di domenica 29 aprile, i tradizionali \u201cBattesimi\u201d della Contrada Biancorossa, la giornata si \u00e8 poi conclusa con la \u201cNotte Medievale\u201d per tutti i bimbi.\u00a0 La Contrada San Bernardino, con questi tre giorni, ha voluto far rivivere ai propri contradaioli e a tutta la citt\u00e0 di Legnano, il fascino dell&#8217;epoca medioevale.<\/p>\n<p>Durante i tradizionali \u201cBattesimi di Contrada\u201d, 20 bimbi nati nell\u2019anno 2017, hanno ricevuto in dono da Capitano e Castellana, nelle vesti di padrino e madrina, una pergamena ed una medaglietta in argento raffigurante i simboli di Contrada, muovendo cos\u00ec i loro primi passi nella famiglia della Contrada Biancorossa.<\/p>\n<p>Tanti i parenti e gli amici dei nuovi piccoli contradaioli, che si sono radunati in Maniero per un pomeriggio a loro dedicato e concluso con un ricco buffet allestito con la preziosa collaborazione delle dame.<\/p>\n<p>In serata poi pi\u00f9 di 30 bambini, non si sono fatti mancare l\u2019occasione di poter dormire nella Sala d\u2019Armi del Maniero, allestita come un vero accampamento Medioevale. Accompagnati dai genitori, sono stati accolti dalla Castellana Silvia e dalla past Castellana Sara che insieme alle ragazze biancorosse hanno fatto dei lavoretti e vari giochi in epoca attendendo cos\u00ec l\u2019ora della nanna. Al risveglio, dopo aver gustato delle brioches fresche con tanti altri giochi, hanno atteso l\u2019arrivo dei propri genitori.<\/p>\n<p>Nella serata di luned\u00ec 30 aprile, dalle ore 20:30, al San Bernardino Palace si \u00e8 tenuto anche il Convivio Medioevale. Agli ospiti \u00e8 stata donata un\u2018adeguata veste in stile e durante il convivio saranno intrattenuti con giochi medioevali e la \u201cCaccia al Barbarossa\u201d.<\/p>\n","protected":false},"excerpt":{"rendered":"<p>Venti bambini nati nel 2017 sono stati &#8220;battezzati&#8221; con i simboli della contrada<\/p>\n","protected":false},"author":47,"featured_media":0,"comment_status":"open","ping_status":"open","sticky":false,"template":"","format":"standard","meta":{"footnotes":""},"categories":[4,21],"tags":[58013,6272,85599,12606],"acf":[],"yoast_head":"<!-- This site is optimized with the Yoast SEO plugin v20.1 - https:\/\/yoast.com\/wordpress\/plugins\/seo\/ -->\n<title>Weekend medievale a San Bernardino col battesimo di contrada<\/title>\n<meta name=\"description\" content=\"Venti bambini nati nel 2017 sono stati &quot;battezzati&quot; con i simboli della contrada\" \/>\n<meta name=\"robots\" content=\"noindex, follow, max-snippet:-1, max-image-preview:large, max-video-preview:-1\" \/>\n<meta property=\"og:locale\" content=\"it_IT\" \/>\n<meta property=\"og:type\" content=\"article\" \/>\n<meta property=\"og:title\" content=\"Weekend medievale a San Bernardino col battesimo di contrada\" \/>\n<meta property=\"og:description\" content=\"Venti bambini nati nel 2017 sono stati &quot;battezzati&quot; con i simboli della contrada\" \/>\n<meta property=\"og:url\" content=\"https:\/\/staging.varesenews.it\/2018\/05\/weekend-medioevale-san-bernardino-col-battesimo-contrada\/712813\/\" \/>\n<meta property=\"og:site_name\" content=\"VareseNews\" \/>\n<meta property=\"article:publisher\" content=\"https:\/\/www.facebook.com\/varesenews\" \/>\n<meta property=\"article:published_time\" content=\"2018-05-02T09:33:02+00:00\" \/>\n<meta property=\"article:modified_time\" content=\"2018-05-02T09:46:58+00:00\" \/>\n<meta name=\"author\" content=\"Orlando Mastrillo\" \/>\n<meta name=\"twitter:card\" content=\"summary_large_image\" \/>\n<meta name=\"twitter:creator\" content=\"@nando_mastrillo\" \/>\n<meta name=\"twitter:site\" content=\"@varesenews\" \/>\n<meta name=\"twitter:label1\" content=\"Scritto da\" \/>\n\t<meta name=\"twitter:data1\" content=\"Orlando Mastrillo\" \/>\n\t<meta name=\"twitter:label2\" content=\"Tempo di lettura stimato\" \/>\n\t<meta name=\"twitter:data2\" content=\"1 minuto\" \/>\n<script type=\"application\/ld+json\" class=\"yoast-schema-graph\">{\"@context\":\"https:\/\/schema.org\",\"@graph\":[{\"@type\":\"WebPage\",\"@id\":\"https:\/\/staging.varesenews.it\/2018\/05\/weekend-medioevale-san-bernardino-col-battesimo-contrada\/712813\/\",\"url\":\"https:\/\/staging.varesenews.it\/2018\/05\/weekend-medioevale-san-bernardino-col-battesimo-contrada\/712813\/\",\"name\":\"Weekend medievale a San Bernardino col battesimo di contrada\",\"isPartOf\":{\"@id\":\"https:\/\/staging.varesenews.it\/#website\"},\"datePublished\":\"2018-05-02T09:33:02+00:00\",\"dateModified\":\"2018-05-02T09:46:58+00:00\",\"author\":{\"@id\":\"https:\/\/staging.varesenews.it\/#\/schema\/person\/14c47ccce537a9058dddce296f10b296\"},\"description\":\"Venti bambini nati nel 2017 sono stati \\\"battezzati\\\" con i simboli della contrada\",\"breadcrumb\":{\"@id\":\"https:\/\/staging.varesenews.it\/2018\/05\/weekend-medioevale-san-bernardino-col-battesimo-contrada\/712813\/#breadcrumb\"},\"inLanguage\":\"it-IT\",\"potentialAction\":[{\"@type\":\"ReadAction\",\"target\":[\"https:\/\/staging.varesenews.it\/2018\/05\/weekend-medioevale-san-bernardino-col-battesimo-contrada\/712813\/\"]}]},{\"@type\":\"BreadcrumbList\",\"@id\":\"https:\/\/staging.varesenews.it\/2018\/05\/weekend-medioevale-san-bernardino-col-battesimo-contrada\/712813\/#breadcrumb\",\"itemListElement\":[{\"@type\":\"ListItem\",\"position\":1,\"name\":\"Home\",\"item\":\"https:\/\/www.varesenews.it\/\"},{\"@type\":\"ListItem\",\"position\":2,\"name\":\"Weekend medievale a San Bernardino col battesimo di contrada\"}]},{\"@type\":\"WebSite\",\"@id\":\"https:\/\/staging.varesenews.it\/#website\",\"url\":\"https:\/\/staging.varesenews.it\/\",\"name\":\"VareseNews\",\"description\":\"\",\"potentialAction\":[{\"@type\":\"SearchAction\",\"target\":{\"@type\":\"EntryPoint\",\"urlTemplate\":\"https:\/\/staging.varesenews.it\/?s={search_term_string}\"},\"query-input\":\"required name=search_term_string\"}],\"inLanguage\":\"it-IT\"},{\"@type\":\"Person\",\"@id\":\"https:\/\/staging.varesenews.it\/#\/schema\/person\/14c47ccce537a9058dddce296f10b296\",\"name\":\"Orlando Mastrillo\",\"image\":{\"@type\":\"ImageObject\",\"inLanguage\":\"it-IT\",\"@id\":\"https:\/\/staging.varesenews.it\/#\/schema\/person\/image\/\",\"url\":\"https:\/\/staging.varesenews.it\/wp-content\/uploads\/2020\/12\/orlando_mastrillo_colori_500.jpg\",\"contentUrl\":\"https:\/\/staging.varesenews.it\/wp-content\/uploads\/2020\/12\/orlando_mastrillo_colori_500.jpg\",\"caption\":\"Orlando Mastrillo\"},\"description\":\"Nasco a Luino nel 1981, ho iniziato questo lavoro nell'estate del 2003 nella redazione de Il Giorno di Varese e dall'anno successivo ho intrapreso la collaborazione con VareseNews. Dopo anni nell'Alto Varesotto mi sono trasferito a Busto Arsizio nel 2007, territorio che ho iniziato a seguire e che seguo tutt'oggi. Nel 2013 sono diventato giornalista professionista. Mi occupo di cronaca politica, giudiziaria e nera in una vasta area che comprende anche parte della Valle Olona e il Legnanese. Sono sposato con Valeria Arini e ho due splendide figlie.\",\"sameAs\":[\"or_ma\",\"https:\/\/twitter.com\/nando_mastrillo\"],\"url\":\"https:\/\/staging.varesenews.it\/persona\/orlando-mastrillo1\/\"}]}<\/script>\n<!-- \/ Yoast SEO plugin. -->","yoast_head_json":{"title":"Weekend medievale a San Bernardino col battesimo di contrada","description":"Venti bambini nati nel 2017 sono stati \"battezzati\" con i simboli della contrada","robots":{"index":"noindex","follow":"follow","max-snippet":"max-snippet:-1","max-image-preview":"max-image-preview:large","max-video-preview":"max-video-preview:-1"},"og_locale":"it_IT","og_type":"article","og_title":"Weekend medievale a San Bernardino col battesimo di contrada","og_description":"Venti bambini nati nel 2017 sono stati \"battezzati\" con i simboli della contrada","og_url":"https:\/\/staging.varesenews.it\/2018\/05\/weekend-medioevale-san-bernardino-col-battesimo-contrada\/712813\/","og_site_name":"VareseNews","article_publisher":"https:\/\/www.facebook.com\/varesenews","article_published_time":"2018-05-02T09:33:02+00:00","article_modified_time":"2018-05-02T09:46:58+00:00","author":"Orlando Mastrillo","twitter_card":"summary_large_image","twitter_creator":"@nando_mastrillo","twitter_site":"@varesenews","twitter_misc":{"Scritto da":"Orlando Mastrillo","Tempo di lettura stimato":"1 minuto"},"schema":{"@context":"https:\/\/schema.org","@graph":[{"@type":"WebPage","@id":"https:\/\/staging.varesenews.it\/2018\/05\/weekend-medioevale-san-bernardino-col-battesimo-contrada\/712813\/","url":"https:\/\/staging.varesenews.it\/2018\/05\/weekend-medioevale-san-bernardino-col-battesimo-contrada\/712813\/","name":"Weekend medievale a San Bernardino col battesimo di contrada","isPartOf":{"@id":"https:\/\/staging.varesenews.it\/#website"},"datePublished":"2018-05-02T09:33:02+00:00","dateModified":"2018-05-02T09:46:58+00:00","author":{"@id":"https:\/\/staging.varesenews.it\/#\/schema\/person\/14c47ccce537a9058dddce296f10b296"},"description":"Venti bambini nati nel 2017 sono stati \"battezzati\" con i simboli della contrada","breadcrumb":{"@id":"https:\/\/staging.varesenews.it\/2018\/05\/weekend-medioevale-san-bernardino-col-battesimo-contrada\/712813\/#breadcrumb"},"inLanguage":"it-IT","potentialAction":[{"@type":"ReadAction","target":["https:\/\/staging.varesenews.it\/2018\/05\/weekend-medioevale-san-bernardino-col-battesimo-contrada\/712813\/"]}]},{"@type":"BreadcrumbList","@id":"https:\/\/staging.varesenews.it\/2018\/05\/weekend-medioevale-san-bernardino-col-battesimo-contrada\/712813\/#breadcrumb","itemListElement":[{"@type":"ListItem","position":1,"name":"Home","item":"https:\/\/www.varesenews.it\/"},{"@type":"ListItem","position":2,"name":"Weekend medievale a San Bernardino col battesimo di contrada"}]},{"@type":"WebSite","@id":"https:\/\/staging.varesenews.it\/#website","url":"https:\/\/staging.varesenews.it\/","name":"VareseNews","description":"","potentialAction":[{"@type":"SearchAction","target":{"@type":"EntryPoint","urlTemplate":"https:\/\/staging.varesenews.it\/?s={search_term_string}"},"query-input":"required name=search_term_string"}],"inLanguage":"it-IT"},{"@type":"Person","@id":"https:\/\/staging.varesenews.it\/#\/schema\/person\/14c47ccce537a9058dddce296f10b296","name":"Orlando Mastrillo","image":{"@type":"ImageObject","inLanguage":"it-IT","@id":"https:\/\/staging.varesenews.it\/#\/schema\/person\/image\/","url":"https:\/\/staging.varesenews.it\/wp-content\/uploads\/2020\/12\/orlando_mastrillo_colori_500.jpg","contentUrl":"https:\/\/staging.varesenews.it\/wp-content\/uploads\/2020\/12\/orlando_mastrillo_colori_500.jpg","caption":"Orlando Mastrillo"},"description":"Nasco a Luino nel 1981, ho iniziato questo lavoro nell'estate del 2003 nella redazione de Il Giorno di Varese e dall'anno successivo ho intrapreso la collaborazione con VareseNews. Dopo anni nell'Alto Varesotto mi sono trasferito a Busto Arsizio nel 2007, territorio che ho iniziato a seguire e che seguo tutt'oggi. Nel 2013 sono diventato giornalista professionista. Mi occupo di cronaca politica, giudiziaria e nera in una vasta area che comprende anche parte della Valle Olona e il Legnanese. Sono sposato con Valeria Arini e ho due splendide figlie.","sameAs":["or_ma","https:\/\/twitter.com\/nando_mastrillo"],"url":"https:\/\/staging.varesenews.it\/persona\/orlando-mastrillo1\/"}]}},"post_meta":{"_edit_lock":"1525254342:47","_edit_last":"47","_category_permalink":"a:1:{s:8:\"category\";s:0:\"\";}","ratings_users":"0","ratings_score":"0","ratings_average":"0","foto":"670159","firma_come_redazione":"1","argomento":"Palio di Legnano","_yoast_wpseo_content_score":"30","_jd_tweet_this":"yes","_wpt_short_url":"http:\/\/www.varesenews.it\/2018\/05\/weekend-medioevale-san-bernardino-col-battesimo-contrada\/712813\/","_wp_jd_target":"http:\/\/www.varesenews.it\/2018\/05\/weekend-medioevale-san-bernardino-col-battesimo-contrada\/712813\/","_jd_wp_twitter":"a:1:{i:0;s:190:\"Weekend medioevale a San Bernardino col battesimo di contrada http:\/\/www.varesenews.it\/2018\/05\/weekend-medioevale-san-bernardino-col-battesimo-contrada\/712813\/ #paliodilegnano #sanbernardino\";}","_wpt_status_message":"Tweet inviato con successo.","id_link_fotogallery":"712823"},"photos":[{"original":"https:\/\/staging.varesenews.it\/photogallery_new\/images\/2018\/05\/contrada-san-bernardino-manieri-aperti-palio-di-legnano-2018-670159.jpg","full":"https:\/\/staging.varesenews.it\/photogallery_new\/images\/2018\/05\/contrada-san-bernardino-manieri-aperti-palio-di-legnano-2018-670159.1024x768.jpg","large":"https:\/\/staging.varesenews.it\/photogallery_new\/images\/2018\/05\/contrada-san-bernardino-manieri-aperti-palio-di-legnano-2018-670159.610x431.jpg"}],"_links":{"self":[{"href":"https:\/\/staging.varesenews.it\/swgapi\/v1\/wp\/v2\/posts\/712813"}],"collection":[{"href":"https:\/\/staging.varesenews.it\/swgapi\/v1\/wp\/v2\/posts"}],"about":[{"href":"https:\/\/staging.varesenews.it\/swgapi\/v1\/wp\/v2\/types\/post"}],"author":[{"embeddable":true,"href":"https:\/\/staging.varesenews.it\/swgapi\/v1\/wp\/v2\/users\/47"}],"replies":[{"embeddable":true,"href":"https:\/\/staging.varesenews.it\/swgapi\/v1\/wp\/v2\/comments?post=712813"}],"version-history":[{"count":0,"href":"https:\/\/staging.varesenews.it\/swgapi\/v1\/wp\/v2\/posts\/712813\/revisions"}],"wp:attachment":[{"href":"https:\/\/staging.varesenews.it\/swgapi\/v1\/wp\/v2\/media?parent=712813"}],"wp:term":[{"taxonomy":"category","embeddable":true,"href":"https:\/\/staging.varesenews.it\/swgapi\/v1\/wp\/v2\/categories?post=712813"},{"taxonomy":"post_tag","embeddable":true,"href":"https:\/\/staging.varesenews.it\/swgapi\/v1\/wp\/v2\/tags?post=712813"}],"curies":[{"name":"wp","href":"https:\/\/api.w.org\/{rel}","templated":true}]}}