{"id":713267,"date":"2018-05-03T16:21:48","date_gmt":"2018-05-03T14:21:48","guid":{"rendered":"http:\/\/www.varesenews.it\/?p=713267"},"modified":"2018-05-03T16:23:23","modified_gmt":"2018-05-03T14:23:23","slug":"ultima-chiesa-san-giorgio","status":"publish","type":"post","link":"https:\/\/staging.varesenews.it\/2018\/05\/ultima-chiesa-san-giorgio\/713267\/","title":{"rendered":"Ottantasei anni dopo, la &#8220;ultima pietra&#8221; della chiesa di San Giorgio"},"content":{"rendered":"<p><strong>La pensarono in grande: una chiesa a cinque campate<\/strong>, per accogliere il popolo del paese Jerago che diventava via via pi\u00f9 numeroso. Quel che non potevano immaginare era che <strong>sarebbe stata completata solo dopo decenni di attesa<\/strong>, un ripensamento del progetto originale, un aggiornamento del progetto della facciata quasi un secolo dopo.<\/p>\n<p>A ottantasei anni dalla consacrazione, <strong>si compie nel 2018 <\/strong>la storia della chiesa <strong>parrocchiale di San Giorgio a Jerago<\/strong>: dopo otto decenni di attesa, con una facciata spoglia e provvisoria, il fronte della chiesa \u00e8 stato infatti concluso con il pronao all&#8217;ingresso, completato da tre nuove vetrate.<\/p>\n<p><strong>Non fosse un po&#8217; irriverente<\/strong>, verrebbe da accostarla &#8211; in piccolo &#8211; alla <strong>centenaria fabbrica del Duomo di Milano<\/strong>, la chiesa matrice dove oggi siede sulla cattedra di Sant&#8217;Ambrogio proprio un jeraghese, monsignor <strong>Mario Delpini<\/strong>.<\/p>\n<p>\u00abL&#8217;idea di completare la facciata risale al 2012, quando abbiamo dovuto fare la ristrutturazione del tetto\u00bb spiega <strong>don Remo Ciapparella<\/strong>, parroco a Jerago da due lustri. \u00abA dire il vero volevamo rifare il pavimento e l&#8217;altare, al posto di quello provvisorio di cinquant&#8217;anni fa, ma poi abbiamo dovuto intervenire d\u2019urgenza sul tetto\u00bb. Visto che, appunto, la chiesa portava gi\u00e0 il segno degli anni.<\/p>\n<p><div class=\"photo-inside-post\"><img decoding=\"async\" loading=\"lazy\" fetchpriority=\"low\" width=\"610\" height=\"431\" src=\"https:\/\/staging.varesenews.it\/photogallery_new\/images\/2018\/05\/jerago-con-orago-generico-670429.610x431.jpg\" alt=\"Jerago con Orago generico\"><\/div> don Remo<\/p>\n<p><strong>Dall&#8217;archivio parrocchiale \u00e8 stato fuori il progetto originale<\/strong>, risalente appunto agli anni Trenta, al periodo in cui fu realizzata la chiesa consacrata il 14 settembre 1932 dal cardinal Ildefonso Schuster. L&#8217;idea di replicare, a distanza di ottant&#8217;anni, una facciata con il linguaggio architettonico degli anni Trenta era per\u00f2 decisamente anomala. \u00abLa Sopraintendenza la considerava obsoleta\u00bb continua don Remo. Allora abbiamo deciso di inserire <strong>un pronao al portale d\u2019ingresso e di inserire alcune vetrate nella &#8220;bussola&#8221; all&#8217;ingresso<\/strong>\u00bb.<\/p>\n<p><div class=\"photo-inside-post\"><img decoding=\"async\" loading=\"lazy\" fetchpriority=\"low\" width=\"610\" height=\"431\" src=\"https:\/\/staging.varesenews.it\/photogallery_new\/images\/2018\/05\/jerago-con-orago-generico-670434.610x431.jpg\" alt=\"Jerago con Orago generico\"><\/div> La\u00a0Chiesa vecchia di San Giorgio, restaurata negli anni Novanta, oggi usata per manifestazioni e mostre<\/p>\n<p>A distanza di un anno, l&#8217;intervento \u00e8 arrivato a conclusione, con il pronao in pietra e, appunto, anche con le <strong>nuove vetrate artistiche, una Sacra Famiglia<\/strong> sopra l&#8217;ingresso (\u00abvisto che oggi la Comunit\u00e0 pastorale \u00e8 dedicata a Maria Regina della Famiglia\u00bb) e sui lati della &#8220;bussola&#8221; due vetrate con i simboli che richiamano i momenti del battesimo e del cresima.<\/p>\n<p><div class=\"photo-inside-post\"><img decoding=\"async\" loading=\"lazy\" fetchpriority=\"low\" width=\"610\" height=\"431\" src=\"https:\/\/staging.varesenews.it\/photogallery_new\/images\/2018\/05\/jerago-con-orago-generico-670431.610x431.jpg\" alt=\"Jerago con Orago generico\"><\/div> La nuova vetrata sopra all&#8217;ingresso<\/p>\n<p>La data della festa per la conclusione dei lavori non \u00e8 stata ancora fissata. Ci sar\u00e0 anche l&#8217;arcivescovo Delpini? Pare di s\u00ec. \u00ab\u00c8 passato anche a Pasqua, ci ha detto di s\u00ec\u00bb dice don Remo. \u00abHa sempre molto amato la sua parrocchia e la sua chiesa\u00bb.<\/p>\n","protected":false},"excerpt":{"rendered":"<p>Costruita per sostituire la vecchia chiesa, consacrata nel 1932, dopo otto decenni la parrocchiale \u00e8 stata completata con il portico della facciata e nuove vetrate<\/p>\n","protected":false},"author":46,"featured_media":0,"comment_status":"open","ping_status":"open","sticky":false,"template":"","format":"standard","meta":{"footnotes":""},"categories":[3],"tags":[740,86302],"acf":[],"yoast_head":"<!-- This site is optimized with the Yoast SEO plugin v20.1 - https:\/\/yoast.com\/wordpress\/plugins\/seo\/ -->\n<title>Ottantasei anni dopo, la &quot;ultima pietra&quot; della chiesa di San Giorgio<\/title>\n<meta name=\"description\" content=\"Costruita per sostituire la vecchia chiesa, consacrata nel 1932, dopo otto decenni la parrocchiale \u00e8 stata completata con il portico della facciata e nuove vetrate\" \/>\n<meta name=\"robots\" content=\"noindex, follow, max-snippet:-1, max-image-preview:large, max-video-preview:-1\" \/>\n<meta property=\"og:locale\" content=\"it_IT\" \/>\n<meta property=\"og:type\" content=\"article\" \/>\n<meta property=\"og:title\" content=\"Ottantasei anni dopo, la &quot;ultima pietra&quot; della chiesa di San Giorgio\" \/>\n<meta property=\"og:description\" content=\"Costruita per sostituire la vecchia chiesa, consacrata nel 1932, dopo otto decenni la parrocchiale \u00e8 stata completata con il portico della facciata e nuove vetrate\" \/>\n<meta property=\"og:url\" content=\"https:\/\/staging.varesenews.it\/2018\/05\/ultima-chiesa-san-giorgio\/713267\/\" \/>\n<meta property=\"og:site_name\" content=\"VareseNews\" \/>\n<meta property=\"article:publisher\" content=\"https:\/\/www.facebook.com\/varesenews\" \/>\n<meta property=\"article:published_time\" content=\"2018-05-03T14:21:48+00:00\" \/>\n<meta property=\"article:modified_time\" content=\"2018-05-03T14:23:23+00:00\" \/>\n<meta name=\"author\" content=\"Roberto Morandi\" \/>\n<meta name=\"twitter:card\" content=\"summary_large_image\" \/>\n<meta name=\"twitter:creator\" content=\"@ilmorands\" \/>\n<meta name=\"twitter:site\" content=\"@varesenews\" \/>\n<meta name=\"twitter:label1\" content=\"Scritto da\" \/>\n\t<meta name=\"twitter:data1\" content=\"Roberto Morandi\" \/>\n\t<meta name=\"twitter:label2\" content=\"Tempo di lettura stimato\" \/>\n\t<meta name=\"twitter:data2\" content=\"2 minuti\" \/>\n<script type=\"application\/ld+json\" class=\"yoast-schema-graph\">{\"@context\":\"https:\/\/schema.org\",\"@graph\":[{\"@type\":\"WebPage\",\"@id\":\"https:\/\/staging.varesenews.it\/2018\/05\/ultima-chiesa-san-giorgio\/713267\/\",\"url\":\"https:\/\/staging.varesenews.it\/2018\/05\/ultima-chiesa-san-giorgio\/713267\/\",\"name\":\"Ottantasei anni dopo, la \\\"ultima pietra\\\" della chiesa di San Giorgio\",\"isPartOf\":{\"@id\":\"https:\/\/staging.varesenews.it\/#website\"},\"datePublished\":\"2018-05-03T14:21:48+00:00\",\"dateModified\":\"2018-05-03T14:23:23+00:00\",\"author\":{\"@id\":\"https:\/\/staging.varesenews.it\/#\/schema\/person\/efe592ae4c76536b551f89d8b6674bc3\"},\"description\":\"Costruita per sostituire la vecchia chiesa, consacrata nel 1932, dopo otto decenni la parrocchiale \u00e8 stata completata con il portico della facciata e nuove vetrate\",\"breadcrumb\":{\"@id\":\"https:\/\/staging.varesenews.it\/2018\/05\/ultima-chiesa-san-giorgio\/713267\/#breadcrumb\"},\"inLanguage\":\"it-IT\",\"potentialAction\":[{\"@type\":\"ReadAction\",\"target\":[\"https:\/\/staging.varesenews.it\/2018\/05\/ultima-chiesa-san-giorgio\/713267\/\"]}]},{\"@type\":\"BreadcrumbList\",\"@id\":\"https:\/\/staging.varesenews.it\/2018\/05\/ultima-chiesa-san-giorgio\/713267\/#breadcrumb\",\"itemListElement\":[{\"@type\":\"ListItem\",\"position\":1,\"name\":\"Home\",\"item\":\"https:\/\/www.varesenews.it\/\"},{\"@type\":\"ListItem\",\"position\":2,\"name\":\"Ottantasei anni dopo, la &#8220;ultima pietra&#8221; della chiesa di San Giorgio\"}]},{\"@type\":\"WebSite\",\"@id\":\"https:\/\/staging.varesenews.it\/#website\",\"url\":\"https:\/\/staging.varesenews.it\/\",\"name\":\"VareseNews\",\"description\":\"\",\"potentialAction\":[{\"@type\":\"SearchAction\",\"target\":{\"@type\":\"EntryPoint\",\"urlTemplate\":\"https:\/\/staging.varesenews.it\/?s={search_term_string}\"},\"query-input\":\"required name=search_term_string\"}],\"inLanguage\":\"it-IT\"},{\"@type\":\"Person\",\"@id\":\"https:\/\/staging.varesenews.it\/#\/schema\/person\/efe592ae4c76536b551f89d8b6674bc3\",\"name\":\"Roberto Morandi\",\"image\":{\"@type\":\"ImageObject\",\"inLanguage\":\"it-IT\",\"@id\":\"https:\/\/staging.varesenews.it\/#\/schema\/person\/image\/\",\"url\":\"https:\/\/staging.varesenews.it\/wp-content\/uploads\/2020\/12\/roberto_morandi_colori_500.jpg\",\"contentUrl\":\"https:\/\/staging.varesenews.it\/wp-content\/uploads\/2020\/12\/roberto_morandi_colori_500.jpg\",\"caption\":\"Roberto Morandi\"},\"description\":\"Classe 1980, laureato in storia, mi occupo dell&rsquo;area di Gallarate e di Malpensa, di trasporti e mobilit&agrave;. Amo molto la dimensione della citt&agrave;, come luogo d&rsquo;incontro di persone diverse e come organismo che si trasforma costantemente. Mi piace anche raccontare le piccole e grandi vicende, anche locali, che compongono la Storia con la S maiuscola. Appassionato di bicicletta: la macchina perfetta per muoversi in citt&agrave; e per viaggiare.\",\"sameAs\":[\"https:\/\/twitter.com\/ilmorands\"],\"url\":\"https:\/\/staging.varesenews.it\/persona\/roberto-morandi1\/\"}]}<\/script>\n<!-- \/ Yoast SEO plugin. -->","yoast_head_json":{"title":"Ottantasei anni dopo, la \"ultima pietra\" della chiesa di San Giorgio","description":"Costruita per sostituire la vecchia chiesa, consacrata nel 1932, dopo otto decenni la parrocchiale \u00e8 stata completata con il portico della facciata e nuove vetrate","robots":{"index":"noindex","follow":"follow","max-snippet":"max-snippet:-1","max-image-preview":"max-image-preview:large","max-video-preview":"max-video-preview:-1"},"og_locale":"it_IT","og_type":"article","og_title":"Ottantasei anni dopo, la \"ultima pietra\" della chiesa di San Giorgio","og_description":"Costruita per sostituire la vecchia chiesa, consacrata nel 1932, dopo otto decenni la parrocchiale \u00e8 stata completata con il portico della facciata e nuove vetrate","og_url":"https:\/\/staging.varesenews.it\/2018\/05\/ultima-chiesa-san-giorgio\/713267\/","og_site_name":"VareseNews","article_publisher":"https:\/\/www.facebook.com\/varesenews","article_published_time":"2018-05-03T14:21:48+00:00","article_modified_time":"2018-05-03T14:23:23+00:00","author":"Roberto Morandi","twitter_card":"summary_large_image","twitter_creator":"@ilmorands","twitter_site":"@varesenews","twitter_misc":{"Scritto da":"Roberto Morandi","Tempo di lettura stimato":"2 minuti"},"schema":{"@context":"https:\/\/schema.org","@graph":[{"@type":"WebPage","@id":"https:\/\/staging.varesenews.it\/2018\/05\/ultima-chiesa-san-giorgio\/713267\/","url":"https:\/\/staging.varesenews.it\/2018\/05\/ultima-chiesa-san-giorgio\/713267\/","name":"Ottantasei anni dopo, la \"ultima pietra\" della chiesa di San Giorgio","isPartOf":{"@id":"https:\/\/staging.varesenews.it\/#website"},"datePublished":"2018-05-03T14:21:48+00:00","dateModified":"2018-05-03T14:23:23+00:00","author":{"@id":"https:\/\/staging.varesenews.it\/#\/schema\/person\/efe592ae4c76536b551f89d8b6674bc3"},"description":"Costruita per sostituire la vecchia chiesa, consacrata nel 1932, dopo otto decenni la parrocchiale \u00e8 stata completata con il portico della facciata e nuove vetrate","breadcrumb":{"@id":"https:\/\/staging.varesenews.it\/2018\/05\/ultima-chiesa-san-giorgio\/713267\/#breadcrumb"},"inLanguage":"it-IT","potentialAction":[{"@type":"ReadAction","target":["https:\/\/staging.varesenews.it\/2018\/05\/ultima-chiesa-san-giorgio\/713267\/"]}]},{"@type":"BreadcrumbList","@id":"https:\/\/staging.varesenews.it\/2018\/05\/ultima-chiesa-san-giorgio\/713267\/#breadcrumb","itemListElement":[{"@type":"ListItem","position":1,"name":"Home","item":"https:\/\/www.varesenews.it\/"},{"@type":"ListItem","position":2,"name":"Ottantasei anni dopo, la &#8220;ultima pietra&#8221; della chiesa di San Giorgio"}]},{"@type":"WebSite","@id":"https:\/\/staging.varesenews.it\/#website","url":"https:\/\/staging.varesenews.it\/","name":"VareseNews","description":"","potentialAction":[{"@type":"SearchAction","target":{"@type":"EntryPoint","urlTemplate":"https:\/\/staging.varesenews.it\/?s={search_term_string}"},"query-input":"required name=search_term_string"}],"inLanguage":"it-IT"},{"@type":"Person","@id":"https:\/\/staging.varesenews.it\/#\/schema\/person\/efe592ae4c76536b551f89d8b6674bc3","name":"Roberto Morandi","image":{"@type":"ImageObject","inLanguage":"it-IT","@id":"https:\/\/staging.varesenews.it\/#\/schema\/person\/image\/","url":"https:\/\/staging.varesenews.it\/wp-content\/uploads\/2020\/12\/roberto_morandi_colori_500.jpg","contentUrl":"https:\/\/staging.varesenews.it\/wp-content\/uploads\/2020\/12\/roberto_morandi_colori_500.jpg","caption":"Roberto Morandi"},"description":"Classe 1980, laureato in storia, mi occupo dell&rsquo;area di Gallarate e di Malpensa, di trasporti e mobilit&agrave;. Amo molto la dimensione della citt&agrave;, come luogo d&rsquo;incontro di persone diverse e come organismo che si trasforma costantemente. Mi piace anche raccontare le piccole e grandi vicende, anche locali, che compongono la Storia con la S maiuscola. Appassionato di bicicletta: la macchina perfetta per muoversi in citt&agrave; e per viaggiare.","sameAs":["https:\/\/twitter.com\/ilmorands"],"url":"https:\/\/staging.varesenews.it\/persona\/roberto-morandi1\/"}]}},"post_meta":{"_edit_lock":"1525357474:46","_edit_last":"46","_category_permalink":"a:1:{s:8:\"category\";s:1:\"3\";}","foto":"670435","argomento":"Speciale Jerago con Orago","_yoast_wpseo_content_score":"30","_jd_tweet_this":"yes","ratings_users":"0","ratings_score":"0","ratings_average":"0","_wpt_short_url":"http:\/\/www.varesenews.it\/2018\/05\/ottantasei-anni-lultima-pietra-della-chiesa-san-giorgio\/713267\/","_wp_jd_target":"http:\/\/www.varesenews.it\/2018\/05\/ottantasei-anni-lultima-pietra-della-chiesa-san-giorgio\/713267\/","_jd_wp_twitter":"a:1:{i:0;s:178:\"Ottantasei anni dopo, l\u2019ultima \u201cpietra\u201d della chiesa di San Giorgio http:\/\/www.varesenews.it\/2018\/05\/ottantasei-anni-lultima-pietra-della-chiesa-san-giorgio\/713267\/ #Chiesa\";}","_wpt_status_message":"Tweet inviato con successo.","_wp_old_slug":"ottantasei-anni-lultima-pietra-della-chiesa-san-giorgio"},"photos":[{"original":"https:\/\/staging.varesenews.it\/photogallery_new\/images\/2018\/05\/jerago-con-orago-generico-670435.jpg","full":"https:\/\/staging.varesenews.it\/photogallery_new\/images\/2018\/05\/jerago-con-orago-generico-670435.1024x768.jpg","large":"https:\/\/staging.varesenews.it\/photogallery_new\/images\/2018\/05\/jerago-con-orago-generico-670435.610x431.jpg"}],"_links":{"self":[{"href":"https:\/\/staging.varesenews.it\/swgapi\/v1\/wp\/v2\/posts\/713267"}],"collection":[{"href":"https:\/\/staging.varesenews.it\/swgapi\/v1\/wp\/v2\/posts"}],"about":[{"href":"https:\/\/staging.varesenews.it\/swgapi\/v1\/wp\/v2\/types\/post"}],"author":[{"embeddable":true,"href":"https:\/\/staging.varesenews.it\/swgapi\/v1\/wp\/v2\/users\/46"}],"replies":[{"embeddable":true,"href":"https:\/\/staging.varesenews.it\/swgapi\/v1\/wp\/v2\/comments?post=713267"}],"version-history":[{"count":0,"href":"https:\/\/staging.varesenews.it\/swgapi\/v1\/wp\/v2\/posts\/713267\/revisions"}],"wp:attachment":[{"href":"https:\/\/staging.varesenews.it\/swgapi\/v1\/wp\/v2\/media?parent=713267"}],"wp:term":[{"taxonomy":"category","embeddable":true,"href":"https:\/\/staging.varesenews.it\/swgapi\/v1\/wp\/v2\/categories?post=713267"},{"taxonomy":"post_tag","embeddable":true,"href":"https:\/\/staging.varesenews.it\/swgapi\/v1\/wp\/v2\/tags?post=713267"}],"curies":[{"name":"wp","href":"https:\/\/api.w.org\/{rel}","templated":true}]}}