{"id":713607,"date":"2018-05-04T17:14:53","date_gmt":"2018-05-04T15:14:53","guid":{"rendered":"http:\/\/www.varesenews.it\/?p=713607"},"modified":"2018-05-04T17:22:19","modified_gmt":"2018-05-04T15:22:19","slug":"velo-ok-limite-30-allora-azzate-rallenta","status":"publish","type":"post","link":"https:\/\/staging.varesenews.it\/2018\/05\/velo-ok-limite-30-allora-azzate-rallenta\/713607\/","title":{"rendered":"Velo Ok e limite di 30 all&#8217;ora, Azzate &#8220;rallenta&#8221;"},"content":{"rendered":"<p><strong>Velo ok, limiti di 30 all&#8217;ora nel centro storico e una zona ZTL nei pressi della zona del Castello<\/strong>. Sono questi i provvedimenti votati ieri (gioved\u00ec 3 maggio) all&#8217;unanimit\u00e0, unico astenuto Raffele Simone, dall&#8217;amministrazione di Azzate e che diventeranno esecutivi da subito. <strong>I Velo Ok sono gi\u00e0 stati piazzati e sono gi\u00e0 attivi<\/strong>.<\/p>\n<p>\u00abLa delibera &#8211; <strong>spiega il sindaco Gianmario Bernasconi<\/strong> &#8211; interviene pesantemente sulla disciplina della viabilit\u00e0 nel nostro paese, ampliando l&#8217;area con limiti di velocit\u00e0 massima a 30 km \/ora nel centro storico, introducendo una ZTL in via del Fontanone, con divieto di transito (eccetto i residenti nella Via ed in Via Castello) nei giorni feriali da luned\u00ec a venerd\u00ec dalle 7.00 alle 9.00 e dalle 17.00 alle 19.00 e posizionando apparecchiature fisse di rilevamento elettronico della velocit\u00e0 nei siti pi\u00f9 problematici, a partire dalla Via Garibaldi.<br \/>\nQuesto importante intervento si inserisce in una pi\u00f9 ampia attivit\u00e0 che la Polizia Locale della Gestione Associata sta sviluppando da tempo, per rendere pi\u00f9 sicuri i percorsi pedonali e la viabilit\u00e0 all&#8217;interno del paese\u00bb.<\/p>\n<p>Il Comune di Azzate ha aderito ad un bando del Ministero dell&#8217;Ambiente per la realizzazione di percorsi di mobilit\u00e0 leggera e sostenibile casa-scuola e casa-lavoro, ottenendo un cofinanziamento di 87.000 \u20ac, di cui il 60% del Ministero ed il 40 di risorse proprie.<\/p>\n<p><strong>Ecco quali sono gli interventi previsti dal progetto<\/strong>:<br \/>\n&#8211; <strong>illuminazione dei passaggi pedonali<\/strong> pi\u00f9 esterni della via Piave, verso Daverio e verso Buguggiate, con pannelli a led arancioni lampeggianti, alimentati con pannelli solari;<br \/>\n&#8211; completamento e messa in sicurezza del passaggio pedonale di Via Piave, da Via castello, verso il capolinea dell&#8217;autobus;<br \/>\n&#8211; posizionamento di transenne parapedonali a protezione dei percorsi pedonali in Via Veneto, angolo Via Acquadro (farmacia);<br \/>\n&#8211; modifica del percorso pedonale in Via Marconi, e posizionamento di transenne parapedonali in Via Cottalorda (con un percorso protetto fino all&#8217;ingresso della Scuola dell&#8217;Infanzia)<br \/>\n&#8211; razionalizzazione degli stalli di sosta in Via Cottalorda, davanti alla Scuola dell&#8217;Infanzia (perdendo due posti auto), e realizzazione di tre nuovi stalli in Via Marconi ed uno in Via Roma (la segnaletica del nuovo stallo di Via Roma \u00e8 ancora da completare)<br \/>\n&#8211; posizionamento di transenne parapedonali a protezione del percorso parcheggio &#8211; ingresso Poste ed ATS<br \/>\n&#8211; posizionamento di transenna parapedonali in Piazza della Pesa ed in Via Acquadro, di fronte alle Poste<br \/>\n&#8211; <strong>installazione di telecamere di contesto ad integrazione delle telecamera intelligenti lettura targhe<\/strong>, in Via Garibaldi (angolo Via Mazzini) e sulla Provinciale del Lago, all&#8217;altezza del passaggio pedonale all&#8217;innesto con Via Mascagni (questa telecamera sar\u00e0 posizionata nei prossimi giorni e l&#8217;intervento sar\u00e0 completato con la messa in opera, da parte dell&#8217;Ufficio Tecnico, delle due pensiline in corrispondenza dell&#8217;attraversamento pedonale);<br \/>\n&#8211; installazione di telecamera di contesto in corrispondenza dell&#8217;incrocio\u00a0 Via Molinello, Roma, Cottalorda (anche questa\u00a0\u00a0telecamera sar\u00e0 posizionata nei prossimi giorni);<br \/>\n&#8211; <strong>introduzione del limite massimo di 30 km \/ ora in Via del Fontanone, Via Castello e Via Cottalorda<\/strong>;<br \/>\n&#8211; <strong>installazione di dossi rallentatori di velocit\u00e0 nelle adiacenze della Scuola dell&#8217;Infanzia e della Scuola Primaria<\/strong>;<br \/>\n&#8211; introduzione della ZTL in Via del Fontanone, Via Castello, per disincentivare il notevole flusso di autoveicoli che, per evitare il traffico della provinciale, deviano sulle vie comunali, creando problematiche di sicurezza viabilistica ai residenti ed alle persone che utilizzano i percorsi pedonali, prima di tutto i bambini ed i ragazzi delle scuole;<br \/>\n&#8211; installazione di apparecchiature fisse di rilevamento elettronico della velocit\u00e0<\/p>\n<p>\u00abPer qualche giorno gli Agenti ed Ufficiali della Polizia Locale, che ringrazio per l&#8217;ottimo lavoro svolto, monitoreranno la nuova ZTL di Via del Fontanone, fornendo tutte le informazioni necessarie agli utenti della strada, per rendere il pi\u00f9 agevole e &#8220;morbido&#8221; possibile l&#8217;adeguamento alla nuova disciplina della viabilit\u00e0\u00bb, conclude il sindaco.<\/p>\n","protected":false},"excerpt":{"rendered":"<p>La giunta ha approvato una serie di provvedimenti per rendere pi\u00f9 sicura la circolazione nelle strade attorno alle scuole e nel centro storico. Ecco di cosa si tratta<\/p>\n","protected":false},"author":49,"featured_media":0,"comment_status":"open","ping_status":"open","sticky":false,"template":"","format":"standard","meta":{"footnotes":""},"categories":[2],"tags":[41633,27263],"acf":[],"yoast_head":"<!-- This site is optimized with the Yoast SEO plugin v20.1 - https:\/\/yoast.com\/wordpress\/plugins\/seo\/ -->\n<title>Velo Ok e limite di 30 all&#039;ora, Azzate &quot;rallenta&quot;<\/title>\n<meta name=\"description\" content=\"La giunta ha approvato una serie di provvedimenti per rendere pi\u00f9 sicura la circolazione nelle strade attorno alle scuole e nel centro storico. Ecco di cosa si tratta\" \/>\n<meta name=\"robots\" content=\"noindex, follow, max-snippet:-1, max-image-preview:large, max-video-preview:-1\" \/>\n<meta property=\"og:locale\" content=\"it_IT\" \/>\n<meta property=\"og:type\" content=\"article\" \/>\n<meta property=\"og:title\" content=\"Velo Ok e limite di 30 all&#039;ora, Azzate &quot;rallenta&quot;\" \/>\n<meta property=\"og:description\" content=\"La giunta ha approvato una serie di provvedimenti per rendere pi\u00f9 sicura la circolazione nelle strade attorno alle scuole e nel centro storico. Ecco di cosa si tratta\" \/>\n<meta property=\"og:url\" content=\"https:\/\/staging.varesenews.it\/2018\/05\/velo-ok-limite-30-allora-azzate-rallenta\/713607\/\" \/>\n<meta property=\"og:site_name\" content=\"VareseNews\" \/>\n<meta property=\"article:publisher\" content=\"https:\/\/www.facebook.com\/varesenews\" \/>\n<meta property=\"article:author\" content=\"https:\/\/www.facebook.com\/roberta.bertolini.9\" \/>\n<meta property=\"article:published_time\" content=\"2018-05-04T15:14:53+00:00\" \/>\n<meta property=\"article:modified_time\" content=\"2018-05-04T15:22:19+00:00\" \/>\n<meta name=\"author\" content=\"Roberta Bertolini\" \/>\n<meta name=\"twitter:card\" content=\"summary_large_image\" \/>\n<meta name=\"twitter:creator\" content=\"@robybertolini\" \/>\n<meta name=\"twitter:site\" content=\"@varesenews\" \/>\n<meta name=\"twitter:label1\" content=\"Scritto da\" \/>\n\t<meta name=\"twitter:data1\" content=\"Roberta Bertolini\" \/>\n\t<meta name=\"twitter:label2\" content=\"Tempo di lettura stimato\" \/>\n\t<meta name=\"twitter:data2\" content=\"3 minuti\" \/>\n<script type=\"application\/ld+json\" class=\"yoast-schema-graph\">{\"@context\":\"https:\/\/schema.org\",\"@graph\":[{\"@type\":\"WebPage\",\"@id\":\"https:\/\/staging.varesenews.it\/2018\/05\/velo-ok-limite-30-allora-azzate-rallenta\/713607\/\",\"url\":\"https:\/\/staging.varesenews.it\/2018\/05\/velo-ok-limite-30-allora-azzate-rallenta\/713607\/\",\"name\":\"Velo Ok e limite di 30 all'ora, Azzate \\\"rallenta\\\"\",\"isPartOf\":{\"@id\":\"https:\/\/staging.varesenews.it\/#website\"},\"datePublished\":\"2018-05-04T15:14:53+00:00\",\"dateModified\":\"2018-05-04T15:22:19+00:00\",\"author\":{\"@id\":\"https:\/\/staging.varesenews.it\/#\/schema\/person\/58fbd3e567d5c00f0a64d5137fef3e68\"},\"description\":\"La giunta ha approvato una serie di provvedimenti per rendere pi\u00f9 sicura la circolazione nelle strade attorno alle scuole e nel centro storico. Ecco di cosa si tratta\",\"breadcrumb\":{\"@id\":\"https:\/\/staging.varesenews.it\/2018\/05\/velo-ok-limite-30-allora-azzate-rallenta\/713607\/#breadcrumb\"},\"inLanguage\":\"it-IT\",\"potentialAction\":[{\"@type\":\"ReadAction\",\"target\":[\"https:\/\/staging.varesenews.it\/2018\/05\/velo-ok-limite-30-allora-azzate-rallenta\/713607\/\"]}]},{\"@type\":\"BreadcrumbList\",\"@id\":\"https:\/\/staging.varesenews.it\/2018\/05\/velo-ok-limite-30-allora-azzate-rallenta\/713607\/#breadcrumb\",\"itemListElement\":[{\"@type\":\"ListItem\",\"position\":1,\"name\":\"Home\",\"item\":\"https:\/\/www.varesenews.it\/\"},{\"@type\":\"ListItem\",\"position\":2,\"name\":\"Velo Ok e limite di 30 all&#8217;ora, Azzate &#8220;rallenta&#8221;\"}]},{\"@type\":\"WebSite\",\"@id\":\"https:\/\/staging.varesenews.it\/#website\",\"url\":\"https:\/\/staging.varesenews.it\/\",\"name\":\"VareseNews\",\"description\":\"\",\"potentialAction\":[{\"@type\":\"SearchAction\",\"target\":{\"@type\":\"EntryPoint\",\"urlTemplate\":\"https:\/\/staging.varesenews.it\/?s={search_term_string}\"},\"query-input\":\"required name=search_term_string\"}],\"inLanguage\":\"it-IT\"},{\"@type\":\"Person\",\"@id\":\"https:\/\/staging.varesenews.it\/#\/schema\/person\/58fbd3e567d5c00f0a64d5137fef3e68\",\"name\":\"Roberta Bertolini\",\"image\":{\"@type\":\"ImageObject\",\"inLanguage\":\"it-IT\",\"@id\":\"https:\/\/staging.varesenews.it\/#\/schema\/person\/image\/\",\"url\":\"https:\/\/staging.varesenews.it\/wp-content\/uploads\/2020\/12\/roberta_bertolini_colori_500.jpg\",\"contentUrl\":\"https:\/\/staging.varesenews.it\/wp-content\/uploads\/2020\/12\/roberta_bertolini_colori_500.jpg\",\"caption\":\"Roberta Bertolini\"},\"description\":\"Giornalista professionista dal 1991, sono passata, ormai molti anni fa, dalla carta al web. Oggi mi occupo di cronaca locale e guardo con curiosit&agrave; ed attenzione il mondo dei social. Parlo poco, ascolto molto.\",\"sameAs\":[\"https:\/\/www.facebook.com\/roberta.bertolini.9\",\"bettabertolini\",\"https:\/\/www.linkedin.com\/hp\/?dnr=v9e-Gp7a6_oxqTuQyZA0Lf4aEi4t91g6wMH\",\"https:\/\/twitter.com\/robybertolini\"],\"url\":\"https:\/\/staging.varesenews.it\/persona\/roberta-bertolini1\/\"}]}<\/script>\n<!-- \/ Yoast SEO plugin. -->","yoast_head_json":{"title":"Velo Ok e limite di 30 all'ora, Azzate \"rallenta\"","description":"La giunta ha approvato una serie di provvedimenti per rendere pi\u00f9 sicura la circolazione nelle strade attorno alle scuole e nel centro storico. Ecco di cosa si tratta","robots":{"index":"noindex","follow":"follow","max-snippet":"max-snippet:-1","max-image-preview":"max-image-preview:large","max-video-preview":"max-video-preview:-1"},"og_locale":"it_IT","og_type":"article","og_title":"Velo Ok e limite di 30 all'ora, Azzate \"rallenta\"","og_description":"La giunta ha approvato una serie di provvedimenti per rendere pi\u00f9 sicura la circolazione nelle strade attorno alle scuole e nel centro storico. Ecco di cosa si tratta","og_url":"https:\/\/staging.varesenews.it\/2018\/05\/velo-ok-limite-30-allora-azzate-rallenta\/713607\/","og_site_name":"VareseNews","article_publisher":"https:\/\/www.facebook.com\/varesenews","article_author":"https:\/\/www.facebook.com\/roberta.bertolini.9","article_published_time":"2018-05-04T15:14:53+00:00","article_modified_time":"2018-05-04T15:22:19+00:00","author":"Roberta Bertolini","twitter_card":"summary_large_image","twitter_creator":"@robybertolini","twitter_site":"@varesenews","twitter_misc":{"Scritto da":"Roberta Bertolini","Tempo di lettura stimato":"3 minuti"},"schema":{"@context":"https:\/\/schema.org","@graph":[{"@type":"WebPage","@id":"https:\/\/staging.varesenews.it\/2018\/05\/velo-ok-limite-30-allora-azzate-rallenta\/713607\/","url":"https:\/\/staging.varesenews.it\/2018\/05\/velo-ok-limite-30-allora-azzate-rallenta\/713607\/","name":"Velo Ok e limite di 30 all'ora, Azzate \"rallenta\"","isPartOf":{"@id":"https:\/\/staging.varesenews.it\/#website"},"datePublished":"2018-05-04T15:14:53+00:00","dateModified":"2018-05-04T15:22:19+00:00","author":{"@id":"https:\/\/staging.varesenews.it\/#\/schema\/person\/58fbd3e567d5c00f0a64d5137fef3e68"},"description":"La giunta ha approvato una serie di provvedimenti per rendere pi\u00f9 sicura la circolazione nelle strade attorno alle scuole e nel centro storico. Ecco di cosa si tratta","breadcrumb":{"@id":"https:\/\/staging.varesenews.it\/2018\/05\/velo-ok-limite-30-allora-azzate-rallenta\/713607\/#breadcrumb"},"inLanguage":"it-IT","potentialAction":[{"@type":"ReadAction","target":["https:\/\/staging.varesenews.it\/2018\/05\/velo-ok-limite-30-allora-azzate-rallenta\/713607\/"]}]},{"@type":"BreadcrumbList","@id":"https:\/\/staging.varesenews.it\/2018\/05\/velo-ok-limite-30-allora-azzate-rallenta\/713607\/#breadcrumb","itemListElement":[{"@type":"ListItem","position":1,"name":"Home","item":"https:\/\/www.varesenews.it\/"},{"@type":"ListItem","position":2,"name":"Velo Ok e limite di 30 all&#8217;ora, Azzate &#8220;rallenta&#8221;"}]},{"@type":"WebSite","@id":"https:\/\/staging.varesenews.it\/#website","url":"https:\/\/staging.varesenews.it\/","name":"VareseNews","description":"","potentialAction":[{"@type":"SearchAction","target":{"@type":"EntryPoint","urlTemplate":"https:\/\/staging.varesenews.it\/?s={search_term_string}"},"query-input":"required name=search_term_string"}],"inLanguage":"it-IT"},{"@type":"Person","@id":"https:\/\/staging.varesenews.it\/#\/schema\/person\/58fbd3e567d5c00f0a64d5137fef3e68","name":"Roberta Bertolini","image":{"@type":"ImageObject","inLanguage":"it-IT","@id":"https:\/\/staging.varesenews.it\/#\/schema\/person\/image\/","url":"https:\/\/staging.varesenews.it\/wp-content\/uploads\/2020\/12\/roberta_bertolini_colori_500.jpg","contentUrl":"https:\/\/staging.varesenews.it\/wp-content\/uploads\/2020\/12\/roberta_bertolini_colori_500.jpg","caption":"Roberta Bertolini"},"description":"Giornalista professionista dal 1991, sono passata, ormai molti anni fa, dalla carta al web. Oggi mi occupo di cronaca locale e guardo con curiosit&agrave; ed attenzione il mondo dei social. Parlo poco, ascolto molto.","sameAs":["https:\/\/www.facebook.com\/roberta.bertolini.9","bettabertolini","https:\/\/www.linkedin.com\/hp\/?dnr=v9e-Gp7a6_oxqTuQyZA0Lf4aEi4t91g6wMH","https:\/\/twitter.com\/robybertolini"],"url":"https:\/\/staging.varesenews.it\/persona\/roberta-bertolini1\/"}]}},"post_meta":{"_edit_lock":"1525447226:49","_edit_last":"49","_category_permalink":"a:1:{s:8:\"category\";s:0:\"\";}","foto":"670585","firma_come_redazione":"1","argomento":"Azzate","_yoast_wpseo_content_score":"30","_jd_tweet_this":"yes","ratings_users":"0","ratings_score":"0","ratings_average":"0","_wpt_short_url":"http:\/\/www.varesenews.it\/2018\/05\/velo-ok-limite-30-allora-azzate-rallenta\/713607\/","_wp_jd_target":"http:\/\/www.varesenews.it\/2018\/05\/velo-ok-limite-30-allora-azzate-rallenta\/713607\/","_jd_wp_twitter":"a:1:{i:0;s:162:\"Velo Ok e limite di 30 all\u2019ora, Azzate \u201crallenta\u201d http:\/\/www.varesenews.it\/2018\/05\/velo-ok-limite-30-allora-azzate-rallenta\/713607\/ #azzate #nuovaviabilit\u00e0\";}","_wpt_status_message":"Tweet inviato con successo.","id_leggi_anche":"720129"},"photos":[{"original":"https:\/\/staging.varesenews.it\/photogallery_new\/images\/2018\/05\/azzate-varie-670585.jpg","full":"https:\/\/staging.varesenews.it\/photogallery_new\/images\/2018\/05\/azzate-varie-670585.1024x768.jpg","large":"https:\/\/staging.varesenews.it\/photogallery_new\/images\/2018\/05\/azzate-varie-670585.610x431.jpg"}],"_links":{"self":[{"href":"https:\/\/staging.varesenews.it\/swgapi\/v1\/wp\/v2\/posts\/713607"}],"collection":[{"href":"https:\/\/staging.varesenews.it\/swgapi\/v1\/wp\/v2\/posts"}],"about":[{"href":"https:\/\/staging.varesenews.it\/swgapi\/v1\/wp\/v2\/types\/post"}],"author":[{"embeddable":true,"href":"https:\/\/staging.varesenews.it\/swgapi\/v1\/wp\/v2\/users\/49"}],"replies":[{"embeddable":true,"href":"https:\/\/staging.varesenews.it\/swgapi\/v1\/wp\/v2\/comments?post=713607"}],"version-history":[{"count":0,"href":"https:\/\/staging.varesenews.it\/swgapi\/v1\/wp\/v2\/posts\/713607\/revisions"}],"wp:attachment":[{"href":"https:\/\/staging.varesenews.it\/swgapi\/v1\/wp\/v2\/media?parent=713607"}],"wp:term":[{"taxonomy":"category","embeddable":true,"href":"https:\/\/staging.varesenews.it\/swgapi\/v1\/wp\/v2\/categories?post=713607"},{"taxonomy":"post_tag","embeddable":true,"href":"https:\/\/staging.varesenews.it\/swgapi\/v1\/wp\/v2\/tags?post=713607"}],"curies":[{"name":"wp","href":"https:\/\/api.w.org\/{rel}","templated":true}]}}