{"id":715166,"date":"2018-05-09T12:14:04","date_gmt":"2018-05-09T10:14:04","guid":{"rendered":"http:\/\/www.varesenews.it\/?p=715166"},"modified":"2018-05-09T13:24:58","modified_gmt":"2018-05-09T11:24:58","slug":"regione-donna-si-getta-dal-settimo-piano","status":"publish","type":"post","link":"https:\/\/staging.varesenews.it\/2018\/05\/regione-donna-si-getta-dal-settimo-piano\/715166\/","title":{"rendered":"Regione, donna si getta dal settimo piano"},"content":{"rendered":"<p><strong>Una donna si \u00e8 lanciata dal settimo piano di Palazzo Lombardia, sede della Regione.<\/strong><\/p>\n<p>La donna, 41 anni, originaria del Varesotto (zona di Busto Arsizio) dipendente della Regione, \u00e8 morta sul colpo.<\/p>\n<p><strong>Secondo le prime ricostruzioni sarebbe riuscita ad aprire la finestra e scavalcare il parapetto<\/strong> del settimo piano, che ospita la giunta regionale, l&#8217;ufficio relazioni con il pubblico e alcune sale espositive: <strong>\u00e8 caduta in via Algarotti, davanti all&#8217;ingresso di un supermercato<\/strong>, sotto gli occhi di molte persone alle 8.30 circa di mercoled\u00ec 9 maggio. I soccorritori non hanno potuto far altro che constatarne il decesso.<\/p>\n<p>La donna avrebbe lasciato una lettera in cui spiega i motivi del gesto.<\/p>\n<p><em>Molte persone trovano difficile e imbarazzante parlare di suicidio: pu\u00f2 essere forte il senso di vergogna che pu\u00f2 accompagnare questi pensieri. Ancora pi\u00f9 forti possono essere queste emozioni se si pensa di confidarsi con parenti e amici. Potrebbe risultare pi\u00f9 facile parlarne con chi non \u00e8 coinvolto direttamente. Se sentite di aver bisogno, potete chiamare il Numero Verde 800 334343, attivo h24: \u00e8 il servizio Inoltre attivato da Regione Veneto (alla risposta c\u2019\u00e8 un breve messaggio registrato, subito dopo risponde l\u2019operatore). Un altro servizio \u00e8 quello di Telefono Amico, attivo dalle 10 alle 24: 199 284284.<\/em><\/p>\n","protected":false},"excerpt":{"rendered":"<p>Una donna si \u00e8 lanciata dal settimo piano di Palazzo Lombardia, sede della Regione. La vittima, 41 anni, dipendente della Regione, \u00e8 morta sul colpo<\/p>\n","protected":false},"author":10,"featured_media":0,"comment_status":"open","ping_status":"open","sticky":false,"template":"","format":"standard","meta":{"footnotes":""},"categories":[4,7],"tags":[221,8720,1623],"acf":[],"yoast_head":"<!-- This site is optimized with the Yoast SEO plugin v20.1 - https:\/\/yoast.com\/wordpress\/plugins\/seo\/ -->\n<title>Regione, donna si getta dal settimo piano<\/title>\n<meta name=\"description\" content=\"Una donna si \u00e8 lanciata dal settimo piano di Palazzo Lombardia, sede della Regione. La vittima, 41 anni, dipendente della Regione, \u00e8 morta sul colpo\" \/>\n<meta name=\"robots\" content=\"noindex, follow, max-snippet:-1, max-image-preview:large, max-video-preview:-1\" \/>\n<meta property=\"og:locale\" content=\"it_IT\" \/>\n<meta property=\"og:type\" content=\"article\" \/>\n<meta property=\"og:title\" content=\"Regione, donna si getta dal settimo piano\" \/>\n<meta property=\"og:description\" content=\"Una donna si \u00e8 lanciata dal settimo piano di Palazzo Lombardia, sede della Regione. La vittima, 41 anni, dipendente della Regione, \u00e8 morta sul colpo\" \/>\n<meta property=\"og:url\" content=\"https:\/\/staging.varesenews.it\/2018\/05\/regione-donna-si-getta-dal-settimo-piano\/715166\/\" \/>\n<meta property=\"og:site_name\" content=\"VareseNews\" \/>\n<meta property=\"article:publisher\" content=\"https:\/\/www.facebook.com\/varesenews\" \/>\n<meta property=\"article:published_time\" content=\"2018-05-09T10:14:04+00:00\" \/>\n<meta property=\"article:modified_time\" content=\"2018-05-09T11:24:58+00:00\" \/>\n<meta name=\"author\" content=\"Redazione VareseNews\" \/>\n<meta name=\"twitter:card\" content=\"summary_large_image\" \/>\n<meta name=\"twitter:creator\" content=\"@varesenews\" \/>\n<meta name=\"twitter:site\" content=\"@varesenews\" \/>\n<meta name=\"twitter:label1\" content=\"Scritto da\" \/>\n\t<meta name=\"twitter:data1\" content=\"Redazione VareseNews\" \/>\n\t<meta name=\"twitter:label2\" content=\"Tempo di lettura stimato\" \/>\n\t<meta name=\"twitter:data2\" content=\"1 minuto\" \/>\n<script type=\"application\/ld+json\" class=\"yoast-schema-graph\">{\"@context\":\"https:\/\/schema.org\",\"@graph\":[{\"@type\":\"WebPage\",\"@id\":\"https:\/\/staging.varesenews.it\/2018\/05\/regione-donna-si-getta-dal-settimo-piano\/715166\/\",\"url\":\"https:\/\/staging.varesenews.it\/2018\/05\/regione-donna-si-getta-dal-settimo-piano\/715166\/\",\"name\":\"Regione, donna si getta dal settimo piano\",\"isPartOf\":{\"@id\":\"https:\/\/staging.varesenews.it\/#website\"},\"datePublished\":\"2018-05-09T10:14:04+00:00\",\"dateModified\":\"2018-05-09T11:24:58+00:00\",\"author\":{\"@id\":\"https:\/\/staging.varesenews.it\/#\/schema\/person\/fb20c4da0b7b16c291707a20db73e169\"},\"description\":\"Una donna si \u00e8 lanciata dal settimo piano di Palazzo Lombardia, sede della Regione. La vittima, 41 anni, dipendente della Regione, \u00e8 morta sul colpo\",\"breadcrumb\":{\"@id\":\"https:\/\/staging.varesenews.it\/2018\/05\/regione-donna-si-getta-dal-settimo-piano\/715166\/#breadcrumb\"},\"inLanguage\":\"it-IT\",\"potentialAction\":[{\"@type\":\"ReadAction\",\"target\":[\"https:\/\/staging.varesenews.it\/2018\/05\/regione-donna-si-getta-dal-settimo-piano\/715166\/\"]}]},{\"@type\":\"BreadcrumbList\",\"@id\":\"https:\/\/staging.varesenews.it\/2018\/05\/regione-donna-si-getta-dal-settimo-piano\/715166\/#breadcrumb\",\"itemListElement\":[{\"@type\":\"ListItem\",\"position\":1,\"name\":\"Home\",\"item\":\"https:\/\/www.varesenews.it\/\"},{\"@type\":\"ListItem\",\"position\":2,\"name\":\"Regione, donna si getta dal settimo piano\"}]},{\"@type\":\"WebSite\",\"@id\":\"https:\/\/staging.varesenews.it\/#website\",\"url\":\"https:\/\/staging.varesenews.it\/\",\"name\":\"VareseNews\",\"description\":\"\",\"potentialAction\":[{\"@type\":\"SearchAction\",\"target\":{\"@type\":\"EntryPoint\",\"urlTemplate\":\"https:\/\/staging.varesenews.it\/?s={search_term_string}\"},\"query-input\":\"required name=search_term_string\"}],\"inLanguage\":\"it-IT\"},{\"@type\":\"Person\",\"@id\":\"https:\/\/staging.varesenews.it\/#\/schema\/person\/fb20c4da0b7b16c291707a20db73e169\",\"name\":\"Redazione VareseNews\",\"image\":{\"@type\":\"ImageObject\",\"inLanguage\":\"it-IT\",\"@id\":\"https:\/\/staging.varesenews.it\/#\/schema\/person\/image\/\",\"url\":\"https:\/\/staging.varesenews.it\/wp-content\/uploads\/2020\/12\/logo_VN_colori_500.png\",\"contentUrl\":\"https:\/\/staging.varesenews.it\/wp-content\/uploads\/2020\/12\/logo_VN_colori_500.png\",\"caption\":\"Redazione VareseNews\"},\"url\":\"https:\/\/staging.varesenews.it\/persona\/redazione1\/\"}]}<\/script>\n<!-- \/ Yoast SEO plugin. -->","yoast_head_json":{"title":"Regione, donna si getta dal settimo piano","description":"Una donna si \u00e8 lanciata dal settimo piano di Palazzo Lombardia, sede della Regione. La vittima, 41 anni, dipendente della Regione, \u00e8 morta sul colpo","robots":{"index":"noindex","follow":"follow","max-snippet":"max-snippet:-1","max-image-preview":"max-image-preview:large","max-video-preview":"max-video-preview:-1"},"og_locale":"it_IT","og_type":"article","og_title":"Regione, donna si getta dal settimo piano","og_description":"Una donna si \u00e8 lanciata dal settimo piano di Palazzo Lombardia, sede della Regione. La vittima, 41 anni, dipendente della Regione, \u00e8 morta sul colpo","og_url":"https:\/\/staging.varesenews.it\/2018\/05\/regione-donna-si-getta-dal-settimo-piano\/715166\/","og_site_name":"VareseNews","article_publisher":"https:\/\/www.facebook.com\/varesenews","article_published_time":"2018-05-09T10:14:04+00:00","article_modified_time":"2018-05-09T11:24:58+00:00","author":"Redazione VareseNews","twitter_card":"summary_large_image","twitter_creator":"@varesenews","twitter_site":"@varesenews","twitter_misc":{"Scritto da":"Redazione VareseNews","Tempo di lettura stimato":"1 minuto"},"schema":{"@context":"https:\/\/schema.org","@graph":[{"@type":"WebPage","@id":"https:\/\/staging.varesenews.it\/2018\/05\/regione-donna-si-getta-dal-settimo-piano\/715166\/","url":"https:\/\/staging.varesenews.it\/2018\/05\/regione-donna-si-getta-dal-settimo-piano\/715166\/","name":"Regione, donna si getta dal settimo piano","isPartOf":{"@id":"https:\/\/staging.varesenews.it\/#website"},"datePublished":"2018-05-09T10:14:04+00:00","dateModified":"2018-05-09T11:24:58+00:00","author":{"@id":"https:\/\/staging.varesenews.it\/#\/schema\/person\/fb20c4da0b7b16c291707a20db73e169"},"description":"Una donna si \u00e8 lanciata dal settimo piano di Palazzo Lombardia, sede della Regione. La vittima, 41 anni, dipendente della Regione, \u00e8 morta sul colpo","breadcrumb":{"@id":"https:\/\/staging.varesenews.it\/2018\/05\/regione-donna-si-getta-dal-settimo-piano\/715166\/#breadcrumb"},"inLanguage":"it-IT","potentialAction":[{"@type":"ReadAction","target":["https:\/\/staging.varesenews.it\/2018\/05\/regione-donna-si-getta-dal-settimo-piano\/715166\/"]}]},{"@type":"BreadcrumbList","@id":"https:\/\/staging.varesenews.it\/2018\/05\/regione-donna-si-getta-dal-settimo-piano\/715166\/#breadcrumb","itemListElement":[{"@type":"ListItem","position":1,"name":"Home","item":"https:\/\/www.varesenews.it\/"},{"@type":"ListItem","position":2,"name":"Regione, donna si getta dal settimo piano"}]},{"@type":"WebSite","@id":"https:\/\/staging.varesenews.it\/#website","url":"https:\/\/staging.varesenews.it\/","name":"VareseNews","description":"","potentialAction":[{"@type":"SearchAction","target":{"@type":"EntryPoint","urlTemplate":"https:\/\/staging.varesenews.it\/?s={search_term_string}"},"query-input":"required name=search_term_string"}],"inLanguage":"it-IT"},{"@type":"Person","@id":"https:\/\/staging.varesenews.it\/#\/schema\/person\/fb20c4da0b7b16c291707a20db73e169","name":"Redazione VareseNews","image":{"@type":"ImageObject","inLanguage":"it-IT","@id":"https:\/\/staging.varesenews.it\/#\/schema\/person\/image\/","url":"https:\/\/staging.varesenews.it\/wp-content\/uploads\/2020\/12\/logo_VN_colori_500.png","contentUrl":"https:\/\/staging.varesenews.it\/wp-content\/uploads\/2020\/12\/logo_VN_colori_500.png","caption":"Redazione VareseNews"},"url":"https:\/\/staging.varesenews.it\/persona\/redazione1\/"}]}},"post_meta":{"_edit_lock":"1525868914:39","_edit_last":"39","_category_permalink":"a:1:{s:8:\"category\";s:1:\"7\";}","ratings_users":"0","ratings_score":"0","ratings_average":"0","foto":"557505","firma_come_redazione":"1","_yoast_wpseo_content_score":"30","_jd_tweet_this":"yes","_wpt_short_url":"http:\/\/www.varesenews.it\/2018\/05\/regione-donna-si-getta-dal-settimo-piano\/715166\/","_wp_jd_target":"http:\/\/www.varesenews.it\/2018\/05\/regione-donna-si-getta-dal-settimo-piano\/715166\/","_jd_wp_twitter":"a:1:{i:0;s:144:\"Regione, donna si getta dal settimo piano http:\/\/www.varesenews.it\/2018\/05\/regione-donna-si-getta-dal-settimo-piano\/715166\/ #Lombardia #suicidio\";}","_wpt_status_message":"Tweet inviato con successo.","argomento":"Milano"},"photos":[{"original":"https:\/\/staging.varesenews.it\/photogallery_new\/images\/2016\/08\/avarie-557505.jpg","full":"https:\/\/staging.varesenews.it\/photogallery_new\/images\/2016\/08\/avarie-557505.1024x768.jpg","large":"https:\/\/staging.varesenews.it\/photogallery_new\/images\/2016\/08\/avarie-557505.610x431.jpg"}],"_links":{"self":[{"href":"https:\/\/staging.varesenews.it\/swgapi\/v1\/wp\/v2\/posts\/715166"}],"collection":[{"href":"https:\/\/staging.varesenews.it\/swgapi\/v1\/wp\/v2\/posts"}],"about":[{"href":"https:\/\/staging.varesenews.it\/swgapi\/v1\/wp\/v2\/types\/post"}],"author":[{"embeddable":true,"href":"https:\/\/staging.varesenews.it\/swgapi\/v1\/wp\/v2\/users\/10"}],"replies":[{"embeddable":true,"href":"https:\/\/staging.varesenews.it\/swgapi\/v1\/wp\/v2\/comments?post=715166"}],"version-history":[{"count":0,"href":"https:\/\/staging.varesenews.it\/swgapi\/v1\/wp\/v2\/posts\/715166\/revisions"}],"wp:attachment":[{"href":"https:\/\/staging.varesenews.it\/swgapi\/v1\/wp\/v2\/media?parent=715166"}],"wp:term":[{"taxonomy":"category","embeddable":true,"href":"https:\/\/staging.varesenews.it\/swgapi\/v1\/wp\/v2\/categories?post=715166"},{"taxonomy":"post_tag","embeddable":true,"href":"https:\/\/staging.varesenews.it\/swgapi\/v1\/wp\/v2\/tags?post=715166"}],"curies":[{"name":"wp","href":"https:\/\/api.w.org\/{rel}","templated":true}]}}