{"id":717585,"date":"2018-05-16T23:08:51","date_gmt":"2018-05-16T21:08:51","guid":{"rendered":"http:\/\/www.varesenews.it\/?p=717585"},"modified":"2018-05-16T22:59:23","modified_gmt":"2018-05-16T20:59:23","slug":"pullman-casermone-telecamere-le-opposizioni-chiedono-chiarezza","status":"publish","type":"post","link":"https:\/\/staging.varesenews.it\/2018\/05\/pullman-casermone-telecamere-le-opposizioni-chiedono-chiarezza\/717585\/","title":{"rendered":"Pullman, Casermone e telecamere: le opposizioni chiedono chiarezza"},"content":{"rendered":"<p>Dalla revisione del Trasporto Pubblico Locale agli impianti di videosorveglianza, passando per il destino del Casermone.<\/p>\n<p>Sono vari i temi su cui il Pd e la civica Citt\u00e0 \u00e8 Vita &#8211; i due gruppi d&#8217;opposizione pi\u00f9 numerosi &#8211; chiedono che la maggioranza (e il sindaco Cassani) si confrontino in commissione.<\/p>\n<p>\u00abSiamo abituati a vedere e leggere del sindaco che parla e si esprime su dettagli, ma siamo convinti che serva avere un&#8217;idea chiara dell&#8217;intero contesto\u00bb dice Margherita Silvestrini, del Pd. Che cita le vicissitudini della piscina di Moriggia come esempio di tema che \u00e8 stato affrontato senza una visione complessiva della materia (una certa incertezza, in effetti, \u00e8 apparsa evidente).<\/p>\n<p>Come detto sono tanti i temi sollevati dai consiglieri Giovanni Pignataro, Anna Zambon, Carmelo Lauricella, Margherita Silvestrini, Sebastiano Nicosia, Matelda Crespi e Danilo Barban.<\/p>\n<p>Un primo capitolo \u00e8 quello della definizione del<strong> &#8220;Programma di bacino&#8221; del Trasporto Pubblico Locale<\/strong>, che incide appunto sui collegamenti locali con autobus. \u00abIl programma \u00e8 stato presentato ad aprile, ma <strong>le amministrazioni hanno tempo<\/strong> fino a <strong>fine maggio per presentare eventuali osservazion<\/strong>i. Il piano va bene cos\u00ec com&#8217;\u00e8? Verranno fatte osservazioni? Noi chiediamo di discuterlo in commissione\u00bb.<\/p>\n<p>Altro tema \u00e8 quello della <strong>sicurezza<\/strong>, per cui le opposizioni chiedono dia discutere nell&#8217;apposita <strong>commissione, \u00abche non viene convocata da oltre un anno\u00bb<\/strong>. La richiesta \u00e8 di avere aggiornamenti &#8220;sui <strong>dispositivi di videosorveglianza ubicati in citt\u00e0 e ai varchi d&#8217;ingresso&#8221;<\/strong>, sui pattugliamenti, sul generale &#8220;piano sicurezza&#8221;. \u00c8 un tema che &#8211; tra le forze d&#8217;opposizione &#8211; il Pd aveva <a href=\"http:\/\/www.varesenews.it\/2018\/05\/dalla-panchine-al-vandalismo-la-giunta-cassani-sposta-problemi-non-li-risolve\/716533\/\">sollevato anche nei giorni scorsi, tra i punti riguardanti il centro storico<\/a>.<\/p>\n<p>Ultimo punto: la richiesta di discutere in commissione urbanistica del <strong>destino del &#8220;casermone&#8221; di viale Milano<\/strong>. \u00abLeggiamo notizie molto frammentarie sui giornali, relativamente ai colloqui tra Ministero della Difesa e sindaco. Vorremmo capire a che punto siamo\u00bb.<\/p>\n","protected":false},"excerpt":{"rendered":"<p>Il Pd e la lista civica Citt\u00e0 \u00e8 Vita hanno firmato insieme la richiesta di convocazione di varie commissioni, su temi che &#8211; ora \u00e8 in futuro &#8211; toccano la citt\u00e0 da vicino<\/p>\n","protected":false},"author":46,"featured_media":0,"comment_status":"open","ping_status":"open","sticky":false,"template":"","format":"standard","meta":{"footnotes":""},"categories":[3],"tags":[41324,8907,1398],"acf":[],"yoast_head":"<!-- This site is optimized with the Yoast SEO plugin v20.1 - https:\/\/yoast.com\/wordpress\/plugins\/seo\/ -->\n<title>Pullman, Casermone e telecamere: le opposizioni chiedono chiarezza<\/title>\n<meta name=\"description\" content=\"Il Pd e la lista civica Citt\u00e0 \u00e8 Vita hanno firmato insieme la richiesta di convocazione di varie commissioni, su temi che - ora \u00e8 in futuro - toccano la citt\u00e0 da vicino\" \/>\n<meta name=\"robots\" content=\"noindex, follow, max-snippet:-1, max-image-preview:large, max-video-preview:-1\" \/>\n<meta property=\"og:locale\" content=\"it_IT\" \/>\n<meta property=\"og:type\" content=\"article\" \/>\n<meta property=\"og:title\" content=\"Pullman, Casermone e telecamere: le opposizioni chiedono chiarezza\" \/>\n<meta property=\"og:description\" content=\"Il Pd e la lista civica Citt\u00e0 \u00e8 Vita hanno firmato insieme la richiesta di convocazione di varie commissioni, su temi che - ora \u00e8 in futuro - toccano la citt\u00e0 da vicino\" \/>\n<meta property=\"og:url\" content=\"https:\/\/staging.varesenews.it\/2018\/05\/pullman-casermone-telecamere-le-opposizioni-chiedono-chiarezza\/717585\/\" \/>\n<meta property=\"og:site_name\" content=\"VareseNews\" \/>\n<meta property=\"article:publisher\" content=\"https:\/\/www.facebook.com\/varesenews\" \/>\n<meta property=\"article:published_time\" content=\"2018-05-16T21:08:51+00:00\" \/>\n<meta property=\"article:modified_time\" content=\"2018-05-16T20:59:23+00:00\" \/>\n<meta name=\"author\" content=\"Roberto Morandi\" \/>\n<meta name=\"twitter:card\" content=\"summary_large_image\" \/>\n<meta name=\"twitter:creator\" content=\"@ilmorands\" \/>\n<meta name=\"twitter:site\" content=\"@varesenews\" \/>\n<meta name=\"twitter:label1\" content=\"Scritto da\" \/>\n\t<meta name=\"twitter:data1\" content=\"Roberto Morandi\" \/>\n\t<meta name=\"twitter:label2\" content=\"Tempo di lettura stimato\" \/>\n\t<meta name=\"twitter:data2\" content=\"1 minuto\" \/>\n<script type=\"application\/ld+json\" class=\"yoast-schema-graph\">{\"@context\":\"https:\/\/schema.org\",\"@graph\":[{\"@type\":\"WebPage\",\"@id\":\"https:\/\/staging.varesenews.it\/2018\/05\/pullman-casermone-telecamere-le-opposizioni-chiedono-chiarezza\/717585\/\",\"url\":\"https:\/\/staging.varesenews.it\/2018\/05\/pullman-casermone-telecamere-le-opposizioni-chiedono-chiarezza\/717585\/\",\"name\":\"Pullman, Casermone e telecamere: le opposizioni chiedono chiarezza\",\"isPartOf\":{\"@id\":\"https:\/\/staging.varesenews.it\/#website\"},\"datePublished\":\"2018-05-16T21:08:51+00:00\",\"dateModified\":\"2018-05-16T20:59:23+00:00\",\"author\":{\"@id\":\"https:\/\/staging.varesenews.it\/#\/schema\/person\/efe592ae4c76536b551f89d8b6674bc3\"},\"description\":\"Il Pd e la lista civica Citt\u00e0 \u00e8 Vita hanno firmato insieme la richiesta di convocazione di varie commissioni, su temi che - ora \u00e8 in futuro - toccano la citt\u00e0 da vicino\",\"breadcrumb\":{\"@id\":\"https:\/\/staging.varesenews.it\/2018\/05\/pullman-casermone-telecamere-le-opposizioni-chiedono-chiarezza\/717585\/#breadcrumb\"},\"inLanguage\":\"it-IT\",\"potentialAction\":[{\"@type\":\"ReadAction\",\"target\":[\"https:\/\/staging.varesenews.it\/2018\/05\/pullman-casermone-telecamere-le-opposizioni-chiedono-chiarezza\/717585\/\"]}]},{\"@type\":\"BreadcrumbList\",\"@id\":\"https:\/\/staging.varesenews.it\/2018\/05\/pullman-casermone-telecamere-le-opposizioni-chiedono-chiarezza\/717585\/#breadcrumb\",\"itemListElement\":[{\"@type\":\"ListItem\",\"position\":1,\"name\":\"Home\",\"item\":\"https:\/\/www.varesenews.it\/\"},{\"@type\":\"ListItem\",\"position\":2,\"name\":\"Pullman, Casermone e telecamere: le opposizioni chiedono chiarezza\"}]},{\"@type\":\"WebSite\",\"@id\":\"https:\/\/staging.varesenews.it\/#website\",\"url\":\"https:\/\/staging.varesenews.it\/\",\"name\":\"VareseNews\",\"description\":\"\",\"potentialAction\":[{\"@type\":\"SearchAction\",\"target\":{\"@type\":\"EntryPoint\",\"urlTemplate\":\"https:\/\/staging.varesenews.it\/?s={search_term_string}\"},\"query-input\":\"required name=search_term_string\"}],\"inLanguage\":\"it-IT\"},{\"@type\":\"Person\",\"@id\":\"https:\/\/staging.varesenews.it\/#\/schema\/person\/efe592ae4c76536b551f89d8b6674bc3\",\"name\":\"Roberto Morandi\",\"image\":{\"@type\":\"ImageObject\",\"inLanguage\":\"it-IT\",\"@id\":\"https:\/\/staging.varesenews.it\/#\/schema\/person\/image\/\",\"url\":\"https:\/\/staging.varesenews.it\/wp-content\/uploads\/2020\/12\/roberto_morandi_colori_500.jpg\",\"contentUrl\":\"https:\/\/staging.varesenews.it\/wp-content\/uploads\/2020\/12\/roberto_morandi_colori_500.jpg\",\"caption\":\"Roberto Morandi\"},\"description\":\"Classe 1980, laureato in storia, mi occupo dell&rsquo;area di Gallarate e di Malpensa, di trasporti e mobilit&agrave;. Amo molto la dimensione della citt&agrave;, come luogo d&rsquo;incontro di persone diverse e come organismo che si trasforma costantemente. Mi piace anche raccontare le piccole e grandi vicende, anche locali, che compongono la Storia con la S maiuscola. Appassionato di bicicletta: la macchina perfetta per muoversi in citt&agrave; e per viaggiare.\",\"sameAs\":[\"https:\/\/twitter.com\/ilmorands\"],\"url\":\"https:\/\/staging.varesenews.it\/persona\/roberto-morandi1\/\"}]}<\/script>\n<!-- \/ Yoast SEO plugin. -->","yoast_head_json":{"title":"Pullman, Casermone e telecamere: le opposizioni chiedono chiarezza","description":"Il Pd e la lista civica Citt\u00e0 \u00e8 Vita hanno firmato insieme la richiesta di convocazione di varie commissioni, su temi che - ora \u00e8 in futuro - toccano la citt\u00e0 da vicino","robots":{"index":"noindex","follow":"follow","max-snippet":"max-snippet:-1","max-image-preview":"max-image-preview:large","max-video-preview":"max-video-preview:-1"},"og_locale":"it_IT","og_type":"article","og_title":"Pullman, Casermone e telecamere: le opposizioni chiedono chiarezza","og_description":"Il Pd e la lista civica Citt\u00e0 \u00e8 Vita hanno firmato insieme la richiesta di convocazione di varie commissioni, su temi che - ora \u00e8 in futuro - toccano la citt\u00e0 da vicino","og_url":"https:\/\/staging.varesenews.it\/2018\/05\/pullman-casermone-telecamere-le-opposizioni-chiedono-chiarezza\/717585\/","og_site_name":"VareseNews","article_publisher":"https:\/\/www.facebook.com\/varesenews","article_published_time":"2018-05-16T21:08:51+00:00","article_modified_time":"2018-05-16T20:59:23+00:00","author":"Roberto Morandi","twitter_card":"summary_large_image","twitter_creator":"@ilmorands","twitter_site":"@varesenews","twitter_misc":{"Scritto da":"Roberto Morandi","Tempo di lettura stimato":"1 minuto"},"schema":{"@context":"https:\/\/schema.org","@graph":[{"@type":"WebPage","@id":"https:\/\/staging.varesenews.it\/2018\/05\/pullman-casermone-telecamere-le-opposizioni-chiedono-chiarezza\/717585\/","url":"https:\/\/staging.varesenews.it\/2018\/05\/pullman-casermone-telecamere-le-opposizioni-chiedono-chiarezza\/717585\/","name":"Pullman, Casermone e telecamere: le opposizioni chiedono chiarezza","isPartOf":{"@id":"https:\/\/staging.varesenews.it\/#website"},"datePublished":"2018-05-16T21:08:51+00:00","dateModified":"2018-05-16T20:59:23+00:00","author":{"@id":"https:\/\/staging.varesenews.it\/#\/schema\/person\/efe592ae4c76536b551f89d8b6674bc3"},"description":"Il Pd e la lista civica Citt\u00e0 \u00e8 Vita hanno firmato insieme la richiesta di convocazione di varie commissioni, su temi che - ora \u00e8 in futuro - toccano la citt\u00e0 da vicino","breadcrumb":{"@id":"https:\/\/staging.varesenews.it\/2018\/05\/pullman-casermone-telecamere-le-opposizioni-chiedono-chiarezza\/717585\/#breadcrumb"},"inLanguage":"it-IT","potentialAction":[{"@type":"ReadAction","target":["https:\/\/staging.varesenews.it\/2018\/05\/pullman-casermone-telecamere-le-opposizioni-chiedono-chiarezza\/717585\/"]}]},{"@type":"BreadcrumbList","@id":"https:\/\/staging.varesenews.it\/2018\/05\/pullman-casermone-telecamere-le-opposizioni-chiedono-chiarezza\/717585\/#breadcrumb","itemListElement":[{"@type":"ListItem","position":1,"name":"Home","item":"https:\/\/www.varesenews.it\/"},{"@type":"ListItem","position":2,"name":"Pullman, Casermone e telecamere: le opposizioni chiedono chiarezza"}]},{"@type":"WebSite","@id":"https:\/\/staging.varesenews.it\/#website","url":"https:\/\/staging.varesenews.it\/","name":"VareseNews","description":"","potentialAction":[{"@type":"SearchAction","target":{"@type":"EntryPoint","urlTemplate":"https:\/\/staging.varesenews.it\/?s={search_term_string}"},"query-input":"required name=search_term_string"}],"inLanguage":"it-IT"},{"@type":"Person","@id":"https:\/\/staging.varesenews.it\/#\/schema\/person\/efe592ae4c76536b551f89d8b6674bc3","name":"Roberto Morandi","image":{"@type":"ImageObject","inLanguage":"it-IT","@id":"https:\/\/staging.varesenews.it\/#\/schema\/person\/image\/","url":"https:\/\/staging.varesenews.it\/wp-content\/uploads\/2020\/12\/roberto_morandi_colori_500.jpg","contentUrl":"https:\/\/staging.varesenews.it\/wp-content\/uploads\/2020\/12\/roberto_morandi_colori_500.jpg","caption":"Roberto Morandi"},"description":"Classe 1980, laureato in storia, mi occupo dell&rsquo;area di Gallarate e di Malpensa, di trasporti e mobilit&agrave;. Amo molto la dimensione della citt&agrave;, come luogo d&rsquo;incontro di persone diverse e come organismo che si trasforma costantemente. Mi piace anche raccontare le piccole e grandi vicende, anche locali, che compongono la Storia con la S maiuscola. Appassionato di bicicletta: la macchina perfetta per muoversi in citt&agrave; e per viaggiare.","sameAs":["https:\/\/twitter.com\/ilmorands"],"url":"https:\/\/staging.varesenews.it\/persona\/roberto-morandi1\/"}]}},"post_meta":{"_edit_lock":"1526504715:46","_edit_last":"46","_category_permalink":"a:1:{s:8:\"category\";s:1:\"3\";}","foto":"207453","firma_come_redazione":"1","argomento":"Gallarate","_yoast_wpseo_content_score":"30","_jd_tweet_this":"yes","_wpt_short_url":"http:\/\/www.varesenews.it\/2018\/05\/pullman-casermone-telecamere-le-opposizioni-chiedono-chiarezza\/717585\/","_wp_jd_target":"http:\/\/www.varesenews.it\/2018\/05\/pullman-casermone-telecamere-le-opposizioni-chiedono-chiarezza\/717585\/","_jd_wp_twitter":"a:1:{i:0;s:194:\"Pullman, Casermone e telecamere: le opposizioni chiedono chiarezza http:\/\/www.varesenews.it\/2018\/05\/pullman-casermone-telecamere-le-opposizioni-chiedono-chiarezza\/717585\/ #gallarate #urbanistica\";}","_wpt_status_message":"Tweet inviato con successo.","ratings_users":"0","ratings_score":"0","ratings_average":"0"},"photos":[{"original":"https:\/\/staging.varesenews.it\/photogallery_new\/images\/2011\/06\/comune-gallarate-municipio-apertura-207453.jpg","full":"https:\/\/staging.varesenews.it\/photogallery_new\/images\/2011\/06\/comune-gallarate-municipio-apertura-207453.1024x768.jpg","large":"https:\/\/staging.varesenews.it\/photogallery_new\/images\/2011\/06\/comune-gallarate-municipio-apertura-207453.610x431.jpg"}],"_links":{"self":[{"href":"https:\/\/staging.varesenews.it\/swgapi\/v1\/wp\/v2\/posts\/717585"}],"collection":[{"href":"https:\/\/staging.varesenews.it\/swgapi\/v1\/wp\/v2\/posts"}],"about":[{"href":"https:\/\/staging.varesenews.it\/swgapi\/v1\/wp\/v2\/types\/post"}],"author":[{"embeddable":true,"href":"https:\/\/staging.varesenews.it\/swgapi\/v1\/wp\/v2\/users\/46"}],"replies":[{"embeddable":true,"href":"https:\/\/staging.varesenews.it\/swgapi\/v1\/wp\/v2\/comments?post=717585"}],"version-history":[{"count":0,"href":"https:\/\/staging.varesenews.it\/swgapi\/v1\/wp\/v2\/posts\/717585\/revisions"}],"wp:attachment":[{"href":"https:\/\/staging.varesenews.it\/swgapi\/v1\/wp\/v2\/media?parent=717585"}],"wp:term":[{"taxonomy":"category","embeddable":true,"href":"https:\/\/staging.varesenews.it\/swgapi\/v1\/wp\/v2\/categories?post=717585"},{"taxonomy":"post_tag","embeddable":true,"href":"https:\/\/staging.varesenews.it\/swgapi\/v1\/wp\/v2\/tags?post=717585"}],"curies":[{"name":"wp","href":"https:\/\/api.w.org\/{rel}","templated":true}]}}