{"id":717820,"date":"2018-05-21T09:46:26","date_gmt":"2018-05-21T07:46:26","guid":{"rendered":"http:\/\/www.varesenews.it\/?p=717820"},"modified":"2018-05-21T10:12:19","modified_gmt":"2018-05-21T08:12:19","slug":"ex-malerba-comincia-la-fase-esecutiva","status":"publish","type":"post","link":"https:\/\/staging.varesenews.it\/2018\/05\/ex-malerba-comincia-la-fase-esecutiva\/717820\/","title":{"rendered":"Ex Malerba, comincia la fase esecutiva"},"content":{"rendered":"<p>I lavori di realizzazione <strong>dell\u2019Esselunga in via Gasparotto<\/strong>, anche se per diverse settimane sono andai a rilento, proseguono, anzi hanno ripreso movimento: ora si possono notare le prime gettate. Ma a raccontare che i lavori hanno ripreso vigore non lo dicono solo le attivit\u00e0 all\u2019interno del cantiere, ma anche i passi dell\u2019amministrazione di Varese.<\/p>\n<p>Sono state infatti rese pubbliche alcune variazioni relative all\u2019<strong>esproprio dei terreni circostanti<\/strong>, importanti per dare l\u2019avvio alle opere di compensazione che riguardano l\u2019apertura del supermercato. Coinvolti sono una quarantina di proprietari, per una ventina di appezzamenti.<\/p>\n<p>\u00abSi tratta in realt\u00e0 di piccole variazioni di dichiarazioni precedenti, importanti per\u00f2 per rendere definitivo il progetto, come ora \u00e8\u00bb ha spiegato l\u2019assessore ai lavori pubblici<strong> Andrea Civati<\/strong>. La sistemazione degli espropri \u00e8 infatti il segno del <strong>compimento della fase progettuale: ora si pu\u00f2 passare alla fase esecutiva<\/strong>.<\/p>\n<p>\u00abQuesto per\u00f2 non significa un imminente avvio dei cantieri &#8211; avverte per\u00f2 Civati &#8211;\u00a0 perch\u00e9 il progetto deve passare dai pareri degli enti coinvolti, che in questo caso sono parecchi: dall\u2019Anas, alle Ferrovie, alla Soprintendenza. Noi per\u00f2, consapevoli dell\u2019importanza, stiamo cercando di agevolare il pi\u00f9 possibile i provvedimenti\u00bb.<\/p>\n","protected":false},"excerpt":{"rendered":"<p>Con il \u201critocco\u201d di alcuni espropri necessari per le opere conservative, si pu\u00f2 considerare conclusa la fase progettuale che riguarda l\u2019Amministrazione. Ma i cantieri non sono ancora dietro l\u2019angolo<\/p>\n","protected":false},"author":48,"featured_media":0,"comment_status":"open","ping_status":"open","sticky":false,"template":"","format":"standard","meta":{"footnotes":""},"categories":[2],"tags":[],"acf":[],"yoast_head":"<!-- This site is optimized with the Yoast SEO plugin v20.1 - https:\/\/yoast.com\/wordpress\/plugins\/seo\/ -->\n<title>Ex Malerba, comincia la fase esecutiva<\/title>\n<meta name=\"description\" content=\"Con il \u201critocco\u201d di alcuni espropri necessari per le opere conservative, si pu\u00f2 considerare conclusa la fase progettuale che riguarda l\u2019Amministrazione. Ma i cantieri non sono ancora dietro l\u2019angolo\" \/>\n<meta name=\"robots\" content=\"noindex, follow, max-snippet:-1, max-image-preview:large, max-video-preview:-1\" \/>\n<meta property=\"og:locale\" content=\"it_IT\" \/>\n<meta property=\"og:type\" content=\"article\" \/>\n<meta property=\"og:title\" content=\"Ex Malerba, comincia la fase esecutiva\" \/>\n<meta property=\"og:description\" content=\"Con il \u201critocco\u201d di alcuni espropri necessari per le opere conservative, si pu\u00f2 considerare conclusa la fase progettuale che riguarda l\u2019Amministrazione. Ma i cantieri non sono ancora dietro l\u2019angolo\" \/>\n<meta property=\"og:url\" content=\"https:\/\/staging.varesenews.it\/2018\/05\/ex-malerba-comincia-la-fase-esecutiva\/717820\/\" \/>\n<meta property=\"og:site_name\" content=\"VareseNews\" \/>\n<meta property=\"article:publisher\" content=\"https:\/\/www.facebook.com\/varesenews\" \/>\n<meta property=\"article:author\" content=\"https:\/\/www.facebook.com\/stefaniaradman\" \/>\n<meta property=\"article:published_time\" content=\"2018-05-21T07:46:26+00:00\" \/>\n<meta property=\"article:modified_time\" content=\"2018-05-21T08:12:19+00:00\" \/>\n<meta name=\"author\" content=\"Stefania Radman\" \/>\n<meta name=\"twitter:card\" content=\"summary_large_image\" \/>\n<meta name=\"twitter:creator\" content=\"@LaRadman\" \/>\n<meta name=\"twitter:site\" content=\"@varesenews\" \/>\n<meta name=\"twitter:label1\" content=\"Scritto da\" \/>\n\t<meta name=\"twitter:data1\" content=\"Stefania Radman\" \/>\n\t<meta name=\"twitter:label2\" content=\"Tempo di lettura stimato\" \/>\n\t<meta name=\"twitter:data2\" content=\"1 minuto\" \/>\n<script type=\"application\/ld+json\" class=\"yoast-schema-graph\">{\"@context\":\"https:\/\/schema.org\",\"@graph\":[{\"@type\":\"WebPage\",\"@id\":\"https:\/\/staging.varesenews.it\/2018\/05\/ex-malerba-comincia-la-fase-esecutiva\/717820\/\",\"url\":\"https:\/\/staging.varesenews.it\/2018\/05\/ex-malerba-comincia-la-fase-esecutiva\/717820\/\",\"name\":\"Ex Malerba, comincia la fase esecutiva\",\"isPartOf\":{\"@id\":\"https:\/\/staging.varesenews.it\/#website\"},\"datePublished\":\"2018-05-21T07:46:26+00:00\",\"dateModified\":\"2018-05-21T08:12:19+00:00\",\"author\":{\"@id\":\"https:\/\/staging.varesenews.it\/#\/schema\/person\/995d2e6a31c67237a9a1bc1f0079f3aa\"},\"description\":\"Con il \u201critocco\u201d di alcuni espropri necessari per le opere conservative, si pu\u00f2 considerare conclusa la fase progettuale che riguarda l\u2019Amministrazione. Ma i cantieri non sono ancora dietro l\u2019angolo\",\"breadcrumb\":{\"@id\":\"https:\/\/staging.varesenews.it\/2018\/05\/ex-malerba-comincia-la-fase-esecutiva\/717820\/#breadcrumb\"},\"inLanguage\":\"it-IT\",\"potentialAction\":[{\"@type\":\"ReadAction\",\"target\":[\"https:\/\/staging.varesenews.it\/2018\/05\/ex-malerba-comincia-la-fase-esecutiva\/717820\/\"]}]},{\"@type\":\"BreadcrumbList\",\"@id\":\"https:\/\/staging.varesenews.it\/2018\/05\/ex-malerba-comincia-la-fase-esecutiva\/717820\/#breadcrumb\",\"itemListElement\":[{\"@type\":\"ListItem\",\"position\":1,\"name\":\"Home\",\"item\":\"https:\/\/www.varesenews.it\/\"},{\"@type\":\"ListItem\",\"position\":2,\"name\":\"Ex Malerba, comincia la fase esecutiva\"}]},{\"@type\":\"WebSite\",\"@id\":\"https:\/\/staging.varesenews.it\/#website\",\"url\":\"https:\/\/staging.varesenews.it\/\",\"name\":\"VareseNews\",\"description\":\"\",\"potentialAction\":[{\"@type\":\"SearchAction\",\"target\":{\"@type\":\"EntryPoint\",\"urlTemplate\":\"https:\/\/staging.varesenews.it\/?s={search_term_string}\"},\"query-input\":\"required name=search_term_string\"}],\"inLanguage\":\"it-IT\"},{\"@type\":\"Person\",\"@id\":\"https:\/\/staging.varesenews.it\/#\/schema\/person\/995d2e6a31c67237a9a1bc1f0079f3aa\",\"name\":\"Stefania Radman\",\"image\":{\"@type\":\"ImageObject\",\"inLanguage\":\"it-IT\",\"@id\":\"https:\/\/staging.varesenews.it\/#\/schema\/person\/image\/\",\"url\":\"https:\/\/staging.varesenews.it\/wp-content\/uploads\/2020\/12\/stefania_radman_colori_500.jpg\",\"contentUrl\":\"https:\/\/staging.varesenews.it\/wp-content\/uploads\/2020\/12\/stefania_radman_colori_500.jpg\",\"caption\":\"Stefania Radman\"},\"description\":\"Varesina dal 1991, lavoro dal 2000 per Varesenews.it, prima come responsabile della pagina dell&rsquo;economia, poi della pagina life, ora della citt&agrave; di Varese.Ma sono (e sono stata) anche altro: per esempio, agli albori delle radio private ero dj in una radio milanese, Onda Radio. Da 20 anni sono corrispondente da Varese di Radio Popolare e ho collaborato con Espresso, Repubblica, Diario della Settimana, Italia Oggi. &ldquo;Smanettona&rdquo; da sempre, ho aperto il mio primo sito personale con Geocities nei primi anni novanta (chi se lo ricorda?) e i miei primi blog in Splinder all&rsquo;inizio del 2000. Ora sono sui social: qui quasi sempre sono semplicemente \\\"LaRadman&rdquo;.\",\"sameAs\":[\"http:\/\/laradman.blogspot.it\",\"https:\/\/www.facebook.com\/stefaniaradman\",\"@LaRadman\",\"https:\/\/www.linkedin.com\/in\/stefaniaradman\",\"https:\/\/twitter.com\/LaRadman\"],\"url\":\"https:\/\/staging.varesenews.it\/persona\/stefania-radman1\/\"}]}<\/script>\n<!-- \/ Yoast SEO plugin. -->","yoast_head_json":{"title":"Ex Malerba, comincia la fase esecutiva","description":"Con il \u201critocco\u201d di alcuni espropri necessari per le opere conservative, si pu\u00f2 considerare conclusa la fase progettuale che riguarda l\u2019Amministrazione. Ma i cantieri non sono ancora dietro l\u2019angolo","robots":{"index":"noindex","follow":"follow","max-snippet":"max-snippet:-1","max-image-preview":"max-image-preview:large","max-video-preview":"max-video-preview:-1"},"og_locale":"it_IT","og_type":"article","og_title":"Ex Malerba, comincia la fase esecutiva","og_description":"Con il \u201critocco\u201d di alcuni espropri necessari per le opere conservative, si pu\u00f2 considerare conclusa la fase progettuale che riguarda l\u2019Amministrazione. Ma i cantieri non sono ancora dietro l\u2019angolo","og_url":"https:\/\/staging.varesenews.it\/2018\/05\/ex-malerba-comincia-la-fase-esecutiva\/717820\/","og_site_name":"VareseNews","article_publisher":"https:\/\/www.facebook.com\/varesenews","article_author":"https:\/\/www.facebook.com\/stefaniaradman","article_published_time":"2018-05-21T07:46:26+00:00","article_modified_time":"2018-05-21T08:12:19+00:00","author":"Stefania Radman","twitter_card":"summary_large_image","twitter_creator":"@LaRadman","twitter_site":"@varesenews","twitter_misc":{"Scritto da":"Stefania Radman","Tempo di lettura stimato":"1 minuto"},"schema":{"@context":"https:\/\/schema.org","@graph":[{"@type":"WebPage","@id":"https:\/\/staging.varesenews.it\/2018\/05\/ex-malerba-comincia-la-fase-esecutiva\/717820\/","url":"https:\/\/staging.varesenews.it\/2018\/05\/ex-malerba-comincia-la-fase-esecutiva\/717820\/","name":"Ex Malerba, comincia la fase esecutiva","isPartOf":{"@id":"https:\/\/staging.varesenews.it\/#website"},"datePublished":"2018-05-21T07:46:26+00:00","dateModified":"2018-05-21T08:12:19+00:00","author":{"@id":"https:\/\/staging.varesenews.it\/#\/schema\/person\/995d2e6a31c67237a9a1bc1f0079f3aa"},"description":"Con il \u201critocco\u201d di alcuni espropri necessari per le opere conservative, si pu\u00f2 considerare conclusa la fase progettuale che riguarda l\u2019Amministrazione. Ma i cantieri non sono ancora dietro l\u2019angolo","breadcrumb":{"@id":"https:\/\/staging.varesenews.it\/2018\/05\/ex-malerba-comincia-la-fase-esecutiva\/717820\/#breadcrumb"},"inLanguage":"it-IT","potentialAction":[{"@type":"ReadAction","target":["https:\/\/staging.varesenews.it\/2018\/05\/ex-malerba-comincia-la-fase-esecutiva\/717820\/"]}]},{"@type":"BreadcrumbList","@id":"https:\/\/staging.varesenews.it\/2018\/05\/ex-malerba-comincia-la-fase-esecutiva\/717820\/#breadcrumb","itemListElement":[{"@type":"ListItem","position":1,"name":"Home","item":"https:\/\/www.varesenews.it\/"},{"@type":"ListItem","position":2,"name":"Ex Malerba, comincia la fase esecutiva"}]},{"@type":"WebSite","@id":"https:\/\/staging.varesenews.it\/#website","url":"https:\/\/staging.varesenews.it\/","name":"VareseNews","description":"","potentialAction":[{"@type":"SearchAction","target":{"@type":"EntryPoint","urlTemplate":"https:\/\/staging.varesenews.it\/?s={search_term_string}"},"query-input":"required name=search_term_string"}],"inLanguage":"it-IT"},{"@type":"Person","@id":"https:\/\/staging.varesenews.it\/#\/schema\/person\/995d2e6a31c67237a9a1bc1f0079f3aa","name":"Stefania Radman","image":{"@type":"ImageObject","inLanguage":"it-IT","@id":"https:\/\/staging.varesenews.it\/#\/schema\/person\/image\/","url":"https:\/\/staging.varesenews.it\/wp-content\/uploads\/2020\/12\/stefania_radman_colori_500.jpg","contentUrl":"https:\/\/staging.varesenews.it\/wp-content\/uploads\/2020\/12\/stefania_radman_colori_500.jpg","caption":"Stefania Radman"},"description":"Varesina dal 1991, lavoro dal 2000 per Varesenews.it, prima come responsabile della pagina dell&rsquo;economia, poi della pagina life, ora della citt&agrave; di Varese.Ma sono (e sono stata) anche altro: per esempio, agli albori delle radio private ero dj in una radio milanese, Onda Radio. Da 20 anni sono corrispondente da Varese di Radio Popolare e ho collaborato con Espresso, Repubblica, Diario della Settimana, Italia Oggi. &ldquo;Smanettona&rdquo; da sempre, ho aperto il mio primo sito personale con Geocities nei primi anni novanta (chi se lo ricorda?) e i miei primi blog in Splinder all&rsquo;inizio del 2000. Ora sono sui social: qui quasi sempre sono semplicemente \"LaRadman&rdquo;.","sameAs":["http:\/\/laradman.blogspot.it","https:\/\/www.facebook.com\/stefaniaradman","@LaRadman","https:\/\/www.linkedin.com\/in\/stefaniaradman","https:\/\/twitter.com\/LaRadman"],"url":"https:\/\/staging.varesenews.it\/persona\/stefania-radman1\/"}]}},"post_meta":{"_edit_lock":"1526892664:42","_edit_last":"42","_category_permalink":"a:1:{s:8:\"category\";s:0:\"\";}","argomento":"Varese","_yoast_wpseo_focuskw_text_input":"malerba","_yoast_wpseo_focuskw":"malerba","_yoast_wpseo_linkdex":"37","_yoast_wpseo_content_score":"30","_jd_tweet_this":"yes","id_leggi_anche":"596633,590612,585370,793663,812434,816839,932079,934908","foto":"481477","ratings_users":"0","ratings_score":"0","ratings_average":"0","_wpt_short_url":"http:\/\/www.varesenews.it\/2018\/05\/ex-malerba-comincia-la-fase-esecutiva\/717820\/","_wp_jd_target":"http:\/\/www.varesenews.it\/2018\/05\/ex-malerba-comincia-la-fase-esecutiva\/717820\/","_jd_wp_twitter":"a:1:{i:0;s:118:\"Ex Malerba, comincia la fase esecutiva http:\/\/www.varesenews.it\/2018\/05\/ex-malerba-comincia-la-fase-esecutiva\/717820\/ \";}","_wpt_status_message":"Tweet inviato con successo."},"photos":[{"original":"https:\/\/staging.varesenews.it\/photogallery_new\/images\/2015\/09\/ex-malerba-481477.jpg","full":"https:\/\/staging.varesenews.it\/photogallery_new\/images\/2015\/09\/ex-malerba-481477.1024x768.jpg","large":"https:\/\/staging.varesenews.it\/photogallery_new\/images\/2015\/09\/ex-malerba-481477.610x431.jpg"}],"_links":{"self":[{"href":"https:\/\/staging.varesenews.it\/swgapi\/v1\/wp\/v2\/posts\/717820"}],"collection":[{"href":"https:\/\/staging.varesenews.it\/swgapi\/v1\/wp\/v2\/posts"}],"about":[{"href":"https:\/\/staging.varesenews.it\/swgapi\/v1\/wp\/v2\/types\/post"}],"author":[{"embeddable":true,"href":"https:\/\/staging.varesenews.it\/swgapi\/v1\/wp\/v2\/users\/48"}],"replies":[{"embeddable":true,"href":"https:\/\/staging.varesenews.it\/swgapi\/v1\/wp\/v2\/comments?post=717820"}],"version-history":[{"count":0,"href":"https:\/\/staging.varesenews.it\/swgapi\/v1\/wp\/v2\/posts\/717820\/revisions"}],"wp:attachment":[{"href":"https:\/\/staging.varesenews.it\/swgapi\/v1\/wp\/v2\/media?parent=717820"}],"wp:term":[{"taxonomy":"category","embeddable":true,"href":"https:\/\/staging.varesenews.it\/swgapi\/v1\/wp\/v2\/categories?post=717820"},{"taxonomy":"post_tag","embeddable":true,"href":"https:\/\/staging.varesenews.it\/swgapi\/v1\/wp\/v2\/tags?post=717820"}],"curies":[{"name":"wp","href":"https:\/\/api.w.org\/{rel}","templated":true}]}}