{"id":719576,"date":"2018-05-23T13:01:32","date_gmt":"2018-05-23T11:01:32","guid":{"rendered":"http:\/\/www.varesenews.it\/?p=719576"},"modified":"2018-05-23T13:01:32","modified_gmt":"2018-05-23T11:01:32","slug":"un-concerto-cripta-alla-brunella","status":"publish","type":"post","link":"https:\/\/staging.varesenews.it\/2018\/05\/un-concerto-cripta-alla-brunella\/719576\/","title":{"rendered":"Un concerto in cripta alla Brunella"},"content":{"rendered":"<p style=\"font-weight: 400;\">\n<p style=\"font-weight: 400;\"><strong>\u00a0<\/strong>Maggio \u00e8 il mese delle rose ed \u00e8 il mese dedicato a Maria, ma a Varese quest\u2019anno sar\u00e0 anche un mese dedicato a chi \u00e8 povero ed in difficolt\u00e0.<\/p>\n<p style=\"font-weight: 400;\"><strong>Domenica 27<\/strong>, nella cripta della parrocchia Sant\u2019Antonio di Padova alla Brunella,\u00a0<strong>l\u2019orchestra da camera Poseidon<\/strong>, infatti<strong>, sar\u00e0 in scena con un concerto di musica classica\u00a0<\/strong>a favore della Casa della Carit\u00e0 e dal titolo \u201cOmaggio a Maria \u2013 meditazione in musica con letture sacre\u201d.<\/p>\n<p style=\"font-weight: 400;\">Nella pace e nel raccoglimento delle vecchie mura, l\u2019orchestra, nata nel 2002 per volont\u00e0 del violino solista Maestro Francesco Postorivo e nota a Varese per il suo impegno nel sociale, eseguir\u00e0\u00a0<strong>brani di Bach, Corelli, Mozart, Vivaldi ed Albinoni che saranno intervallati da brevi letture incentrate sulla figura di Maria, tra cui testi di san Luigi Maria Grignion de Montfort<\/strong>, tanto caro a papa Giovanni Paolo II, che spicca tra i tanti testimoni e maestri della spiritualit\u00e0 mariana.<\/p>\n<p style=\"font-weight: 400;\">L\u2019esibizione, resa possibile grazie al supporto di un mecenate, \u00e8 promossa\u00a0<strong>dall\u2019Associazione Pane di Sant\u2019Antonio<\/strong>\u00a0che si occupa ogni giorno, con i suoi 140 volontari, della gestione della Casa della Carit\u00e0 che \u00e8 ormai un punto di riferimento nella battaglia contro la povert\u00e0 e l\u2019emarginazione sociale a Varese ed \u00e8 sostenuta da 30 parrocchie riunite nell\u2019associazione Farsi Prossimo.<\/p>\n<p style=\"font-weight: 400;\">Dunque un\u2019occasione che \u00e8 ancora testimonianza della preziosa sinergia che si instaura quando la musica si sposa alla solidariet\u00e0.<\/p>\n<p style=\"font-weight: 400;\">L\u2019ingresso \u00e8 libero, saranno raccolte offerte a sostegno della Casa della Carit\u00e0.<\/p>\n<p style=\"font-weight: 400;\">Al termine dell\u2019evento sar\u00e0 possibile assaggiare la Torta Pane di Sant&#8217;Antonio,\u00a0creata con le donazioni delle eccedenze dei panificatori varesini e della grande distribuzione e riattualizza la memoria del pane donato ai poveri.<\/p>\n","protected":false},"excerpt":{"rendered":"<p>Domenica 27 maggio, alle 21, la cripta di S. Antonio di Padova ospiter\u00e0 \u201cOmaggio a Maria\u201d, concerto dell\u2019orchestra Poseidon, per la Casa della Carit\u00e0<\/p>\n","protected":false},"author":48,"featured_media":0,"comment_status":"open","ping_status":"open","sticky":false,"template":"","format":"standard","meta":{"footnotes":""},"categories":[20,21,2],"tags":[6894,82936,170,158,85685],"acf":[],"yoast_head":"<!-- This site is optimized with the Yoast SEO plugin v20.1 - https:\/\/yoast.com\/wordpress\/plugins\/seo\/ -->\n<title>Un concerto in cripta alla Brunella<\/title>\n<meta name=\"description\" content=\"Domenica 27 maggio, alle 21, la cripta di S. Antonio di Padova ospiter\u00e0 \u201cOmaggio a Maria\u201d, concerto dell\u2019orchestra Poseidon, per la Casa della Carit\u00e0\" \/>\n<meta name=\"robots\" content=\"noindex, follow, max-snippet:-1, max-image-preview:large, max-video-preview:-1\" \/>\n<meta property=\"og:locale\" content=\"it_IT\" \/>\n<meta property=\"og:type\" content=\"article\" \/>\n<meta property=\"og:title\" content=\"Un concerto in cripta alla Brunella\" \/>\n<meta property=\"og:description\" content=\"Domenica 27 maggio, alle 21, la cripta di S. Antonio di Padova ospiter\u00e0 \u201cOmaggio a Maria\u201d, concerto dell\u2019orchestra Poseidon, per la Casa della Carit\u00e0\" \/>\n<meta property=\"og:url\" content=\"https:\/\/staging.varesenews.it\/2018\/05\/un-concerto-cripta-alla-brunella\/719576\/\" \/>\n<meta property=\"og:site_name\" content=\"VareseNews\" \/>\n<meta property=\"article:publisher\" content=\"https:\/\/www.facebook.com\/varesenews\" \/>\n<meta property=\"article:author\" content=\"https:\/\/www.facebook.com\/stefaniaradman\" \/>\n<meta property=\"article:published_time\" content=\"2018-05-23T11:01:32+00:00\" \/>\n<meta name=\"author\" content=\"Stefania Radman\" \/>\n<meta name=\"twitter:card\" content=\"summary_large_image\" \/>\n<meta name=\"twitter:creator\" content=\"@LaRadman\" \/>\n<meta name=\"twitter:site\" content=\"@varesenews\" \/>\n<meta name=\"twitter:label1\" content=\"Scritto da\" \/>\n\t<meta name=\"twitter:data1\" content=\"Stefania Radman\" \/>\n\t<meta name=\"twitter:label2\" content=\"Tempo di lettura stimato\" \/>\n\t<meta name=\"twitter:data2\" content=\"1 minuto\" \/>\n<script type=\"application\/ld+json\" class=\"yoast-schema-graph\">{\"@context\":\"https:\/\/schema.org\",\"@graph\":[{\"@type\":\"WebPage\",\"@id\":\"https:\/\/staging.varesenews.it\/2018\/05\/un-concerto-cripta-alla-brunella\/719576\/\",\"url\":\"https:\/\/staging.varesenews.it\/2018\/05\/un-concerto-cripta-alla-brunella\/719576\/\",\"name\":\"Un concerto in cripta alla Brunella\",\"isPartOf\":{\"@id\":\"https:\/\/staging.varesenews.it\/#website\"},\"datePublished\":\"2018-05-23T11:01:32+00:00\",\"dateModified\":\"2018-05-23T11:01:32+00:00\",\"author\":{\"@id\":\"https:\/\/staging.varesenews.it\/#\/schema\/person\/995d2e6a31c67237a9a1bc1f0079f3aa\"},\"description\":\"Domenica 27 maggio, alle 21, la cripta di S. Antonio di Padova ospiter\u00e0 \u201cOmaggio a Maria\u201d, concerto dell\u2019orchestra Poseidon, per la Casa della Carit\u00e0\",\"breadcrumb\":{\"@id\":\"https:\/\/staging.varesenews.it\/2018\/05\/un-concerto-cripta-alla-brunella\/719576\/#breadcrumb\"},\"inLanguage\":\"it-IT\",\"potentialAction\":[{\"@type\":\"ReadAction\",\"target\":[\"https:\/\/staging.varesenews.it\/2018\/05\/un-concerto-cripta-alla-brunella\/719576\/\"]}]},{\"@type\":\"BreadcrumbList\",\"@id\":\"https:\/\/staging.varesenews.it\/2018\/05\/un-concerto-cripta-alla-brunella\/719576\/#breadcrumb\",\"itemListElement\":[{\"@type\":\"ListItem\",\"position\":1,\"name\":\"Home\",\"item\":\"https:\/\/www.varesenews.it\/\"},{\"@type\":\"ListItem\",\"position\":2,\"name\":\"Un concerto in cripta alla Brunella\"}]},{\"@type\":\"WebSite\",\"@id\":\"https:\/\/staging.varesenews.it\/#website\",\"url\":\"https:\/\/staging.varesenews.it\/\",\"name\":\"VareseNews\",\"description\":\"\",\"potentialAction\":[{\"@type\":\"SearchAction\",\"target\":{\"@type\":\"EntryPoint\",\"urlTemplate\":\"https:\/\/staging.varesenews.it\/?s={search_term_string}\"},\"query-input\":\"required name=search_term_string\"}],\"inLanguage\":\"it-IT\"},{\"@type\":\"Person\",\"@id\":\"https:\/\/staging.varesenews.it\/#\/schema\/person\/995d2e6a31c67237a9a1bc1f0079f3aa\",\"name\":\"Stefania Radman\",\"image\":{\"@type\":\"ImageObject\",\"inLanguage\":\"it-IT\",\"@id\":\"https:\/\/staging.varesenews.it\/#\/schema\/person\/image\/\",\"url\":\"https:\/\/staging.varesenews.it\/wp-content\/uploads\/2020\/12\/stefania_radman_colori_500.jpg\",\"contentUrl\":\"https:\/\/staging.varesenews.it\/wp-content\/uploads\/2020\/12\/stefania_radman_colori_500.jpg\",\"caption\":\"Stefania Radman\"},\"description\":\"Varesina dal 1991, lavoro dal 2000 per Varesenews.it, prima come responsabile della pagina dell&rsquo;economia, poi della pagina life, ora della citt&agrave; di Varese.Ma sono (e sono stata) anche altro: per esempio, agli albori delle radio private ero dj in una radio milanese, Onda Radio. Da 20 anni sono corrispondente da Varese di Radio Popolare e ho collaborato con Espresso, Repubblica, Diario della Settimana, Italia Oggi. &ldquo;Smanettona&rdquo; da sempre, ho aperto il mio primo sito personale con Geocities nei primi anni novanta (chi se lo ricorda?) e i miei primi blog in Splinder all&rsquo;inizio del 2000. Ora sono sui social: qui quasi sempre sono semplicemente \\\"LaRadman&rdquo;.\",\"sameAs\":[\"http:\/\/laradman.blogspot.it\",\"https:\/\/www.facebook.com\/stefaniaradman\",\"@LaRadman\",\"https:\/\/www.linkedin.com\/in\/stefaniaradman\",\"https:\/\/twitter.com\/LaRadman\"],\"url\":\"https:\/\/staging.varesenews.it\/persona\/stefania-radman1\/\"}]}<\/script>\n<!-- \/ Yoast SEO plugin. -->","yoast_head_json":{"title":"Un concerto in cripta alla Brunella","description":"Domenica 27 maggio, alle 21, la cripta di S. Antonio di Padova ospiter\u00e0 \u201cOmaggio a Maria\u201d, concerto dell\u2019orchestra Poseidon, per la Casa della Carit\u00e0","robots":{"index":"noindex","follow":"follow","max-snippet":"max-snippet:-1","max-image-preview":"max-image-preview:large","max-video-preview":"max-video-preview:-1"},"og_locale":"it_IT","og_type":"article","og_title":"Un concerto in cripta alla Brunella","og_description":"Domenica 27 maggio, alle 21, la cripta di S. Antonio di Padova ospiter\u00e0 \u201cOmaggio a Maria\u201d, concerto dell\u2019orchestra Poseidon, per la Casa della Carit\u00e0","og_url":"https:\/\/staging.varesenews.it\/2018\/05\/un-concerto-cripta-alla-brunella\/719576\/","og_site_name":"VareseNews","article_publisher":"https:\/\/www.facebook.com\/varesenews","article_author":"https:\/\/www.facebook.com\/stefaniaradman","article_published_time":"2018-05-23T11:01:32+00:00","author":"Stefania Radman","twitter_card":"summary_large_image","twitter_creator":"@LaRadman","twitter_site":"@varesenews","twitter_misc":{"Scritto da":"Stefania Radman","Tempo di lettura stimato":"1 minuto"},"schema":{"@context":"https:\/\/schema.org","@graph":[{"@type":"WebPage","@id":"https:\/\/staging.varesenews.it\/2018\/05\/un-concerto-cripta-alla-brunella\/719576\/","url":"https:\/\/staging.varesenews.it\/2018\/05\/un-concerto-cripta-alla-brunella\/719576\/","name":"Un concerto in cripta alla Brunella","isPartOf":{"@id":"https:\/\/staging.varesenews.it\/#website"},"datePublished":"2018-05-23T11:01:32+00:00","dateModified":"2018-05-23T11:01:32+00:00","author":{"@id":"https:\/\/staging.varesenews.it\/#\/schema\/person\/995d2e6a31c67237a9a1bc1f0079f3aa"},"description":"Domenica 27 maggio, alle 21, la cripta di S. Antonio di Padova ospiter\u00e0 \u201cOmaggio a Maria\u201d, concerto dell\u2019orchestra Poseidon, per la Casa della Carit\u00e0","breadcrumb":{"@id":"https:\/\/staging.varesenews.it\/2018\/05\/un-concerto-cripta-alla-brunella\/719576\/#breadcrumb"},"inLanguage":"it-IT","potentialAction":[{"@type":"ReadAction","target":["https:\/\/staging.varesenews.it\/2018\/05\/un-concerto-cripta-alla-brunella\/719576\/"]}]},{"@type":"BreadcrumbList","@id":"https:\/\/staging.varesenews.it\/2018\/05\/un-concerto-cripta-alla-brunella\/719576\/#breadcrumb","itemListElement":[{"@type":"ListItem","position":1,"name":"Home","item":"https:\/\/www.varesenews.it\/"},{"@type":"ListItem","position":2,"name":"Un concerto in cripta alla Brunella"}]},{"@type":"WebSite","@id":"https:\/\/staging.varesenews.it\/#website","url":"https:\/\/staging.varesenews.it\/","name":"VareseNews","description":"","potentialAction":[{"@type":"SearchAction","target":{"@type":"EntryPoint","urlTemplate":"https:\/\/staging.varesenews.it\/?s={search_term_string}"},"query-input":"required name=search_term_string"}],"inLanguage":"it-IT"},{"@type":"Person","@id":"https:\/\/staging.varesenews.it\/#\/schema\/person\/995d2e6a31c67237a9a1bc1f0079f3aa","name":"Stefania Radman","image":{"@type":"ImageObject","inLanguage":"it-IT","@id":"https:\/\/staging.varesenews.it\/#\/schema\/person\/image\/","url":"https:\/\/staging.varesenews.it\/wp-content\/uploads\/2020\/12\/stefania_radman_colori_500.jpg","contentUrl":"https:\/\/staging.varesenews.it\/wp-content\/uploads\/2020\/12\/stefania_radman_colori_500.jpg","caption":"Stefania Radman"},"description":"Varesina dal 1991, lavoro dal 2000 per Varesenews.it, prima come responsabile della pagina dell&rsquo;economia, poi della pagina life, ora della citt&agrave; di Varese.Ma sono (e sono stata) anche altro: per esempio, agli albori delle radio private ero dj in una radio milanese, Onda Radio. Da 20 anni sono corrispondente da Varese di Radio Popolare e ho collaborato con Espresso, Repubblica, Diario della Settimana, Italia Oggi. &ldquo;Smanettona&rdquo; da sempre, ho aperto il mio primo sito personale con Geocities nei primi anni novanta (chi se lo ricorda?) e i miei primi blog in Splinder all&rsquo;inizio del 2000. Ora sono sui social: qui quasi sempre sono semplicemente \"LaRadman&rdquo;.","sameAs":["http:\/\/laradman.blogspot.it","https:\/\/www.facebook.com\/stefaniaradman","@LaRadman","https:\/\/www.linkedin.com\/in\/stefaniaradman","https:\/\/twitter.com\/LaRadman"],"url":"https:\/\/staging.varesenews.it\/persona\/stefania-radman1\/"}]}},"post_meta":{"_edit_lock":"1527073487:48","_edit_last":"48","_category_permalink":"a:1:{s:8:\"category\";s:0:\"\";}","ratings_users":"0","ratings_score":"0","ratings_average":"0","foto":"91419","firma_come_redazione":"1","argomento":"Varese","_yoast_wpseo_focuskw_text_input":"brunella","_yoast_wpseo_focuskw":"brunella","_yoast_wpseo_linkdex":"55","_yoast_wpseo_content_score":"30","_jd_tweet_this":"yes","_wpt_short_url":"http:\/\/www.varesenews.it\/2018\/05\/un-concerto-cripta-alla-brunella\/719576\/","_wp_jd_target":"http:\/\/www.varesenews.it\/2018\/05\/un-concerto-cripta-alla-brunella\/719576\/","_jd_wp_twitter":"a:1:{i:0;s:147:\"Un concerto in cripta alla Brunella http:\/\/www.varesenews.it\/2018\/05\/un-concerto-cripta-alla-brunella\/719576\/ #brunella #casadellacarit\u00e0 #concerto\";}","_wpt_status_message":"Tweet inviato con successo."},"photos":[{"original":"https:\/\/staging.varesenews.it\/photogallery_new\/images\/2013\/10\/convento-chiesa-brunella-apertura-altezza-260-91419.jpg","full":"https:\/\/staging.varesenews.it\/photogallery_new\/images\/2013\/10\/convento-chiesa-brunella-apertura-altezza-260-91419.1024x768.jpg","large":"https:\/\/staging.varesenews.it\/photogallery_new\/images\/2013\/10\/convento-chiesa-brunella-apertura-altezza-260-91419.610x431.jpg"}],"_links":{"self":[{"href":"https:\/\/staging.varesenews.it\/swgapi\/v1\/wp\/v2\/posts\/719576"}],"collection":[{"href":"https:\/\/staging.varesenews.it\/swgapi\/v1\/wp\/v2\/posts"}],"about":[{"href":"https:\/\/staging.varesenews.it\/swgapi\/v1\/wp\/v2\/types\/post"}],"author":[{"embeddable":true,"href":"https:\/\/staging.varesenews.it\/swgapi\/v1\/wp\/v2\/users\/48"}],"replies":[{"embeddable":true,"href":"https:\/\/staging.varesenews.it\/swgapi\/v1\/wp\/v2\/comments?post=719576"}],"version-history":[{"count":0,"href":"https:\/\/staging.varesenews.it\/swgapi\/v1\/wp\/v2\/posts\/719576\/revisions"}],"wp:attachment":[{"href":"https:\/\/staging.varesenews.it\/swgapi\/v1\/wp\/v2\/media?parent=719576"}],"wp:term":[{"taxonomy":"category","embeddable":true,"href":"https:\/\/staging.varesenews.it\/swgapi\/v1\/wp\/v2\/categories?post=719576"},{"taxonomy":"post_tag","embeddable":true,"href":"https:\/\/staging.varesenews.it\/swgapi\/v1\/wp\/v2\/tags?post=719576"}],"curies":[{"name":"wp","href":"https:\/\/api.w.org\/{rel}","templated":true}]}}