{"id":720129,"date":"2018-05-25T09:11:55","date_gmt":"2018-05-25T07:11:55","guid":{"rendered":"http:\/\/www.varesenews.it\/?p=720129"},"modified":"2018-05-25T09:11:55","modified_gmt":"2018-05-25T07:11:55","slug":"cartelli-velo-ok-adesso-occhio-alle-multe","status":"publish","type":"post","link":"https:\/\/staging.varesenews.it\/2018\/05\/cartelli-velo-ok-adesso-occhio-alle-multe\/720129\/","title":{"rendered":"Cartelli e velo ok, adesso occhio alle multe"},"content":{"rendered":"<p style=\"font-weight: 400;\">La prima fase del progetto mobilit\u00e0 \u00e8 stata completa, ora gli operatori della Polizia Locale Gestione Associata di Azzate cominceranno a vigilare e se necessario a sanzionare. <div class=\"related-posts related-01\"><h4>Leggi anche<\/h4><ul><li><a title=\"Velo Ok e limite di 30 all&#8217;ora, Azzate &#8220;rallenta&#8221;\" target=\"_blank\" href=\"https:\/\/staging.varesenews.it\/2018\/05\/velo-ok-limite-30-allora-azzate-rallenta\/713607\/\"><strong>Azzate <\/strong> - Velo Ok e limite di 30 all&#8217;ora, Azzate &#8220;rallenta&#8221;<\/a><\/li><\/ul><\/div><\/p>\n<p style=\"font-weight: 400;\"><strong>Ecco quali sono le modifiche apportate alla viabilit\u00e0 in paese<\/strong>:<br \/>\n<strong>sulla Provinciale 17<\/strong>, provenendo da Daverio, \u00e8 stato posizionato un cartello integrativo di colore giallo con l\u2019indicazione di viabilit\u00e0 modificata,\u00a0 per informare gli utenti della strada, dell\u2019<strong>introduzione della ZTL in Via del Fontanone<\/strong> e in Via Castello e mitigare, quanto pi\u00f9 possibile il disagio degli automobilisti.<\/p>\n<p style=\"font-weight: 400;\"><strong>In Via Garibaldi<\/strong>, all\u2019intersezione con la Via Tagliamento \u00e8 stato posizionato un nuovo cartello che <strong>indica il controllo elettronico della velocit\u00e0<\/strong>, utile ad informare gli automobilisti della presenza del secondo velox, cos\u00ec da evitare frenate improvvise. Lo scopo \u00e8 quello di far rallentare gli automobilisti sia quando il velox \u00e8 in funzione e sono presenti gli operatori della Polizia Locale, sia quando il velox non \u00e8 operativo. I<strong>n Via Tagliamento \u00e8 stata anche integrata la segnaletica di divieto di transito agli autocarri.<\/strong><\/p>\n<p style=\"font-weight: 400;\"><strong>In Via Cottalorda, angolo Via Molinello<\/strong>, \u00e8 stata posizionata una telecamera di contesto per garantire il massimo di sicurezza degli attraversamenti pedonali.<\/p>\n<p style=\"font-weight: 400;\">Sulla <strong>Provinciale del Lago<\/strong>, all&#8217;intersezione con via Mascagni, la telecamera lettura targhe \u00e8 stata integrata con una telecamera di contesto, a presidio dell&#8217;attraversamento pedonale.<\/p>\n<p style=\"font-weight: 400;\">\n","protected":false},"excerpt":{"rendered":"<p>La prima fase del progetto mobilit\u00e0 \u00e8 stata completa. Ecco quali sono le modifiche apportate alla viabilit\u00e0 del paese<\/p>\n","protected":false},"author":49,"featured_media":0,"comment_status":"open","ping_status":"open","sticky":false,"template":"","format":"standard","meta":{"footnotes":""},"categories":[2],"tags":[41633,387],"acf":[],"yoast_head":"<!-- This site is optimized with the Yoast SEO plugin v20.1 - https:\/\/yoast.com\/wordpress\/plugins\/seo\/ -->\n<title>Cartelli e velo ok, adesso occhio alle multe<\/title>\n<meta name=\"description\" content=\"La prima fase del progetto mobilit\u00e0 \u00e8 stata completa. Ecco quali sono le modifiche apportate alla viabilit\u00e0 del paese\" \/>\n<meta name=\"robots\" content=\"noindex, follow, max-snippet:-1, max-image-preview:large, max-video-preview:-1\" \/>\n<meta property=\"og:locale\" content=\"it_IT\" \/>\n<meta property=\"og:type\" content=\"article\" \/>\n<meta property=\"og:title\" content=\"Cartelli e velo ok, adesso occhio alle multe\" \/>\n<meta property=\"og:description\" content=\"La prima fase del progetto mobilit\u00e0 \u00e8 stata completa. Ecco quali sono le modifiche apportate alla viabilit\u00e0 del paese\" \/>\n<meta property=\"og:url\" content=\"https:\/\/staging.varesenews.it\/2018\/05\/cartelli-velo-ok-adesso-occhio-alle-multe\/720129\/\" \/>\n<meta property=\"og:site_name\" content=\"VareseNews\" \/>\n<meta property=\"article:publisher\" content=\"https:\/\/www.facebook.com\/varesenews\" \/>\n<meta property=\"article:author\" content=\"https:\/\/www.facebook.com\/roberta.bertolini.9\" \/>\n<meta property=\"article:published_time\" content=\"2018-05-25T07:11:55+00:00\" \/>\n<meta name=\"author\" content=\"Roberta Bertolini\" \/>\n<meta name=\"twitter:card\" content=\"summary_large_image\" \/>\n<meta name=\"twitter:creator\" content=\"@robybertolini\" \/>\n<meta name=\"twitter:site\" content=\"@varesenews\" \/>\n<meta name=\"twitter:label1\" content=\"Scritto da\" \/>\n\t<meta name=\"twitter:data1\" content=\"Roberta Bertolini\" \/>\n\t<meta name=\"twitter:label2\" content=\"Tempo di lettura stimato\" \/>\n\t<meta name=\"twitter:data2\" content=\"1 minuto\" \/>\n<script type=\"application\/ld+json\" class=\"yoast-schema-graph\">{\"@context\":\"https:\/\/schema.org\",\"@graph\":[{\"@type\":\"WebPage\",\"@id\":\"https:\/\/staging.varesenews.it\/2018\/05\/cartelli-velo-ok-adesso-occhio-alle-multe\/720129\/\",\"url\":\"https:\/\/staging.varesenews.it\/2018\/05\/cartelli-velo-ok-adesso-occhio-alle-multe\/720129\/\",\"name\":\"Cartelli e velo ok, adesso occhio alle multe\",\"isPartOf\":{\"@id\":\"https:\/\/staging.varesenews.it\/#website\"},\"datePublished\":\"2018-05-25T07:11:55+00:00\",\"dateModified\":\"2018-05-25T07:11:55+00:00\",\"author\":{\"@id\":\"https:\/\/staging.varesenews.it\/#\/schema\/person\/58fbd3e567d5c00f0a64d5137fef3e68\"},\"description\":\"La prima fase del progetto mobilit\u00e0 \u00e8 stata completa. Ecco quali sono le modifiche apportate alla viabilit\u00e0 del paese\",\"breadcrumb\":{\"@id\":\"https:\/\/staging.varesenews.it\/2018\/05\/cartelli-velo-ok-adesso-occhio-alle-multe\/720129\/#breadcrumb\"},\"inLanguage\":\"it-IT\",\"potentialAction\":[{\"@type\":\"ReadAction\",\"target\":[\"https:\/\/staging.varesenews.it\/2018\/05\/cartelli-velo-ok-adesso-occhio-alle-multe\/720129\/\"]}]},{\"@type\":\"BreadcrumbList\",\"@id\":\"https:\/\/staging.varesenews.it\/2018\/05\/cartelli-velo-ok-adesso-occhio-alle-multe\/720129\/#breadcrumb\",\"itemListElement\":[{\"@type\":\"ListItem\",\"position\":1,\"name\":\"Home\",\"item\":\"https:\/\/www.varesenews.it\/\"},{\"@type\":\"ListItem\",\"position\":2,\"name\":\"Cartelli e velo ok, adesso occhio alle multe\"}]},{\"@type\":\"WebSite\",\"@id\":\"https:\/\/staging.varesenews.it\/#website\",\"url\":\"https:\/\/staging.varesenews.it\/\",\"name\":\"VareseNews\",\"description\":\"\",\"potentialAction\":[{\"@type\":\"SearchAction\",\"target\":{\"@type\":\"EntryPoint\",\"urlTemplate\":\"https:\/\/staging.varesenews.it\/?s={search_term_string}\"},\"query-input\":\"required name=search_term_string\"}],\"inLanguage\":\"it-IT\"},{\"@type\":\"Person\",\"@id\":\"https:\/\/staging.varesenews.it\/#\/schema\/person\/58fbd3e567d5c00f0a64d5137fef3e68\",\"name\":\"Roberta Bertolini\",\"image\":{\"@type\":\"ImageObject\",\"inLanguage\":\"it-IT\",\"@id\":\"https:\/\/staging.varesenews.it\/#\/schema\/person\/image\/\",\"url\":\"https:\/\/staging.varesenews.it\/wp-content\/uploads\/2020\/12\/roberta_bertolini_colori_500.jpg\",\"contentUrl\":\"https:\/\/staging.varesenews.it\/wp-content\/uploads\/2020\/12\/roberta_bertolini_colori_500.jpg\",\"caption\":\"Roberta Bertolini\"},\"description\":\"Giornalista professionista dal 1991, sono passata, ormai molti anni fa, dalla carta al web. Oggi mi occupo di cronaca locale e guardo con curiosit&agrave; ed attenzione il mondo dei social. Parlo poco, ascolto molto.\",\"sameAs\":[\"https:\/\/www.facebook.com\/roberta.bertolini.9\",\"bettabertolini\",\"https:\/\/www.linkedin.com\/hp\/?dnr=v9e-Gp7a6_oxqTuQyZA0Lf4aEi4t91g6wMH\",\"https:\/\/twitter.com\/robybertolini\"],\"url\":\"https:\/\/staging.varesenews.it\/persona\/roberta-bertolini1\/\"}]}<\/script>\n<!-- \/ Yoast SEO plugin. -->","yoast_head_json":{"title":"Cartelli e velo ok, adesso occhio alle multe","description":"La prima fase del progetto mobilit\u00e0 \u00e8 stata completa. Ecco quali sono le modifiche apportate alla viabilit\u00e0 del paese","robots":{"index":"noindex","follow":"follow","max-snippet":"max-snippet:-1","max-image-preview":"max-image-preview:large","max-video-preview":"max-video-preview:-1"},"og_locale":"it_IT","og_type":"article","og_title":"Cartelli e velo ok, adesso occhio alle multe","og_description":"La prima fase del progetto mobilit\u00e0 \u00e8 stata completa. Ecco quali sono le modifiche apportate alla viabilit\u00e0 del paese","og_url":"https:\/\/staging.varesenews.it\/2018\/05\/cartelli-velo-ok-adesso-occhio-alle-multe\/720129\/","og_site_name":"VareseNews","article_publisher":"https:\/\/www.facebook.com\/varesenews","article_author":"https:\/\/www.facebook.com\/roberta.bertolini.9","article_published_time":"2018-05-25T07:11:55+00:00","author":"Roberta Bertolini","twitter_card":"summary_large_image","twitter_creator":"@robybertolini","twitter_site":"@varesenews","twitter_misc":{"Scritto da":"Roberta Bertolini","Tempo di lettura stimato":"1 minuto"},"schema":{"@context":"https:\/\/schema.org","@graph":[{"@type":"WebPage","@id":"https:\/\/staging.varesenews.it\/2018\/05\/cartelli-velo-ok-adesso-occhio-alle-multe\/720129\/","url":"https:\/\/staging.varesenews.it\/2018\/05\/cartelli-velo-ok-adesso-occhio-alle-multe\/720129\/","name":"Cartelli e velo ok, adesso occhio alle multe","isPartOf":{"@id":"https:\/\/staging.varesenews.it\/#website"},"datePublished":"2018-05-25T07:11:55+00:00","dateModified":"2018-05-25T07:11:55+00:00","author":{"@id":"https:\/\/staging.varesenews.it\/#\/schema\/person\/58fbd3e567d5c00f0a64d5137fef3e68"},"description":"La prima fase del progetto mobilit\u00e0 \u00e8 stata completa. Ecco quali sono le modifiche apportate alla viabilit\u00e0 del paese","breadcrumb":{"@id":"https:\/\/staging.varesenews.it\/2018\/05\/cartelli-velo-ok-adesso-occhio-alle-multe\/720129\/#breadcrumb"},"inLanguage":"it-IT","potentialAction":[{"@type":"ReadAction","target":["https:\/\/staging.varesenews.it\/2018\/05\/cartelli-velo-ok-adesso-occhio-alle-multe\/720129\/"]}]},{"@type":"BreadcrumbList","@id":"https:\/\/staging.varesenews.it\/2018\/05\/cartelli-velo-ok-adesso-occhio-alle-multe\/720129\/#breadcrumb","itemListElement":[{"@type":"ListItem","position":1,"name":"Home","item":"https:\/\/www.varesenews.it\/"},{"@type":"ListItem","position":2,"name":"Cartelli e velo ok, adesso occhio alle multe"}]},{"@type":"WebSite","@id":"https:\/\/staging.varesenews.it\/#website","url":"https:\/\/staging.varesenews.it\/","name":"VareseNews","description":"","potentialAction":[{"@type":"SearchAction","target":{"@type":"EntryPoint","urlTemplate":"https:\/\/staging.varesenews.it\/?s={search_term_string}"},"query-input":"required name=search_term_string"}],"inLanguage":"it-IT"},{"@type":"Person","@id":"https:\/\/staging.varesenews.it\/#\/schema\/person\/58fbd3e567d5c00f0a64d5137fef3e68","name":"Roberta Bertolini","image":{"@type":"ImageObject","inLanguage":"it-IT","@id":"https:\/\/staging.varesenews.it\/#\/schema\/person\/image\/","url":"https:\/\/staging.varesenews.it\/wp-content\/uploads\/2020\/12\/roberta_bertolini_colori_500.jpg","contentUrl":"https:\/\/staging.varesenews.it\/wp-content\/uploads\/2020\/12\/roberta_bertolini_colori_500.jpg","caption":"Roberta Bertolini"},"description":"Giornalista professionista dal 1991, sono passata, ormai molti anni fa, dalla carta al web. Oggi mi occupo di cronaca locale e guardo con curiosit&agrave; ed attenzione il mondo dei social. Parlo poco, ascolto molto.","sameAs":["https:\/\/www.facebook.com\/roberta.bertolini.9","bettabertolini","https:\/\/www.linkedin.com\/hp\/?dnr=v9e-Gp7a6_oxqTuQyZA0Lf4aEi4t91g6wMH","https:\/\/twitter.com\/robybertolini"],"url":"https:\/\/staging.varesenews.it\/persona\/roberta-bertolini1\/"}]}},"post_meta":{"_edit_lock":"1527233296:49","_edit_last":"49","_category_permalink":"a:1:{s:8:\"category\";s:0:\"\";}","ratings_users":"0","ratings_score":"0","ratings_average":"0","id_leggi_anche":"713607","foto":"675684","firma_come_redazione":"1","argomento":"Azzate","_yoast_wpseo_content_score":"30","_jd_tweet_this":"yes","_wpt_short_url":"http:\/\/www.varesenews.it\/2018\/05\/cartelli-velo-ok-adesso-occhio-alle-multe\/720129\/","_wp_jd_target":"http:\/\/www.varesenews.it\/2018\/05\/cartelli-velo-ok-adesso-occhio-alle-multe\/720129\/","_jd_wp_twitter":"a:1:{i:0;s:147:\"Cartelli e velo ok, adesso occhio alle multe http:\/\/www.varesenews.it\/2018\/05\/cartelli-velo-ok-adesso-occhio-alle-multe\/720129\/ #azzate #viabilit\u00e0\";}","_wpt_status_message":"Tweet inviato con successo."},"photos":[{"original":"https:\/\/staging.varesenews.it\/photogallery_new\/images\/2018\/05\/azzate-varie-675684.jpg","full":"https:\/\/staging.varesenews.it\/photogallery_new\/images\/2018\/05\/azzate-varie-675684.1024x768.jpg","large":"https:\/\/staging.varesenews.it\/photogallery_new\/images\/2018\/05\/azzate-varie-675684.610x431.jpg"}],"_links":{"self":[{"href":"https:\/\/staging.varesenews.it\/swgapi\/v1\/wp\/v2\/posts\/720129"}],"collection":[{"href":"https:\/\/staging.varesenews.it\/swgapi\/v1\/wp\/v2\/posts"}],"about":[{"href":"https:\/\/staging.varesenews.it\/swgapi\/v1\/wp\/v2\/types\/post"}],"author":[{"embeddable":true,"href":"https:\/\/staging.varesenews.it\/swgapi\/v1\/wp\/v2\/users\/49"}],"replies":[{"embeddable":true,"href":"https:\/\/staging.varesenews.it\/swgapi\/v1\/wp\/v2\/comments?post=720129"}],"version-history":[{"count":0,"href":"https:\/\/staging.varesenews.it\/swgapi\/v1\/wp\/v2\/posts\/720129\/revisions"}],"wp:attachment":[{"href":"https:\/\/staging.varesenews.it\/swgapi\/v1\/wp\/v2\/media?parent=720129"}],"wp:term":[{"taxonomy":"category","embeddable":true,"href":"https:\/\/staging.varesenews.it\/swgapi\/v1\/wp\/v2\/categories?post=720129"},{"taxonomy":"post_tag","embeddable":true,"href":"https:\/\/staging.varesenews.it\/swgapi\/v1\/wp\/v2\/tags?post=720129"}],"curies":[{"name":"wp","href":"https:\/\/api.w.org\/{rel}","templated":true}]}}