{"id":721076,"date":"2018-05-28T16:12:53","date_gmt":"2018-05-28T14:12:53","guid":{"rendered":"http:\/\/www.varesenews.it\/?p=721076"},"modified":"2018-05-28T16:24:37","modified_gmt":"2018-05-28T14:24:37","slug":"consiglio-comunale-lultimo-atto-della-giunta-crespi","status":"publish","type":"post","link":"https:\/\/staging.varesenews.it\/2018\/05\/consiglio-comunale-lultimo-atto-della-giunta-crespi\/721076\/","title":{"rendered":"In Consiglio comunale per l&#8217;ultimo atto della Giunta Crespi"},"content":{"rendered":"<p>Q<strong>uesta sera alle 19 l&#8217;atto finale della Giunta Crespi,<\/strong> che con una convocazione dell&#8217;ultimo momento porter\u00e0 in Consiglio comunale un unico punto all&#8217;ordine del giorno, l&#8217;approvazione del bilancio consuntivo 2017.<\/p>\n<p>Il bilancio era gi\u00e0 all&#8217;ordine del giorno del consiglio comunale del 17 maggio, ma la maggioranza non aveva raggiunto i numeri per l&#8217;approvazione <a href=\"http:\/\/www.varesenews.it\/2018\/05\/malore-del-vicesindaco-nellultima-seduta-utile-non-passano-bilancio-variazioni\/718046\/\"><strong>anche a causa di un malore<\/strong> <\/a>che aveva colpito poco prima della seduta il vicesindaco Olga Maggi, facendo mancare un prezioso voto a Crespi.<\/p>\n<p>Sar\u00e0 dunque breve ma molto importante la seduta di questa sera. Innanzitutto bisogner\u00e0 vedere se la maggioranza Lega-Forza Italia riuscir\u00e0 a portare in aula tutti i consiglieri necessari o, in caso contrario, se i gruppi di opposizione vorranno licenziare con un voto favorevole il bilancio consuntivo,<strong> anche per evitare problemi <\/strong>che potrebbero riflettersi sulla futura giunta che si former\u00e0 dopo il voto del 10 giugno.<\/p>\n","protected":false},"excerpt":{"rendered":"<p>Questa sera alle 19 il sindaco Crespi cercher\u00e0 di far approvare un unico punto all&#8217;ordine del giorno, l&#8217;approvazione del bilancio consuntivo 2017 &#8220;saltato&#8221; settimana scorsa<\/p>\n","protected":false},"author":44,"featured_media":0,"comment_status":"open","ping_status":"open","sticky":false,"template":"","format":"standard","meta":{"footnotes":""},"categories":[16,5],"tags":[68203,82562],"acf":[],"yoast_head":"<!-- This site is optimized with the Yoast SEO plugin v20.1 - https:\/\/yoast.com\/wordpress\/plugins\/seo\/ -->\n<title>In Consiglio comunale per l&#039;ultimo atto della Giunta Crespi<\/title>\n<meta name=\"description\" content=\"Questa sera alle 19 il sindaco Crespi cercher\u00e0 di far approvare un unico punto all&#039;ordine del giorno, l&#039;approvazione del bilancio consuntivo 2017 &quot;saltato&quot; settimana scorsa\" \/>\n<meta name=\"robots\" content=\"noindex, follow, max-snippet:-1, max-image-preview:large, max-video-preview:-1\" \/>\n<meta property=\"og:locale\" content=\"it_IT\" \/>\n<meta property=\"og:type\" content=\"article\" \/>\n<meta property=\"og:title\" content=\"In Consiglio comunale per l&#039;ultimo atto della Giunta Crespi\" \/>\n<meta property=\"og:description\" content=\"Questa sera alle 19 il sindaco Crespi cercher\u00e0 di far approvare un unico punto all&#039;ordine del giorno, l&#039;approvazione del bilancio consuntivo 2017 &quot;saltato&quot; settimana scorsa\" \/>\n<meta property=\"og:url\" content=\"https:\/\/staging.varesenews.it\/2018\/05\/consiglio-comunale-lultimo-atto-della-giunta-crespi\/721076\/\" \/>\n<meta property=\"og:site_name\" content=\"VareseNews\" \/>\n<meta property=\"article:publisher\" content=\"https:\/\/www.facebook.com\/varesenews\" \/>\n<meta property=\"article:author\" content=\"https:\/\/www.facebook.com\/mariangela.gerletti\" \/>\n<meta property=\"article:published_time\" content=\"2018-05-28T14:12:53+00:00\" \/>\n<meta property=\"article:modified_time\" content=\"2018-05-28T14:24:37+00:00\" \/>\n<meta name=\"author\" content=\"Mariangela Gerletti\" \/>\n<meta name=\"twitter:card\" content=\"summary_large_image\" \/>\n<meta name=\"twitter:creator\" content=\"@MariGerletti\" \/>\n<meta name=\"twitter:site\" content=\"@varesenews\" \/>\n<meta name=\"twitter:label1\" content=\"Scritto da\" \/>\n\t<meta name=\"twitter:data1\" content=\"Mariangela Gerletti\" \/>\n\t<meta name=\"twitter:label2\" content=\"Tempo di lettura stimato\" \/>\n\t<meta name=\"twitter:data2\" content=\"1 minuto\" \/>\n<script type=\"application\/ld+json\" class=\"yoast-schema-graph\">{\"@context\":\"https:\/\/schema.org\",\"@graph\":[{\"@type\":\"WebPage\",\"@id\":\"https:\/\/staging.varesenews.it\/2018\/05\/consiglio-comunale-lultimo-atto-della-giunta-crespi\/721076\/\",\"url\":\"https:\/\/staging.varesenews.it\/2018\/05\/consiglio-comunale-lultimo-atto-della-giunta-crespi\/721076\/\",\"name\":\"In Consiglio comunale per l'ultimo atto della Giunta Crespi\",\"isPartOf\":{\"@id\":\"https:\/\/staging.varesenews.it\/#website\"},\"datePublished\":\"2018-05-28T14:12:53+00:00\",\"dateModified\":\"2018-05-28T14:24:37+00:00\",\"author\":{\"@id\":\"https:\/\/staging.varesenews.it\/#\/schema\/person\/14f52876ea19bc10d0d2717b6e8f9b89\"},\"description\":\"Questa sera alle 19 il sindaco Crespi cercher\u00e0 di far approvare un unico punto all'ordine del giorno, l'approvazione del bilancio consuntivo 2017 \\\"saltato\\\" settimana scorsa\",\"breadcrumb\":{\"@id\":\"https:\/\/staging.varesenews.it\/2018\/05\/consiglio-comunale-lultimo-atto-della-giunta-crespi\/721076\/#breadcrumb\"},\"inLanguage\":\"it-IT\",\"potentialAction\":[{\"@type\":\"ReadAction\",\"target\":[\"https:\/\/staging.varesenews.it\/2018\/05\/consiglio-comunale-lultimo-atto-della-giunta-crespi\/721076\/\"]}]},{\"@type\":\"BreadcrumbList\",\"@id\":\"https:\/\/staging.varesenews.it\/2018\/05\/consiglio-comunale-lultimo-atto-della-giunta-crespi\/721076\/#breadcrumb\",\"itemListElement\":[{\"@type\":\"ListItem\",\"position\":1,\"name\":\"Home\",\"item\":\"https:\/\/www.varesenews.it\/\"},{\"@type\":\"ListItem\",\"position\":2,\"name\":\"In Consiglio comunale per l&#8217;ultimo atto della Giunta Crespi\"}]},{\"@type\":\"WebSite\",\"@id\":\"https:\/\/staging.varesenews.it\/#website\",\"url\":\"https:\/\/staging.varesenews.it\/\",\"name\":\"VareseNews\",\"description\":\"\",\"potentialAction\":[{\"@type\":\"SearchAction\",\"target\":{\"@type\":\"EntryPoint\",\"urlTemplate\":\"https:\/\/staging.varesenews.it\/?s={search_term_string}\"},\"query-input\":\"required name=search_term_string\"}],\"inLanguage\":\"it-IT\"},{\"@type\":\"Person\",\"@id\":\"https:\/\/staging.varesenews.it\/#\/schema\/person\/14f52876ea19bc10d0d2717b6e8f9b89\",\"name\":\"Mariangela Gerletti\",\"image\":{\"@type\":\"ImageObject\",\"inLanguage\":\"it-IT\",\"@id\":\"https:\/\/staging.varesenews.it\/#\/schema\/person\/image\/\",\"url\":\"https:\/\/staging.varesenews.it\/wp-content\/uploads\/2020\/12\/mariangela.jpeg\",\"contentUrl\":\"https:\/\/staging.varesenews.it\/wp-content\/uploads\/2020\/12\/mariangela.jpeg\",\"caption\":\"Mariangela Gerletti\"},\"description\":\"Da pi&ugrave; di trent'anni mi occupo di giornalismo e comunicazione Varesenews &egrave; il luogo dove ho trovato la passione, l'attenzione e le persone che ogni giorno mi fanno amare un po' di pi&ugrave; questo lavoro di cui non mi stanco mai. Far parte della redazione di Varesenews &egrave; un onore, sostenere il progetto della membership &egrave; un piacere perch&eacute; mi fa sentire ancora pi&ugrave; vicina alla grande comunit&agrave; dei nostri lettori.\",\"sameAs\":[\"https:\/\/www.facebook.com\/mariangela.gerletti\",\"marigerletti\",\"https:\/\/twitter.com\/MariGerletti\"],\"url\":\"https:\/\/staging.varesenews.it\/persona\/mariangela-gerletti1\/\"}]}<\/script>\n<!-- \/ Yoast SEO plugin. -->","yoast_head_json":{"title":"In Consiglio comunale per l'ultimo atto della Giunta Crespi","description":"Questa sera alle 19 il sindaco Crespi cercher\u00e0 di far approvare un unico punto all'ordine del giorno, l'approvazione del bilancio consuntivo 2017 \"saltato\" settimana scorsa","robots":{"index":"noindex","follow":"follow","max-snippet":"max-snippet:-1","max-image-preview":"max-image-preview:large","max-video-preview":"max-video-preview:-1"},"og_locale":"it_IT","og_type":"article","og_title":"In Consiglio comunale per l'ultimo atto della Giunta Crespi","og_description":"Questa sera alle 19 il sindaco Crespi cercher\u00e0 di far approvare un unico punto all'ordine del giorno, l'approvazione del bilancio consuntivo 2017 \"saltato\" settimana scorsa","og_url":"https:\/\/staging.varesenews.it\/2018\/05\/consiglio-comunale-lultimo-atto-della-giunta-crespi\/721076\/","og_site_name":"VareseNews","article_publisher":"https:\/\/www.facebook.com\/varesenews","article_author":"https:\/\/www.facebook.com\/mariangela.gerletti","article_published_time":"2018-05-28T14:12:53+00:00","article_modified_time":"2018-05-28T14:24:37+00:00","author":"Mariangela Gerletti","twitter_card":"summary_large_image","twitter_creator":"@MariGerletti","twitter_site":"@varesenews","twitter_misc":{"Scritto da":"Mariangela Gerletti","Tempo di lettura stimato":"1 minuto"},"schema":{"@context":"https:\/\/schema.org","@graph":[{"@type":"WebPage","@id":"https:\/\/staging.varesenews.it\/2018\/05\/consiglio-comunale-lultimo-atto-della-giunta-crespi\/721076\/","url":"https:\/\/staging.varesenews.it\/2018\/05\/consiglio-comunale-lultimo-atto-della-giunta-crespi\/721076\/","name":"In Consiglio comunale per l'ultimo atto della Giunta Crespi","isPartOf":{"@id":"https:\/\/staging.varesenews.it\/#website"},"datePublished":"2018-05-28T14:12:53+00:00","dateModified":"2018-05-28T14:24:37+00:00","author":{"@id":"https:\/\/staging.varesenews.it\/#\/schema\/person\/14f52876ea19bc10d0d2717b6e8f9b89"},"description":"Questa sera alle 19 il sindaco Crespi cercher\u00e0 di far approvare un unico punto all'ordine del giorno, l'approvazione del bilancio consuntivo 2017 \"saltato\" settimana scorsa","breadcrumb":{"@id":"https:\/\/staging.varesenews.it\/2018\/05\/consiglio-comunale-lultimo-atto-della-giunta-crespi\/721076\/#breadcrumb"},"inLanguage":"it-IT","potentialAction":[{"@type":"ReadAction","target":["https:\/\/staging.varesenews.it\/2018\/05\/consiglio-comunale-lultimo-atto-della-giunta-crespi\/721076\/"]}]},{"@type":"BreadcrumbList","@id":"https:\/\/staging.varesenews.it\/2018\/05\/consiglio-comunale-lultimo-atto-della-giunta-crespi\/721076\/#breadcrumb","itemListElement":[{"@type":"ListItem","position":1,"name":"Home","item":"https:\/\/www.varesenews.it\/"},{"@type":"ListItem","position":2,"name":"In Consiglio comunale per l&#8217;ultimo atto della Giunta Crespi"}]},{"@type":"WebSite","@id":"https:\/\/staging.varesenews.it\/#website","url":"https:\/\/staging.varesenews.it\/","name":"VareseNews","description":"","potentialAction":[{"@type":"SearchAction","target":{"@type":"EntryPoint","urlTemplate":"https:\/\/staging.varesenews.it\/?s={search_term_string}"},"query-input":"required name=search_term_string"}],"inLanguage":"it-IT"},{"@type":"Person","@id":"https:\/\/staging.varesenews.it\/#\/schema\/person\/14f52876ea19bc10d0d2717b6e8f9b89","name":"Mariangela Gerletti","image":{"@type":"ImageObject","inLanguage":"it-IT","@id":"https:\/\/staging.varesenews.it\/#\/schema\/person\/image\/","url":"https:\/\/staging.varesenews.it\/wp-content\/uploads\/2020\/12\/mariangela.jpeg","contentUrl":"https:\/\/staging.varesenews.it\/wp-content\/uploads\/2020\/12\/mariangela.jpeg","caption":"Mariangela Gerletti"},"description":"Da pi&ugrave; di trent'anni mi occupo di giornalismo e comunicazione Varesenews &egrave; il luogo dove ho trovato la passione, l'attenzione e le persone che ogni giorno mi fanno amare un po' di pi&ugrave; questo lavoro di cui non mi stanco mai. Far parte della redazione di Varesenews &egrave; un onore, sostenere il progetto della membership &egrave; un piacere perch&eacute; mi fa sentire ancora pi&ugrave; vicina alla grande comunit&agrave; dei nostri lettori.","sameAs":["https:\/\/www.facebook.com\/mariangela.gerletti","marigerletti","https:\/\/twitter.com\/MariGerletti"],"url":"https:\/\/staging.varesenews.it\/persona\/mariangela-gerletti1\/"}]}},"post_meta":{"_edit_lock":"1527517359:44","_edit_last":"44","_category_permalink":"a:1:{s:8:\"category\";s:1:\"5\";}","id_leggi_anche":"718046,718890","foto":"674956","argomento":"Venegono Superiore","_yoast_wpseo_focuskw_text_input":"crespi","_yoast_wpseo_focuskw":"crespi","_yoast_wpseo_linkdex":"68","_yoast_wpseo_content_score":"30","_jd_tweet_this":"yes","ratings_users":"0","ratings_score":"0","ratings_average":"0","firma-personalizzata":"Ma.Ge.","_wpt_short_url":"http:\/\/www.varesenews.it\/2018\/05\/consiglio-comunale-lultimo-atto-della-giunta-crespi\/721076\/","_wp_jd_target":"http:\/\/www.varesenews.it\/2018\/05\/consiglio-comunale-lultimo-atto-della-giunta-crespi\/721076\/","_jd_wp_twitter":"a:1:{i:0;s:155:\"In Consiglio comunale per l\u2019ultimo atto della Giunta Crespi http:\/\/www.varesenews.it\/2018\/05\/consiglio-comunale-lultimo-atto-della-giunta-crespi\/721076\/ \";}","_wpt_status_message":"Tweet inviato con successo."},"photos":[{"original":"https:\/\/staging.varesenews.it\/photogallery_new\/images\/2018\/05\/venegono-superiore-municipio-674956.jpg","full":"https:\/\/staging.varesenews.it\/photogallery_new\/images\/2018\/05\/venegono-superiore-municipio-674956.1024x768.jpg","large":"https:\/\/staging.varesenews.it\/photogallery_new\/images\/2018\/05\/venegono-superiore-municipio-674956.610x431.jpg"}],"_links":{"self":[{"href":"https:\/\/staging.varesenews.it\/swgapi\/v1\/wp\/v2\/posts\/721076"}],"collection":[{"href":"https:\/\/staging.varesenews.it\/swgapi\/v1\/wp\/v2\/posts"}],"about":[{"href":"https:\/\/staging.varesenews.it\/swgapi\/v1\/wp\/v2\/types\/post"}],"author":[{"embeddable":true,"href":"https:\/\/staging.varesenews.it\/swgapi\/v1\/wp\/v2\/users\/44"}],"replies":[{"embeddable":true,"href":"https:\/\/staging.varesenews.it\/swgapi\/v1\/wp\/v2\/comments?post=721076"}],"version-history":[{"count":0,"href":"https:\/\/staging.varesenews.it\/swgapi\/v1\/wp\/v2\/posts\/721076\/revisions"}],"wp:attachment":[{"href":"https:\/\/staging.varesenews.it\/swgapi\/v1\/wp\/v2\/media?parent=721076"}],"wp:term":[{"taxonomy":"category","embeddable":true,"href":"https:\/\/staging.varesenews.it\/swgapi\/v1\/wp\/v2\/categories?post=721076"},{"taxonomy":"post_tag","embeddable":true,"href":"https:\/\/staging.varesenews.it\/swgapi\/v1\/wp\/v2\/tags?post=721076"}],"curies":[{"name":"wp","href":"https:\/\/api.w.org\/{rel}","templated":true}]}}