{"id":721125,"date":"2018-05-28T17:18:24","date_gmt":"2018-05-28T15:18:24","guid":{"rendered":"http:\/\/www.varesenews.it\/?p=721125"},"modified":"2018-05-29T18:42:46","modified_gmt":"2018-05-29T16:42:46","slug":"fu-uccidere-la-moglie-comincia-processo-giuseppe-piccolomo","status":"publish","type":"post","link":"https:\/\/staging.varesenews.it\/2018\/05\/fu-uccidere-la-moglie-comincia-processo-giuseppe-piccolomo\/721125\/","title":{"rendered":"\u00abFu lui a uccidere la moglie\u00bb: comincia il processo a Giuseppe Piccolomo"},"content":{"rendered":"<p><em>Ne bis in idem<\/em>. \u00abNon due volte per la stessa cosa\u00bb.<br \/>\n\u00c8 stato questo il primo scoglio su cui il processo a <strong>Giuseppe Piccolomo, accusato di aver ucciso la moglie Marisa Maldera, nel 2003<\/strong>, rischiava di arenarsi: in termini giuridici il ragionamento del <strong>suo difensore, Stefano Bruno<\/strong>, \u00e8 stato presentato di fronte alla Corte d\u2019Assise di Varese sotto forma di eccezione preliminare: \u00abQuesto processo non deve continuare, non si pu\u00f2 essere giudicati una seconda volta per lo stesso fatto\u00bb.<\/p>\n<img decoding=\"async\" loading=\"lazy\" fetchpriority=\"low\" width=\"610\" height=\"431\" src=\"https:\/\/staging.varesenews.it\/photogallery_new\/images\/2018\/05\/avarie-676554.610x431.jpg\" alt=\"Avarie\">\n<p>Invece <strong>Orazio Muscato<\/strong>, che insieme al collega togato <strong>Stefano Colombo<\/strong> e ai giudici popolari \u00e8 parte la Corte D\u2019Assise di Varese, a mezzogiorno di oggi, luned\u00ec 28 maggio, ha letto l\u2019ordinanza con la quale \u00e8 stato deciso di proseguire nel processo, non accogliendo le richieste della difesa.<\/p>\n<div class=\"related-posts related-01\"><h4>Leggi anche<\/h4><ul><li><a title=\"In cava la riproduzione dell&#8217;incendio dell&#8217;auto di Marisa Maldera\" target=\"_blank\" href=\"https:\/\/staging.varesenews.it\/2016\/10\/in-cava-la-riproduzione-dellincendio-dellauto-di-marisa-maldera\/562990\/\"><strong>Caravate <\/strong> - In cava la riproduzione dell&#8217;incendio dell&#8217;auto di Marisa Maldera<\/a><\/li><li><a title=\"Marisa Maldera, &#8220;morte sospetta&#8221;. Interrogate le figlie\" target=\"_blank\" href=\"https:\/\/staging.varesenews.it\/2016\/09\/marisa-maldera-morte-sospetta-interogate-le-figlie\/554721\/\"><strong>Varese <\/strong> - Marisa Maldera, &#8220;morte sospetta&#8221;. Interrogate le figlie<\/a><\/li><li><a title=\"Indagine sui reperti per la morte di Marisa Maldera\" target=\"_blank\" href=\"https:\/\/staging.varesenews.it\/2014\/12\/indagine-sui-reperti-per-la-morte-di-marisa-maldera\/346423\/\"><strong>Varese <\/strong> - Indagine sui reperti per la morte di Marisa Maldera<\/a><\/li><li><a title=\"Caso Piccolomo, una fiaccolata ricorder\u00e0 Marisa Maldera\" target=\"_blank\" href=\"https:\/\/staging.varesenews.it\/2013\/12\/caso-piccolomo-una-fiaccolata-ricordera-marisa-maldera\/45818\/\"><strong>Caravate <\/strong> - Caso Piccolomo, una fiaccolata ricorder\u00e0 Marisa Maldera<\/a><\/li><li><a title=\"Giuseppe e Marisa, cosa accadde quella notte maledetta?\" target=\"_blank\" href=\"https:\/\/staging.varesenews.it\/2018\/06\/giuseppe-marisa-cosa-accadde-quella-notte-maledetta\/731097\/\"><strong>Varese <\/strong> - Giuseppe e Marisa, cosa accadde quella notte maledetta?<\/a><\/li><li><a title=\"Marisa bruciava nell\u2019auto, ma la sua portiera quella notte non si apr\u00ec\" target=\"_blank\" href=\"https:\/\/staging.varesenews.it\/2018\/09\/marisa-bruciava-nellauto-la-sua-portiera-quella-notte-non-si-apri\/754306\/\"><strong>Varese <\/strong> - Marisa bruciava nell\u2019auto, ma la sua portiera quella notte non si apr\u00ec<\/a><\/li><li><a title=\"Marisa Maldera: c\u2019era tranquillante nel sangue prima di morire\" target=\"_blank\" href=\"https:\/\/staging.varesenews.it\/2018\/10\/marisa-maldera-cera-tranquillante-nel-sangue-morire\/758552\/\"><strong>Varese <\/strong> - Marisa Maldera: c\u2019era tranquillante nel sangue prima di morire<\/a><\/li><li><a title=\"La strada del silenzio di Giuseppe Piccolomo\" target=\"_blank\" href=\"https:\/\/staging.varesenews.it\/2018\/11\/la-strada-del-silenzio-giuseppe-piccolomo\/769443\/\"><strong>Varese <\/strong> - La strada del silenzio di Giuseppe Piccolomo<\/a><\/li><li><a title=\"Piccolomo, l\u2019accusa chiede l\u2019ergastolo\" target=\"_blank\" href=\"https:\/\/staging.varesenews.it\/2018\/12\/piccolomo-laccusa-chiede-lergastolo\/780310\/\"><strong>Varese <\/strong> - Piccolomo, l\u2019accusa chiede l\u2019ergastolo<\/a><\/li><li><a title=\"Piccolomo, ergastolo per l&#8217;omicidio della prima moglie\" target=\"_blank\" href=\"https:\/\/staging.varesenews.it\/2019\/01\/piccolomo-la-sentenza-nel-pomeriggio\/786477\/\"><strong>Varese <\/strong> - Piccolomo, ergastolo per l&#8217;omicidio della prima moglie<\/a><\/li><li><a title=\"Un Giorno in Pretura si occupa del processo a Piccolomo\" target=\"_blank\" href=\"https:\/\/staging.varesenews.it\/2019\/10\/un-giorno-pretura-si-occupa-del-processo-piccolomo\/866437\/\"><strong>Varese <\/strong> - Un Giorno in Pretura si occupa del processo a Piccolomo<\/a><\/li><li><a title=\"Giuseppe Piccolomo: annullato in appello l&#8217;ergastolo per la morte della moglie\" target=\"_blank\" href=\"https:\/\/staging.varesenews.it\/2021\/01\/giuseppe-piccolomo-annullato-appello-lergastolo-la-morte-della-moglie\/1298063\/\"><strong>Milano <\/strong> - Giuseppe Piccolomo: annullato in appello l&#8217;ergastolo per la morte della moglie<\/a><\/li><li><a title=\"Giuseppe Piccolomo, Procura e difesa ricorrono in Cassazione\" target=\"_blank\" href=\"https:\/\/staging.varesenews.it\/2021\/04\/giuseppe-piccolomo-procura-difesa-ricorrono-cassazione\/1325733\/\"><strong>Milano <\/strong> - Giuseppe Piccolomo, Procura e difesa ricorrono in Cassazione<\/a><\/li><li><a title=\"Lo \u201cstrano caso Piccolomo\u201c sabato sera a Un giorno in pretura\" target=\"_blank\" href=\"https:\/\/staging.varesenews.it\/2021\/10\/lo-strano-caso-piccolomo-sabato-sera-un-giorno-pretura\/1387814\/\"><strong>Varese <\/strong> - Lo \u201cstrano caso Piccolomo\u201c sabato sera a Un giorno in pretura<\/a><\/li><\/ul><\/div>\n<p>L\u2019avvocato di Piccolomo (noto alle cronache perch\u00e9 condannato per <strong>l\u2019assassinio di Carla Molinari<\/strong> &#8211; \u201cl\u2019omicidio delle mani mozzate\u201d &#8211; ) ha invocato il contenuto dell\u2019articolo 649 del Codice di procedura penale dove appunto si legge che \u201cL&#8217;imputato prosciolto o condannato con sentenza o decreto penale divenuti irrevocabili non pu\u00f2 essere di nuovo sottoposto a procedimento penale per il medesimo fatto\u201d.<\/p>\n<p><strong>Un ragionamento che per\u00f2 cozza con la richiesta dell\u2019accusa<\/strong>, sostenuta dalla <strong>pm milanese Maria Grazia Omboni<\/strong>: il procedimento \u00e8 stato avocato dalla procura meneghina nel 2013, sette anni dopo il patteggiamento di Piccolomo a un anno e quattro mesi per la morte di <strong>Marisa Maldera<\/strong>, per il quale gli venne contestato il reato di omicidio colposo: un incidente.<\/p>\n<iframe loading=\"lazy\" allowFullScreen   allowTransparency=\"true\" class=\"vzaar-video-player\" frameborder=\"0\" height=\"340\"  id=\"vzvd-14737991\" mozallowfullscreen name=\"vzvd-14737991\" src=\"\/\/view.vzaar.com\/14737991\/player\" title=\"vzaar video player\" type=\"text\/html\" webkitAllowFullScreen width=\"610\"><\/iframe>\n<p><strong>Ma sulla vicenda venne appunto aperta un&#8217;indagine<\/strong> e secondo l\u2019accusa Piccolomo, <strong>quella sera di febbraio del 2003<\/strong> avrebbe somministrato psicofarmaci alla moglie con l\u2019obiettivo di farla salire in auto per andare a bere qualcosa insieme a Varese. La coppia per\u00f2, mai arriv\u00f2 al capoluogo: l\u2019uomo, sempre secondo l\u2019accusa, <strong>approfittando dello stato di torpore dovuto alle benzodiazepine<\/strong> avrebbe parcheggiato la macchina in mezzo a un campo a Caravate e dopo <strong>averci versato sopra una tanica di benzina<\/strong> avrebbe incendiato la Volvo Polar dove la donna \u00e8 morta arsa viva.<\/p>\n<p>L\u2019imputato non era in aula durante la lettura dell\u2019ordinanza del giudice e le prime schermaglie fra le parti: sar\u00e0 nella gabbia dell\u2019aula bunker di Varese il prossimo 8 giugno.<\/p>\n<p><strong>Il processo servir\u00e0 a ricostruire il contesto famigliare di quando avvennero i fatti<\/strong> e per questo verranno ascoltati diversi<strong> testi richiesti<\/strong>, <strong>una sessantina<\/strong>, che verranno interrogati da accusa, difesa e parte civile patrocinata dall\u2019avvocato Antonio Cozza.<\/p>\n<p><strong>In aula era presente una delle due figlie della vittima, Tina Piccolomo:<\/strong> \u00abSono felice che sia cominciato questo processo perch\u00e9 ora \u00e8 il momento della verit\u00e0. Adesso vogliamo giustizia per la morte di nostra madre\u00bb, ha affermato a margine dell\u2019udienza, riassumendo lo stato d\u2019animo anche per la sorella Cinzia, pure lei parte civile in questo processo di Corte d\u2019Assise.<\/p>\n<blockquote><p><strong>NE BIS IN IDEM<\/strong><br \/>\n<em>art. 649 Codice di procedura penale<\/em><br \/>\n1. L&#8217;imputato prosciolto o condannato con sentenza o decreto penale divenuti irrevocabili non pu\u00f2 essere di nuovo sottoposto a procedimento penale per il medesimo fatto [669], neppure se questo viene diversamente considerato per il titolo, per il grado o per le circostanze, salvo quanto disposto dagli articoli 69 comma 2 e 345.<br \/>\n2. Se ci\u00f2 nonostante viene di nuovo iniziato procedimento penale, il giudice in ogni stato e grado del processo pronuncia sentenza di proscioglimento o di non luogo a procedere, enunciandone la causa nel dispositivo<\/p><\/blockquote>\n","protected":false},"excerpt":{"rendered":"<p>La Corte d\u2019Assise di Varese respinge le richieste della difesa per non celebrare il processo. L\u20198 giugno l\u2019imputato in aula. La figlia: \u00abOra giustizia sia fatta\u00bb<\/p>\n","protected":false},"author":34,"featured_media":0,"comment_status":"open","ping_status":"open","sticky":false,"template":"","format":"standard","meta":{"footnotes":""},"categories":[2],"tags":[68900,87282,3635],"acf":[],"yoast_head":"<!-- This site is optimized with the Yoast SEO plugin v20.1 - https:\/\/yoast.com\/wordpress\/plugins\/seo\/ -->\n<title>\u00abFu lui a uccidere la moglie\u00bb: comincia il processo a Giuseppe Piccolomo<\/title>\n<meta name=\"description\" content=\"La Corte d\u2019Assise di Varese respinge le richieste della difesa per non celebrare il processo. L\u20198 giugno l\u2019imputato in aula. La figlia: \u00abOra giustizia sia fatta\u00bb\" \/>\n<meta name=\"robots\" content=\"noindex, follow, max-snippet:-1, max-image-preview:large, max-video-preview:-1\" \/>\n<meta property=\"og:locale\" content=\"it_IT\" \/>\n<meta property=\"og:type\" content=\"article\" \/>\n<meta property=\"og:title\" content=\"\u00abFu lui a uccidere la moglie\u00bb: comincia il processo a Giuseppe Piccolomo\" \/>\n<meta property=\"og:description\" content=\"La Corte d\u2019Assise di Varese respinge le richieste della difesa per non celebrare il processo. L\u20198 giugno l\u2019imputato in aula. La figlia: \u00abOra giustizia sia fatta\u00bb\" \/>\n<meta property=\"og:url\" content=\"https:\/\/staging.varesenews.it\/2018\/05\/fu-uccidere-la-moglie-comincia-processo-giuseppe-piccolomo\/721125\/\" \/>\n<meta property=\"og:site_name\" content=\"VareseNews\" \/>\n<meta property=\"article:publisher\" content=\"https:\/\/www.facebook.com\/varesenews\" \/>\n<meta property=\"article:author\" content=\"https:\/\/www.facebook.com\/andrea.camurani?fref=photo\" \/>\n<meta property=\"article:published_time\" content=\"2018-05-28T15:18:24+00:00\" \/>\n<meta property=\"article:modified_time\" content=\"2018-05-29T16:42:46+00:00\" \/>\n<meta name=\"author\" content=\"Andrea Camurani\" \/>\n<meta name=\"twitter:card\" content=\"summary_large_image\" \/>\n<meta name=\"twitter:creator\" content=\"@AndreaCamurani\" \/>\n<meta name=\"twitter:site\" content=\"@varesenews\" \/>\n<meta name=\"twitter:label1\" content=\"Scritto da\" \/>\n\t<meta name=\"twitter:data1\" content=\"Andrea Camurani\" \/>\n\t<meta name=\"twitter:label2\" content=\"Tempo di lettura stimato\" \/>\n\t<meta name=\"twitter:data2\" content=\"3 minuti\" \/>\n<script type=\"application\/ld+json\" class=\"yoast-schema-graph\">{\"@context\":\"https:\/\/schema.org\",\"@graph\":[{\"@type\":\"WebPage\",\"@id\":\"https:\/\/staging.varesenews.it\/2018\/05\/fu-uccidere-la-moglie-comincia-processo-giuseppe-piccolomo\/721125\/\",\"url\":\"https:\/\/staging.varesenews.it\/2018\/05\/fu-uccidere-la-moglie-comincia-processo-giuseppe-piccolomo\/721125\/\",\"name\":\"\u00abFu lui a uccidere la moglie\u00bb: comincia il processo a Giuseppe Piccolomo\",\"isPartOf\":{\"@id\":\"https:\/\/staging.varesenews.it\/#website\"},\"datePublished\":\"2018-05-28T15:18:24+00:00\",\"dateModified\":\"2018-05-29T16:42:46+00:00\",\"author\":{\"@id\":\"https:\/\/staging.varesenews.it\/#\/schema\/person\/3eb5832c6beae763de8d9596fdbe8c49\"},\"description\":\"La Corte d\u2019Assise di Varese respinge le richieste della difesa per non celebrare il processo. L\u20198 giugno l\u2019imputato in aula. La figlia: \u00abOra giustizia sia fatta\u00bb\",\"breadcrumb\":{\"@id\":\"https:\/\/staging.varesenews.it\/2018\/05\/fu-uccidere-la-moglie-comincia-processo-giuseppe-piccolomo\/721125\/#breadcrumb\"},\"inLanguage\":\"it-IT\",\"potentialAction\":[{\"@type\":\"ReadAction\",\"target\":[\"https:\/\/staging.varesenews.it\/2018\/05\/fu-uccidere-la-moglie-comincia-processo-giuseppe-piccolomo\/721125\/\"]}]},{\"@type\":\"BreadcrumbList\",\"@id\":\"https:\/\/staging.varesenews.it\/2018\/05\/fu-uccidere-la-moglie-comincia-processo-giuseppe-piccolomo\/721125\/#breadcrumb\",\"itemListElement\":[{\"@type\":\"ListItem\",\"position\":1,\"name\":\"Home\",\"item\":\"https:\/\/www.varesenews.it\/\"},{\"@type\":\"ListItem\",\"position\":2,\"name\":\"\u00abFu lui a uccidere la moglie\u00bb: comincia il processo a Giuseppe Piccolomo\"}]},{\"@type\":\"WebSite\",\"@id\":\"https:\/\/staging.varesenews.it\/#website\",\"url\":\"https:\/\/staging.varesenews.it\/\",\"name\":\"VareseNews\",\"description\":\"\",\"potentialAction\":[{\"@type\":\"SearchAction\",\"target\":{\"@type\":\"EntryPoint\",\"urlTemplate\":\"https:\/\/staging.varesenews.it\/?s={search_term_string}\"},\"query-input\":\"required name=search_term_string\"}],\"inLanguage\":\"it-IT\"},{\"@type\":\"Person\",\"@id\":\"https:\/\/staging.varesenews.it\/#\/schema\/person\/3eb5832c6beae763de8d9596fdbe8c49\",\"name\":\"Andrea Camurani\",\"image\":{\"@type\":\"ImageObject\",\"inLanguage\":\"it-IT\",\"@id\":\"https:\/\/staging.varesenews.it\/#\/schema\/person\/image\/\",\"url\":\"https:\/\/staging.varesenews.it\/wp-content\/uploads\/2020\/12\/andrea_camurani_colori_500.jpg\",\"contentUrl\":\"https:\/\/staging.varesenews.it\/wp-content\/uploads\/2020\/12\/andrea_camurani_colori_500.jpg\",\"caption\":\"Andrea Camurani\"},\"description\":\"Sono figlio degli anni Settanta e di Milano, dove ho imparato a riconoscere buoni e cattivi. Laurea in scienze politiche, lavoro a VareseNews dal 2000. Racconto quel che trovo quando incontro chi vuole lasciare al mondo un pezzetto di vita, che si chiama cronaca. &ldquo;...perch&eacute; &egrave; la gente il pi&ugrave; grande spettacolo del mondo. E non si paga il biglietto...&rdquo; (Charles Bukowsky)\",\"sameAs\":[\"https:\/\/www.facebook.com\/andrea.camurani?fref=photo\",\"andreacamurani\",\"https:\/\/www.linkedin.com\/hp\/?dnr=A9a84RfzsLdo9xg4NcGV4dLiMknoc9ms4WM\",\"https:\/\/twitter.com\/AndreaCamurani\"],\"url\":\"https:\/\/staging.varesenews.it\/persona\/andrea_camurani\/\"}]}<\/script>\n<!-- \/ Yoast SEO plugin. -->","yoast_head_json":{"title":"\u00abFu lui a uccidere la moglie\u00bb: comincia il processo a Giuseppe Piccolomo","description":"La Corte d\u2019Assise di Varese respinge le richieste della difesa per non celebrare il processo. L\u20198 giugno l\u2019imputato in aula. La figlia: \u00abOra giustizia sia fatta\u00bb","robots":{"index":"noindex","follow":"follow","max-snippet":"max-snippet:-1","max-image-preview":"max-image-preview:large","max-video-preview":"max-video-preview:-1"},"og_locale":"it_IT","og_type":"article","og_title":"\u00abFu lui a uccidere la moglie\u00bb: comincia il processo a Giuseppe Piccolomo","og_description":"La Corte d\u2019Assise di Varese respinge le richieste della difesa per non celebrare il processo. L\u20198 giugno l\u2019imputato in aula. La figlia: \u00abOra giustizia sia fatta\u00bb","og_url":"https:\/\/staging.varesenews.it\/2018\/05\/fu-uccidere-la-moglie-comincia-processo-giuseppe-piccolomo\/721125\/","og_site_name":"VareseNews","article_publisher":"https:\/\/www.facebook.com\/varesenews","article_author":"https:\/\/www.facebook.com\/andrea.camurani?fref=photo","article_published_time":"2018-05-28T15:18:24+00:00","article_modified_time":"2018-05-29T16:42:46+00:00","author":"Andrea Camurani","twitter_card":"summary_large_image","twitter_creator":"@AndreaCamurani","twitter_site":"@varesenews","twitter_misc":{"Scritto da":"Andrea Camurani","Tempo di lettura stimato":"3 minuti"},"schema":{"@context":"https:\/\/schema.org","@graph":[{"@type":"WebPage","@id":"https:\/\/staging.varesenews.it\/2018\/05\/fu-uccidere-la-moglie-comincia-processo-giuseppe-piccolomo\/721125\/","url":"https:\/\/staging.varesenews.it\/2018\/05\/fu-uccidere-la-moglie-comincia-processo-giuseppe-piccolomo\/721125\/","name":"\u00abFu lui a uccidere la moglie\u00bb: comincia il processo a Giuseppe Piccolomo","isPartOf":{"@id":"https:\/\/staging.varesenews.it\/#website"},"datePublished":"2018-05-28T15:18:24+00:00","dateModified":"2018-05-29T16:42:46+00:00","author":{"@id":"https:\/\/staging.varesenews.it\/#\/schema\/person\/3eb5832c6beae763de8d9596fdbe8c49"},"description":"La Corte d\u2019Assise di Varese respinge le richieste della difesa per non celebrare il processo. L\u20198 giugno l\u2019imputato in aula. La figlia: \u00abOra giustizia sia fatta\u00bb","breadcrumb":{"@id":"https:\/\/staging.varesenews.it\/2018\/05\/fu-uccidere-la-moglie-comincia-processo-giuseppe-piccolomo\/721125\/#breadcrumb"},"inLanguage":"it-IT","potentialAction":[{"@type":"ReadAction","target":["https:\/\/staging.varesenews.it\/2018\/05\/fu-uccidere-la-moglie-comincia-processo-giuseppe-piccolomo\/721125\/"]}]},{"@type":"BreadcrumbList","@id":"https:\/\/staging.varesenews.it\/2018\/05\/fu-uccidere-la-moglie-comincia-processo-giuseppe-piccolomo\/721125\/#breadcrumb","itemListElement":[{"@type":"ListItem","position":1,"name":"Home","item":"https:\/\/www.varesenews.it\/"},{"@type":"ListItem","position":2,"name":"\u00abFu lui a uccidere la moglie\u00bb: comincia il processo a Giuseppe Piccolomo"}]},{"@type":"WebSite","@id":"https:\/\/staging.varesenews.it\/#website","url":"https:\/\/staging.varesenews.it\/","name":"VareseNews","description":"","potentialAction":[{"@type":"SearchAction","target":{"@type":"EntryPoint","urlTemplate":"https:\/\/staging.varesenews.it\/?s={search_term_string}"},"query-input":"required name=search_term_string"}],"inLanguage":"it-IT"},{"@type":"Person","@id":"https:\/\/staging.varesenews.it\/#\/schema\/person\/3eb5832c6beae763de8d9596fdbe8c49","name":"Andrea Camurani","image":{"@type":"ImageObject","inLanguage":"it-IT","@id":"https:\/\/staging.varesenews.it\/#\/schema\/person\/image\/","url":"https:\/\/staging.varesenews.it\/wp-content\/uploads\/2020\/12\/andrea_camurani_colori_500.jpg","contentUrl":"https:\/\/staging.varesenews.it\/wp-content\/uploads\/2020\/12\/andrea_camurani_colori_500.jpg","caption":"Andrea Camurani"},"description":"Sono figlio degli anni Settanta e di Milano, dove ho imparato a riconoscere buoni e cattivi. Laurea in scienze politiche, lavoro a VareseNews dal 2000. Racconto quel che trovo quando incontro chi vuole lasciare al mondo un pezzetto di vita, che si chiama cronaca. &ldquo;...perch&eacute; &egrave; la gente il pi&ugrave; grande spettacolo del mondo. E non si paga il biglietto...&rdquo; (Charles Bukowsky)","sameAs":["https:\/\/www.facebook.com\/andrea.camurani?fref=photo","andreacamurani","https:\/\/www.linkedin.com\/hp\/?dnr=A9a84RfzsLdo9xg4NcGV4dLiMknoc9ms4WM","https:\/\/twitter.com\/AndreaCamurani"],"url":"https:\/\/staging.varesenews.it\/persona\/andrea_camurani\/"}]}},"post_meta":{"_edit_lock":"1527613361:34","_edit_last":"34","_category_permalink":"a:1:{s:8:\"category\";s:0:\"\";}","id_leggi_anche":"562990,554721,346423,45818,731097,754306,758552,769443,780310,786477,866437,1298063,1325733,1387814","foto":"676554","id_video_vzaar":"14737652","argomento":"Varese","_yoast_wpseo_content_score":"30","_jd_tweet_this":"yes","ratings_users":"0","ratings_score":"0","ratings_average":"0","_wpt_short_url":"http:\/\/www.varesenews.it\/2018\/05\/fu-uccidere-la-moglie-comincia-processo-giuseppe-piccolomo\/721125\/","_wp_jd_target":"http:\/\/www.varesenews.it\/2018\/05\/fu-uccidere-la-moglie-comincia-processo-giuseppe-piccolomo\/721125\/","_jd_wp_twitter":"a:1:{i:0;s:188:\"\u00abFu lui a uccidere la moglie\u00bb: comincia il processo a Giuseppe Piccolomo http:\/\/www.varesenews.it\/2018\/05\/fu-uccidere-la-moglie-comincia-processo-giuseppe-piccolomo\/721125\/ #cortedassise\";}","_wpt_status_message":"Tweet inviato con successo.","video":"721084,721078"},"photos":[{"original":"https:\/\/staging.varesenews.it\/photogallery_new\/images\/2018\/05\/avarie-676554.jpg","full":"https:\/\/staging.varesenews.it\/photogallery_new\/images\/2018\/05\/avarie-676554.1024x768.jpg","large":"https:\/\/staging.varesenews.it\/photogallery_new\/images\/2018\/05\/avarie-676554.610x431.jpg"}],"_links":{"self":[{"href":"https:\/\/staging.varesenews.it\/swgapi\/v1\/wp\/v2\/posts\/721125"}],"collection":[{"href":"https:\/\/staging.varesenews.it\/swgapi\/v1\/wp\/v2\/posts"}],"about":[{"href":"https:\/\/staging.varesenews.it\/swgapi\/v1\/wp\/v2\/types\/post"}],"author":[{"embeddable":true,"href":"https:\/\/staging.varesenews.it\/swgapi\/v1\/wp\/v2\/users\/34"}],"replies":[{"embeddable":true,"href":"https:\/\/staging.varesenews.it\/swgapi\/v1\/wp\/v2\/comments?post=721125"}],"version-history":[{"count":0,"href":"https:\/\/staging.varesenews.it\/swgapi\/v1\/wp\/v2\/posts\/721125\/revisions"}],"wp:attachment":[{"href":"https:\/\/staging.varesenews.it\/swgapi\/v1\/wp\/v2\/media?parent=721125"}],"wp:term":[{"taxonomy":"category","embeddable":true,"href":"https:\/\/staging.varesenews.it\/swgapi\/v1\/wp\/v2\/categories?post=721125"},{"taxonomy":"post_tag","embeddable":true,"href":"https:\/\/staging.varesenews.it\/swgapi\/v1\/wp\/v2\/tags?post=721125"}],"curies":[{"name":"wp","href":"https:\/\/api.w.org\/{rel}","templated":true}]}}