{"id":721994,"date":"2018-05-31T08:32:01","date_gmt":"2018-05-31T06:32:01","guid":{"rendered":"http:\/\/www.varesenews.it\/?p=721994"},"modified":"2018-05-31T12:05:14","modified_gmt":"2018-05-31T10:05:14","slug":"bilancio-del-festival-cannes-2018","status":"publish","type":"post","link":"https:\/\/staging.varesenews.it\/2018\/05\/bilancio-del-festival-cannes-2018\/721994\/","title":{"rendered":"Bilancio del Festival di Cannes 2018"},"content":{"rendered":"<p style=\"text-align: justify;\">Scorrono i titoli di coda sulla 71esima edizione del Festival di Cannes e forse scorrono i titoli di coda sull\u2019idea stessa che la kermesse cinematografica pi\u00f9 famosa al mondo possa essere ancora considerata un vero tempio d\u2019arte filmica.<\/p>\n<p style=\"text-align: justify;\">E\u2019 stato l\u2019anno di critiche, nefandezze, bizzarrie e sconcerti, consumati tra il divieto di un selfie e l\u2019altro; alle spalle di un boudoir di attori e registi che mal contenta coloro che aspettavano i grandi nomi della conduzione del cinema, figli d\u2019un arte oggettivamente consistente e rassicurante.<\/p>\n<p style=\"text-align: justify;\">Nel buio dello scena, un occhio di bue puntato su Matteo Garrone e Alice Rohrwacher: l\u2019autorialit\u00e0 tutta italiana<\/p>\n<p style=\"text-align: justify;\">Tra le ombre dell\u2019incertezza scenica di candidati e pellicole proposte, spicca il nome di un italiano nel bilancio regressivo del Festival di Cannes 2018: quello di Matteo Garrone. Un pugno nello stomaco il suo Dogman, un film dal forte impatto emotivo che segna un punto nella carriera di Marcello Fonte, premiato come attore maschile per la miglior performance.<\/p>\n<p style=\"text-align: justify;\">Resta l\u2019antagonista cosmico di Sorrentino, con la doppietta di Loro 1 e Loro 2, mentore di un proselitismo politico velato, vagante tra la verit\u00e0 e la bugia di persone e personaggi in questa edizione.<\/p>\n<p style=\"text-align: justify;\">Due nomi di registi che si fanno strada nell\u2019onorare il merito della regia di genere. Resta solo da capire se la critica italiana e internazionale avaller\u00e0 questo assunto o ne invertir\u00e0 le sorti riecheggiando l\u2019altro nome vincitore a Palmar\u00e8s Alice Rohrwacher con Lazzaro Felice.<\/p>\n<p style=\"text-align: justify;\">Figli di un Dio minore: se dovessimo pensare alle nostre palme d\u2019oro, potremmo definirci cos\u00ec; portiamo a casa 12 premi in tutto, nell\u2019edizione di quest\u2019anno, contro 13 per la Francia e 21 per gli States capostipiti. Ultimo il Giappone con solo 5 statuette.<\/p>\n<p style=\"text-align: justify;\">Dunque, all\u2019albo degli ori qualit\u00e0 italiana s\u00ec ma con moderazione, sembra essere questo il mantra Cannessiano della 71 esima edizione del Festival di Cannes 2018, che pare non voler abbandonare dogmi e credenze conservative, sfoderando un gusto e un\u2019imperialit\u00e0 geopolitica che sembra difficile da abbandonare: perch\u00e9 a vincere di pi\u00f9 sono sempre loro e non LORO sorrentiniano, o l\u2019oro lungometrico del nostro Bel Paese.<\/p>\n<h2 style=\"text-align: justify;\">La 71 esima edizione del Festival di Cannes: una giuria sbilanciata nel bilancio finale<\/h2>\n<p style=\"text-align: justify;\">Pi\u00f9 che i titoli dei film, i nomi degli attori e le dimensioni autoriali di registi e scenografi a segnare la passerella cinematografica francese sono i giudici: personalit\u00e0 da red carpet con gusto criticabile pi\u00f9 che critico. Compongono i nomi della giuria decidente schemi mentali preconcetti e rinsaldati tra temi e contenuti, pi\u00f9 che al cinema e al suo modus operandi. Un linguaggio poco parlato e conosciuto nelle mani di pochi esperti del settore che avallano spauracchi Hussoniani o Labakiani, seguiti dall\u2019 Ayka di Dvortsevoj.<\/p>\n<p style=\"text-align: justify;\">Un bilancio premiale negativo e poco chiaro: con doppi premi opinabili, bollati da regole controvertibili; ex-aequo che non hanno ragion d\u2019essere; premi ad personam creati ad hoc e quote nazionali. Esempio tipico di dubbi e perplessit\u00e0 cannesistiche \u00e8 Le Livre d\u2019Image di Jean Luc Godard. Un alone di mistero sul perch\u00e9 di questa assegnazione a met\u00e0 strada tra l\u2019omaggio-contentino e il premio alla carriera. Pensieri lenti e assegnazioni veloci per questa Palm d\u2019Or Sp\u00e9cial che l\u2019attrice hollywoodiana Cate Blanchette ha voluto personalmente consegnare in qualit\u00e0 di Presidente della giuria internazionale.<\/p>\n<p style=\"text-align: justify;\">Insieme a lei altri attori e registi di fama mondiale: da Kristen Stewart e L\u00e9a Seydoux a Denis Villeneuve e Robert Gu\u00e9diguian.<\/p>\n<h2 style=\"text-align: justify;\">La Palmar\u00e8s di Cannes 2018: calato il sipario sull\u2019eredit\u00e0 che rimane<\/h2>\n<p style=\"text-align: justify;\">Nel documento di bilancio premiale risultano ben acclamati un po&#8217; tutti i partecipanti a questa edizione del Festival del Cinema internazionale, dove ha vinto il messaggio, l\u2019attualit\u00e0, la voce della cronaca e l\u2019attenzione al conflitto internazionale sempre pi\u00f9 in luce e pi\u00f9 cruento che mai.<\/p>\n<p style=\"text-align: justify;\">L\u2019americano Spike Lee e il polacco Pawel Pawlikowski rispettivamente ben accolti con un Gran Prix per BlacKkKlansman e la miglior regia per Cold War.<\/p>\n<p style=\"text-align: justify;\">Unanimit\u00e0 e chapeau al giapponese Hirokazu Kore-eda, vero trionfatore della Croisette di quest\u2019anno che ha portato sulla scena &#8220;Une affaire de famille&#8221; proprio della societ\u00e0 odierna, tradotto nel difficile legame genitori e figli. Una scelta forse pi\u00f9 razionale che sentita, in verit\u00e0, ma che rimane da esempio nella strada di valorizzare il contenuto e la morale.<\/p>\n<p style=\"text-align: justify;\">E se la giuria ecumenica ha premiato il &#8220;Cafarnao&#8221; di Nadine Labaki resta il fatto che nessuna donna ha conquistato ancora una volta la tanto ambita Palma d\u2019oro.<\/p>\n<p style=\"text-align: justify;\">Il Festival di Cannes rimane dunque un\u2019industria di vittorie e sconfitte, dove il mercato audiovisivo si fa sentire nello stremo del suo essere pi\u00f9 commerciale che artistico in senso proprio.<\/p>\n<p style=\"text-align: justify;\">Ma chiss\u00e0 che non vi sia un ritorno all\u2019arte cinematografica, quella pura e quella spuria. Lontana dai tanti suppellettili che si potrebbero evitare, nell\u2019idea di pensare al cinema come a qualcosa che basta a se stessa. Senza Se e senza Ma.<\/p>\n<p style=\"text-align: justify;\">Fonte: <a href=\"https:\/\/www.intrattenimento.eu\/news\/festival-di-cannes-2018-bilancio\/\">https:\/\/www.intrattenimento.eu\/<\/a> (<a href=\"https:\/\/www.intrattenimento.eu\/news\/festival-di-cannes-2018-bilancio\/\">https:\/\/www.intrattenimento.eu\/news\/festival-di-cannes-2018-bilancio\/<\/a>)<\/p>\n","protected":false},"excerpt":{"rendered":"<p>Scorrono i titoli di coda sulla 71esima edizione del Festival di Cannes e forse scorrono i titoli di coda sull\u2019idea stessa che la kermesse cinematografica pi\u00f9 famosa al mondo possa essere ancora considerata un vero tempio d\u2019arte filmica<\/p>\n","protected":false},"author":5428,"featured_media":0,"comment_status":"open","ping_status":"open","sticky":false,"template":"","format":"standard","meta":{"footnotes":""},"categories":[9],"tags":[58445,86480],"acf":[],"yoast_head":"<!-- This site is optimized with the Yoast SEO plugin v20.1 - https:\/\/yoast.com\/wordpress\/plugins\/seo\/ -->\n<title>Bilancio del Festival di Cannes 2018<\/title>\n<meta name=\"description\" content=\"Scorrono i titoli di coda sulla 71esima edizione del Festival di Cannes e forse scorrono i titoli di coda sull\u2019idea stessa che la kermesse cinematografica pi\u00f9 famosa al mondo possa essere ancora considerata un vero tempio d\u2019arte filmica\" \/>\n<meta name=\"robots\" content=\"noindex, follow, max-snippet:-1, max-image-preview:large, max-video-preview:-1\" \/>\n<meta property=\"og:locale\" content=\"it_IT\" \/>\n<meta property=\"og:type\" content=\"article\" \/>\n<meta property=\"og:title\" content=\"Bilancio del Festival di Cannes 2018\" \/>\n<meta property=\"og:description\" content=\"Scorrono i titoli di coda sulla 71esima edizione del Festival di Cannes e forse scorrono i titoli di coda sull\u2019idea stessa che la kermesse cinematografica pi\u00f9 famosa al mondo possa essere ancora considerata un vero tempio d\u2019arte filmica\" \/>\n<meta property=\"og:url\" content=\"https:\/\/staging.varesenews.it\/2018\/05\/bilancio-del-festival-cannes-2018\/721994\/\" \/>\n<meta property=\"og:site_name\" content=\"VareseNews\" \/>\n<meta property=\"article:publisher\" content=\"https:\/\/www.facebook.com\/varesenews\" \/>\n<meta property=\"article:published_time\" content=\"2018-05-31T06:32:01+00:00\" \/>\n<meta property=\"article:modified_time\" content=\"2018-05-31T10:05:14+00:00\" \/>\n<meta name=\"author\" content=\"divisionebusiness\" \/>\n<meta name=\"twitter:card\" content=\"summary_large_image\" \/>\n<meta name=\"twitter:creator\" content=\"@varesenews\" \/>\n<meta name=\"twitter:site\" content=\"@varesenews\" \/>\n<meta name=\"twitter:label1\" content=\"Scritto da\" \/>\n\t<meta name=\"twitter:data1\" content=\"divisionebusiness\" \/>\n\t<meta name=\"twitter:label2\" content=\"Tempo di lettura stimato\" \/>\n\t<meta name=\"twitter:data2\" content=\"4 minuti\" \/>\n<script type=\"application\/ld+json\" class=\"yoast-schema-graph\">{\"@context\":\"https:\/\/schema.org\",\"@graph\":[{\"@type\":\"WebPage\",\"@id\":\"https:\/\/staging.varesenews.it\/2018\/05\/bilancio-del-festival-cannes-2018\/721994\/\",\"url\":\"https:\/\/staging.varesenews.it\/2018\/05\/bilancio-del-festival-cannes-2018\/721994\/\",\"name\":\"Bilancio del Festival di Cannes 2018\",\"isPartOf\":{\"@id\":\"https:\/\/staging.varesenews.it\/#website\"},\"datePublished\":\"2018-05-31T06:32:01+00:00\",\"dateModified\":\"2018-05-31T10:05:14+00:00\",\"author\":{\"@id\":\"https:\/\/staging.varesenews.it\/#\/schema\/person\/9fc65cf41366c6512d37aa8b5aa40b98\"},\"description\":\"Scorrono i titoli di coda sulla 71esima edizione del Festival di Cannes e forse scorrono i titoli di coda sull\u2019idea stessa che la kermesse cinematografica pi\u00f9 famosa al mondo possa essere ancora considerata un vero tempio d\u2019arte filmica\",\"breadcrumb\":{\"@id\":\"https:\/\/staging.varesenews.it\/2018\/05\/bilancio-del-festival-cannes-2018\/721994\/#breadcrumb\"},\"inLanguage\":\"it-IT\",\"potentialAction\":[{\"@type\":\"ReadAction\",\"target\":[\"https:\/\/staging.varesenews.it\/2018\/05\/bilancio-del-festival-cannes-2018\/721994\/\"]}]},{\"@type\":\"BreadcrumbList\",\"@id\":\"https:\/\/staging.varesenews.it\/2018\/05\/bilancio-del-festival-cannes-2018\/721994\/#breadcrumb\",\"itemListElement\":[{\"@type\":\"ListItem\",\"position\":1,\"name\":\"Home\",\"item\":\"https:\/\/www.varesenews.it\/\"},{\"@type\":\"ListItem\",\"position\":2,\"name\":\"Bilancio del Festival di Cannes 2018\"}]},{\"@type\":\"WebSite\",\"@id\":\"https:\/\/staging.varesenews.it\/#website\",\"url\":\"https:\/\/staging.varesenews.it\/\",\"name\":\"VareseNews\",\"description\":\"\",\"potentialAction\":[{\"@type\":\"SearchAction\",\"target\":{\"@type\":\"EntryPoint\",\"urlTemplate\":\"https:\/\/staging.varesenews.it\/?s={search_term_string}\"},\"query-input\":\"required name=search_term_string\"}],\"inLanguage\":\"it-IT\"},{\"@type\":\"Person\",\"@id\":\"https:\/\/staging.varesenews.it\/#\/schema\/person\/9fc65cf41366c6512d37aa8b5aa40b98\",\"name\":\"divisionebusiness\",\"image\":{\"@type\":\"ImageObject\",\"inLanguage\":\"it-IT\",\"@id\":\"https:\/\/staging.varesenews.it\/#\/schema\/person\/image\/\",\"url\":\"https:\/\/staging.varesenews.it\/wp-content\/uploads\/2015\/03\/mistery.jpg\",\"contentUrl\":\"https:\/\/staging.varesenews.it\/wp-content\/uploads\/2015\/03\/mistery.jpg\",\"caption\":\"divisionebusiness\"},\"url\":\"https:\/\/staging.varesenews.it\/persona\/divisionebusiness2\/\"}]}<\/script>\n<!-- \/ Yoast SEO plugin. -->","yoast_head_json":{"title":"Bilancio del Festival di Cannes 2018","description":"Scorrono i titoli di coda sulla 71esima edizione del Festival di Cannes e forse scorrono i titoli di coda sull\u2019idea stessa che la kermesse cinematografica pi\u00f9 famosa al mondo possa essere ancora considerata un vero tempio d\u2019arte filmica","robots":{"index":"noindex","follow":"follow","max-snippet":"max-snippet:-1","max-image-preview":"max-image-preview:large","max-video-preview":"max-video-preview:-1"},"og_locale":"it_IT","og_type":"article","og_title":"Bilancio del Festival di Cannes 2018","og_description":"Scorrono i titoli di coda sulla 71esima edizione del Festival di Cannes e forse scorrono i titoli di coda sull\u2019idea stessa che la kermesse cinematografica pi\u00f9 famosa al mondo possa essere ancora considerata un vero tempio d\u2019arte filmica","og_url":"https:\/\/staging.varesenews.it\/2018\/05\/bilancio-del-festival-cannes-2018\/721994\/","og_site_name":"VareseNews","article_publisher":"https:\/\/www.facebook.com\/varesenews","article_published_time":"2018-05-31T06:32:01+00:00","article_modified_time":"2018-05-31T10:05:14+00:00","author":"divisionebusiness","twitter_card":"summary_large_image","twitter_creator":"@varesenews","twitter_site":"@varesenews","twitter_misc":{"Scritto da":"divisionebusiness","Tempo di lettura stimato":"4 minuti"},"schema":{"@context":"https:\/\/schema.org","@graph":[{"@type":"WebPage","@id":"https:\/\/staging.varesenews.it\/2018\/05\/bilancio-del-festival-cannes-2018\/721994\/","url":"https:\/\/staging.varesenews.it\/2018\/05\/bilancio-del-festival-cannes-2018\/721994\/","name":"Bilancio del Festival di Cannes 2018","isPartOf":{"@id":"https:\/\/staging.varesenews.it\/#website"},"datePublished":"2018-05-31T06:32:01+00:00","dateModified":"2018-05-31T10:05:14+00:00","author":{"@id":"https:\/\/staging.varesenews.it\/#\/schema\/person\/9fc65cf41366c6512d37aa8b5aa40b98"},"description":"Scorrono i titoli di coda sulla 71esima edizione del Festival di Cannes e forse scorrono i titoli di coda sull\u2019idea stessa che la kermesse cinematografica pi\u00f9 famosa al mondo possa essere ancora considerata un vero tempio d\u2019arte filmica","breadcrumb":{"@id":"https:\/\/staging.varesenews.it\/2018\/05\/bilancio-del-festival-cannes-2018\/721994\/#breadcrumb"},"inLanguage":"it-IT","potentialAction":[{"@type":"ReadAction","target":["https:\/\/staging.varesenews.it\/2018\/05\/bilancio-del-festival-cannes-2018\/721994\/"]}]},{"@type":"BreadcrumbList","@id":"https:\/\/staging.varesenews.it\/2018\/05\/bilancio-del-festival-cannes-2018\/721994\/#breadcrumb","itemListElement":[{"@type":"ListItem","position":1,"name":"Home","item":"https:\/\/www.varesenews.it\/"},{"@type":"ListItem","position":2,"name":"Bilancio del Festival di Cannes 2018"}]},{"@type":"WebSite","@id":"https:\/\/staging.varesenews.it\/#website","url":"https:\/\/staging.varesenews.it\/","name":"VareseNews","description":"","potentialAction":[{"@type":"SearchAction","target":{"@type":"EntryPoint","urlTemplate":"https:\/\/staging.varesenews.it\/?s={search_term_string}"},"query-input":"required name=search_term_string"}],"inLanguage":"it-IT"},{"@type":"Person","@id":"https:\/\/staging.varesenews.it\/#\/schema\/person\/9fc65cf41366c6512d37aa8b5aa40b98","name":"divisionebusiness","image":{"@type":"ImageObject","inLanguage":"it-IT","@id":"https:\/\/staging.varesenews.it\/#\/schema\/person\/image\/","url":"https:\/\/staging.varesenews.it\/wp-content\/uploads\/2015\/03\/mistery.jpg","contentUrl":"https:\/\/staging.varesenews.it\/wp-content\/uploads\/2015\/03\/mistery.jpg","caption":"divisionebusiness"},"url":"https:\/\/staging.varesenews.it\/persona\/divisionebusiness2\/"}]}},"post_meta":{"_edit_lock":"1527761261:5428","_edit_last":"5428","_category_permalink":"a:1:{s:8:\"category\";s:0:\"\";}","firma_come_redazione":"1","argomento":"Life","_yoast_wpseo_content_score":"30","_jd_tweet_this":"yes","foto":"677007","ratings_users":"0","ratings_score":"0","ratings_average":"0","_wpt_short_url":"http:\/\/www.varesenews.it\/2018\/05\/bilancio-del-festival-cannes-2018\/721994\/","_wp_jd_target":"http:\/\/www.varesenews.it\/2018\/05\/bilancio-del-festival-cannes-2018\/721994\/","_jd_wp_twitter":"a:1:{i:0;s:121:\"Bilancio del Festival di Cannes 2018 http:\/\/www.varesenews.it\/2018\/05\/bilancio-del-festival-cannes-2018\/721994\/ #servizio\";}","_wpt_status_message":"Tweet inviato con successo."},"photos":[{"original":"https:\/\/staging.varesenews.it\/photogallery_new\/images\/2018\/05\/vario-677007.jpg","full":"https:\/\/staging.varesenews.it\/photogallery_new\/images\/2018\/05\/vario-677007.1024x768.jpg","large":"https:\/\/staging.varesenews.it\/photogallery_new\/images\/2018\/05\/vario-677007.610x431.jpg"}],"_links":{"self":[{"href":"https:\/\/staging.varesenews.it\/swgapi\/v1\/wp\/v2\/posts\/721994"}],"collection":[{"href":"https:\/\/staging.varesenews.it\/swgapi\/v1\/wp\/v2\/posts"}],"about":[{"href":"https:\/\/staging.varesenews.it\/swgapi\/v1\/wp\/v2\/types\/post"}],"author":[{"embeddable":true,"href":"https:\/\/staging.varesenews.it\/swgapi\/v1\/wp\/v2\/users\/5428"}],"replies":[{"embeddable":true,"href":"https:\/\/staging.varesenews.it\/swgapi\/v1\/wp\/v2\/comments?post=721994"}],"version-history":[{"count":0,"href":"https:\/\/staging.varesenews.it\/swgapi\/v1\/wp\/v2\/posts\/721994\/revisions"}],"wp:attachment":[{"href":"https:\/\/staging.varesenews.it\/swgapi\/v1\/wp\/v2\/media?parent=721994"}],"wp:term":[{"taxonomy":"category","embeddable":true,"href":"https:\/\/staging.varesenews.it\/swgapi\/v1\/wp\/v2\/categories?post=721994"},{"taxonomy":"post_tag","embeddable":true,"href":"https:\/\/staging.varesenews.it\/swgapi\/v1\/wp\/v2\/tags?post=721994"}],"curies":[{"name":"wp","href":"https:\/\/api.w.org\/{rel}","templated":true}]}}