{"id":722885,"date":"2018-06-03T09:17:57","date_gmt":"2018-06-03T07:17:57","guid":{"rendered":"http:\/\/www.varesenews.it\/?p=722885"},"modified":"2018-06-03T13:17:25","modified_gmt":"2018-06-03T11:17:25","slug":"filippa-lagerback-daniele-bossari-la-rete","status":"publish","type":"post","link":"https:\/\/staging.varesenews.it\/2018\/06\/filippa-lagerback-daniele-bossari-la-rete\/722885\/","title":{"rendered":"Filippa Lagerb\u00e4ck, Daniele Bossari e la Rete"},"content":{"rendered":"<p><strong>Filippa Lagerb\u00e4ck e Daniele Bossari <a href=\"http:\/\/www.varesenews.it\/2018\/06\/sul-matrimonio-varesino-daniele-bossari-filippa-lagerback\/722582\/\" target=\"_blank\" rel=\"noopener\">si sono sposati<\/a><\/strong> e il matrimonio pi\u00f9 atteso a Varese \u00e8 stato un successo.<\/p>\n<p>Al di l\u00e0 della scelta d&#8217;amore, che resta la ragione pi\u00f9 bella e profonda, ci sono tanti altri aspetti interessanti in quell&#8217;evento.<\/p>\n<p>Un giornale digitale ha la possibilit\u00e0 di leggere e analizzare tanti dati che fanno comprendere l&#8217;interesse per una notizia. E il matrimonio di Filippa e Daniele, per quanto ci sia sempre qualcuno (pochi) che storce la bocca, \u00e8 una notizia perch\u00e9 i due sposi sono personaggi pubblici.<\/p>\n<p>Vi raccontiamo alcuni dati interessanti che fanno di questa notizia una vera case history. Numeri importanti sia per le statistiche del giornale, che per le persone raggiunte dalla notizia e l&#8217;interazione che questa ha portato sui social network.<\/p>\n<h3>I NUMERI<\/h3>\n<ul>\n<li>sul giornale tra articoli, foto, video e live blog abbiamo avuto oltre 600mila pagine viste;<\/li>\n<li>l&#8217;articolo pi\u00f9 letto ha avuto 36mila lettori;<\/li>\n<li>il live blog si \u00e8 popolato di 400 post di oltre 300 persone diverse con 45mila lettori ed \u00e8 stato seguito per quasi 200mila minuti<\/li>\n<li>su Facebook, sui dieci post fatti dalla redazione, abbiamo raggiunto circa 700mila persone con oltre 65mila interazioni<\/li>\n<li>Twitter \u00e8 stato uno strumento di ulteriore diffusione portando centinaia di altre visite da ogni parte d&#8217;Italia<\/li>\n<\/ul>\n<div class=\"photo-inside-post\"><img decoding=\"async\" loading=\"lazy\" fetchpriority=\"low\" width=\"610\" height=\"431\" src=\"https:\/\/staging.varesenews.it\/photogallery_new\/images\/2018\/06\/generico-2018-677544.610x431.jpg\" alt=\"Generico 2018\"><\/div>\n<h3>IL RUOLO DEL MOTORE DI RICERCA<\/h3>\n<p>In tutto questo anche Google ha giocato la sua parte perch\u00e9 i nostri articoli la sera del matrimonio, il 1 giugno, erano in testa a tutte le ricerche. Un &#8220;trucco&#8221; importante per scoprire cosa restituisce la rete \u00e8 fare la navigazione in incognito altrimenti il motore di ricerca restituisce risultati condizionati dalla nostra navigazione.<\/p>\n<p>I risultati con\u00a0Daniele Bossari sono stati sorprendenti. Varesenews si piazza al primo e secondo posto con altrettanti articoli e soprattutto veniamo consigliati tra le news pi\u00f9 importanti. Anche la ricerca con\u00a0Filippa Lagerb\u00e4ck ci mette in testa addirittura prima di Wikipedia.<\/p>\n<p>Risultati possibili grazie alla url del giornale che ha un rank molto alto e a un buon lavoro SEO che rende pi\u00f9 rintracciabili gli articoli.<\/p>\n<div class=\"photo-inside-post\"><img decoding=\"async\" loading=\"lazy\" fetchpriority=\"low\" width=\"610\" height=\"431\" src=\"https:\/\/staging.varesenews.it\/photogallery_new\/images\/2018\/06\/generico-2018-677545.610x431.jpg\" alt=\"Generico 2018\"><\/div>\n<h3>IL SUCCESSO PER VARESE<\/h3>\n<p>Al di l\u00e0 degli ottimi risultati per il giornale, l&#8217;evento \u00e8 stato un vero successo per Villa Ponti, la Camera di Commercio e per tutto il territorio. Gli invitati sono rimasti a bocca aperta nel vedere lo splendore della location, ma soprattutto tutti i giornali ne hanno parlato in lungo e largo usando parole di elogio per Villa Ponti.<\/p>\n<p>Un evento che d\u00e0 lustro e soprattutto che dimostra le potenzialit\u00e0 della citt\u00e0 giardino, che in una giornata come quella di venerd\u00ec ha dimostrato tutta la propria attrattivit\u00e0.<\/p>\n","protected":false},"excerpt":{"rendered":"<p>Il matrimonio dell&#8217;anno per Varese e per il nostro giornale \u00e8 stato un grande successo. Un&#8217;occasione straordinaria anche per il marketing territoriale<\/p>\n","protected":false},"author":54,"featured_media":0,"comment_status":"open","ping_status":"open","sticky":false,"template":"","format":"standard","meta":{"footnotes":""},"categories":[26,21,2,52],"tags":[84455,87398,87399,84466,182],"acf":[],"yoast_head":"<!-- This site is optimized with the Yoast SEO plugin v20.1 - https:\/\/yoast.com\/wordpress\/plugins\/seo\/ -->\n<title>Filippa Lagerb\u00e4ck, Daniele Bossari e la Rete<\/title>\n<meta name=\"description\" content=\"Il matrimonio dell&#039;anno per Varese e per il nostro giornale \u00e8 stato un grande successo. Un&#039;occasione straordinaria anche per il marketing territoriale\" \/>\n<meta name=\"robots\" content=\"noindex, follow, max-snippet:-1, max-image-preview:large, max-video-preview:-1\" \/>\n<meta property=\"og:locale\" content=\"it_IT\" \/>\n<meta property=\"og:type\" content=\"article\" \/>\n<meta property=\"og:title\" content=\"Filippa Lagerb\u00e4ck, Daniele Bossari e la Rete\" \/>\n<meta property=\"og:description\" content=\"Il matrimonio dell&#039;anno per Varese e per il nostro giornale \u00e8 stato un grande successo. Un&#039;occasione straordinaria anche per il marketing territoriale\" \/>\n<meta property=\"og:url\" content=\"https:\/\/staging.varesenews.it\/2018\/06\/filippa-lagerback-daniele-bossari-la-rete\/722885\/\" \/>\n<meta property=\"og:site_name\" content=\"VareseNews\" \/>\n<meta property=\"article:publisher\" content=\"https:\/\/www.facebook.com\/varesenews\" \/>\n<meta property=\"article:author\" content=\"https:\/\/www.facebook.com\/giovannelli.marco?fref=ts\" \/>\n<meta property=\"article:published_time\" content=\"2018-06-03T07:17:57+00:00\" \/>\n<meta property=\"article:modified_time\" content=\"2018-06-03T11:17:25+00:00\" \/>\n<meta name=\"author\" content=\"Marco Giovannelli\" \/>\n<meta name=\"twitter:card\" content=\"summary_large_image\" \/>\n<meta name=\"twitter:creator\" content=\"@marcogio59\" \/>\n<meta name=\"twitter:site\" content=\"@varesenews\" \/>\n<meta name=\"twitter:label1\" content=\"Scritto da\" \/>\n\t<meta name=\"twitter:data1\" content=\"Marco Giovannelli\" \/>\n\t<meta name=\"twitter:label2\" content=\"Tempo di lettura stimato\" \/>\n\t<meta name=\"twitter:data2\" content=\"2 minuti\" \/>\n<script type=\"application\/ld+json\" class=\"yoast-schema-graph\">{\"@context\":\"https:\/\/schema.org\",\"@graph\":[{\"@type\":\"WebPage\",\"@id\":\"https:\/\/staging.varesenews.it\/2018\/06\/filippa-lagerback-daniele-bossari-la-rete\/722885\/\",\"url\":\"https:\/\/staging.varesenews.it\/2018\/06\/filippa-lagerback-daniele-bossari-la-rete\/722885\/\",\"name\":\"Filippa Lagerb\u00e4ck, Daniele Bossari e la Rete\",\"isPartOf\":{\"@id\":\"https:\/\/staging.varesenews.it\/#website\"},\"datePublished\":\"2018-06-03T07:17:57+00:00\",\"dateModified\":\"2018-06-03T11:17:25+00:00\",\"author\":{\"@id\":\"https:\/\/staging.varesenews.it\/#\/schema\/person\/b32b6f44664f8274f79469e452856024\"},\"description\":\"Il matrimonio dell'anno per Varese e per il nostro giornale \u00e8 stato un grande successo. Un'occasione straordinaria anche per il marketing territoriale\",\"breadcrumb\":{\"@id\":\"https:\/\/staging.varesenews.it\/2018\/06\/filippa-lagerback-daniele-bossari-la-rete\/722885\/#breadcrumb\"},\"inLanguage\":\"it-IT\",\"potentialAction\":[{\"@type\":\"ReadAction\",\"target\":[\"https:\/\/staging.varesenews.it\/2018\/06\/filippa-lagerback-daniele-bossari-la-rete\/722885\/\"]}]},{\"@type\":\"BreadcrumbList\",\"@id\":\"https:\/\/staging.varesenews.it\/2018\/06\/filippa-lagerback-daniele-bossari-la-rete\/722885\/#breadcrumb\",\"itemListElement\":[{\"@type\":\"ListItem\",\"position\":1,\"name\":\"Home\",\"item\":\"https:\/\/www.varesenews.it\/\"},{\"@type\":\"ListItem\",\"position\":2,\"name\":\"Filippa Lagerb\u00e4ck, Daniele Bossari e la Rete\"}]},{\"@type\":\"WebSite\",\"@id\":\"https:\/\/staging.varesenews.it\/#website\",\"url\":\"https:\/\/staging.varesenews.it\/\",\"name\":\"VareseNews\",\"description\":\"\",\"potentialAction\":[{\"@type\":\"SearchAction\",\"target\":{\"@type\":\"EntryPoint\",\"urlTemplate\":\"https:\/\/staging.varesenews.it\/?s={search_term_string}\"},\"query-input\":\"required name=search_term_string\"}],\"inLanguage\":\"it-IT\"},{\"@type\":\"Person\",\"@id\":\"https:\/\/staging.varesenews.it\/#\/schema\/person\/b32b6f44664f8274f79469e452856024\",\"name\":\"Marco Giovannelli\",\"image\":{\"@type\":\"ImageObject\",\"inLanguage\":\"it-IT\",\"@id\":\"https:\/\/staging.varesenews.it\/#\/schema\/person\/image\/\",\"url\":\"https:\/\/staging.varesenews.it\/wp-content\/uploads\/2020\/12\/marco_giovannelli_colori_500.jpg\",\"contentUrl\":\"https:\/\/staging.varesenews.it\/wp-content\/uploads\/2020\/12\/marco_giovannelli_colori_500.jpg\",\"caption\":\"Marco Giovannelli\"},\"description\":\"Viterbese di origine vivo a Varese dal 1978. Due figli grandi, due lauree in scienze &ldquo;inutili&rdquo; quanto affascinanti che mi portano a mettere lo studio ancora al primo posto. Dopo aver lavorato per il sindacato, fondato e lavorato al centro Gulliver, in una cooperativa che gestiva il Circolino a Varese, con un altro viterbese e un lucano ho fondato VareseNews quando nessuno o quasi sapeva cosa fosse Internet. Ho alcune grandi passioni, la prima &egrave; il cammino che cerco di vivere quotidianamente. Averne percorsi alcuni storici con Santiago e la Francigena mi ha poi portato a far diventare anche lavoro la loro valorizzazione e in particolare la Via Francisca del Lucomagno. Amo leggere, andare al cinema, viaggiare. Mi piace conoscere. La mia migliore attitudine &egrave; connettere mondi e per questo mi affascina la contemporaneit&agrave; e il digitale. Ho insegnato diritto ed economia per un decennio nelle scuole superiori. Ho tenuto diverse lezioni e laboratori allo Iulm e ora all&rsquo;Universit&agrave; dell&rsquo;Insubria con un corso di Giornalismo digitale alla specialistica. Ho fondato diversi progetti editoriali.&nbsp;\",\"sameAs\":[\"https:\/\/www.facebook.com\/giovannelli.marco?fref=ts\",\"marcogio59\",\"https:\/\/it.linkedin.com\/in\/giovannellimarco\",\"https:\/\/twitter.com\/marcogio59\"],\"url\":\"https:\/\/staging.varesenews.it\/persona\/marco_giovannelli-2\/\"}]}<\/script>\n<!-- \/ Yoast SEO plugin. -->","yoast_head_json":{"title":"Filippa Lagerb\u00e4ck, Daniele Bossari e la Rete","description":"Il matrimonio dell'anno per Varese e per il nostro giornale \u00e8 stato un grande successo. Un'occasione straordinaria anche per il marketing territoriale","robots":{"index":"noindex","follow":"follow","max-snippet":"max-snippet:-1","max-image-preview":"max-image-preview:large","max-video-preview":"max-video-preview:-1"},"og_locale":"it_IT","og_type":"article","og_title":"Filippa Lagerb\u00e4ck, Daniele Bossari e la Rete","og_description":"Il matrimonio dell'anno per Varese e per il nostro giornale \u00e8 stato un grande successo. Un'occasione straordinaria anche per il marketing territoriale","og_url":"https:\/\/staging.varesenews.it\/2018\/06\/filippa-lagerback-daniele-bossari-la-rete\/722885\/","og_site_name":"VareseNews","article_publisher":"https:\/\/www.facebook.com\/varesenews","article_author":"https:\/\/www.facebook.com\/giovannelli.marco?fref=ts","article_published_time":"2018-06-03T07:17:57+00:00","article_modified_time":"2018-06-03T11:17:25+00:00","author":"Marco Giovannelli","twitter_card":"summary_large_image","twitter_creator":"@marcogio59","twitter_site":"@varesenews","twitter_misc":{"Scritto da":"Marco Giovannelli","Tempo di lettura stimato":"2 minuti"},"schema":{"@context":"https:\/\/schema.org","@graph":[{"@type":"WebPage","@id":"https:\/\/staging.varesenews.it\/2018\/06\/filippa-lagerback-daniele-bossari-la-rete\/722885\/","url":"https:\/\/staging.varesenews.it\/2018\/06\/filippa-lagerback-daniele-bossari-la-rete\/722885\/","name":"Filippa Lagerb\u00e4ck, Daniele Bossari e la Rete","isPartOf":{"@id":"https:\/\/staging.varesenews.it\/#website"},"datePublished":"2018-06-03T07:17:57+00:00","dateModified":"2018-06-03T11:17:25+00:00","author":{"@id":"https:\/\/staging.varesenews.it\/#\/schema\/person\/b32b6f44664f8274f79469e452856024"},"description":"Il matrimonio dell'anno per Varese e per il nostro giornale \u00e8 stato un grande successo. Un'occasione straordinaria anche per il marketing territoriale","breadcrumb":{"@id":"https:\/\/staging.varesenews.it\/2018\/06\/filippa-lagerback-daniele-bossari-la-rete\/722885\/#breadcrumb"},"inLanguage":"it-IT","potentialAction":[{"@type":"ReadAction","target":["https:\/\/staging.varesenews.it\/2018\/06\/filippa-lagerback-daniele-bossari-la-rete\/722885\/"]}]},{"@type":"BreadcrumbList","@id":"https:\/\/staging.varesenews.it\/2018\/06\/filippa-lagerback-daniele-bossari-la-rete\/722885\/#breadcrumb","itemListElement":[{"@type":"ListItem","position":1,"name":"Home","item":"https:\/\/www.varesenews.it\/"},{"@type":"ListItem","position":2,"name":"Filippa Lagerb\u00e4ck, Daniele Bossari e la Rete"}]},{"@type":"WebSite","@id":"https:\/\/staging.varesenews.it\/#website","url":"https:\/\/staging.varesenews.it\/","name":"VareseNews","description":"","potentialAction":[{"@type":"SearchAction","target":{"@type":"EntryPoint","urlTemplate":"https:\/\/staging.varesenews.it\/?s={search_term_string}"},"query-input":"required name=search_term_string"}],"inLanguage":"it-IT"},{"@type":"Person","@id":"https:\/\/staging.varesenews.it\/#\/schema\/person\/b32b6f44664f8274f79469e452856024","name":"Marco Giovannelli","image":{"@type":"ImageObject","inLanguage":"it-IT","@id":"https:\/\/staging.varesenews.it\/#\/schema\/person\/image\/","url":"https:\/\/staging.varesenews.it\/wp-content\/uploads\/2020\/12\/marco_giovannelli_colori_500.jpg","contentUrl":"https:\/\/staging.varesenews.it\/wp-content\/uploads\/2020\/12\/marco_giovannelli_colori_500.jpg","caption":"Marco Giovannelli"},"description":"Viterbese di origine vivo a Varese dal 1978. Due figli grandi, due lauree in scienze &ldquo;inutili&rdquo; quanto affascinanti che mi portano a mettere lo studio ancora al primo posto. Dopo aver lavorato per il sindacato, fondato e lavorato al centro Gulliver, in una cooperativa che gestiva il Circolino a Varese, con un altro viterbese e un lucano ho fondato VareseNews quando nessuno o quasi sapeva cosa fosse Internet. Ho alcune grandi passioni, la prima &egrave; il cammino che cerco di vivere quotidianamente. Averne percorsi alcuni storici con Santiago e la Francigena mi ha poi portato a far diventare anche lavoro la loro valorizzazione e in particolare la Via Francisca del Lucomagno. Amo leggere, andare al cinema, viaggiare. Mi piace conoscere. La mia migliore attitudine &egrave; connettere mondi e per questo mi affascina la contemporaneit&agrave; e il digitale. Ho insegnato diritto ed economia per un decennio nelle scuole superiori. Ho tenuto diverse lezioni e laboratori allo Iulm e ora all&rsquo;Universit&agrave; dell&rsquo;Insubria con un corso di Giornalismo digitale alla specialistica. Ho fondato diversi progetti editoriali.&nbsp;","sameAs":["https:\/\/www.facebook.com\/giovannelli.marco?fref=ts","marcogio59","https:\/\/it.linkedin.com\/in\/giovannellimarco","https:\/\/twitter.com\/marcogio59"],"url":"https:\/\/staging.varesenews.it\/persona\/marco_giovannelli-2\/"}]}},"post_meta":{"_edit_lock":"1528096956:48","_edit_last":"44","_category_permalink":"a:1:{s:8:\"category\";s:1:\"2\";}","ratings_users":"0","ratings_score":"0","ratings_average":"0","foto":"677301","argomento":"La storia","_yoast_wpseo_content_score":"90","_jd_tweet_this":"yes","_wpt_short_url":"http:\/\/www.varesenews.it\/2018\/06\/filippa-lagerback-daniele-bossari-la-rete\/722885\/","_wp_jd_target":"http:\/\/www.varesenews.it\/2018\/06\/filippa-lagerback-daniele-bossari-la-rete\/722885\/","_jd_wp_twitter":"a:1:{i:0;s:140:\"Filippa Lagerb\u00e4ck, Daniele Bossari e la Rete http:\/\/www.varesenews.it\/2018\/06\/filippa-lagerback-daniele-bossari-la-rete\/722885\/ #villaponti\";}","_wpt_status_message":"Tweet inviato con successo.","firma_come_redazione":"1","id_leggi_anche":"723202,771437"},"photos":[{"original":"https:\/\/staging.varesenews.it\/photogallery_new\/images\/2018\/06\/filippa-e-daniele-le-foto-del-matrimonio-su-instagram-677301.jpg","full":"https:\/\/staging.varesenews.it\/photogallery_new\/images\/2018\/06\/filippa-e-daniele-le-foto-del-matrimonio-su-instagram-677301.1024x768.jpg","large":"https:\/\/staging.varesenews.it\/photogallery_new\/images\/2018\/06\/filippa-e-daniele-le-foto-del-matrimonio-su-instagram-677301.610x431.jpg"}],"_links":{"self":[{"href":"https:\/\/staging.varesenews.it\/swgapi\/v1\/wp\/v2\/posts\/722885"}],"collection":[{"href":"https:\/\/staging.varesenews.it\/swgapi\/v1\/wp\/v2\/posts"}],"about":[{"href":"https:\/\/staging.varesenews.it\/swgapi\/v1\/wp\/v2\/types\/post"}],"author":[{"embeddable":true,"href":"https:\/\/staging.varesenews.it\/swgapi\/v1\/wp\/v2\/users\/54"}],"replies":[{"embeddable":true,"href":"https:\/\/staging.varesenews.it\/swgapi\/v1\/wp\/v2\/comments?post=722885"}],"version-history":[{"count":0,"href":"https:\/\/staging.varesenews.it\/swgapi\/v1\/wp\/v2\/posts\/722885\/revisions"}],"wp:attachment":[{"href":"https:\/\/staging.varesenews.it\/swgapi\/v1\/wp\/v2\/media?parent=722885"}],"wp:term":[{"taxonomy":"category","embeddable":true,"href":"https:\/\/staging.varesenews.it\/swgapi\/v1\/wp\/v2\/categories?post=722885"},{"taxonomy":"post_tag","embeddable":true,"href":"https:\/\/staging.varesenews.it\/swgapi\/v1\/wp\/v2\/tags?post=722885"}],"curies":[{"name":"wp","href":"https:\/\/api.w.org\/{rel}","templated":true}]}}