{"id":724542,"date":"2018-06-08T11:14:06","date_gmt":"2018-06-08T09:14:06","guid":{"rendered":"http:\/\/www.varesenews.it\/?p=724542"},"modified":"2018-06-11T07:50:12","modified_gmt":"2018-06-11T05:50:12","slug":"idea-village-gazzetta-sport-camp-2018","status":"publish","type":"post","link":"https:\/\/staging.varesenews.it\/2018\/06\/idea-village-gazzetta-sport-camp-2018\/724542\/","title":{"rendered":"Idea Village &#8211; Gazzetta Sport Camp 2018"},"content":{"rendered":"<p>e <strong><a href=\"http:\/\/www.sportpiu.org\/\">Sport+<\/a><\/strong>, in collaborazione con <strong>La Gazzetta dello Sport<\/strong> e <a href=\"http:\/\/www.ideavillage.it\/\"><strong>Idea Village<\/strong><\/a> organizzano<\/p>\n<p style=\"text-align: justify;\"><img loading=\"lazy\" decoding=\"async\" class=\"aligncenter wp-image-724557 size-full\" src=\"http:\/\/www.varesenews.it\/wp-content\/uploads\/2018\/06\/DepMail_Gazzetta-002.jpg\" alt=\"\" width=\"535\" height=\"112\" srcset=\"https:\/\/staging.varesenews.it\/wp-content\/uploads\/2018\/06\/DepMail_Gazzetta-002.jpg 535w, https:\/\/staging.varesenews.it\/wp-content\/uploads\/2018\/06\/DepMail_Gazzetta-002-300x63.jpg 300w\" sizes=\"(max-width: 535px) 100vw, 535px\" \/><\/p>\n<p style=\"text-align: justify;\">La proposta \u00e8 rivolta a tutti i <strong>giovani compresi tra i 4 e i 14 anni<\/strong> che vogliono godersi\u00a0l\u2019estate all\u2019insegna di tanto<strong> divertimento<\/strong>. \u00c8 una <strong>\u201cvacanza in citt\u00e0\u201d<\/strong>, vissuta all\u2019interno del fantastico <strong>Idea Village di Olgiate Olona<\/strong>, una struttura sportiva e ludica di qualit\u00e0, completamente\u00a0immersa nel verde, con piscine, campi da gioco e aree divertimento.<\/p>\n<p style=\"text-align: justify;\">I nostri istruttori specializzati aspettano tutti i ragazzi per avvicinarli e\/o far approfondire,\u00a0giorno per giorno, un variegato mondo di sport e attivit\u00e0 ludiche, dal nuoto alla pallavolo,\u00a0dal calcio alla danza, dalle arti marziali all\u2019orienteering, dal baseball all\u2019atletica, perch\u00e9\u00a0nessuno si senta escluso nel nostro <strong><a href=\"http:\/\/www.gazzettasummercamp.it\/\">Gazzetta Sport Camp<\/a><\/strong>!<\/p>\n<h2 style=\"text-align: justify;\"><span style=\"color: #ff00ff;\">Strutture e attivit\u00e0 in campo<\/span><\/h2>\n<p style=\"text-align: justify;\">Idea Village \u00e8 composto da 2 piscine con ampie zone relax e ludiche, campi da beach\u00a0volley e beach soccer, campi da calcetto e tennis, uno spazio gonfiabili ed un immenso\u00a0parco verde.<\/p>\n<p style=\"text-align: justify;\">Durante il camp verranno proposte\u00a0<strong>tante attivit\u00e0 diverse<\/strong> durante ciascuna settimana: nuoto, ortocoltura, tennis, laboratori, basket, arte, volley, creativit\u00e0, danza, musica, karate<\/p>\n<p><img loading=\"lazy\" decoding=\"async\" class=\"aligncenter size-full wp-image-724573\" src=\"http:\/\/www.varesenews.it\/wp-content\/uploads\/2018\/06\/DepMail_Gazzetta-004-2.jpg\" alt=\"\" width=\"600\" height=\"273\" srcset=\"https:\/\/staging.varesenews.it\/wp-content\/uploads\/2018\/06\/DepMail_Gazzetta-004-2.jpg 600w, https:\/\/staging.varesenews.it\/wp-content\/uploads\/2018\/06\/DepMail_Gazzetta-004-2-300x137.jpg 300w\" sizes=\"(max-width: 600px) 100vw, 600px\" \/><\/p>\n<h2 style=\"text-align: justify;\"><span style=\"color: #ff00ff;\">Programma settimanale tipo<\/span><\/h2>\n<p style=\"text-align: justify;\">Tema generale dell\u2019edizione 2018 sar\u00e0 &#8220;My Way: in viaggio verso la conoscenza\u00a0di me!\u201d. Un viaggio avventuroso e ricco di scoperte verso la conoscenza di s\u00e9 e dell\u2019altro,\u00a0veicolato da valori educativi chiave come l\u2019autonomia, l\u2019esplorazione e l\u2019abbattimento degli\u00a0stereotipi in cui i ragazzi spesso sono abituati a doversi collocare per trovare un posto nel\u00a0mondo.<br \/>\nOgni settimana avr\u00e0 un suo tema specifico e dedicato, all\u2019interno di un percorso formativo che\u00a0spazier\u00e0 dalle <strong>tematiche<\/strong> pi\u00f9<strong> ludiche<\/strong> (settimana artistica, settimana fumetti, ecc.) a quelle pi\u00f9<strong>\u00a0sportive<\/strong> (settimane Olimpiche, ecc.) a quelle infine pi\u00f9<strong> educative<\/strong> (Camp Cucina, Camp Musica,\u00a0ecc.). Venerd\u00ec, giorno di chiusura del Camp, \u00e8 prevista una festa con la consegna del\u00a0diploma di partecipazione e con uno straordinario gioco di fine Camp e momenti di scambio in\u00a0cui i ragazzi avranno occasione di mostrare ai genitori quanto imparato durante la settimana.<\/p>\n<p style=\"text-align: justify;\">7.30 Pre Camp | 8.30 Accoglienza e appello | 9.30 Attivit\u00e0 sportive\/didattiche\/laboratori speciali | 12.30 Pranzo e relax |14.00 Attivit\u00e0 sportiva e didattica | 17.00 Merenda | 17.30 in poi Uscita (gioco libero) | Dalle 18.00 Post Camp<\/p>\n<p><img loading=\"lazy\" decoding=\"async\" class=\"aligncenter size-full wp-image-724572\" src=\"http:\/\/www.varesenews.it\/wp-content\/uploads\/2018\/06\/Info-e-iscrizioni-1.jpg\" alt=\"\" width=\"600\" height=\"400\" srcset=\"https:\/\/staging.varesenews.it\/wp-content\/uploads\/2018\/06\/Info-e-iscrizioni-1.jpg 600w, https:\/\/staging.varesenews.it\/wp-content\/uploads\/2018\/06\/Info-e-iscrizioni-1-300x200.jpg 300w\" sizes=\"(max-width: 600px) 100vw, 600px\" \/><\/p>\n<h2 style=\"text-align: justify;\"><span style=\"color: #ff00ff;\">Quota di iscrizione<\/span><\/h2>\n<p style=\"text-align: justify;\">La <strong>quota settimanale<\/strong> sar\u00e0 pari a \u20ac 155,00 e comprende: accesso a tutte le strutture\u00a0sportive e didattiche, materiale sportivo, animazione e attivit\u00e0 didattica, 5 pasti settimanali.<br \/>\nPer 2 o pi\u00f9 componenti dello stesso nucleo famigliare, dalla terza settimana di frequenza in\u00a0poi, per i tesserati delle societ\u00e0 convenzionate con il Camp, il costo di ciascuna settimana\u00a0sar\u00e0 pari a \u20ac 145,00 tutto compreso. Sono previste formule di iscrizione a orari ridotti\u00a0(mattina, pomeriggio, ecc.).<br \/>\n<strong>Tutte le indicazioni su <a href=\"http:\/\/www.gazzettasummercamp.it\">www.gazzettasummercamp.it<\/a> e <a href=\"http:\/\/www.sportpiu.org\">www.sportpiu.org<\/a>.<\/strong><br \/>\nAll\u2019atto dell\u2019iscrizione sar\u00e0 necessario, per chi non \u00e8 gi\u00e0 socio Sport+ o Sports Promotion,\u00a0versare una quota di adesione pari a \u20ac 25,00 comprendente la copertura assicurativa e il\u00a0kit del Camp composto da 2 magliette e 1 cuffia.<br \/>\n<strong>Le iscrizioni sono aperte<\/strong> dal 27 marzo. Sar\u00e0 possibile iscriversi compilando il modulo\u00a0di iscrizione scaricabile dal sito <a href=\"http:\/\/www.gazzettasummercamp.it\">www.gazzettasummercamp.it<\/a> o <a href=\"http:\/\/www.sportpiu.org\">www.sportpiu.org<\/a> e versando\u00a0l\u2019intera quota di iscrizione seguendo le modalit\u00e0 indicate nel modulo.<\/p>\n<p><a href=\"http:\/\/www.varesenews.it\/tag\/campi-estivi-2018\/\"><img loading=\"lazy\" decoding=\"async\" class=\"aligncenter size-medium wp-image-710686\" src=\"http:\/\/www.varesenews.it\/wp-content\/uploads\/2018\/04\/Copertina-tag-1-300x96.png\" alt=\"\" width=\"300\" height=\"96\" srcset=\"https:\/\/staging.varesenews.it\/wp-content\/uploads\/2018\/04\/Copertina-tag-1-300x96.png 300w, https:\/\/staging.varesenews.it\/wp-content\/uploads\/2018\/04\/Copertina-tag-1-768x246.png 768w, https:\/\/staging.varesenews.it\/wp-content\/uploads\/2018\/04\/Copertina-tag-1.png 1000w\" sizes=\"(max-width: 300px) 100vw, 300px\" \/><\/a><\/p>\n<h2 style=\"text-align: justify;\"><span style=\"color: #ff00ff;\">Norme generali<\/span><\/h2>\n<p style=\"text-align: justify;\">Per la partecipazione al Camp sono richieste scarpe da ginnastica ed eventuale cambio (per i giochi d\u2019acqua, ecc.). L\u2019attrezzatura sportiva (palloni,\u00a0materiali di gioco, attrezzature, ecc.) verr\u00e0 fornita dall&#8217;organizzazione del Camp, salvo occasionali richieste per particolari necessit\u00e0 (ad esempio le\u00a0biciclette per l\u2019attivit\u00e0 di ciclismo). \u00c8 inoltre richiesta copia del Certificato medico per attivit\u00e0 sportiva non agonistica. L\u2019iscrizione comporter\u00e0\u00a0l\u2019accettazione di un regolamento di iscrizione che dovr\u00e0 essere sottoscritto dal genitore o tutore del ragazzo iscritto che conterr\u00e0 le norme e le regole\u00a0che disciplinano l\u2019attivit\u00e0 del Gazzetta Sport Camp.<\/p>\n","protected":false},"excerpt":{"rendered":"<p>Sports Promotion e Sport+, in collaborazione con La Gazzetta dello Sport e Idea Village organizzano una &#8220;vacanza in citt\u00e0&#8221; rivolta a tutti i giovani tra i 4 e i 14 anni che vogliono godersi\u00a0l\u2019estate all&#8217;insegna di tanto divertimento <\/p>\n","protected":false},"author":5428,"featured_media":0,"comment_status":"open","ping_status":"open","sticky":false,"template":"","format":"standard","meta":{"footnotes":""},"categories":[23,4,8,3,9,7,5,2],"tags":[87057,85638,87677,87676,82285,86033,87678,85639,87675,86032,69457],"acf":[],"yoast_head":"<!-- This site is optimized with the Yoast SEO plugin v20.1 - https:\/\/yoast.com\/wordpress\/plugins\/seo\/ -->\n<title>Idea Village - Gazzetta Sport Camp 2018<\/title>\n<meta name=\"description\" content=\"Sports Promotion e Sport+, in collaborazione con La Gazzetta dello Sport e Idea Village organizzano una &quot;vacanza in citt\u00e0&quot; rivolta a tutti i giovani tra i 4 e i 14 anni che vogliono godersi\u00a0l\u2019estate all&#039;insegna di tanto divertimento\" \/>\n<meta name=\"robots\" content=\"noindex, follow, max-snippet:-1, max-image-preview:large, max-video-preview:-1\" \/>\n<meta property=\"og:locale\" content=\"it_IT\" \/>\n<meta property=\"og:type\" content=\"article\" \/>\n<meta property=\"og:title\" content=\"Idea Village - Gazzetta Sport Camp 2018\" \/>\n<meta property=\"og:description\" content=\"Sports Promotion e Sport+, in collaborazione con La Gazzetta dello Sport e Idea Village organizzano una &quot;vacanza in citt\u00e0&quot; rivolta a tutti i giovani tra i 4 e i 14 anni che vogliono godersi\u00a0l\u2019estate all&#039;insegna di tanto divertimento\" \/>\n<meta property=\"og:url\" content=\"https:\/\/staging.varesenews.it\/2018\/06\/idea-village-gazzetta-sport-camp-2018\/724542\/\" \/>\n<meta property=\"og:site_name\" content=\"VareseNews\" \/>\n<meta property=\"article:publisher\" content=\"https:\/\/www.facebook.com\/varesenews\" \/>\n<meta property=\"article:published_time\" content=\"2018-06-08T09:14:06+00:00\" \/>\n<meta property=\"article:modified_time\" content=\"2018-06-11T05:50:12+00:00\" \/>\n<meta property=\"og:image\" content=\"http:\/\/www.varesenews.it\/wp-content\/uploads\/2018\/06\/DepMail_Gazzetta-002.jpg\" \/>\n<meta name=\"author\" content=\"divisionebusiness\" \/>\n<meta name=\"twitter:card\" content=\"summary_large_image\" \/>\n<meta name=\"twitter:creator\" content=\"@varesenews\" \/>\n<meta name=\"twitter:site\" content=\"@varesenews\" \/>\n<meta name=\"twitter:label1\" content=\"Scritto da\" \/>\n\t<meta name=\"twitter:data1\" content=\"divisionebusiness\" \/>\n\t<meta name=\"twitter:label2\" content=\"Tempo di lettura stimato\" \/>\n\t<meta name=\"twitter:data2\" content=\"3 minuti\" \/>\n<script type=\"application\/ld+json\" class=\"yoast-schema-graph\">{\"@context\":\"https:\/\/schema.org\",\"@graph\":[{\"@type\":\"WebPage\",\"@id\":\"https:\/\/staging.varesenews.it\/2018\/06\/idea-village-gazzetta-sport-camp-2018\/724542\/\",\"url\":\"https:\/\/staging.varesenews.it\/2018\/06\/idea-village-gazzetta-sport-camp-2018\/724542\/\",\"name\":\"Idea Village - Gazzetta Sport Camp 2018\",\"isPartOf\":{\"@id\":\"https:\/\/staging.varesenews.it\/#website\"},\"datePublished\":\"2018-06-08T09:14:06+00:00\",\"dateModified\":\"2018-06-11T05:50:12+00:00\",\"author\":{\"@id\":\"https:\/\/staging.varesenews.it\/#\/schema\/person\/9fc65cf41366c6512d37aa8b5aa40b98\"},\"description\":\"Sports Promotion e Sport+, in collaborazione con La Gazzetta dello Sport e Idea Village organizzano una \\\"vacanza in citt\u00e0\\\" rivolta a tutti i giovani tra i 4 e i 14 anni che vogliono godersi\u00a0l\u2019estate all'insegna di tanto divertimento\",\"breadcrumb\":{\"@id\":\"https:\/\/staging.varesenews.it\/2018\/06\/idea-village-gazzetta-sport-camp-2018\/724542\/#breadcrumb\"},\"inLanguage\":\"it-IT\",\"potentialAction\":[{\"@type\":\"ReadAction\",\"target\":[\"https:\/\/staging.varesenews.it\/2018\/06\/idea-village-gazzetta-sport-camp-2018\/724542\/\"]}]},{\"@type\":\"BreadcrumbList\",\"@id\":\"https:\/\/staging.varesenews.it\/2018\/06\/idea-village-gazzetta-sport-camp-2018\/724542\/#breadcrumb\",\"itemListElement\":[{\"@type\":\"ListItem\",\"position\":1,\"name\":\"Home\",\"item\":\"https:\/\/www.varesenews.it\/\"},{\"@type\":\"ListItem\",\"position\":2,\"name\":\"Idea Village &#8211; Gazzetta Sport Camp 2018\"}]},{\"@type\":\"WebSite\",\"@id\":\"https:\/\/staging.varesenews.it\/#website\",\"url\":\"https:\/\/staging.varesenews.it\/\",\"name\":\"VareseNews\",\"description\":\"\",\"potentialAction\":[{\"@type\":\"SearchAction\",\"target\":{\"@type\":\"EntryPoint\",\"urlTemplate\":\"https:\/\/staging.varesenews.it\/?s={search_term_string}\"},\"query-input\":\"required name=search_term_string\"}],\"inLanguage\":\"it-IT\"},{\"@type\":\"Person\",\"@id\":\"https:\/\/staging.varesenews.it\/#\/schema\/person\/9fc65cf41366c6512d37aa8b5aa40b98\",\"name\":\"divisionebusiness\",\"image\":{\"@type\":\"ImageObject\",\"inLanguage\":\"it-IT\",\"@id\":\"https:\/\/staging.varesenews.it\/#\/schema\/person\/image\/\",\"url\":\"https:\/\/staging.varesenews.it\/wp-content\/uploads\/2015\/03\/mistery.jpg\",\"contentUrl\":\"https:\/\/staging.varesenews.it\/wp-content\/uploads\/2015\/03\/mistery.jpg\",\"caption\":\"divisionebusiness\"},\"url\":\"https:\/\/staging.varesenews.it\/persona\/divisionebusiness2\/\"}]}<\/script>\n<!-- \/ Yoast SEO plugin. -->","yoast_head_json":{"title":"Idea Village - Gazzetta Sport Camp 2018","description":"Sports Promotion e Sport+, in collaborazione con La Gazzetta dello Sport e Idea Village organizzano una \"vacanza in citt\u00e0\" rivolta a tutti i giovani tra i 4 e i 14 anni che vogliono godersi\u00a0l\u2019estate all'insegna di tanto divertimento","robots":{"index":"noindex","follow":"follow","max-snippet":"max-snippet:-1","max-image-preview":"max-image-preview:large","max-video-preview":"max-video-preview:-1"},"og_locale":"it_IT","og_type":"article","og_title":"Idea Village - Gazzetta Sport Camp 2018","og_description":"Sports Promotion e Sport+, in collaborazione con La Gazzetta dello Sport e Idea Village organizzano una \"vacanza in citt\u00e0\" rivolta a tutti i giovani tra i 4 e i 14 anni che vogliono godersi\u00a0l\u2019estate all'insegna di tanto divertimento","og_url":"https:\/\/staging.varesenews.it\/2018\/06\/idea-village-gazzetta-sport-camp-2018\/724542\/","og_site_name":"VareseNews","article_publisher":"https:\/\/www.facebook.com\/varesenews","article_published_time":"2018-06-08T09:14:06+00:00","article_modified_time":"2018-06-11T05:50:12+00:00","og_image":[{"url":"http:\/\/www.varesenews.it\/wp-content\/uploads\/2018\/06\/DepMail_Gazzetta-002.jpg"}],"author":"divisionebusiness","twitter_card":"summary_large_image","twitter_creator":"@varesenews","twitter_site":"@varesenews","twitter_misc":{"Scritto da":"divisionebusiness","Tempo di lettura stimato":"3 minuti"},"schema":{"@context":"https:\/\/schema.org","@graph":[{"@type":"WebPage","@id":"https:\/\/staging.varesenews.it\/2018\/06\/idea-village-gazzetta-sport-camp-2018\/724542\/","url":"https:\/\/staging.varesenews.it\/2018\/06\/idea-village-gazzetta-sport-camp-2018\/724542\/","name":"Idea Village - Gazzetta Sport Camp 2018","isPartOf":{"@id":"https:\/\/staging.varesenews.it\/#website"},"datePublished":"2018-06-08T09:14:06+00:00","dateModified":"2018-06-11T05:50:12+00:00","author":{"@id":"https:\/\/staging.varesenews.it\/#\/schema\/person\/9fc65cf41366c6512d37aa8b5aa40b98"},"description":"Sports Promotion e Sport+, in collaborazione con La Gazzetta dello Sport e Idea Village organizzano una \"vacanza in citt\u00e0\" rivolta a tutti i giovani tra i 4 e i 14 anni che vogliono godersi\u00a0l\u2019estate all'insegna di tanto divertimento","breadcrumb":{"@id":"https:\/\/staging.varesenews.it\/2018\/06\/idea-village-gazzetta-sport-camp-2018\/724542\/#breadcrumb"},"inLanguage":"it-IT","potentialAction":[{"@type":"ReadAction","target":["https:\/\/staging.varesenews.it\/2018\/06\/idea-village-gazzetta-sport-camp-2018\/724542\/"]}]},{"@type":"BreadcrumbList","@id":"https:\/\/staging.varesenews.it\/2018\/06\/idea-village-gazzetta-sport-camp-2018\/724542\/#breadcrumb","itemListElement":[{"@type":"ListItem","position":1,"name":"Home","item":"https:\/\/www.varesenews.it\/"},{"@type":"ListItem","position":2,"name":"Idea Village &#8211; Gazzetta Sport Camp 2018"}]},{"@type":"WebSite","@id":"https:\/\/staging.varesenews.it\/#website","url":"https:\/\/staging.varesenews.it\/","name":"VareseNews","description":"","potentialAction":[{"@type":"SearchAction","target":{"@type":"EntryPoint","urlTemplate":"https:\/\/staging.varesenews.it\/?s={search_term_string}"},"query-input":"required name=search_term_string"}],"inLanguage":"it-IT"},{"@type":"Person","@id":"https:\/\/staging.varesenews.it\/#\/schema\/person\/9fc65cf41366c6512d37aa8b5aa40b98","name":"divisionebusiness","image":{"@type":"ImageObject","inLanguage":"it-IT","@id":"https:\/\/staging.varesenews.it\/#\/schema\/person\/image\/","url":"https:\/\/staging.varesenews.it\/wp-content\/uploads\/2015\/03\/mistery.jpg","contentUrl":"https:\/\/staging.varesenews.it\/wp-content\/uploads\/2015\/03\/mistery.jpg","caption":"divisionebusiness"},"url":"https:\/\/staging.varesenews.it\/persona\/divisionebusiness2\/"}]}},"post_meta":{"_edit_lock":"1528696087:5428","_edit_last":"5428","_category_permalink":"a:1:{s:8:\"category\";s:2:\"23\";}","firma-personalizzata":"Ufficio pubblicit\u00e0","nascondi_adsense":"1","argomento":"CAMPI ESTIVI 2018","_yoast_wpseo_content_score":"30","_jd_tweet_this":"yes","foto":"678611","ratings_users":"0","ratings_score":"0","ratings_average":"0","_wpt_short_url":"http:\/\/www.varesenews.it\/2018\/06\/idea-village-gazzetta-sport-camp-2018\/724542\/","_wp_jd_target":"http:\/\/www.varesenews.it\/2018\/06\/idea-village-gazzetta-sport-camp-2018\/724542\/","_jd_wp_twitter":"a:1:{i:0;s:162:\"Idea Village \u2013 Gazzetta Sport Camp 2018 http:\/\/www.varesenews.it\/2018\/06\/idea-village-gazzetta-sport-camp-2018\/724542\/ #campiestivi #CampiEstivi2018 #estate2018\";}","_wpt_status_message":"Tweet inviato con successo.","id_leggi_anche":"710175,737768"},"photos":[{"original":"https:\/\/staging.varesenews.it\/photogallery_new\/images\/2018\/06\/campi-estivi-2018-678611.jpg","full":"https:\/\/staging.varesenews.it\/photogallery_new\/images\/2018\/06\/campi-estivi-2018-678611.1024x768.jpg","large":"https:\/\/staging.varesenews.it\/photogallery_new\/images\/2018\/06\/campi-estivi-2018-678611.610x431.jpg"}],"_links":{"self":[{"href":"https:\/\/staging.varesenews.it\/swgapi\/v1\/wp\/v2\/posts\/724542"}],"collection":[{"href":"https:\/\/staging.varesenews.it\/swgapi\/v1\/wp\/v2\/posts"}],"about":[{"href":"https:\/\/staging.varesenews.it\/swgapi\/v1\/wp\/v2\/types\/post"}],"author":[{"embeddable":true,"href":"https:\/\/staging.varesenews.it\/swgapi\/v1\/wp\/v2\/users\/5428"}],"replies":[{"embeddable":true,"href":"https:\/\/staging.varesenews.it\/swgapi\/v1\/wp\/v2\/comments?post=724542"}],"version-history":[{"count":0,"href":"https:\/\/staging.varesenews.it\/swgapi\/v1\/wp\/v2\/posts\/724542\/revisions"}],"wp:attachment":[{"href":"https:\/\/staging.varesenews.it\/swgapi\/v1\/wp\/v2\/media?parent=724542"}],"wp:term":[{"taxonomy":"category","embeddable":true,"href":"https:\/\/staging.varesenews.it\/swgapi\/v1\/wp\/v2\/categories?post=724542"},{"taxonomy":"post_tag","embeddable":true,"href":"https:\/\/staging.varesenews.it\/swgapi\/v1\/wp\/v2\/tags?post=724542"}],"curies":[{"name":"wp","href":"https:\/\/api.w.org\/{rel}","templated":true}]}}