{"id":725711,"date":"2018-06-12T12:29:53","date_gmt":"2018-06-12T10:29:53","guid":{"rendered":"http:\/\/www.varesenews.it\/?p=725711"},"modified":"2018-06-12T12:29:53","modified_gmt":"2018-06-12T10:29:53","slug":"un-protocollo-condiviso-traumi-piu-complessi-esperti-confronto","status":"publish","type":"post","link":"https:\/\/staging.varesenews.it\/2018\/06\/un-protocollo-condiviso-traumi-piu-complessi-esperti-confronto\/725711\/","title":{"rendered":"Un protocollo condiviso per i traumi pi\u00f9 complessi: esperti a confronto"},"content":{"rendered":"<p class=\"p1\"><span class=\"s1\"><strong>\u00c8 in programma per gioved\u00ec 14 giugno,\u00a0a Villa Cagnola<\/strong>, un convegno sul <strong>trauma maggiore<\/strong>, organizzato dall&#8217;<strong>ASST dei Sette Laghi<\/strong> con la Presidenza del <strong>dott. Giulio Minoja,<\/strong> Direttore del Dipartimento di Anestesia e Rianimazione, e con il <strong>Dott. Giuliano Zocchi<\/strong> come Responsabile scientifico.<\/span><\/p>\n<p class=\"p1\"><span class=\"s1\">Regione Lombardia ha individuato sul suo territorio sei ospedali classificati come <strong>Centri traumi di alta specializzazione (CTS)<\/strong>, che hanno il compito di trattare i traumi pi\u00f9 gravi.<\/span><\/p>\n<p class=\"p1\"><span class=\"s1\">Tra questi vi \u00e8 l&#8217;<strong>Ospedale di Circolo di Varese<\/strong>, che \u00e8 dotato di Pronto Soccorso e strutture per l&#8217;Emergenza, reparti di Anestesia e Rianimazione, Chirurgie generali e specialistiche. La struttura varesina risulta facilmente accessibile ai mezzi di soccorso anche tramite la superficie che consente l&#8217;atterraggio dell&#8217;elicottero. Ha capacit\u00e0 diagnostiche complete e tratta una casistica significativa per numerosit\u00e0 e gravit\u00e0, rispondendo 24 ore su 24 alle necessit\u00e0 di un vasto territorio, per una popolazione di almeno 2 milioni di abitanti.<\/span><\/p>\n<p class=\"p1\"><span class=\"s1\">\u00abEssere di riferimento per il trauma\u00a0&#8211; spiega il dott. Minoja &#8211;\u00a0ha spinto i diversi professionisti coinvolti a migliorare le rispettive capacit\u00e0 e, soprattutto, ad integrare al meglio le diverse competenze\u00bb.<\/span><\/p>\n<p class=\"p1\"><span class=\"s1\">Per tutto questo gli specialisti dell&#8217;Emergenza, dell&#8217;Area Critica e delle Chirurgie si troveranno, in occasione del Convegno, a ripercorrere un protocollo condiviso dedicato al trattamento dei traumi pi\u00f9 complessi.<\/span><\/p>\n","protected":false},"excerpt":{"rendered":"<p>Gioved\u00ec 14 giugno,\u00a0a Villa Cagnola, un convegno sul trauma maggiore, organizzato dall&#8217;ASST dei Sette Laghi con la regia del dott. Giulio Minoja<\/p>\n","protected":false},"author":33,"featured_media":0,"comment_status":"open","ping_status":"open","sticky":false,"template":"","format":"standard","meta":{"footnotes":""},"categories":[24,2],"tags":[57100,87806,1118],"acf":[],"yoast_head":"<!-- This site is optimized with the Yoast SEO plugin v20.1 - https:\/\/yoast.com\/wordpress\/plugins\/seo\/ -->\n<title>Un protocollo condiviso per i traumi pi\u00f9 complessi: esperti a confronto<\/title>\n<meta name=\"description\" content=\"Gioved\u00ec 14 giugno,\u00a0a Villa Cagnola, un convegno sul trauma maggiore, organizzato dall&#039;ASST dei Sette Laghi con la regia del dott. Giulio Minoja\" \/>\n<meta name=\"robots\" content=\"noindex, follow, max-snippet:-1, max-image-preview:large, max-video-preview:-1\" \/>\n<meta property=\"og:locale\" content=\"it_IT\" \/>\n<meta property=\"og:type\" content=\"article\" \/>\n<meta property=\"og:title\" content=\"Un protocollo condiviso per i traumi pi\u00f9 complessi: esperti a confronto\" \/>\n<meta property=\"og:description\" content=\"Gioved\u00ec 14 giugno,\u00a0a Villa Cagnola, un convegno sul trauma maggiore, organizzato dall&#039;ASST dei Sette Laghi con la regia del dott. Giulio Minoja\" \/>\n<meta property=\"og:url\" content=\"https:\/\/staging.varesenews.it\/2018\/06\/un-protocollo-condiviso-traumi-piu-complessi-esperti-confronto\/725711\/\" \/>\n<meta property=\"og:site_name\" content=\"VareseNews\" \/>\n<meta property=\"article:publisher\" content=\"https:\/\/www.facebook.com\/varesenews\" \/>\n<meta property=\"article:author\" content=\"alessandra.toni7\" \/>\n<meta property=\"article:published_time\" content=\"2018-06-12T10:29:53+00:00\" \/>\n<meta name=\"author\" content=\"Alessandra Toni\" \/>\n<meta name=\"twitter:card\" content=\"summary_large_image\" \/>\n<meta name=\"twitter:creator\" content=\"@alessandra_toni\" \/>\n<meta name=\"twitter:site\" content=\"@varesenews\" \/>\n<meta name=\"twitter:label1\" content=\"Scritto da\" \/>\n\t<meta name=\"twitter:data1\" content=\"Alessandra Toni\" \/>\n\t<meta name=\"twitter:label2\" content=\"Tempo di lettura stimato\" \/>\n\t<meta name=\"twitter:data2\" content=\"1 minuto\" \/>\n<script type=\"application\/ld+json\" class=\"yoast-schema-graph\">{\"@context\":\"https:\/\/schema.org\",\"@graph\":[{\"@type\":\"WebPage\",\"@id\":\"https:\/\/staging.varesenews.it\/2018\/06\/un-protocollo-condiviso-traumi-piu-complessi-esperti-confronto\/725711\/\",\"url\":\"https:\/\/staging.varesenews.it\/2018\/06\/un-protocollo-condiviso-traumi-piu-complessi-esperti-confronto\/725711\/\",\"name\":\"Un protocollo condiviso per i traumi pi\u00f9 complessi: esperti a confronto\",\"isPartOf\":{\"@id\":\"https:\/\/staging.varesenews.it\/#website\"},\"datePublished\":\"2018-06-12T10:29:53+00:00\",\"dateModified\":\"2018-06-12T10:29:53+00:00\",\"author\":{\"@id\":\"https:\/\/staging.varesenews.it\/#\/schema\/person\/2643ce123d4a3c9511e015dc548779b8\"},\"description\":\"Gioved\u00ec 14 giugno,\u00a0a Villa Cagnola, un convegno sul trauma maggiore, organizzato dall'ASST dei Sette Laghi con la regia del dott. Giulio Minoja\",\"breadcrumb\":{\"@id\":\"https:\/\/staging.varesenews.it\/2018\/06\/un-protocollo-condiviso-traumi-piu-complessi-esperti-confronto\/725711\/#breadcrumb\"},\"inLanguage\":\"it-IT\",\"potentialAction\":[{\"@type\":\"ReadAction\",\"target\":[\"https:\/\/staging.varesenews.it\/2018\/06\/un-protocollo-condiviso-traumi-piu-complessi-esperti-confronto\/725711\/\"]}]},{\"@type\":\"BreadcrumbList\",\"@id\":\"https:\/\/staging.varesenews.it\/2018\/06\/un-protocollo-condiviso-traumi-piu-complessi-esperti-confronto\/725711\/#breadcrumb\",\"itemListElement\":[{\"@type\":\"ListItem\",\"position\":1,\"name\":\"Home\",\"item\":\"https:\/\/www.varesenews.it\/\"},{\"@type\":\"ListItem\",\"position\":2,\"name\":\"Un protocollo condiviso per i traumi pi\u00f9 complessi: esperti a confronto\"}]},{\"@type\":\"WebSite\",\"@id\":\"https:\/\/staging.varesenews.it\/#website\",\"url\":\"https:\/\/staging.varesenews.it\/\",\"name\":\"VareseNews\",\"description\":\"\",\"potentialAction\":[{\"@type\":\"SearchAction\",\"target\":{\"@type\":\"EntryPoint\",\"urlTemplate\":\"https:\/\/staging.varesenews.it\/?s={search_term_string}\"},\"query-input\":\"required name=search_term_string\"}],\"inLanguage\":\"it-IT\"},{\"@type\":\"Person\",\"@id\":\"https:\/\/staging.varesenews.it\/#\/schema\/person\/2643ce123d4a3c9511e015dc548779b8\",\"name\":\"Alessandra Toni\",\"image\":{\"@type\":\"ImageObject\",\"inLanguage\":\"it-IT\",\"@id\":\"https:\/\/staging.varesenews.it\/#\/schema\/person\/image\/\",\"url\":\"https:\/\/staging.varesenews.it\/wp-content\/uploads\/2020\/12\/alessandra_toni_colori_500.jpg\",\"contentUrl\":\"https:\/\/staging.varesenews.it\/wp-content\/uploads\/2020\/12\/alessandra_toni_colori_500.jpg\",\"caption\":\"Alessandra Toni\"},\"description\":\"Sono entrata nella redazione di VareseNews nel lontano anno 2000. Ero reduce da una bellissima esperienza nella redazione giornalistica della TV Nuova Antennatre, sotto la direzione dell'indimenticabile direttore Adolfo Caldarini. Sono arrivata quando era ancora una piccola realt\u00e0 editoriale e insieme abbiamo fatto un lungo ed entusiasmante lavoro. Mi occupo prevalentemente di scuola e di sanit\u00e0, settori impegnativi di grande valore sociale.\u00a0\",\"sameAs\":[\"alessandra.toni7\",\"alessandra.toni\",\"https:\/\/twitter.com\/alessandra_toni\"],\"url\":\"https:\/\/staging.varesenews.it\/persona\/alessandra_toni1\/\"}]}<\/script>\n<!-- \/ Yoast SEO plugin. -->","yoast_head_json":{"title":"Un protocollo condiviso per i traumi pi\u00f9 complessi: esperti a confronto","description":"Gioved\u00ec 14 giugno,\u00a0a Villa Cagnola, un convegno sul trauma maggiore, organizzato dall'ASST dei Sette Laghi con la regia del dott. Giulio Minoja","robots":{"index":"noindex","follow":"follow","max-snippet":"max-snippet:-1","max-image-preview":"max-image-preview:large","max-video-preview":"max-video-preview:-1"},"og_locale":"it_IT","og_type":"article","og_title":"Un protocollo condiviso per i traumi pi\u00f9 complessi: esperti a confronto","og_description":"Gioved\u00ec 14 giugno,\u00a0a Villa Cagnola, un convegno sul trauma maggiore, organizzato dall'ASST dei Sette Laghi con la regia del dott. Giulio Minoja","og_url":"https:\/\/staging.varesenews.it\/2018\/06\/un-protocollo-condiviso-traumi-piu-complessi-esperti-confronto\/725711\/","og_site_name":"VareseNews","article_publisher":"https:\/\/www.facebook.com\/varesenews","article_author":"alessandra.toni7","article_published_time":"2018-06-12T10:29:53+00:00","author":"Alessandra Toni","twitter_card":"summary_large_image","twitter_creator":"@alessandra_toni","twitter_site":"@varesenews","twitter_misc":{"Scritto da":"Alessandra Toni","Tempo di lettura stimato":"1 minuto"},"schema":{"@context":"https:\/\/schema.org","@graph":[{"@type":"WebPage","@id":"https:\/\/staging.varesenews.it\/2018\/06\/un-protocollo-condiviso-traumi-piu-complessi-esperti-confronto\/725711\/","url":"https:\/\/staging.varesenews.it\/2018\/06\/un-protocollo-condiviso-traumi-piu-complessi-esperti-confronto\/725711\/","name":"Un protocollo condiviso per i traumi pi\u00f9 complessi: esperti a confronto","isPartOf":{"@id":"https:\/\/staging.varesenews.it\/#website"},"datePublished":"2018-06-12T10:29:53+00:00","dateModified":"2018-06-12T10:29:53+00:00","author":{"@id":"https:\/\/staging.varesenews.it\/#\/schema\/person\/2643ce123d4a3c9511e015dc548779b8"},"description":"Gioved\u00ec 14 giugno,\u00a0a Villa Cagnola, un convegno sul trauma maggiore, organizzato dall'ASST dei Sette Laghi con la regia del dott. Giulio Minoja","breadcrumb":{"@id":"https:\/\/staging.varesenews.it\/2018\/06\/un-protocollo-condiviso-traumi-piu-complessi-esperti-confronto\/725711\/#breadcrumb"},"inLanguage":"it-IT","potentialAction":[{"@type":"ReadAction","target":["https:\/\/staging.varesenews.it\/2018\/06\/un-protocollo-condiviso-traumi-piu-complessi-esperti-confronto\/725711\/"]}]},{"@type":"BreadcrumbList","@id":"https:\/\/staging.varesenews.it\/2018\/06\/un-protocollo-condiviso-traumi-piu-complessi-esperti-confronto\/725711\/#breadcrumb","itemListElement":[{"@type":"ListItem","position":1,"name":"Home","item":"https:\/\/www.varesenews.it\/"},{"@type":"ListItem","position":2,"name":"Un protocollo condiviso per i traumi pi\u00f9 complessi: esperti a confronto"}]},{"@type":"WebSite","@id":"https:\/\/staging.varesenews.it\/#website","url":"https:\/\/staging.varesenews.it\/","name":"VareseNews","description":"","potentialAction":[{"@type":"SearchAction","target":{"@type":"EntryPoint","urlTemplate":"https:\/\/staging.varesenews.it\/?s={search_term_string}"},"query-input":"required name=search_term_string"}],"inLanguage":"it-IT"},{"@type":"Person","@id":"https:\/\/staging.varesenews.it\/#\/schema\/person\/2643ce123d4a3c9511e015dc548779b8","name":"Alessandra Toni","image":{"@type":"ImageObject","inLanguage":"it-IT","@id":"https:\/\/staging.varesenews.it\/#\/schema\/person\/image\/","url":"https:\/\/staging.varesenews.it\/wp-content\/uploads\/2020\/12\/alessandra_toni_colori_500.jpg","contentUrl":"https:\/\/staging.varesenews.it\/wp-content\/uploads\/2020\/12\/alessandra_toni_colori_500.jpg","caption":"Alessandra Toni"},"description":"Sono entrata nella redazione di VareseNews nel lontano anno 2000. Ero reduce da una bellissima esperienza nella redazione giornalistica della TV Nuova Antennatre, sotto la direzione dell'indimenticabile direttore Adolfo Caldarini. Sono arrivata quando era ancora una piccola realt\u00e0 editoriale e insieme abbiamo fatto un lungo ed entusiasmante lavoro. Mi occupo prevalentemente di scuola e di sanit\u00e0, settori impegnativi di grande valore sociale.\u00a0","sameAs":["alessandra.toni7","alessandra.toni","https:\/\/twitter.com\/alessandra_toni"],"url":"https:\/\/staging.varesenews.it\/persona\/alessandra_toni1\/"}]}},"post_meta":{"_edit_lock":"1528799823:33","_edit_last":"33","_category_permalink":"a:1:{s:8:\"category\";s:2:\"24\";}","foto":"647934","firma_come_redazione":"1","argomento":"Gazzada Schianno","_yoast_wpseo_content_score":"30","_jd_tweet_this":"yes","ratings_users":"0","ratings_score":"0","ratings_average":"0","_wpt_short_url":"http:\/\/www.varesenews.it\/2018\/06\/un-protocollo-condiviso-traumi-piu-complessi-esperti-confronto\/725711\/","_wp_jd_target":"http:\/\/www.varesenews.it\/2018\/06\/un-protocollo-condiviso-traumi-piu-complessi-esperti-confronto\/725711\/","_jd_wp_twitter":"a:1:{i:0;s:220:\"Un protocollo condiviso per i traumi pi\u00f9 complessi: esperti a confronto http:\/\/www.varesenews.it\/2018\/06\/un-protocollo-condiviso-traumi-piu-complessi-esperti-confronto\/725711\/ #asstsettelaghi #traumacenter #villacagnola\";}","_wpt_status_message":"Tweet inviato con successo."},"photos":[{"original":"https:\/\/staging.varesenews.it\/photogallery_new\/images\/2017\/12\/monoblocco-ingresso-647934.jpg","full":"https:\/\/staging.varesenews.it\/photogallery_new\/images\/2017\/12\/monoblocco-ingresso-647934.1024x768.jpg","large":"https:\/\/staging.varesenews.it\/photogallery_new\/images\/2017\/12\/monoblocco-ingresso-647934.610x431.jpg"}],"_links":{"self":[{"href":"https:\/\/staging.varesenews.it\/swgapi\/v1\/wp\/v2\/posts\/725711"}],"collection":[{"href":"https:\/\/staging.varesenews.it\/swgapi\/v1\/wp\/v2\/posts"}],"about":[{"href":"https:\/\/staging.varesenews.it\/swgapi\/v1\/wp\/v2\/types\/post"}],"author":[{"embeddable":true,"href":"https:\/\/staging.varesenews.it\/swgapi\/v1\/wp\/v2\/users\/33"}],"replies":[{"embeddable":true,"href":"https:\/\/staging.varesenews.it\/swgapi\/v1\/wp\/v2\/comments?post=725711"}],"version-history":[{"count":0,"href":"https:\/\/staging.varesenews.it\/swgapi\/v1\/wp\/v2\/posts\/725711\/revisions"}],"wp:attachment":[{"href":"https:\/\/staging.varesenews.it\/swgapi\/v1\/wp\/v2\/media?parent=725711"}],"wp:term":[{"taxonomy":"category","embeddable":true,"href":"https:\/\/staging.varesenews.it\/swgapi\/v1\/wp\/v2\/categories?post=725711"},{"taxonomy":"post_tag","embeddable":true,"href":"https:\/\/staging.varesenews.it\/swgapi\/v1\/wp\/v2\/tags?post=725711"}],"curies":[{"name":"wp","href":"https:\/\/api.w.org\/{rel}","templated":true}]}}