{"id":726425,"date":"2018-06-14T11:59:01","date_gmt":"2018-06-14T09:59:01","guid":{"rendered":"http:\/\/www.varesenews.it\/?p=726425"},"modified":"2018-06-14T12:34:40","modified_gmt":"2018-06-14T10:34:40","slug":"varese-arrivato-tempo-della-giustizia","status":"publish","type":"post","link":"https:\/\/staging.varesenews.it\/2018\/06\/varese-arrivato-tempo-della-giustizia\/726425\/","title":{"rendered":"A Varese \u00e8 arrivato &#8220;Il tempo della giustizia&#8221;"},"content":{"rendered":"<p>Questa sera, <strong>gioved\u00ec 14 giugno<\/strong>, alle ore 18 e 30 al <strong>Teatro Apollonio<\/strong> di Varese , &#8220;<a href=\"https:\/\/www.facebook.com\/pg\/lecuriose\/about\/?ref=page_internal\">Le curiose<\/a>&#8220;, associazione che opera nel mondo editoriale, presenter\u00e0\u00a0&#8220;<strong>Il tempo della giustizia<\/strong>&#8221; (Nodo Libri), il nuovo libro di <strong>Giuseppe Battarino<\/strong>, magistrato di Varese in forze alla Commissione parlamentare per la lotta alle ecomafie.<\/p>\n<p>La<strong> ricerca della giustizia umana<\/strong> \u00e8 consapevole, nelle sue impostazioni teoriche e nelle sue realizzazioni pratiche, della limitatezza dei propri mezzi. Uno dei mezzi a disposizione e, insieme, uno dei vincoli di chi opera negli apparati organizzati al fine di tentare quella ricerca \u2013 cio\u00e8 di chi amministra giustizia \u2013 e di chi fornisce le regole per rendere possibile e utile quella ricerca \u2013 cio\u00e8 di chi fa le leggi \u2013 \u00e8 il tempo. Quella ricerca non \u00e8 generica equit\u00e0 n\u00e9 vago umanesimo ma scienza e arte delle relazioni tra gli esseri umani e tra essi e un ordine generale, che sappia darsi luoghi di esercizio della razionalit\u00e0 e tempi per ogni risultato atteso. <strong>Un \u201ctempo esatto\u201d<\/strong>, l\u2019ex-agere quei tempi e quei luoghi dal fluire della vita comune affinch\u00e9 la vita comune possa fluire.<\/p>\n","protected":false},"excerpt":{"rendered":"<p>Il magistrato Giuseppe Battarino presenter\u00e0 gioved\u00ec 14 giugno alle ore 18 e 30 al teatro Apollonio il nuovo libro dedicato al tempo nella giustizia<\/p>\n","protected":false},"author":45,"featured_media":0,"comment_status":"open","ping_status":"open","sticky":false,"template":"","format":"standard","meta":{"footnotes":""},"categories":[18,2],"tags":[204,767,1424,158],"acf":[],"yoast_head":"<!-- This site is optimized with the Yoast SEO plugin v20.1 - https:\/\/yoast.com\/wordpress\/plugins\/seo\/ -->\n<title>A Varese \u00e8 arrivato &quot;Il tempo della giustizia&quot;<\/title>\n<meta name=\"description\" content=\"Il magistrato Giuseppe Battarino presenter\u00e0 gioved\u00ec 14 giugno alle ore 18 e 30 al teatro Apollonio il nuovo libro dedicato al tempo nella giustizia\" \/>\n<meta name=\"robots\" content=\"noindex, follow, max-snippet:-1, max-image-preview:large, max-video-preview:-1\" \/>\n<meta property=\"og:locale\" content=\"it_IT\" \/>\n<meta property=\"og:type\" content=\"article\" \/>\n<meta property=\"og:title\" content=\"A Varese \u00e8 arrivato &quot;Il tempo della giustizia&quot;\" \/>\n<meta property=\"og:description\" content=\"Il magistrato Giuseppe Battarino presenter\u00e0 gioved\u00ec 14 giugno alle ore 18 e 30 al teatro Apollonio il nuovo libro dedicato al tempo nella giustizia\" \/>\n<meta property=\"og:url\" content=\"https:\/\/staging.varesenews.it\/2018\/06\/varese-arrivato-tempo-della-giustizia\/726425\/\" \/>\n<meta property=\"og:site_name\" content=\"VareseNews\" \/>\n<meta property=\"article:publisher\" content=\"https:\/\/www.facebook.com\/varesenews\" \/>\n<meta property=\"article:author\" content=\"https:\/\/www.facebook.com\/michele.mancino.5\" \/>\n<meta property=\"article:published_time\" content=\"2018-06-14T09:59:01+00:00\" \/>\n<meta property=\"article:modified_time\" content=\"2018-06-14T10:34:40+00:00\" \/>\n<meta name=\"author\" content=\"Michele Mancino\" \/>\n<meta name=\"twitter:card\" content=\"summary_large_image\" \/>\n<meta name=\"twitter:creator\" content=\"@micmancio\" \/>\n<meta name=\"twitter:site\" content=\"@varesenews\" \/>\n<meta name=\"twitter:label1\" content=\"Scritto da\" \/>\n\t<meta name=\"twitter:data1\" content=\"Michele Mancino\" \/>\n\t<meta name=\"twitter:label2\" content=\"Tempo di lettura stimato\" \/>\n\t<meta name=\"twitter:data2\" content=\"1 minuto\" \/>\n<script type=\"application\/ld+json\" class=\"yoast-schema-graph\">{\"@context\":\"https:\/\/schema.org\",\"@graph\":[{\"@type\":\"WebPage\",\"@id\":\"https:\/\/staging.varesenews.it\/2018\/06\/varese-arrivato-tempo-della-giustizia\/726425\/\",\"url\":\"https:\/\/staging.varesenews.it\/2018\/06\/varese-arrivato-tempo-della-giustizia\/726425\/\",\"name\":\"A Varese \u00e8 arrivato \\\"Il tempo della giustizia\\\"\",\"isPartOf\":{\"@id\":\"https:\/\/staging.varesenews.it\/#website\"},\"datePublished\":\"2018-06-14T09:59:01+00:00\",\"dateModified\":\"2018-06-14T10:34:40+00:00\",\"author\":{\"@id\":\"https:\/\/staging.varesenews.it\/#\/schema\/person\/308b491d3cb680ead199e5ff6c6ce540\"},\"description\":\"Il magistrato Giuseppe Battarino presenter\u00e0 gioved\u00ec 14 giugno alle ore 18 e 30 al teatro Apollonio il nuovo libro dedicato al tempo nella giustizia\",\"breadcrumb\":{\"@id\":\"https:\/\/staging.varesenews.it\/2018\/06\/varese-arrivato-tempo-della-giustizia\/726425\/#breadcrumb\"},\"inLanguage\":\"it-IT\",\"potentialAction\":[{\"@type\":\"ReadAction\",\"target\":[\"https:\/\/staging.varesenews.it\/2018\/06\/varese-arrivato-tempo-della-giustizia\/726425\/\"]}]},{\"@type\":\"BreadcrumbList\",\"@id\":\"https:\/\/staging.varesenews.it\/2018\/06\/varese-arrivato-tempo-della-giustizia\/726425\/#breadcrumb\",\"itemListElement\":[{\"@type\":\"ListItem\",\"position\":1,\"name\":\"Home\",\"item\":\"https:\/\/www.varesenews.it\/\"},{\"@type\":\"ListItem\",\"position\":2,\"name\":\"A Varese \u00e8 arrivato &#8220;Il tempo della giustizia&#8221;\"}]},{\"@type\":\"WebSite\",\"@id\":\"https:\/\/staging.varesenews.it\/#website\",\"url\":\"https:\/\/staging.varesenews.it\/\",\"name\":\"VareseNews\",\"description\":\"\",\"potentialAction\":[{\"@type\":\"SearchAction\",\"target\":{\"@type\":\"EntryPoint\",\"urlTemplate\":\"https:\/\/staging.varesenews.it\/?s={search_term_string}\"},\"query-input\":\"required name=search_term_string\"}],\"inLanguage\":\"it-IT\"},{\"@type\":\"Person\",\"@id\":\"https:\/\/staging.varesenews.it\/#\/schema\/person\/308b491d3cb680ead199e5ff6c6ce540\",\"name\":\"Michele Mancino\",\"image\":{\"@type\":\"ImageObject\",\"inLanguage\":\"it-IT\",\"@id\":\"https:\/\/staging.varesenews.it\/#\/schema\/person\/image\/\",\"url\":\"https:\/\/staging.varesenews.it\/wp-content\/uploads\/2020\/12\/michele_mancino_colori_500.jpg\",\"contentUrl\":\"https:\/\/staging.varesenews.it\/wp-content\/uploads\/2020\/12\/michele_mancino_colori_500.jpg\",\"caption\":\"Michele Mancino\"},\"description\":\"Sono a VareseNews da prima che nascesse. Ho inserito le prime notizie in una stringa di codice html, la lingua di internet. Aprivo i computer, cambiavo schede di rete e portavo i server dal provider. A met&agrave; degli anni &rsquo;90 il giornalista online doveva saper fare anche questo. Ho vissuto gli anni drammatici della bolla speculativa di Internet e quelli entusiastici della crescita, anni in cui VareseNews era un Davide in mezzo a tanti Golia. Poi sono arrivati i social, le nuove piattaforme e soprattutto gli smartphone, una postazione di lavoro racchiusa in una mano. Una nuova rivoluzione. Insomma, &egrave; stata, ed &egrave; ancora, un&rsquo;avventura entusiasmante perch&eacute; mi insegna giorno dopo giorno che il cambiamento &egrave; l&rsquo;unica certezza di questa fragile esistenza.\",\"sameAs\":[\"https:\/\/www.facebook.com\/michele.mancino.5\",\"micmancio\",\"Aggiorna le impostazioni del tuo profilo pubblicoit.linkedin.com\/pub\/michele-mancino\/28\/b71\/890\/it\",\"https:\/\/twitter.com\/micmancio\"],\"url\":\"https:\/\/staging.varesenews.it\/persona\/michele_mancino\/\"}]}<\/script>\n<!-- \/ Yoast SEO plugin. -->","yoast_head_json":{"title":"A Varese \u00e8 arrivato \"Il tempo della giustizia\"","description":"Il magistrato Giuseppe Battarino presenter\u00e0 gioved\u00ec 14 giugno alle ore 18 e 30 al teatro Apollonio il nuovo libro dedicato al tempo nella giustizia","robots":{"index":"noindex","follow":"follow","max-snippet":"max-snippet:-1","max-image-preview":"max-image-preview:large","max-video-preview":"max-video-preview:-1"},"og_locale":"it_IT","og_type":"article","og_title":"A Varese \u00e8 arrivato \"Il tempo della giustizia\"","og_description":"Il magistrato Giuseppe Battarino presenter\u00e0 gioved\u00ec 14 giugno alle ore 18 e 30 al teatro Apollonio il nuovo libro dedicato al tempo nella giustizia","og_url":"https:\/\/staging.varesenews.it\/2018\/06\/varese-arrivato-tempo-della-giustizia\/726425\/","og_site_name":"VareseNews","article_publisher":"https:\/\/www.facebook.com\/varesenews","article_author":"https:\/\/www.facebook.com\/michele.mancino.5","article_published_time":"2018-06-14T09:59:01+00:00","article_modified_time":"2018-06-14T10:34:40+00:00","author":"Michele Mancino","twitter_card":"summary_large_image","twitter_creator":"@micmancio","twitter_site":"@varesenews","twitter_misc":{"Scritto da":"Michele Mancino","Tempo di lettura stimato":"1 minuto"},"schema":{"@context":"https:\/\/schema.org","@graph":[{"@type":"WebPage","@id":"https:\/\/staging.varesenews.it\/2018\/06\/varese-arrivato-tempo-della-giustizia\/726425\/","url":"https:\/\/staging.varesenews.it\/2018\/06\/varese-arrivato-tempo-della-giustizia\/726425\/","name":"A Varese \u00e8 arrivato \"Il tempo della giustizia\"","isPartOf":{"@id":"https:\/\/staging.varesenews.it\/#website"},"datePublished":"2018-06-14T09:59:01+00:00","dateModified":"2018-06-14T10:34:40+00:00","author":{"@id":"https:\/\/staging.varesenews.it\/#\/schema\/person\/308b491d3cb680ead199e5ff6c6ce540"},"description":"Il magistrato Giuseppe Battarino presenter\u00e0 gioved\u00ec 14 giugno alle ore 18 e 30 al teatro Apollonio il nuovo libro dedicato al tempo nella giustizia","breadcrumb":{"@id":"https:\/\/staging.varesenews.it\/2018\/06\/varese-arrivato-tempo-della-giustizia\/726425\/#breadcrumb"},"inLanguage":"it-IT","potentialAction":[{"@type":"ReadAction","target":["https:\/\/staging.varesenews.it\/2018\/06\/varese-arrivato-tempo-della-giustizia\/726425\/"]}]},{"@type":"BreadcrumbList","@id":"https:\/\/staging.varesenews.it\/2018\/06\/varese-arrivato-tempo-della-giustizia\/726425\/#breadcrumb","itemListElement":[{"@type":"ListItem","position":1,"name":"Home","item":"https:\/\/www.varesenews.it\/"},{"@type":"ListItem","position":2,"name":"A Varese \u00e8 arrivato &#8220;Il tempo della giustizia&#8221;"}]},{"@type":"WebSite","@id":"https:\/\/staging.varesenews.it\/#website","url":"https:\/\/staging.varesenews.it\/","name":"VareseNews","description":"","potentialAction":[{"@type":"SearchAction","target":{"@type":"EntryPoint","urlTemplate":"https:\/\/staging.varesenews.it\/?s={search_term_string}"},"query-input":"required name=search_term_string"}],"inLanguage":"it-IT"},{"@type":"Person","@id":"https:\/\/staging.varesenews.it\/#\/schema\/person\/308b491d3cb680ead199e5ff6c6ce540","name":"Michele Mancino","image":{"@type":"ImageObject","inLanguage":"it-IT","@id":"https:\/\/staging.varesenews.it\/#\/schema\/person\/image\/","url":"https:\/\/staging.varesenews.it\/wp-content\/uploads\/2020\/12\/michele_mancino_colori_500.jpg","contentUrl":"https:\/\/staging.varesenews.it\/wp-content\/uploads\/2020\/12\/michele_mancino_colori_500.jpg","caption":"Michele Mancino"},"description":"Sono a VareseNews da prima che nascesse. Ho inserito le prime notizie in una stringa di codice html, la lingua di internet. Aprivo i computer, cambiavo schede di rete e portavo i server dal provider. A met&agrave; degli anni &rsquo;90 il giornalista online doveva saper fare anche questo. Ho vissuto gli anni drammatici della bolla speculativa di Internet e quelli entusiastici della crescita, anni in cui VareseNews era un Davide in mezzo a tanti Golia. Poi sono arrivati i social, le nuove piattaforme e soprattutto gli smartphone, una postazione di lavoro racchiusa in una mano. Una nuova rivoluzione. Insomma, &egrave; stata, ed &egrave; ancora, un&rsquo;avventura entusiasmante perch&eacute; mi insegna giorno dopo giorno che il cambiamento &egrave; l&rsquo;unica certezza di questa fragile esistenza.","sameAs":["https:\/\/www.facebook.com\/michele.mancino.5","micmancio","Aggiorna le impostazioni del tuo profilo pubblicoit.linkedin.com\/pub\/michele-mancino\/28\/b71\/890\/it","https:\/\/twitter.com\/micmancio"],"url":"https:\/\/staging.varesenews.it\/persona\/michele_mancino\/"}]}},"post_meta":{"_edit_lock":"1528972353:45","_edit_last":"45","_category_permalink":"a:1:{s:8:\"category\";s:1:\"2\";}","ratings_users":"0","ratings_score":"0","ratings_average":"0","foto":"125541","firma_come_redazione":"1","argomento":"Varese","_yoast_wpseo_focuskw_text_input":"battarino","_yoast_wpseo_focuskw":"battarino","_yoast_wpseo_linkdex":"58","_yoast_wpseo_content_score":"30","_jd_tweet_this":"yes","_wpt_short_url":"http:\/\/www.varesenews.it\/2018\/06\/varese-arrivato-tempo-della-giustizia\/726425\/","_wp_jd_target":"http:\/\/www.varesenews.it\/2018\/06\/varese-arrivato-tempo-della-giustizia\/726425\/","_jd_wp_twitter":"a:1:{i:0;s:165:\"A Varese \u00e8 arrivato \u201cIl tempo della giustizia\u201d http:\/\/www.varesenews.it\/2018\/06\/varese-arrivato-tempo-della-giustizia\/726425\/ #giustizia #libri #teatroapollonio\";}","_wpt_status_message":"Tweet inviato con successo."},"photos":[{"original":"https:\/\/staging.varesenews.it\/photogallery_new\/images\/2012\/03\/giuseppe-battarino-125541.jpg","full":"https:\/\/staging.varesenews.it\/photogallery_new\/images\/2012\/03\/giuseppe-battarino-125541.1024x768.jpg","large":"https:\/\/staging.varesenews.it\/photogallery_new\/images\/2012\/03\/giuseppe-battarino-125541.610x431.jpg"}],"_links":{"self":[{"href":"https:\/\/staging.varesenews.it\/swgapi\/v1\/wp\/v2\/posts\/726425"}],"collection":[{"href":"https:\/\/staging.varesenews.it\/swgapi\/v1\/wp\/v2\/posts"}],"about":[{"href":"https:\/\/staging.varesenews.it\/swgapi\/v1\/wp\/v2\/types\/post"}],"author":[{"embeddable":true,"href":"https:\/\/staging.varesenews.it\/swgapi\/v1\/wp\/v2\/users\/45"}],"replies":[{"embeddable":true,"href":"https:\/\/staging.varesenews.it\/swgapi\/v1\/wp\/v2\/comments?post=726425"}],"version-history":[{"count":0,"href":"https:\/\/staging.varesenews.it\/swgapi\/v1\/wp\/v2\/posts\/726425\/revisions"}],"wp:attachment":[{"href":"https:\/\/staging.varesenews.it\/swgapi\/v1\/wp\/v2\/media?parent=726425"}],"wp:term":[{"taxonomy":"category","embeddable":true,"href":"https:\/\/staging.varesenews.it\/swgapi\/v1\/wp\/v2\/categories?post=726425"},{"taxonomy":"post_tag","embeddable":true,"href":"https:\/\/staging.varesenews.it\/swgapi\/v1\/wp\/v2\/tags?post=726425"}],"curies":[{"name":"wp","href":"https:\/\/api.w.org\/{rel}","templated":true}]}}