{"id":726494,"date":"2018-06-14T15:45:00","date_gmt":"2018-06-14T13:45:00","guid":{"rendered":"http:\/\/www.varesenews.it\/?p=726494"},"modified":"2018-06-14T15:45:00","modified_gmt":"2018-06-14T13:45:00","slug":"cinema-le-stelle-villa-forzinetti","status":"publish","type":"post","link":"https:\/\/staging.varesenews.it\/2018\/06\/cinema-le-stelle-villa-forzinetti\/726494\/","title":{"rendered":"Cinema sotto le stelle a Villa Forzinetti"},"content":{"rendered":"<p class=\"p1\"><strong><span class=\"s1\">Mercoled\u00ec 27 giugno, a Villa Forzinetti, si terr\u00e0 la terza edizione di Cinema Sotto le Stelle.<\/span><\/strong><\/p>\n<p class=\"p1\"><span class=\"s1\">Villa Forzinetti \u00e8 la sede della <strong>Comunit\u00e0 Psichiatrica Protetta ad Alta Assistenza<\/strong> che afferisce alla Psichiatria di Varese. Si trova in centro citt\u00e0, in via Cesare da Sesto.<br \/>\n<\/span><\/p>\n<p class=\"p1\"><span class=\"s1\">L&#8217;iniziativa si aprir\u00e0 con <strong>un&#8217;apericena alle 18.30,<\/strong> preparata da ospiti e operatori della Comunit\u00e0, e, a seguire, la proiezione del <strong>film\u00a0La Pazza Gioia\u00a0del regista Paolo Virz\u00ec.\u00a0<\/strong><\/span><\/p>\n<p class=\"p1\"><span class=\"s1\">L&#8217;introduzione sar\u00e0 a cura di <strong>Alessandro Leone<\/strong>, critico cinematografico di FilmSttudio &#8217;90.<\/span><\/p>\n","protected":false},"excerpt":{"rendered":"<p>Mercoled\u00ec 27 giugno, la pellicola di Virz\u00ec &#8220;La pazza gioia&#8221; verr\u00e0 presentata nella sede della Comunit\u00e0 Psichiatrica Protetta ad Alta Assistenza<\/p>\n","protected":false},"author":33,"featured_media":0,"comment_status":"open","ping_status":"open","sticky":false,"template":"","format":"standard","meta":{"footnotes":""},"categories":[21],"tags":[2658,4689],"acf":[],"yoast_head":"<!-- This site is optimized with the Yoast SEO plugin v20.1 - https:\/\/yoast.com\/wordpress\/plugins\/seo\/ -->\n<title>Cinema sotto le stelle a Villa Forzinetti<\/title>\n<meta name=\"description\" content=\"Mercoled\u00ec 27 giugno, la pellicola di Virz\u00ec &quot;La pazza gioia&quot; verr\u00e0 presentata nella sede della Comunit\u00e0 Psichiatrica Protetta ad Alta Assistenza\" \/>\n<meta name=\"robots\" content=\"noindex, follow, max-snippet:-1, max-image-preview:large, max-video-preview:-1\" \/>\n<meta property=\"og:locale\" content=\"it_IT\" \/>\n<meta property=\"og:type\" content=\"article\" \/>\n<meta property=\"og:title\" content=\"Cinema sotto le stelle a Villa Forzinetti\" \/>\n<meta property=\"og:description\" content=\"Mercoled\u00ec 27 giugno, la pellicola di Virz\u00ec &quot;La pazza gioia&quot; verr\u00e0 presentata nella sede della Comunit\u00e0 Psichiatrica Protetta ad Alta Assistenza\" \/>\n<meta property=\"og:url\" content=\"https:\/\/staging.varesenews.it\/2018\/06\/cinema-le-stelle-villa-forzinetti\/726494\/\" \/>\n<meta property=\"og:site_name\" content=\"VareseNews\" \/>\n<meta property=\"article:publisher\" content=\"https:\/\/www.facebook.com\/varesenews\" \/>\n<meta property=\"article:author\" content=\"alessandra.toni7\" \/>\n<meta property=\"article:published_time\" content=\"2018-06-14T13:45:00+00:00\" \/>\n<meta name=\"author\" content=\"Alessandra Toni\" \/>\n<meta name=\"twitter:card\" content=\"summary_large_image\" \/>\n<meta name=\"twitter:creator\" content=\"@alessandra_toni\" \/>\n<meta name=\"twitter:site\" content=\"@varesenews\" \/>\n<meta name=\"twitter:label1\" content=\"Scritto da\" \/>\n\t<meta name=\"twitter:data1\" content=\"Alessandra Toni\" \/>\n<script type=\"application\/ld+json\" class=\"yoast-schema-graph\">{\"@context\":\"https:\/\/schema.org\",\"@graph\":[{\"@type\":\"WebPage\",\"@id\":\"https:\/\/staging.varesenews.it\/2018\/06\/cinema-le-stelle-villa-forzinetti\/726494\/\",\"url\":\"https:\/\/staging.varesenews.it\/2018\/06\/cinema-le-stelle-villa-forzinetti\/726494\/\",\"name\":\"Cinema sotto le stelle a Villa Forzinetti\",\"isPartOf\":{\"@id\":\"https:\/\/staging.varesenews.it\/#website\"},\"datePublished\":\"2018-06-14T13:45:00+00:00\",\"dateModified\":\"2018-06-14T13:45:00+00:00\",\"author\":{\"@id\":\"https:\/\/staging.varesenews.it\/#\/schema\/person\/2643ce123d4a3c9511e015dc548779b8\"},\"description\":\"Mercoled\u00ec 27 giugno, la pellicola di Virz\u00ec \\\"La pazza gioia\\\" verr\u00e0 presentata nella sede della Comunit\u00e0 Psichiatrica Protetta ad Alta Assistenza\",\"breadcrumb\":{\"@id\":\"https:\/\/staging.varesenews.it\/2018\/06\/cinema-le-stelle-villa-forzinetti\/726494\/#breadcrumb\"},\"inLanguage\":\"it-IT\",\"potentialAction\":[{\"@type\":\"ReadAction\",\"target\":[\"https:\/\/staging.varesenews.it\/2018\/06\/cinema-le-stelle-villa-forzinetti\/726494\/\"]}]},{\"@type\":\"BreadcrumbList\",\"@id\":\"https:\/\/staging.varesenews.it\/2018\/06\/cinema-le-stelle-villa-forzinetti\/726494\/#breadcrumb\",\"itemListElement\":[{\"@type\":\"ListItem\",\"position\":1,\"name\":\"Home\",\"item\":\"https:\/\/www.varesenews.it\/\"},{\"@type\":\"ListItem\",\"position\":2,\"name\":\"Cinema sotto le stelle a Villa Forzinetti\"}]},{\"@type\":\"WebSite\",\"@id\":\"https:\/\/staging.varesenews.it\/#website\",\"url\":\"https:\/\/staging.varesenews.it\/\",\"name\":\"VareseNews\",\"description\":\"\",\"potentialAction\":[{\"@type\":\"SearchAction\",\"target\":{\"@type\":\"EntryPoint\",\"urlTemplate\":\"https:\/\/staging.varesenews.it\/?s={search_term_string}\"},\"query-input\":\"required name=search_term_string\"}],\"inLanguage\":\"it-IT\"},{\"@type\":\"Person\",\"@id\":\"https:\/\/staging.varesenews.it\/#\/schema\/person\/2643ce123d4a3c9511e015dc548779b8\",\"name\":\"Alessandra Toni\",\"image\":{\"@type\":\"ImageObject\",\"inLanguage\":\"it-IT\",\"@id\":\"https:\/\/staging.varesenews.it\/#\/schema\/person\/image\/\",\"url\":\"https:\/\/staging.varesenews.it\/wp-content\/uploads\/2020\/12\/alessandra_toni_colori_500.jpg\",\"contentUrl\":\"https:\/\/staging.varesenews.it\/wp-content\/uploads\/2020\/12\/alessandra_toni_colori_500.jpg\",\"caption\":\"Alessandra Toni\"},\"description\":\"Sono entrata nella redazione di VareseNews nel lontano anno 2000. Ero reduce da una bellissima esperienza nella redazione giornalistica della TV Nuova Antennatre, sotto la direzione dell'indimenticabile direttore Adolfo Caldarini. Sono arrivata quando era ancora una piccola realt\u00e0 editoriale e insieme abbiamo fatto un lungo ed entusiasmante lavoro. Mi occupo prevalentemente di scuola e di sanit\u00e0, settori impegnativi di grande valore sociale.\u00a0\",\"sameAs\":[\"alessandra.toni7\",\"alessandra.toni\",\"https:\/\/twitter.com\/alessandra_toni\"],\"url\":\"https:\/\/staging.varesenews.it\/persona\/alessandra_toni1\/\"}]}<\/script>\n<!-- \/ Yoast SEO plugin. -->","yoast_head_json":{"title":"Cinema sotto le stelle a Villa Forzinetti","description":"Mercoled\u00ec 27 giugno, la pellicola di Virz\u00ec \"La pazza gioia\" verr\u00e0 presentata nella sede della Comunit\u00e0 Psichiatrica Protetta ad Alta Assistenza","robots":{"index":"noindex","follow":"follow","max-snippet":"max-snippet:-1","max-image-preview":"max-image-preview:large","max-video-preview":"max-video-preview:-1"},"og_locale":"it_IT","og_type":"article","og_title":"Cinema sotto le stelle a Villa Forzinetti","og_description":"Mercoled\u00ec 27 giugno, la pellicola di Virz\u00ec \"La pazza gioia\" verr\u00e0 presentata nella sede della Comunit\u00e0 Psichiatrica Protetta ad Alta Assistenza","og_url":"https:\/\/staging.varesenews.it\/2018\/06\/cinema-le-stelle-villa-forzinetti\/726494\/","og_site_name":"VareseNews","article_publisher":"https:\/\/www.facebook.com\/varesenews","article_author":"alessandra.toni7","article_published_time":"2018-06-14T13:45:00+00:00","author":"Alessandra Toni","twitter_card":"summary_large_image","twitter_creator":"@alessandra_toni","twitter_site":"@varesenews","twitter_misc":{"Scritto da":"Alessandra Toni"},"schema":{"@context":"https:\/\/schema.org","@graph":[{"@type":"WebPage","@id":"https:\/\/staging.varesenews.it\/2018\/06\/cinema-le-stelle-villa-forzinetti\/726494\/","url":"https:\/\/staging.varesenews.it\/2018\/06\/cinema-le-stelle-villa-forzinetti\/726494\/","name":"Cinema sotto le stelle a Villa Forzinetti","isPartOf":{"@id":"https:\/\/staging.varesenews.it\/#website"},"datePublished":"2018-06-14T13:45:00+00:00","dateModified":"2018-06-14T13:45:00+00:00","author":{"@id":"https:\/\/staging.varesenews.it\/#\/schema\/person\/2643ce123d4a3c9511e015dc548779b8"},"description":"Mercoled\u00ec 27 giugno, la pellicola di Virz\u00ec \"La pazza gioia\" verr\u00e0 presentata nella sede della Comunit\u00e0 Psichiatrica Protetta ad Alta Assistenza","breadcrumb":{"@id":"https:\/\/staging.varesenews.it\/2018\/06\/cinema-le-stelle-villa-forzinetti\/726494\/#breadcrumb"},"inLanguage":"it-IT","potentialAction":[{"@type":"ReadAction","target":["https:\/\/staging.varesenews.it\/2018\/06\/cinema-le-stelle-villa-forzinetti\/726494\/"]}]},{"@type":"BreadcrumbList","@id":"https:\/\/staging.varesenews.it\/2018\/06\/cinema-le-stelle-villa-forzinetti\/726494\/#breadcrumb","itemListElement":[{"@type":"ListItem","position":1,"name":"Home","item":"https:\/\/www.varesenews.it\/"},{"@type":"ListItem","position":2,"name":"Cinema sotto le stelle a Villa Forzinetti"}]},{"@type":"WebSite","@id":"https:\/\/staging.varesenews.it\/#website","url":"https:\/\/staging.varesenews.it\/","name":"VareseNews","description":"","potentialAction":[{"@type":"SearchAction","target":{"@type":"EntryPoint","urlTemplate":"https:\/\/staging.varesenews.it\/?s={search_term_string}"},"query-input":"required name=search_term_string"}],"inLanguage":"it-IT"},{"@type":"Person","@id":"https:\/\/staging.varesenews.it\/#\/schema\/person\/2643ce123d4a3c9511e015dc548779b8","name":"Alessandra Toni","image":{"@type":"ImageObject","inLanguage":"it-IT","@id":"https:\/\/staging.varesenews.it\/#\/schema\/person\/image\/","url":"https:\/\/staging.varesenews.it\/wp-content\/uploads\/2020\/12\/alessandra_toni_colori_500.jpg","contentUrl":"https:\/\/staging.varesenews.it\/wp-content\/uploads\/2020\/12\/alessandra_toni_colori_500.jpg","caption":"Alessandra Toni"},"description":"Sono entrata nella redazione di VareseNews nel lontano anno 2000. Ero reduce da una bellissima esperienza nella redazione giornalistica della TV Nuova Antennatre, sotto la direzione dell'indimenticabile direttore Adolfo Caldarini. Sono arrivata quando era ancora una piccola realt\u00e0 editoriale e insieme abbiamo fatto un lungo ed entusiasmante lavoro. Mi occupo prevalentemente di scuola e di sanit\u00e0, settori impegnativi di grande valore sociale.\u00a0","sameAs":["alessandra.toni7","alessandra.toni","https:\/\/twitter.com\/alessandra_toni"],"url":"https:\/\/staging.varesenews.it\/persona\/alessandra_toni1\/"}]}},"post_meta":{"_edit_lock":"1528983903:33","_edit_last":"33","_category_permalink":"a:1:{s:8:\"category\";s:2:\"21\";}","foto":"539579","firma_come_redazione":"1","argomento":"Varese","_yoast_wpseo_content_score":"30","_jd_tweet_this":"yes","ratings_users":"0","ratings_score":"0","ratings_average":"0","_wpt_short_url":"http:\/\/www.varesenews.it\/2018\/06\/cinema-le-stelle-villa-forzinetti\/726494\/","_wp_jd_target":"http:\/\/www.varesenews.it\/2018\/06\/cinema-le-stelle-villa-forzinetti\/726494\/","_jd_wp_twitter":"a:1:{i:0;s:129:\"Cinema sotto le stelle a Villa Forzinetti http:\/\/www.varesenews.it\/2018\/06\/cinema-le-stelle-villa-forzinetti\/726494\/ #psichiatria\";}","_wpt_status_message":"Tweet inviato con successo."},"photos":[{"original":"https:\/\/staging.varesenews.it\/photogallery_new\/images\/2016\/05\/cinema-539579.jpg","full":"https:\/\/staging.varesenews.it\/photogallery_new\/images\/2016\/05\/cinema-539579.1024x768.jpg","large":"https:\/\/staging.varesenews.it\/photogallery_new\/images\/2016\/05\/cinema-539579.610x431.jpg"}],"_links":{"self":[{"href":"https:\/\/staging.varesenews.it\/swgapi\/v1\/wp\/v2\/posts\/726494"}],"collection":[{"href":"https:\/\/staging.varesenews.it\/swgapi\/v1\/wp\/v2\/posts"}],"about":[{"href":"https:\/\/staging.varesenews.it\/swgapi\/v1\/wp\/v2\/types\/post"}],"author":[{"embeddable":true,"href":"https:\/\/staging.varesenews.it\/swgapi\/v1\/wp\/v2\/users\/33"}],"replies":[{"embeddable":true,"href":"https:\/\/staging.varesenews.it\/swgapi\/v1\/wp\/v2\/comments?post=726494"}],"version-history":[{"count":0,"href":"https:\/\/staging.varesenews.it\/swgapi\/v1\/wp\/v2\/posts\/726494\/revisions"}],"wp:attachment":[{"href":"https:\/\/staging.varesenews.it\/swgapi\/v1\/wp\/v2\/media?parent=726494"}],"wp:term":[{"taxonomy":"category","embeddable":true,"href":"https:\/\/staging.varesenews.it\/swgapi\/v1\/wp\/v2\/categories?post=726494"},{"taxonomy":"post_tag","embeddable":true,"href":"https:\/\/staging.varesenews.it\/swgapi\/v1\/wp\/v2\/tags?post=726494"}],"curies":[{"name":"wp","href":"https:\/\/api.w.org\/{rel}","templated":true}]}}