{"id":727609,"date":"2018-06-18T18:37:01","date_gmt":"2018-06-18T16:37:01","guid":{"rendered":"http:\/\/www.varesenews.it\/?p=727609"},"modified":"2018-06-18T19:58:01","modified_gmt":"2018-06-18T17:58:01","slug":"saint-jean-roncisvalle-natura-storia","status":"publish","type":"post","link":"https:\/\/staging.varesenews.it\/2018\/06\/saint-jean-roncisvalle-natura-storia\/727609\/","title":{"rendered":"Da Saint Jean a Roncisvalle tra natura e storia"},"content":{"rendered":"<p>I Pirenei ci sono, basta crederci. I primi seicento metri di dislivello aprono scenari sempre pi\u00f9 ampi e con una vista spettacolare. Poi la protagonista diventa la nebbia e con lei il vento fino a Roncisvalle.<span class=\"Apple-converted-space\">\u00a0<\/span><\/p>\n<p>Siamo tanti a partire da <strong>Saint Jean pied de port<\/strong>. Unica tappa transfrontaliera tra Francia e Spagna accomunati per\u00f2 dalla cultura Basca.<span class=\"Apple-converted-space\">\u00a0<\/span><\/p>\n<p>Pochi giovani per ora, ma c\u2019\u00e8 gi\u00e0 il mondo intero sul cammino. Percorro un tratto con una coppia di giapponesi, poi tedeschi, francesi, un venezuelano, italiani e tanti altri.<span class=\"Apple-converted-space\">\u00a0<\/span><\/p>\n<p>La prima tappa corre su una striscia di asfalto per buoni due terzi della strada. \u00c8 la route Napoleon e mi ricorda l\u2019avvio della Francigena al Gran San Bernardo. <strong>L\u2019imperatore francese pass\u00f2 anche da l\u00ec pensando di prendere di sorpresa i piemontesi<\/strong>. Non tenne conto della difesa che rappresentava il forte di Bart per la Val d\u2019Aosta e cos\u00ec rest\u00f2 bloccato alcune settimane. Questa comunque \u00e8 un\u2019altra storia, ma un po\u2019 come il nostro Garibaldi, Napoleone lo si trova un p\u00f2 ovunque.<span class=\"Apple-converted-space\">\u00a0<\/span><\/p>\n<p>Sulla route che porta il suo nome si sale subito e fino al rifugio di Orisson, ultimo segnale di vita, a parte le pecore, i cavalli, un ambulante e noi pellegrini, non si incontra altro. La salita non d\u00e0 tregua fino alla Virgin e poi la Croix. C\u2019\u00e8 un tempo, che a leggere la guida, deve esser un classico. Siamo stati fortunati perch\u00e9 fino a due giorni fa pioveva tutto il giorno e in alto ce ne rendiamo conto perch\u00e9 il sentiero \u00e8 un fiume di fango e costringe a fare deviazioni per non restare impantanati. Il tempo ha retto bene anche se il sole per oggi si \u00e8 fatto solo desiderare.<span class=\"Apple-converted-space\">\u00a0<\/span><\/p>\n<p><strong>Roncisvalle \u00e8 imponente.<\/strong> Da lontano appare come una fortezza sospesa in mezzo al niente. Di fatto un po&#8217; lo \u00e8 perch\u00e9 qui ci sono solo la collegiata e qualche casa adibita a pensione. Il pezzo forte \u00e8 l\u2019albergue che fa da ostello e pu\u00f2 accogliere oltre 180 ospiti. In questo periodo i volontari che fanno assistenza arrivano dall\u2019Olanda.<span class=\"Apple-converted-space\">\u00a0<\/span><\/p>\n<p>Qui le mura parlano di storia da oltre un millennio. Prima ancora che passaggio dei pellegrini con il relativo ospitale Roncisvalle viene ricordata per la battaglia condotta da Carlo Magno nel 778. C\u2019\u00e8 pi\u00f9 leggenda che storia su questa vicenda e la guida che fa visitare il museo, la chiesetta e il chiostro si scalda nel raccontare le gesta del re. Quello che \u00e8 certo riguarda la grande venerazione per Maria. La \u201cNuestra Senora de Roncesvalles dal tredicesimo secolo diventa protagonista nel borgo e ben oltre.<span class=\"Apple-converted-space\">\u00a0<\/span><\/p>\n<p>Sono pochissimi i pellegrini che approfittano della visita guidata che permette di conoscere pezzi di storia di questo straordinario sito storico. La chiesa di San Giacomo, il sito di Carlo Magno e il chiostro con la bella sala capitolare dove si trova la statua del re Sancho el Fuerte sono visitabili all\u2019interno del percorso che per i pellegrini costa solo tre euro.<span class=\"Apple-converted-space\">\u00a0<\/span><\/p>\n<p>La fatica della prima tappa trova come compare l\u2019adrenalina e anche la felicit\u00e0 dell\u2019inizio del cammino e l\u2019energia con grande probabilit\u00e0 arriva proprio da l\u00ec.<span class=\"Apple-converted-space\">\u00a0<\/span><\/p>\n<p>In ogni caso ora resta la cena del pellegrino, la messa nella collegiata e per finire la benedizione.<span class=\"Apple-converted-space\">\u00a0<\/span><\/p>\n<p><strong>E domani si va a Zubiri, sempre in Navarra, sempre nei Paesi Baschi.<span class=\"Apple-converted-space\">\u00a0<\/span><\/strong><\/p>\n<p style=\"text-align: right;\">\n","protected":false},"excerpt":{"rendered":"<p>La prima tappa sul Cammino di Santiago attraversa i Pirenei ed entra in Spagna<\/p>\n","protected":false},"author":54,"featured_media":0,"comment_status":"open","ping_status":"open","sticky":false,"template":"","format":"standard","meta":{"footnotes":""},"categories":[9,46],"tags":[4355,87970],"acf":[],"yoast_head":"<!-- This site is optimized with the Yoast SEO plugin v20.1 - https:\/\/yoast.com\/wordpress\/plugins\/seo\/ -->\n<title>Da Saint Jean a Roncisvalle tra natura e storia<\/title>\n<meta name=\"description\" content=\"La prima tappa sul Cammino di Santiago attraversa i Pirenei ed entra in Spagna\" \/>\n<meta name=\"robots\" content=\"noindex, follow, max-snippet:-1, max-image-preview:large, max-video-preview:-1\" \/>\n<meta property=\"og:locale\" content=\"it_IT\" \/>\n<meta property=\"og:type\" content=\"article\" \/>\n<meta property=\"og:title\" content=\"Da Saint Jean a Roncisvalle tra natura e storia\" \/>\n<meta property=\"og:description\" content=\"La prima tappa sul Cammino di Santiago attraversa i Pirenei ed entra in Spagna\" \/>\n<meta property=\"og:url\" content=\"https:\/\/www.varesenews.it\/2018\/06\/saint-jean-roncisvalle-natura-storia\/727609\/\" \/>\n<meta property=\"og:site_name\" content=\"VareseNews\" \/>\n<meta property=\"article:publisher\" content=\"https:\/\/www.facebook.com\/varesenews\" \/>\n<meta property=\"article:author\" content=\"https:\/\/www.facebook.com\/giovannelli.marco?fref=ts\" \/>\n<meta property=\"article:published_time\" content=\"2018-06-18T16:37:01+00:00\" \/>\n<meta property=\"article:modified_time\" content=\"2018-06-18T17:58:01+00:00\" \/>\n<meta name=\"author\" content=\"Marco Giovannelli\" \/>\n<meta name=\"twitter:card\" content=\"summary_large_image\" \/>\n<meta name=\"twitter:creator\" content=\"@marcogio59\" \/>\n<meta name=\"twitter:site\" content=\"@varesenews\" \/>\n<meta name=\"twitter:label1\" content=\"Scritto da\" \/>\n\t<meta name=\"twitter:data1\" content=\"Marco Giovannelli\" \/>\n\t<meta name=\"twitter:label2\" content=\"Tempo di lettura stimato\" \/>\n\t<meta name=\"twitter:data2\" content=\"3 minuti\" \/>\n<script type=\"application\/ld+json\" class=\"yoast-schema-graph\">{\"@context\":\"https:\/\/schema.org\",\"@graph\":[{\"@type\":\"WebPage\",\"@id\":\"https:\/\/www.varesenews.it\/2018\/06\/saint-jean-roncisvalle-natura-storia\/727609\/\",\"url\":\"https:\/\/www.varesenews.it\/2018\/06\/saint-jean-roncisvalle-natura-storia\/727609\/\",\"name\":\"Da Saint Jean a Roncisvalle tra natura e storia\",\"isPartOf\":{\"@id\":\"https:\/\/staging.varesenews.it\/#website\"},\"datePublished\":\"2018-06-18T16:37:01+00:00\",\"dateModified\":\"2018-06-18T17:58:01+00:00\",\"author\":{\"@id\":\"https:\/\/staging.varesenews.it\/#\/schema\/person\/b32b6f44664f8274f79469e452856024\"},\"description\":\"La prima tappa sul Cammino di Santiago attraversa i Pirenei ed entra in Spagna\",\"breadcrumb\":{\"@id\":\"https:\/\/www.varesenews.it\/2018\/06\/saint-jean-roncisvalle-natura-storia\/727609\/#breadcrumb\"},\"inLanguage\":\"it-IT\",\"potentialAction\":[{\"@type\":\"ReadAction\",\"target\":[\"https:\/\/www.varesenews.it\/2018\/06\/saint-jean-roncisvalle-natura-storia\/727609\/\"]}]},{\"@type\":\"BreadcrumbList\",\"@id\":\"https:\/\/www.varesenews.it\/2018\/06\/saint-jean-roncisvalle-natura-storia\/727609\/#breadcrumb\",\"itemListElement\":[{\"@type\":\"ListItem\",\"position\":1,\"name\":\"Home\",\"item\":\"https:\/\/www.varesenews.it\/\"},{\"@type\":\"ListItem\",\"position\":2,\"name\":\"Da Saint Jean a Roncisvalle tra natura e storia\"}]},{\"@type\":\"WebSite\",\"@id\":\"https:\/\/staging.varesenews.it\/#website\",\"url\":\"https:\/\/staging.varesenews.it\/\",\"name\":\"VareseNews\",\"description\":\"\",\"potentialAction\":[{\"@type\":\"SearchAction\",\"target\":{\"@type\":\"EntryPoint\",\"urlTemplate\":\"https:\/\/staging.varesenews.it\/?s={search_term_string}\"},\"query-input\":\"required name=search_term_string\"}],\"inLanguage\":\"it-IT\"},{\"@type\":\"Person\",\"@id\":\"https:\/\/staging.varesenews.it\/#\/schema\/person\/b32b6f44664f8274f79469e452856024\",\"name\":\"Marco Giovannelli\",\"image\":{\"@type\":\"ImageObject\",\"inLanguage\":\"it-IT\",\"@id\":\"https:\/\/staging.varesenews.it\/#\/schema\/person\/image\/\",\"url\":\"https:\/\/staging.varesenews.it\/wp-content\/uploads\/2020\/12\/marco_giovannelli_colori_500.jpg\",\"contentUrl\":\"https:\/\/staging.varesenews.it\/wp-content\/uploads\/2020\/12\/marco_giovannelli_colori_500.jpg\",\"caption\":\"Marco Giovannelli\"},\"description\":\"Viterbese di origine vivo a Varese dal 1978. Due figli grandi, due lauree in scienze &ldquo;inutili&rdquo; quanto affascinanti che mi portano a mettere lo studio ancora al primo posto. Dopo aver lavorato per il sindacato, fondato e lavorato al centro Gulliver, in una cooperativa che gestiva il Circolino a Varese, con un altro viterbese e un lucano ho fondato VareseNews quando nessuno o quasi sapeva cosa fosse Internet. Ho alcune grandi passioni, la prima &egrave; il cammino che cerco di vivere quotidianamente. Averne percorsi alcuni storici con Santiago e la Francigena mi ha poi portato a far diventare anche lavoro la loro valorizzazione e in particolare la Via Francisca del Lucomagno. Amo leggere, andare al cinema, viaggiare. Mi piace conoscere. La mia migliore attitudine &egrave; connettere mondi e per questo mi affascina la contemporaneit&agrave; e il digitale. Ho insegnato diritto ed economia per un decennio nelle scuole superiori. Ho tenuto diverse lezioni e laboratori allo Iulm e ora all&rsquo;Universit&agrave; dell&rsquo;Insubria con un corso di Giornalismo digitale alla specialistica. Ho fondato diversi progetti editoriali.&nbsp;\",\"sameAs\":[\"https:\/\/www.facebook.com\/giovannelli.marco?fref=ts\",\"marcogio59\",\"https:\/\/it.linkedin.com\/in\/giovannellimarco\",\"https:\/\/twitter.com\/marcogio59\"],\"url\":\"https:\/\/staging.varesenews.it\/persona\/marco_giovannelli-2\/\"}]}<\/script>\n<!-- \/ Yoast SEO plugin. -->","yoast_head_json":{"title":"Da Saint Jean a Roncisvalle tra natura e storia","description":"La prima tappa sul Cammino di Santiago attraversa i Pirenei ed entra in Spagna","robots":{"index":"noindex","follow":"follow","max-snippet":"max-snippet:-1","max-image-preview":"max-image-preview:large","max-video-preview":"max-video-preview:-1"},"og_locale":"it_IT","og_type":"article","og_title":"Da Saint Jean a Roncisvalle tra natura e storia","og_description":"La prima tappa sul Cammino di Santiago attraversa i Pirenei ed entra in Spagna","og_url":"https:\/\/www.varesenews.it\/2018\/06\/saint-jean-roncisvalle-natura-storia\/727609\/","og_site_name":"VareseNews","article_publisher":"https:\/\/www.facebook.com\/varesenews","article_author":"https:\/\/www.facebook.com\/giovannelli.marco?fref=ts","article_published_time":"2018-06-18T16:37:01+00:00","article_modified_time":"2018-06-18T17:58:01+00:00","author":"Marco Giovannelli","twitter_card":"summary_large_image","twitter_creator":"@marcogio59","twitter_site":"@varesenews","twitter_misc":{"Scritto da":"Marco Giovannelli","Tempo di lettura stimato":"3 minuti"},"schema":{"@context":"https:\/\/schema.org","@graph":[{"@type":"WebPage","@id":"https:\/\/www.varesenews.it\/2018\/06\/saint-jean-roncisvalle-natura-storia\/727609\/","url":"https:\/\/www.varesenews.it\/2018\/06\/saint-jean-roncisvalle-natura-storia\/727609\/","name":"Da Saint Jean a Roncisvalle tra natura e storia","isPartOf":{"@id":"https:\/\/staging.varesenews.it\/#website"},"datePublished":"2018-06-18T16:37:01+00:00","dateModified":"2018-06-18T17:58:01+00:00","author":{"@id":"https:\/\/staging.varesenews.it\/#\/schema\/person\/b32b6f44664f8274f79469e452856024"},"description":"La prima tappa sul Cammino di Santiago attraversa i Pirenei ed entra in Spagna","breadcrumb":{"@id":"https:\/\/www.varesenews.it\/2018\/06\/saint-jean-roncisvalle-natura-storia\/727609\/#breadcrumb"},"inLanguage":"it-IT","potentialAction":[{"@type":"ReadAction","target":["https:\/\/www.varesenews.it\/2018\/06\/saint-jean-roncisvalle-natura-storia\/727609\/"]}]},{"@type":"BreadcrumbList","@id":"https:\/\/www.varesenews.it\/2018\/06\/saint-jean-roncisvalle-natura-storia\/727609\/#breadcrumb","itemListElement":[{"@type":"ListItem","position":1,"name":"Home","item":"https:\/\/www.varesenews.it\/"},{"@type":"ListItem","position":2,"name":"Da Saint Jean a Roncisvalle tra natura e storia"}]},{"@type":"WebSite","@id":"https:\/\/staging.varesenews.it\/#website","url":"https:\/\/staging.varesenews.it\/","name":"VareseNews","description":"","potentialAction":[{"@type":"SearchAction","target":{"@type":"EntryPoint","urlTemplate":"https:\/\/staging.varesenews.it\/?s={search_term_string}"},"query-input":"required name=search_term_string"}],"inLanguage":"it-IT"},{"@type":"Person","@id":"https:\/\/staging.varesenews.it\/#\/schema\/person\/b32b6f44664f8274f79469e452856024","name":"Marco Giovannelli","image":{"@type":"ImageObject","inLanguage":"it-IT","@id":"https:\/\/staging.varesenews.it\/#\/schema\/person\/image\/","url":"https:\/\/staging.varesenews.it\/wp-content\/uploads\/2020\/12\/marco_giovannelli_colori_500.jpg","contentUrl":"https:\/\/staging.varesenews.it\/wp-content\/uploads\/2020\/12\/marco_giovannelli_colori_500.jpg","caption":"Marco Giovannelli"},"description":"Viterbese di origine vivo a Varese dal 1978. Due figli grandi, due lauree in scienze &ldquo;inutili&rdquo; quanto affascinanti che mi portano a mettere lo studio ancora al primo posto. Dopo aver lavorato per il sindacato, fondato e lavorato al centro Gulliver, in una cooperativa che gestiva il Circolino a Varese, con un altro viterbese e un lucano ho fondato VareseNews quando nessuno o quasi sapeva cosa fosse Internet. Ho alcune grandi passioni, la prima &egrave; il cammino che cerco di vivere quotidianamente. Averne percorsi alcuni storici con Santiago e la Francigena mi ha poi portato a far diventare anche lavoro la loro valorizzazione e in particolare la Via Francisca del Lucomagno. Amo leggere, andare al cinema, viaggiare. Mi piace conoscere. La mia migliore attitudine &egrave; connettere mondi e per questo mi affascina la contemporaneit&agrave; e il digitale. Ho insegnato diritto ed economia per un decennio nelle scuole superiori. Ho tenuto diverse lezioni e laboratori allo Iulm e ora all&rsquo;Universit&agrave; dell&rsquo;Insubria con un corso di Giornalismo digitale alla specialistica. Ho fondato diversi progetti editoriali.&nbsp;","sameAs":["https:\/\/www.facebook.com\/giovannelli.marco?fref=ts","marcogio59","https:\/\/it.linkedin.com\/in\/giovannellimarco","https:\/\/twitter.com\/marcogio59"],"url":"https:\/\/staging.varesenews.it\/persona\/marco_giovannelli-2\/"}]}},"post_meta":{"_edit_lock":"1529345405:32","_edit_last":"32","_category_permalink":"a:1:{s:8:\"category\";s:0:\"\";}","ratings_users":"0","ratings_score":"0","ratings_average":"0","foto":"680594","argomento":"Il diario del cammino","_yoast_wpseo_content_score":"60","_jd_tweet_this":"yes","_wpt_short_url":"http:\/\/www.varesenews.it\/2018\/06\/saint-jean-roncisvalle-natura-storia\/727609\/","_wp_jd_target":"http:\/\/www.varesenews.it\/2018\/06\/saint-jean-roncisvalle-natura-storia\/727609\/","_jd_wp_twitter":"a:1:{i:0;s:141:\"Da Saint Jean a Roncisvalle tra natura e storia http:\/\/www.varesenews.it\/2018\/06\/saint-jean-roncisvalle-natura-storia\/727609\/ #Diariosantiago\";}","_wpt_status_message":"Tweet inviato con successo.","id_link_fotogallery":"727608"},"photos":[{"original":"https:\/\/staging.varesenews.it\/photogallery_new\/images\/2018\/06\/il-cammino-di-santiago-roncisvalle-680594.jpg","full":"https:\/\/staging.varesenews.it\/photogallery_new\/images\/2018\/06\/il-cammino-di-santiago-roncisvalle-680594.1024x768.jpg","large":"https:\/\/staging.varesenews.it\/photogallery_new\/images\/2018\/06\/il-cammino-di-santiago-roncisvalle-680594.610x431.jpg"}],"_links":{"self":[{"href":"https:\/\/staging.varesenews.it\/swgapi\/v1\/wp\/v2\/posts\/727609"}],"collection":[{"href":"https:\/\/staging.varesenews.it\/swgapi\/v1\/wp\/v2\/posts"}],"about":[{"href":"https:\/\/staging.varesenews.it\/swgapi\/v1\/wp\/v2\/types\/post"}],"author":[{"embeddable":true,"href":"https:\/\/staging.varesenews.it\/swgapi\/v1\/wp\/v2\/users\/54"}],"replies":[{"embeddable":true,"href":"https:\/\/staging.varesenews.it\/swgapi\/v1\/wp\/v2\/comments?post=727609"}],"version-history":[{"count":0,"href":"https:\/\/staging.varesenews.it\/swgapi\/v1\/wp\/v2\/posts\/727609\/revisions"}],"wp:attachment":[{"href":"https:\/\/staging.varesenews.it\/swgapi\/v1\/wp\/v2\/media?parent=727609"}],"wp:term":[{"taxonomy":"category","embeddable":true,"href":"https:\/\/staging.varesenews.it\/swgapi\/v1\/wp\/v2\/categories?post=727609"},{"taxonomy":"post_tag","embeddable":true,"href":"https:\/\/staging.varesenews.it\/swgapi\/v1\/wp\/v2\/tags?post=727609"}],"curies":[{"name":"wp","href":"https:\/\/api.w.org\/{rel}","templated":true}]}}