{"id":728818,"date":"2018-06-22T11:07:37","date_gmt":"2018-06-22T09:07:37","guid":{"rendered":"http:\/\/www.varesenews.it\/?p=728818"},"modified":"2018-06-22T11:07:37","modified_gmt":"2018-06-22T09:07:37","slug":"saronno-si-festeggia-la-ceramica","status":"publish","type":"post","link":"https:\/\/staging.varesenews.it\/2018\/06\/saronno-si-festeggia-la-ceramica\/728818\/","title":{"rendered":"A Saronno si festeggia la ceramica"},"content":{"rendered":"<p class=\"western\">Prende il via la prima edizione della <strong>Festa della Ceramica a Saronno<\/strong> organizzata dal <strong>Museo della Ceramica G. Gianetti e dal Comune di Saronno<\/strong> con il Patrocinio di Regione Lombardia, Provincia di Varese e del Comune di Nove (VI).<\/p>\n<p class=\"western\">La festa \u00e8 in programma nelle giornate<strong> del 30 giugno e 1 luglio 2018:<\/strong> due giorni dedicati interamente alla ceramica di qualit\u00e0, attraverso il coinvolgimento di artisti ed esperti, diffusa su tutto il nostro territorio, per far conoscere l\u2019importanza di questo materiale e le eccellenze nazionali.<\/p>\n<p class=\"western\">Correlati all\u2019iniziativa si svolgeranno presso il Museo laboratori sia per bambini che per adulti che potranno, attraverso un percorso esperienziale, sperimentare diverse tecniche di modellazione e decorazione. Ci saranno inoltre dimostrazioni al tornio, cotture di ceramica raku, e tutte le varianti di questa affascinante materia.<\/p>\n<p class=\"western\">L\u2019intera citt\u00e0 sar\u00e0 coinvolta, a partire dal Museo della Ceramica G. Gianetti, percorrendo il centro storico, per far riscoprire l\u2019artigianato e la manodopera di qualit\u00e0. Sono previsti inoltre coinvolgimenti attraverso iniziative ideate dai ragazzi dell\u2019IIS E. Majorana di Cesano Maderno e sar\u00e0 possibile visitare l\u2019esposizione dedicata a Maria Rosa Tagliabue, ex direttrice del Museo venuta a mancare nel maggio 2014, figura alla quale \u00e8 dedicata l\u2019intera iniziativa.<\/p>\n<p class=\"western\">Eventi in programma:<\/p>\n<p class=\"western\"><strong>Sabato 30 giugno dalle 10 alle 22:<\/strong><\/p>\n<p class=\"western\">Esposizione dei manufatti in ceramica di artigiani da tutta Italia nel giardino del museo Gianetti e in centro a Saronno.\u00a0Dimostrazioni di lavorazione dell\u2019argilla al tornio in centro.\u00a0Dimostrazioni di lavorazione dell\u2019argilla e di pittura su ceramica degli artigiani espositori.\u00a0Esposizione di sculture in ceramica e dimostrazioni degli artigiani saronnesi del gruppo \u00abmani in arte\u00bb e degli esercenti di via San Cristoforo.\u00a0Laboratori di modellazione ceramica aperti al pubblico per adulti e bambini in museo.\u00a0Coloritura di pezzi raku in museo<\/p>\n<p class=\"western\"><strong>Sabato 30 giugno ore 20 p.sso il Museo della Ceramica Gianetti:<\/strong><\/p>\n<p class=\"western\">LA CENA DELLE CENTO CIOTOLE a cura di Riccardo Biavati, in collaborazione con Gli Amici del Galli srl Saronno<\/p>\n<p class=\"western\">Le parole di Riccardo Biavati esprimono il perch\u00e9 di questa iniziativa \u201cQuesta cena vuole essere un omaggio a quei primi indispensabili contenitori, che in questa occasione, ospiteranno cibi contemporanei, frutto anche loro di migliaia d\u2019anni di evoluzione gastronomica. L\u2019invito \u00e8 &#8211; terminata la vivanda- scoprire il motivo, il decoro, il colore delle ciotole che abbiamo davanti, ognuna diversa, ognuna pezzo unico, come sono unici per me tutti i partecipanti a questa serata.\u201d\u00a0La cena si svolger\u00e0 nelle prestigiose sale espositive del museo, allestite con la collezione settecentesca e con le tavole contemporanee di R. Biavati.<br \/>\nL\u2019iniziativa \u00e8 a numero chiuso e solo su prenotazione.<\/p>\n<p class=\"western\"><strong>Sabato 30 giugno ore 23:<\/strong><\/p>\n<p class=\"western\">FUOCO E TERRA: ALCHIMIE DI LIBERTA\u2019. Cottura di una scultura a cielo aperto a cura di Angelo Zilio in Piazza Libert\u00e0, Saronno<\/p>\n<p class=\"western\">\u00c8 una performance che vede la costruzione di una fornace temporanea con l\u2019utilizzo di mattoni refrattari e pannelli in fibra ceramica. La cottura avviene a legna. Il forno viene costruito nella giornata precedente la performance, all\u2019interno viene posta una scultura molto grande preparata per l\u2019occasione. Il giorno della performance si comincia in genere tra le 6.00 e le 7.00 del mattino, facendo salire lentamente la temperatura secondo una curva di cottura che permette di raggiungere la temperatura di 1000\/1100\u00b0C all\u2019apertura del forno prevista tra le 23.00 e la mezzanotte.\u00a0La scultura, dedicata a Maria Rosa Tagliabue, ex direttrice del nostro museo, mancata nel 2014, verr\u00e0 successivamente posata all\u2019ingresso del Museo della Ceramica Gianetti.<\/p>\n<p class=\"western\"><strong>Domenica 1 luglio dalle 10 alle 19:<\/strong><\/p>\n<p class=\"western\">Esposizione dei manufatti in ceramica di artigiani da tutta Italia nel giardino del museo Gianetti e in centro a Saronno. Dimostrazioni di lavorazione dell\u2019argilla al tornio in Centro, dimostrazioni di lavorazione dell\u2019argilla e di pittura su ceramica degli artigiani espositori. Esposizione e dimostrazioni degli artigiani saronnesi del gruppo \u00abMani in Arte\u00bb e degli esercenti di via San Cristoforo. Laboratori di modellazione ceramica aperti al pubblico per adulti e bambini. Cottura raku nel giardino del museo<\/p>\n<p class=\"western\"><strong>Sabato 30 Giugno e domenica 1 luglio:<\/strong><\/p>\n<p class=\"western\">CON UNA ROSA Esposizione dedicata a Maria Rosa Tagliabue c\/o lo spazio mostre temporanee del Museo. La Festa della ceramica \u00e8 dedicata a Maria Rosa Tagliabue, ex direttrice del Museo, venuta a mancare nel maggio del 2014 pertanto sar\u00e0 allestito uno spazio a lei dedicato nel quale sar\u00e0 possibile conoscere Maria Rosa attraverso i suoi diari, quadri e poesie.\u00a0Verranno inoltre proiettati dei video che racconteranno la storia del museo e faranno scoprire la lavorazione della ceramica.\u00a0Apertura straordinaria esposizione permanente collezione G. Gianetti: per l\u2019occasione sar\u00e0 possibile visitare la collezione permanente del Museo sabato 30 giugno dalle 10 alle 13 e dalle 14 alle 17 e domenica 1\u00b0 luglio dalle 10 alle 13 e dalle 14 alle 17.<\/p>\n<p class=\"western\"><strong>Social CONTEST &#8211; La ceramica \u00e8 una cosa seria<\/strong><\/p>\n<p class=\"western\">Oltre a tutti gli eventi sopra indicati dal 4 giugno al 2 luglio sar\u00e0 possibile partecipare al Social Contest #laceramicaeunacosaseria. Si tratta di un concorso sui Social Media Instagram e Facebook, al quale si potr\u00e0 partecipare postando una foto con il tema della ceramica e renderla pubblica attraverso gli hashtag #laceramicaeunacosaseria e #festadellaceramicasaronno. Le 3 foto che otterranno pi\u00f9 like vinceranno un Abbonamento Musei Lombardia Milano per poter entrare gratuitamente per un anno in moltissimi musei della Lombardia. Le tessere Abbonamento Musei Lombardia Milano sono offerte dall\u2019Associazione Abbonamento Musei.<\/p>\n<p class=\"western\">L\u2019intera iniziativa ed il programma completo \u00e8 visibile sul sito <a href=\"http:\/\/www.festadellaceramicasaronno.com\">www.festadellaceramicasaronno.com<\/a><\/p>\n","protected":false},"excerpt":{"rendered":"<p>Due giorni di eventi per la prima edizione organizzata dal Museo della Ceramica<\/p>\n","protected":false},"author":36,"featured_media":0,"comment_status":"open","ping_status":"open","sticky":false,"template":"","format":"standard","meta":{"footnotes":""},"categories":[18,5,1,21],"tags":[12432,158],"acf":[],"yoast_head":"<!-- This site is optimized with the Yoast SEO plugin v20.1 - https:\/\/yoast.com\/wordpress\/plugins\/seo\/ -->\n<title>A Saronno si festeggia la ceramica<\/title>\n<meta name=\"description\" content=\"Due giorni di eventi per la prima edizione organizzata dal Museo della Ceramica\" \/>\n<meta name=\"robots\" content=\"noindex, follow, max-snippet:-1, max-image-preview:large, max-video-preview:-1\" \/>\n<meta property=\"og:locale\" content=\"it_IT\" \/>\n<meta property=\"og:type\" content=\"article\" \/>\n<meta property=\"og:title\" content=\"A Saronno si festeggia la ceramica\" \/>\n<meta property=\"og:description\" content=\"Due giorni di eventi per la prima edizione organizzata dal Museo della Ceramica\" \/>\n<meta property=\"og:url\" content=\"https:\/\/staging.varesenews.it\/2018\/06\/saronno-si-festeggia-la-ceramica\/728818\/\" \/>\n<meta property=\"og:site_name\" content=\"VareseNews\" \/>\n<meta property=\"article:publisher\" content=\"https:\/\/www.facebook.com\/varesenews\" \/>\n<meta property=\"article:published_time\" content=\"2018-06-22T09:07:37+00:00\" \/>\n<meta name=\"author\" content=\"Erika La Rosa\" \/>\n<meta name=\"twitter:card\" content=\"summary_large_image\" \/>\n<meta name=\"twitter:creator\" content=\"@twerirosa\" \/>\n<meta name=\"twitter:site\" content=\"@varesenews\" \/>\n<meta name=\"twitter:label1\" content=\"Scritto da\" \/>\n\t<meta name=\"twitter:data1\" content=\"Erika La Rosa\" \/>\n\t<meta name=\"twitter:label2\" content=\"Tempo di lettura stimato\" \/>\n\t<meta name=\"twitter:data2\" content=\"4 minuti\" \/>\n<script type=\"application\/ld+json\" class=\"yoast-schema-graph\">{\"@context\":\"https:\/\/schema.org\",\"@graph\":[{\"@type\":\"WebPage\",\"@id\":\"https:\/\/staging.varesenews.it\/2018\/06\/saronno-si-festeggia-la-ceramica\/728818\/\",\"url\":\"https:\/\/staging.varesenews.it\/2018\/06\/saronno-si-festeggia-la-ceramica\/728818\/\",\"name\":\"A Saronno si festeggia la ceramica\",\"isPartOf\":{\"@id\":\"https:\/\/staging.varesenews.it\/#website\"},\"datePublished\":\"2018-06-22T09:07:37+00:00\",\"dateModified\":\"2018-06-22T09:07:37+00:00\",\"author\":{\"@id\":\"https:\/\/staging.varesenews.it\/#\/schema\/person\/0512a4cda1d8b4f14c19f86d1016dc18\"},\"description\":\"Due giorni di eventi per la prima edizione organizzata dal Museo della Ceramica\",\"breadcrumb\":{\"@id\":\"https:\/\/staging.varesenews.it\/2018\/06\/saronno-si-festeggia-la-ceramica\/728818\/#breadcrumb\"},\"inLanguage\":\"it-IT\",\"potentialAction\":[{\"@type\":\"ReadAction\",\"target\":[\"https:\/\/staging.varesenews.it\/2018\/06\/saronno-si-festeggia-la-ceramica\/728818\/\"]}]},{\"@type\":\"BreadcrumbList\",\"@id\":\"https:\/\/staging.varesenews.it\/2018\/06\/saronno-si-festeggia-la-ceramica\/728818\/#breadcrumb\",\"itemListElement\":[{\"@type\":\"ListItem\",\"position\":1,\"name\":\"Home\",\"item\":\"https:\/\/www.varesenews.it\/\"},{\"@type\":\"ListItem\",\"position\":2,\"name\":\"A Saronno si festeggia la ceramica\"}]},{\"@type\":\"WebSite\",\"@id\":\"https:\/\/staging.varesenews.it\/#website\",\"url\":\"https:\/\/staging.varesenews.it\/\",\"name\":\"VareseNews\",\"description\":\"\",\"potentialAction\":[{\"@type\":\"SearchAction\",\"target\":{\"@type\":\"EntryPoint\",\"urlTemplate\":\"https:\/\/staging.varesenews.it\/?s={search_term_string}\"},\"query-input\":\"required name=search_term_string\"}],\"inLanguage\":\"it-IT\"},{\"@type\":\"Person\",\"@id\":\"https:\/\/staging.varesenews.it\/#\/schema\/person\/0512a4cda1d8b4f14c19f86d1016dc18\",\"name\":\"Erika La Rosa\",\"image\":{\"@type\":\"ImageObject\",\"inLanguage\":\"it-IT\",\"@id\":\"https:\/\/staging.varesenews.it\/#\/schema\/person\/image\/\",\"url\":\"https:\/\/staging.varesenews.it\/wp-content\/uploads\/2020\/12\/erika_larosa_colori_500.jpg\",\"contentUrl\":\"https:\/\/staging.varesenews.it\/wp-content\/uploads\/2020\/12\/erika_larosa_colori_500.jpg\",\"caption\":\"Erika La Rosa\"},\"description\":\"Giornalista pubblicista, collaboro con VareseNews dal lontano 1997 quando la redazione piccolissima ma l&rsquo;entusiasmo era tanto e la sfida titanica. Da allora siamo cresciuti, la redazione &egrave; diventata pi&ugrave; grande ma l&rsquo;entusiasmo &egrave; rimato lo stesso. Mi piace guardare il mondo attraverso gli occhi degli artisti, per questo scrivo, leggo e mi nutro di arte seguendo per il giornale le pagine dedicate alle mostre e agli artisti. Ho collaborato con diversi Musei e Istituzioni culturali italiane e svizzere. Da oltre dieci anni mi occupo di strategie e comunicazione sui social media di enti pubblici e privati. Vivo il presente e non dimentico mai che quando c&rsquo;&egrave; una meta, anche il deserto diventa una strada.\",\"sameAs\":[\"https:\/\/www.linkedin.com\/profile\/view?id=93070756&trk=nav_responsive_tab_profile_pic\",\"https:\/\/twitter.com\/twerirosa\"],\"url\":\"https:\/\/staging.varesenews.it\/persona\/erika_larosa\/\"}]}<\/script>\n<!-- \/ Yoast SEO plugin. -->","yoast_head_json":{"title":"A Saronno si festeggia la ceramica","description":"Due giorni di eventi per la prima edizione organizzata dal Museo della Ceramica","robots":{"index":"noindex","follow":"follow","max-snippet":"max-snippet:-1","max-image-preview":"max-image-preview:large","max-video-preview":"max-video-preview:-1"},"og_locale":"it_IT","og_type":"article","og_title":"A Saronno si festeggia la ceramica","og_description":"Due giorni di eventi per la prima edizione organizzata dal Museo della Ceramica","og_url":"https:\/\/staging.varesenews.it\/2018\/06\/saronno-si-festeggia-la-ceramica\/728818\/","og_site_name":"VareseNews","article_publisher":"https:\/\/www.facebook.com\/varesenews","article_published_time":"2018-06-22T09:07:37+00:00","author":"Erika La Rosa","twitter_card":"summary_large_image","twitter_creator":"@twerirosa","twitter_site":"@varesenews","twitter_misc":{"Scritto da":"Erika La Rosa","Tempo di lettura stimato":"4 minuti"},"schema":{"@context":"https:\/\/schema.org","@graph":[{"@type":"WebPage","@id":"https:\/\/staging.varesenews.it\/2018\/06\/saronno-si-festeggia-la-ceramica\/728818\/","url":"https:\/\/staging.varesenews.it\/2018\/06\/saronno-si-festeggia-la-ceramica\/728818\/","name":"A Saronno si festeggia la ceramica","isPartOf":{"@id":"https:\/\/staging.varesenews.it\/#website"},"datePublished":"2018-06-22T09:07:37+00:00","dateModified":"2018-06-22T09:07:37+00:00","author":{"@id":"https:\/\/staging.varesenews.it\/#\/schema\/person\/0512a4cda1d8b4f14c19f86d1016dc18"},"description":"Due giorni di eventi per la prima edizione organizzata dal Museo della Ceramica","breadcrumb":{"@id":"https:\/\/staging.varesenews.it\/2018\/06\/saronno-si-festeggia-la-ceramica\/728818\/#breadcrumb"},"inLanguage":"it-IT","potentialAction":[{"@type":"ReadAction","target":["https:\/\/staging.varesenews.it\/2018\/06\/saronno-si-festeggia-la-ceramica\/728818\/"]}]},{"@type":"BreadcrumbList","@id":"https:\/\/staging.varesenews.it\/2018\/06\/saronno-si-festeggia-la-ceramica\/728818\/#breadcrumb","itemListElement":[{"@type":"ListItem","position":1,"name":"Home","item":"https:\/\/www.varesenews.it\/"},{"@type":"ListItem","position":2,"name":"A Saronno si festeggia la ceramica"}]},{"@type":"WebSite","@id":"https:\/\/staging.varesenews.it\/#website","url":"https:\/\/staging.varesenews.it\/","name":"VareseNews","description":"","potentialAction":[{"@type":"SearchAction","target":{"@type":"EntryPoint","urlTemplate":"https:\/\/staging.varesenews.it\/?s={search_term_string}"},"query-input":"required name=search_term_string"}],"inLanguage":"it-IT"},{"@type":"Person","@id":"https:\/\/staging.varesenews.it\/#\/schema\/person\/0512a4cda1d8b4f14c19f86d1016dc18","name":"Erika La Rosa","image":{"@type":"ImageObject","inLanguage":"it-IT","@id":"https:\/\/staging.varesenews.it\/#\/schema\/person\/image\/","url":"https:\/\/staging.varesenews.it\/wp-content\/uploads\/2020\/12\/erika_larosa_colori_500.jpg","contentUrl":"https:\/\/staging.varesenews.it\/wp-content\/uploads\/2020\/12\/erika_larosa_colori_500.jpg","caption":"Erika La Rosa"},"description":"Giornalista pubblicista, collaboro con VareseNews dal lontano 1997 quando la redazione piccolissima ma l&rsquo;entusiasmo era tanto e la sfida titanica. Da allora siamo cresciuti, la redazione &egrave; diventata pi&ugrave; grande ma l&rsquo;entusiasmo &egrave; rimato lo stesso. Mi piace guardare il mondo attraverso gli occhi degli artisti, per questo scrivo, leggo e mi nutro di arte seguendo per il giornale le pagine dedicate alle mostre e agli artisti. Ho collaborato con diversi Musei e Istituzioni culturali italiane e svizzere. Da oltre dieci anni mi occupo di strategie e comunicazione sui social media di enti pubblici e privati. Vivo il presente e non dimentico mai che quando c&rsquo;&egrave; una meta, anche il deserto diventa una strada.","sameAs":["https:\/\/www.linkedin.com\/profile\/view?id=93070756&trk=nav_responsive_tab_profile_pic","https:\/\/twitter.com\/twerirosa"],"url":"https:\/\/staging.varesenews.it\/persona\/erika_larosa\/"}]}},"post_meta":{"_edit_lock":"1529658798:36","_edit_last":"36","_category_permalink":"a:1:{s:8:\"category\";s:0:\"\";}","argomento":"Saronno","_yoast_wpseo_content_score":"30","_jd_tweet_this":"yes","ratings_users":"0","ratings_score":"0","ratings_average":"0","foto":"681325","firma_come_redazione":"1","_wpt_short_url":"http:\/\/www.varesenews.it\/2018\/06\/saronno-si-festeggia-la-ceramica\/728818\/","_wp_jd_target":"http:\/\/www.varesenews.it\/2018\/06\/saronno-si-festeggia-la-ceramica\/728818\/","_jd_wp_twitter":"a:1:{i:0;s:132:\"A Saronno si festeggia la ceramica http:\/\/www.varesenews.it\/2018\/06\/saronno-si-festeggia-la-ceramica\/728818\/ #museogianetti #weekend\";}","_wpt_status_message":"Tweet inviato con successo."},"photos":[{"original":"https:\/\/staging.varesenews.it\/photogallery_new\/images\/2018\/06\/arte-mostre-681325.jpg","full":"https:\/\/staging.varesenews.it\/photogallery_new\/images\/2018\/06\/arte-mostre-681325.1024x768.jpg","large":"https:\/\/staging.varesenews.it\/photogallery_new\/images\/2018\/06\/arte-mostre-681325.610x431.jpg"}],"_links":{"self":[{"href":"https:\/\/staging.varesenews.it\/swgapi\/v1\/wp\/v2\/posts\/728818"}],"collection":[{"href":"https:\/\/staging.varesenews.it\/swgapi\/v1\/wp\/v2\/posts"}],"about":[{"href":"https:\/\/staging.varesenews.it\/swgapi\/v1\/wp\/v2\/types\/post"}],"author":[{"embeddable":true,"href":"https:\/\/staging.varesenews.it\/swgapi\/v1\/wp\/v2\/users\/36"}],"replies":[{"embeddable":true,"href":"https:\/\/staging.varesenews.it\/swgapi\/v1\/wp\/v2\/comments?post=728818"}],"version-history":[{"count":0,"href":"https:\/\/staging.varesenews.it\/swgapi\/v1\/wp\/v2\/posts\/728818\/revisions"}],"wp:attachment":[{"href":"https:\/\/staging.varesenews.it\/swgapi\/v1\/wp\/v2\/media?parent=728818"}],"wp:term":[{"taxonomy":"category","embeddable":true,"href":"https:\/\/staging.varesenews.it\/swgapi\/v1\/wp\/v2\/categories?post=728818"},{"taxonomy":"post_tag","embeddable":true,"href":"https:\/\/staging.varesenews.it\/swgapi\/v1\/wp\/v2\/tags?post=728818"}],"curies":[{"name":"wp","href":"https:\/\/api.w.org\/{rel}","templated":true}]}}