{"id":729013,"date":"2018-06-22T17:00:24","date_gmt":"2018-06-22T15:00:24","guid":{"rendered":"http:\/\/www.varesenews.it\/?p=729013"},"modified":"2018-06-22T17:00:24","modified_gmt":"2018-06-22T15:00:24","slug":"la-gallina-miracolo-santo-domingo","status":"publish","type":"post","link":"https:\/\/staging.varesenews.it\/2018\/06\/la-gallina-miracolo-santo-domingo\/729013\/","title":{"rendered":"La gallina e il miracolo di Santo Domingo"},"content":{"rendered":"<p>Come ogni santo che si rispetti anche <strong>Domingo<\/strong> ha un miracolo al suo attivo. Per chi ha poca fede si dovr\u00e0 accontentare di credere alla leggenda.<\/p>\n<p>Di cosa si tratti lo si scopre presto, perch\u00e9 nel paese che porta il nome del popolare eremita vissuto nella seconda met\u00e0 dell\u2019anno mille, si vedono spesso galli e galline. Perfino nei forni e nelle pasticcerie ci sono dolci raffiguranti l\u2019animale soggetto del prodigio di Domingo.<\/p>\n<p><strong>La storia racconta di una coppia di pellegrini tedeschi<\/strong> arrivati in una locanda della cittadina con un figlio. La ragazza che lavorava l\u00ec si invagh\u00ec del giovane e a seguito del suo rifiuto architett\u00f2 un piano per punirlo. Gli inser\u00ec un oggetto prezioso nell\u2019equipaggio e and\u00f2 a denunciarlo per furto al giudice del re. La coppia venne inseguita, fermata e una volta scoperto il ragazzo fu condannato a morte mediante impiccagione. I genitori disperati proseguirono il pellegrinaggio fino a Santiago e di ritorno passarono ancora dove avrebbe dovuto esser sepolto il figlio morto. Con loro immensa sorpresa scoprirono che invece era vivo grazie a Santo Domingo. Corsero cos\u00ec dal giudice del re per averlo indietro. Questi stava cenando e in modo brusco gli disse: \u201cvostro figlio \u00e8 vivo come la gallina \u00e8 il gallo che sto mangiando\u201d. In quell\u2019istante il gallo e la gallina saltato fuori dal piatto e si misero a cantare. Da allora di dice: \u201cSanto Domingo de la Calzada che fece cantare la gallina dopo esser stata cucinata\u201d.<\/p>\n<p>Miracolo o meno <strong>il Santo \u00e8 un vero punto di riferimento ancora oggi<\/strong> e la zona poi sorse la citt\u00e0 venne intitolata a lui. Ancor oggi vigila sui pellegrini dopo che oltre mille anni fa bonific\u00f2 aree paludose, costru\u00ec un ospedale e un ponte per rendere pi\u00f9 agevole il cammino dei pellegrini diretti a Santiago.<\/p>\n<p>Il Santo \u00e8 seppellito a fianco della imponente cattedrale. Una struttura che si pu\u00f2 ammirare nella sua bellezza solo entrando. Costruita e ampliata tra il XII e il XVII secolo ha molti elementi di pregio. <strong>Con tre euro per i pellegrini<\/strong> \u00e8 possibile visitare la chiesa e il museo adiacente.<\/p>\n<p><strong>Il pellegrinaggio non sempre va d\u2019accordo con il turismo<\/strong> ma sarebbe sciocco non fermarsi a vedere e conoscere storie e monumenti che si incontrano. Il cammino \u00e8 vivo e si trasforma anche grazie alle vicende che capitano ma soprattutto sono successe nei secoli.<\/p>\n<p>La notte l\u2019ho passata nell\u2019<strong>ostello della confraternita del santo a 50 metri dalla cattedrale<\/strong>. Sveglia alle 6 e partenza subito dopo per una tappa all\u2019insegna delle nuvole e perfino di un tempo fresco in totale contrasto con il caldo afoso della precedente giornata.<\/p>\n<p><strong>La tappa si preannunciava facile con i suoi 22.4 chilometri<\/strong> seppur con qualche saliscendi per un totale di 400 mt di salite e meno di 300 di discese. Una serie di piccoli paesini scandiscono il percorso interamente in mezzo al grano e ad altre coltivazioni. Un vero spettacolo le vallate ampie che ricordano alcuni pezzi della nostra Toscana.<\/p>\n<p>Sono arrivato a Belorado prima delle 12 con gli ostelli ancora chiusi. Una volta preso un panino e un bel pezzo di anguria sono stato a chiacchierare con Paolo e suo figlio Jacopo che arrivavano in bici da Roncisvalle. Partiti da Milano alla volta di Santiago si erano fermati per una breve sosta.<\/p>\n<p>Finito il mio piccolo pasto ci ho pensato su un po\u2019 e poi zaino in spalle sono ripartito per allungare la tappa di cinque chilometri arrivando a Tosantos, un agglomerato di una ventina di case con una bella chiesa rupestre.<\/p>\n<p>Sar\u00e0 che sono in cammino da cinque giorni, sar\u00e0 stata l\u2019anguria che amo alla follia, un proverbiale cambio di scarpe (Saucony sante subito. Per la seconda volta mi danno grandissime soddisfazioni), insomma sar\u00e0 anche l\u2019Intercessione del Santo, ma <strong>oggi sarei potuto andare ancora pi\u00f9 avanti<\/strong>. Poi ci sono i piedi da curare, il bucato da fare, il corpo da riposare e il tempo per scrivere e cos\u00ec mi sono fermato dopo <strong>27,5 chilometri<\/strong>.<\/p>\n<p>Ho scoperto che questo periodo non ha il massimo del numero dei pellegrini. <strong>Il mese top \u00e8 maggio<\/strong>, quest\u2019anno andato malissimo per un maltempo continuo, poi luglio e agosto.<\/p>\n<p>A Tosantos non c\u2019\u00e8 molto da fare, ma anche questo \u00e8 il bello del cammino, intervallare citt\u00e0 e paesi importanti con localit\u00e0 sconosciute e solo punto di riferimento per dormire.<\/p>\n<p>In una delle prossime puntate <strong>vi racconter\u00f2 anche equipaggiamento fisico e tecnologico<\/strong>. Abbiate piet\u00e0 per la scrittura e anche qualche errore di troppo ma scrivo con uno smartphone e il correttore automatico se non lo curi fa quello che vuole.<\/p>\n<p>Ancora due giorni e arriver\u00f2 a Burgos. Oggi intanto c\u2019\u00e8 stato il passaggio di regione. Dopo i Paesi Baschi, la Navarra, il Riojo siamo entrati da poco in quella di Burgos.<\/p>\n","protected":false},"excerpt":{"rendered":"<p>Dalla terra del santo si entra nella regione di Burgos <\/p>\n","protected":false},"author":52,"featured_media":0,"comment_status":"open","ping_status":"open","sticky":false,"template":"","format":"standard","meta":{"footnotes":""},"categories":[9,46],"tags":[4355,87970],"acf":[],"yoast_head":"<!-- This site is optimized with the Yoast SEO plugin v20.1 - https:\/\/yoast.com\/wordpress\/plugins\/seo\/ -->\n<title>La gallina e il miracolo di Santo Domingo<\/title>\n<meta name=\"description\" content=\"Dalla terra del santo si entra nella regione di Burgos\" \/>\n<meta name=\"robots\" content=\"noindex, follow, max-snippet:-1, max-image-preview:large, max-video-preview:-1\" \/>\n<meta property=\"og:locale\" content=\"it_IT\" \/>\n<meta property=\"og:type\" content=\"article\" \/>\n<meta property=\"og:title\" content=\"La gallina e il miracolo di Santo Domingo\" \/>\n<meta property=\"og:description\" content=\"Dalla terra del santo si entra nella regione di Burgos\" \/>\n<meta property=\"og:url\" content=\"https:\/\/staging.varesenews.it\/2018\/06\/la-gallina-miracolo-santo-domingo\/729013\/\" \/>\n<meta property=\"og:site_name\" content=\"VareseNews\" \/>\n<meta property=\"article:publisher\" content=\"https:\/\/www.facebook.com\/varesenews\" \/>\n<meta property=\"article:published_time\" content=\"2018-06-22T15:00:24+00:00\" \/>\n<meta name=\"author\" content=\"Tomaso Bassani\" \/>\n<meta name=\"twitter:card\" content=\"summary_large_image\" \/>\n<meta name=\"twitter:creator\" content=\"@varesenews\" \/>\n<meta name=\"twitter:site\" content=\"@varesenews\" \/>\n<meta name=\"twitter:label1\" content=\"Scritto da\" \/>\n\t<meta name=\"twitter:data1\" content=\"Tomaso Bassani\" \/>\n\t<meta name=\"twitter:label2\" content=\"Tempo di lettura stimato\" \/>\n\t<meta name=\"twitter:data2\" content=\"4 minuti\" \/>\n<script type=\"application\/ld+json\" class=\"yoast-schema-graph\">{\"@context\":\"https:\/\/schema.org\",\"@graph\":[{\"@type\":\"WebPage\",\"@id\":\"https:\/\/staging.varesenews.it\/2018\/06\/la-gallina-miracolo-santo-domingo\/729013\/\",\"url\":\"https:\/\/staging.varesenews.it\/2018\/06\/la-gallina-miracolo-santo-domingo\/729013\/\",\"name\":\"La gallina e il miracolo di Santo Domingo\",\"isPartOf\":{\"@id\":\"https:\/\/staging.varesenews.it\/#website\"},\"datePublished\":\"2018-06-22T15:00:24+00:00\",\"dateModified\":\"2018-06-22T15:00:24+00:00\",\"author\":{\"@id\":\"https:\/\/staging.varesenews.it\/#\/schema\/person\/f8cc543029c96c954a35c042e01892bb\"},\"description\":\"Dalla terra del santo si entra nella regione di Burgos\",\"breadcrumb\":{\"@id\":\"https:\/\/staging.varesenews.it\/2018\/06\/la-gallina-miracolo-santo-domingo\/729013\/#breadcrumb\"},\"inLanguage\":\"it-IT\",\"potentialAction\":[{\"@type\":\"ReadAction\",\"target\":[\"https:\/\/staging.varesenews.it\/2018\/06\/la-gallina-miracolo-santo-domingo\/729013\/\"]}]},{\"@type\":\"BreadcrumbList\",\"@id\":\"https:\/\/staging.varesenews.it\/2018\/06\/la-gallina-miracolo-santo-domingo\/729013\/#breadcrumb\",\"itemListElement\":[{\"@type\":\"ListItem\",\"position\":1,\"name\":\"Home\",\"item\":\"https:\/\/www.varesenews.it\/\"},{\"@type\":\"ListItem\",\"position\":2,\"name\":\"La gallina e il miracolo di Santo Domingo\"}]},{\"@type\":\"WebSite\",\"@id\":\"https:\/\/staging.varesenews.it\/#website\",\"url\":\"https:\/\/staging.varesenews.it\/\",\"name\":\"VareseNews\",\"description\":\"\",\"potentialAction\":[{\"@type\":\"SearchAction\",\"target\":{\"@type\":\"EntryPoint\",\"urlTemplate\":\"https:\/\/staging.varesenews.it\/?s={search_term_string}\"},\"query-input\":\"required name=search_term_string\"}],\"inLanguage\":\"it-IT\"},{\"@type\":\"Person\",\"@id\":\"https:\/\/staging.varesenews.it\/#\/schema\/person\/f8cc543029c96c954a35c042e01892bb\",\"name\":\"Tomaso Bassani\",\"image\":{\"@type\":\"ImageObject\",\"inLanguage\":\"it-IT\",\"@id\":\"https:\/\/staging.varesenews.it\/#\/schema\/person\/image\/\",\"url\":\"https:\/\/staging.varesenews.it\/wp-content\/uploads\/2020\/12\/tomaso_bassani_colori_500.jpg\",\"contentUrl\":\"https:\/\/staging.varesenews.it\/wp-content\/uploads\/2020\/12\/tomaso_bassani_colori_500.jpg\",\"caption\":\"Tomaso Bassani\"},\"description\":\"Sono nato nel 1988 e questo ha fatto s&igrave; che la mia vita sia coincisa con l'epoca di pi&ugrave; grande e veloce cambiamento della storia. Sono giornalista e caporedattore di Varesenews. Ho un master in data analysis, una laurea in storia e una formazione superiore commerciale. Sono cresciuto tra scout, tavola a rotelle, impegno associativo (in quella grande esperienza giovanile che &egrave; stato l&rsquo;Albizzate Valley Festival) e cooperativo (Circolo The Family di Albizzate). Per passione mi occupo di dati, videomaking, fotografia, scrittura e web. Per lavoro anche.&nbsp;\",\"sameAs\":[\"tomasobassani\",\"https:\/\/www.linkedin.com\/profile\/view?id=102759293&trk=nav_responsive_tab_profile\"],\"url\":\"https:\/\/staging.varesenews.it\/persona\/tomaso-bassani\/\"}]}<\/script>\n<!-- \/ Yoast SEO plugin. -->","yoast_head_json":{"title":"La gallina e il miracolo di Santo Domingo","description":"Dalla terra del santo si entra nella regione di Burgos","robots":{"index":"noindex","follow":"follow","max-snippet":"max-snippet:-1","max-image-preview":"max-image-preview:large","max-video-preview":"max-video-preview:-1"},"og_locale":"it_IT","og_type":"article","og_title":"La gallina e il miracolo di Santo Domingo","og_description":"Dalla terra del santo si entra nella regione di Burgos","og_url":"https:\/\/staging.varesenews.it\/2018\/06\/la-gallina-miracolo-santo-domingo\/729013\/","og_site_name":"VareseNews","article_publisher":"https:\/\/www.facebook.com\/varesenews","article_published_time":"2018-06-22T15:00:24+00:00","author":"Tomaso Bassani","twitter_card":"summary_large_image","twitter_creator":"@varesenews","twitter_site":"@varesenews","twitter_misc":{"Scritto da":"Tomaso Bassani","Tempo di lettura stimato":"4 minuti"},"schema":{"@context":"https:\/\/schema.org","@graph":[{"@type":"WebPage","@id":"https:\/\/staging.varesenews.it\/2018\/06\/la-gallina-miracolo-santo-domingo\/729013\/","url":"https:\/\/staging.varesenews.it\/2018\/06\/la-gallina-miracolo-santo-domingo\/729013\/","name":"La gallina e il miracolo di Santo Domingo","isPartOf":{"@id":"https:\/\/staging.varesenews.it\/#website"},"datePublished":"2018-06-22T15:00:24+00:00","dateModified":"2018-06-22T15:00:24+00:00","author":{"@id":"https:\/\/staging.varesenews.it\/#\/schema\/person\/f8cc543029c96c954a35c042e01892bb"},"description":"Dalla terra del santo si entra nella regione di Burgos","breadcrumb":{"@id":"https:\/\/staging.varesenews.it\/2018\/06\/la-gallina-miracolo-santo-domingo\/729013\/#breadcrumb"},"inLanguage":"it-IT","potentialAction":[{"@type":"ReadAction","target":["https:\/\/staging.varesenews.it\/2018\/06\/la-gallina-miracolo-santo-domingo\/729013\/"]}]},{"@type":"BreadcrumbList","@id":"https:\/\/staging.varesenews.it\/2018\/06\/la-gallina-miracolo-santo-domingo\/729013\/#breadcrumb","itemListElement":[{"@type":"ListItem","position":1,"name":"Home","item":"https:\/\/www.varesenews.it\/"},{"@type":"ListItem","position":2,"name":"La gallina e il miracolo di Santo Domingo"}]},{"@type":"WebSite","@id":"https:\/\/staging.varesenews.it\/#website","url":"https:\/\/staging.varesenews.it\/","name":"VareseNews","description":"","potentialAction":[{"@type":"SearchAction","target":{"@type":"EntryPoint","urlTemplate":"https:\/\/staging.varesenews.it\/?s={search_term_string}"},"query-input":"required name=search_term_string"}],"inLanguage":"it-IT"},{"@type":"Person","@id":"https:\/\/staging.varesenews.it\/#\/schema\/person\/f8cc543029c96c954a35c042e01892bb","name":"Tomaso Bassani","image":{"@type":"ImageObject","inLanguage":"it-IT","@id":"https:\/\/staging.varesenews.it\/#\/schema\/person\/image\/","url":"https:\/\/staging.varesenews.it\/wp-content\/uploads\/2020\/12\/tomaso_bassani_colori_500.jpg","contentUrl":"https:\/\/staging.varesenews.it\/wp-content\/uploads\/2020\/12\/tomaso_bassani_colori_500.jpg","caption":"Tomaso Bassani"},"description":"Sono nato nel 1988 e questo ha fatto s&igrave; che la mia vita sia coincisa con l'epoca di pi&ugrave; grande e veloce cambiamento della storia. Sono giornalista e caporedattore di Varesenews. Ho un master in data analysis, una laurea in storia e una formazione superiore commerciale. Sono cresciuto tra scout, tavola a rotelle, impegno associativo (in quella grande esperienza giovanile che &egrave; stato l&rsquo;Albizzate Valley Festival) e cooperativo (Circolo The Family di Albizzate). Per passione mi occupo di dati, videomaking, fotografia, scrittura e web. Per lavoro anche.&nbsp;","sameAs":["tomasobassani","https:\/\/www.linkedin.com\/profile\/view?id=102759293&trk=nav_responsive_tab_profile"],"url":"https:\/\/staging.varesenews.it\/persona\/tomaso-bassani\/"}]}},"post_meta":{"_edit_lock":"1529680981:52","_edit_last":"52","_category_permalink":"a:1:{s:8:\"category\";s:0:\"\";}","ratings_users":"0","ratings_score":"0","ratings_average":"0","foto":"681415","firma-personalizzata":"Marco Giovannelli","argomento":"Il diario del cammino","_yoast_wpseo_content_score":"30","_jd_tweet_this":"yes","_wpt_short_url":"http:\/\/www.varesenews.it\/2018\/06\/la-gallina-miracolo-santo-domingo\/729013\/","_wp_jd_target":"http:\/\/www.varesenews.it\/2018\/06\/la-gallina-miracolo-santo-domingo\/729013\/","_jd_wp_twitter":"a:1:{i:0;s:132:\"La gallina e il miracolo di Santo Domingo http:\/\/www.varesenews.it\/2018\/06\/la-gallina-miracolo-santo-domingo\/729013\/ #Diariosantiago\";}","_wpt_status_message":"Tweet inviato con successo."},"photos":[{"original":"https:\/\/staging.varesenews.it\/photogallery_new\/images\/2018\/06\/cammino-di-santiago-681415.jpg","full":"https:\/\/staging.varesenews.it\/photogallery_new\/images\/2018\/06\/cammino-di-santiago-681415.1024x768.jpg","large":"https:\/\/staging.varesenews.it\/photogallery_new\/images\/2018\/06\/cammino-di-santiago-681415.610x431.jpg"}],"_links":{"self":[{"href":"https:\/\/staging.varesenews.it\/swgapi\/v1\/wp\/v2\/posts\/729013"}],"collection":[{"href":"https:\/\/staging.varesenews.it\/swgapi\/v1\/wp\/v2\/posts"}],"about":[{"href":"https:\/\/staging.varesenews.it\/swgapi\/v1\/wp\/v2\/types\/post"}],"author":[{"embeddable":true,"href":"https:\/\/staging.varesenews.it\/swgapi\/v1\/wp\/v2\/users\/52"}],"replies":[{"embeddable":true,"href":"https:\/\/staging.varesenews.it\/swgapi\/v1\/wp\/v2\/comments?post=729013"}],"version-history":[{"count":0,"href":"https:\/\/staging.varesenews.it\/swgapi\/v1\/wp\/v2\/posts\/729013\/revisions"}],"wp:attachment":[{"href":"https:\/\/staging.varesenews.it\/swgapi\/v1\/wp\/v2\/media?parent=729013"}],"wp:term":[{"taxonomy":"category","embeddable":true,"href":"https:\/\/staging.varesenews.it\/swgapi\/v1\/wp\/v2\/categories?post=729013"},{"taxonomy":"post_tag","embeddable":true,"href":"https:\/\/staging.varesenews.it\/swgapi\/v1\/wp\/v2\/tags?post=729013"}],"curies":[{"name":"wp","href":"https:\/\/api.w.org\/{rel}","templated":true}]}}