{"id":731918,"date":"2018-07-03T14:49:46","date_gmt":"2018-07-03T12:49:46","guid":{"rendered":"http:\/\/www.varesenews.it\/?p=731918"},"modified":"2018-07-03T14:49:46","modified_gmt":"2018-07-03T12:49:46","slug":"alptransit-pd-lavori-rischiano-isolare-capronno-barzola","status":"publish","type":"post","link":"https:\/\/staging.varesenews.it\/2018\/07\/alptransit-pd-lavori-rischiano-isolare-capronno-barzola\/731918\/","title":{"rendered":"AlpTransit, il Pd: &#8220;I lavori rischiano di isolare Capronno e Barzola&#8221;"},"content":{"rendered":"<p><em>Riceviamo e pubblichiamo un comunicato stampa del Circolo Pd Angera-Ispra-Ranco sull&#8217;organizzazione dei lavori di adeguamento della linea ferroviaria e dei passaggi a livello in programma nel Basso Verbano.<\/em><\/p>\n<p>\u00c8 di questi giorni una notizia che aumenta il nostro livello di allerta e preoccupazione per alcune scelte, legate alla linea ferroviaria denominata Alp-Transit che, se non gestite per tempo ed in modo adeguato, potrebbero causare <strong>l\u2019isolamento delle due frazioni, Capronno e Barzola dal centro cittadino di Angera.<\/strong><\/p>\n<p>Da un articolo apparso sulla stampa, si apprende che fra Regione Lombardia, RFI e Enti Locali \u00e8 stato istituito un \u201ctavolo permanente\u201d, creato appositamente per discutere le varie problematiche legate a Alp-Transit. Di per s\u00e9 questa notizia \u00e8 positiva, se non che, dallo stesso articolo, si apprende che a questo tavolo sembra, fatta salva una dimenticanza giornalistica, non partecipare l\u2019amministrazione comunale di Angera. Qualora il progetto alternativo, che prevede il mantenimento in via Napoli dell&#8217;attuale passaggio a livello e la costruzione di un nuovo sottopasso veicolare in localit\u00e0 Prati Bassi, venisse confermato appare evidente che <strong>la possibilit\u00e0 per le frazioni di Capronno e Barzola di restare collegate direttamente al centro di Angera, sar\u00e0 legata esclusivamente all\u2019effettivo tempo che le barriere del passaggio a livello di via Napoli resteranno \u201calzate\u201d<\/strong>.<\/p>\n<p>Come PD cittadino chiediamo con forza all&#8217;amministrazione comunale di essere parte attiva nelle scelte da operare assicurando una assidua partecipazione al tavolo permanente citato in precedenza. <strong>Torniamo inoltre a chiedere all&#8217;amministrazione di informare la popolazione in modo chiaro ed esaustivo<\/strong> sia sullo stato attuale delle proposte progettuali poste in campo sia in merito alla frequenza di transito dei convogli ferroviari e il conseguente tempo di permanenza a barriere alzate del passaggio a livello di via Napoli.<\/p>\n<p><em>(foto di repertorio)<\/em><\/p>\n","protected":false},"excerpt":{"rendered":"<p>Le preoccupazioni del Partito Democratico che chiede all&#8217;amministrazione una comunicazione pi\u00f9 chiara<\/p>\n","protected":false},"author":43,"featured_media":0,"comment_status":"open","ping_status":"open","sticky":false,"template":"","format":"standard","meta":{"footnotes":""},"categories":[2],"tags":[1285,41350,57035,88499,88500],"acf":[],"yoast_head":"<!-- This site is optimized with the Yoast SEO plugin v20.1 - https:\/\/yoast.com\/wordpress\/plugins\/seo\/ -->\n<title>AlpTransit, il Pd: &quot;I lavori rischiano di isolare Capronno e Barzola&quot;<\/title>\n<meta name=\"description\" content=\"Le preoccupazioni del Partito Democratico che chiede all&#039;amministrazione una comunicazione pi\u00f9 chiara\" \/>\n<meta name=\"robots\" content=\"noindex, follow, max-snippet:-1, max-image-preview:large, max-video-preview:-1\" \/>\n<meta property=\"og:locale\" content=\"it_IT\" \/>\n<meta property=\"og:type\" content=\"article\" \/>\n<meta property=\"og:title\" content=\"AlpTransit, il Pd: &quot;I lavori rischiano di isolare Capronno e Barzola&quot;\" \/>\n<meta property=\"og:description\" content=\"Le preoccupazioni del Partito Democratico che chiede all&#039;amministrazione una comunicazione pi\u00f9 chiara\" \/>\n<meta property=\"og:url\" content=\"https:\/\/staging.varesenews.it\/2018\/07\/alptransit-pd-lavori-rischiano-isolare-capronno-barzola\/731918\/\" \/>\n<meta property=\"og:site_name\" content=\"VareseNews\" \/>\n<meta property=\"article:publisher\" content=\"https:\/\/www.facebook.com\/varesenews\" \/>\n<meta property=\"article:author\" content=\"https:\/\/www.facebook.com\/mariacarla.cebrelli\" \/>\n<meta property=\"article:published_time\" content=\"2018-07-03T12:49:46+00:00\" \/>\n<meta name=\"author\" content=\"Maria Carla Cebrelli\" \/>\n<meta name=\"twitter:card\" content=\"summary_large_image\" \/>\n<meta name=\"twitter:creator\" content=\"@pikapiketti\" \/>\n<meta name=\"twitter:site\" content=\"@varesenews\" \/>\n<meta name=\"twitter:label1\" content=\"Scritto da\" \/>\n\t<meta name=\"twitter:data1\" content=\"Maria Carla Cebrelli\" \/>\n\t<meta name=\"twitter:label2\" content=\"Tempo di lettura stimato\" \/>\n\t<meta name=\"twitter:data2\" content=\"1 minuto\" \/>\n<script type=\"application\/ld+json\" class=\"yoast-schema-graph\">{\"@context\":\"https:\/\/schema.org\",\"@graph\":[{\"@type\":\"WebPage\",\"@id\":\"https:\/\/staging.varesenews.it\/2018\/07\/alptransit-pd-lavori-rischiano-isolare-capronno-barzola\/731918\/\",\"url\":\"https:\/\/staging.varesenews.it\/2018\/07\/alptransit-pd-lavori-rischiano-isolare-capronno-barzola\/731918\/\",\"name\":\"AlpTransit, il Pd: \\\"I lavori rischiano di isolare Capronno e Barzola\\\"\",\"isPartOf\":{\"@id\":\"https:\/\/staging.varesenews.it\/#website\"},\"datePublished\":\"2018-07-03T12:49:46+00:00\",\"dateModified\":\"2018-07-03T12:49:46+00:00\",\"author\":{\"@id\":\"https:\/\/staging.varesenews.it\/#\/schema\/person\/5bf790e99d7ec50061119cc825c454de\"},\"description\":\"Le preoccupazioni del Partito Democratico che chiede all'amministrazione una comunicazione pi\u00f9 chiara\",\"breadcrumb\":{\"@id\":\"https:\/\/staging.varesenews.it\/2018\/07\/alptransit-pd-lavori-rischiano-isolare-capronno-barzola\/731918\/#breadcrumb\"},\"inLanguage\":\"it-IT\",\"potentialAction\":[{\"@type\":\"ReadAction\",\"target\":[\"https:\/\/staging.varesenews.it\/2018\/07\/alptransit-pd-lavori-rischiano-isolare-capronno-barzola\/731918\/\"]}]},{\"@type\":\"BreadcrumbList\",\"@id\":\"https:\/\/staging.varesenews.it\/2018\/07\/alptransit-pd-lavori-rischiano-isolare-capronno-barzola\/731918\/#breadcrumb\",\"itemListElement\":[{\"@type\":\"ListItem\",\"position\":1,\"name\":\"Home\",\"item\":\"https:\/\/www.varesenews.it\/\"},{\"@type\":\"ListItem\",\"position\":2,\"name\":\"AlpTransit, il Pd: &#8220;I lavori rischiano di isolare Capronno e Barzola&#8221;\"}]},{\"@type\":\"WebSite\",\"@id\":\"https:\/\/staging.varesenews.it\/#website\",\"url\":\"https:\/\/staging.varesenews.it\/\",\"name\":\"VareseNews\",\"description\":\"\",\"potentialAction\":[{\"@type\":\"SearchAction\",\"target\":{\"@type\":\"EntryPoint\",\"urlTemplate\":\"https:\/\/staging.varesenews.it\/?s={search_term_string}\"},\"query-input\":\"required name=search_term_string\"}],\"inLanguage\":\"it-IT\"},{\"@type\":\"Person\",\"@id\":\"https:\/\/staging.varesenews.it\/#\/schema\/person\/5bf790e99d7ec50061119cc825c454de\",\"name\":\"Maria Carla Cebrelli\",\"image\":{\"@type\":\"ImageObject\",\"inLanguage\":\"it-IT\",\"@id\":\"https:\/\/staging.varesenews.it\/#\/schema\/person\/image\/\",\"url\":\"https:\/\/staging.varesenews.it\/wp-content\/uploads\/2020\/12\/mariacarla_cebrelli_colori_500-1.jpg\",\"contentUrl\":\"https:\/\/staging.varesenews.it\/wp-content\/uploads\/2020\/12\/mariacarla_cebrelli_colori_500-1.jpg\",\"caption\":\"Maria Carla Cebrelli\"},\"description\":\"Economista di formazione, giornalista per passione. A VareseNews dal 2005, mi sono occupata negli anni di universit&agrave;, tematiche di confine, news locali e comunicazione nel settore sociale. Attualmente sono responsabile di VerbanoNews, del canale di VareseNews dedicato al Turismo e seguo i social dell'area business.\",\"sameAs\":[\"https:\/\/www.facebook.com\/mariacarla.cebrelli\",\"pikapiketti\",\"https:\/\/twitter.com\/pikapiketti\"],\"url\":\"https:\/\/staging.varesenews.it\/persona\/mariacarla-cebrelli1\/\"}]}<\/script>\n<!-- \/ Yoast SEO plugin. -->","yoast_head_json":{"title":"AlpTransit, il Pd: \"I lavori rischiano di isolare Capronno e Barzola\"","description":"Le preoccupazioni del Partito Democratico che chiede all'amministrazione una comunicazione pi\u00f9 chiara","robots":{"index":"noindex","follow":"follow","max-snippet":"max-snippet:-1","max-image-preview":"max-image-preview:large","max-video-preview":"max-video-preview:-1"},"og_locale":"it_IT","og_type":"article","og_title":"AlpTransit, il Pd: \"I lavori rischiano di isolare Capronno e Barzola\"","og_description":"Le preoccupazioni del Partito Democratico che chiede all'amministrazione una comunicazione pi\u00f9 chiara","og_url":"https:\/\/staging.varesenews.it\/2018\/07\/alptransit-pd-lavori-rischiano-isolare-capronno-barzola\/731918\/","og_site_name":"VareseNews","article_publisher":"https:\/\/www.facebook.com\/varesenews","article_author":"https:\/\/www.facebook.com\/mariacarla.cebrelli","article_published_time":"2018-07-03T12:49:46+00:00","author":"Maria Carla Cebrelli","twitter_card":"summary_large_image","twitter_creator":"@pikapiketti","twitter_site":"@varesenews","twitter_misc":{"Scritto da":"Maria Carla Cebrelli","Tempo di lettura stimato":"1 minuto"},"schema":{"@context":"https:\/\/schema.org","@graph":[{"@type":"WebPage","@id":"https:\/\/staging.varesenews.it\/2018\/07\/alptransit-pd-lavori-rischiano-isolare-capronno-barzola\/731918\/","url":"https:\/\/staging.varesenews.it\/2018\/07\/alptransit-pd-lavori-rischiano-isolare-capronno-barzola\/731918\/","name":"AlpTransit, il Pd: \"I lavori rischiano di isolare Capronno e Barzola\"","isPartOf":{"@id":"https:\/\/staging.varesenews.it\/#website"},"datePublished":"2018-07-03T12:49:46+00:00","dateModified":"2018-07-03T12:49:46+00:00","author":{"@id":"https:\/\/staging.varesenews.it\/#\/schema\/person\/5bf790e99d7ec50061119cc825c454de"},"description":"Le preoccupazioni del Partito Democratico che chiede all'amministrazione una comunicazione pi\u00f9 chiara","breadcrumb":{"@id":"https:\/\/staging.varesenews.it\/2018\/07\/alptransit-pd-lavori-rischiano-isolare-capronno-barzola\/731918\/#breadcrumb"},"inLanguage":"it-IT","potentialAction":[{"@type":"ReadAction","target":["https:\/\/staging.varesenews.it\/2018\/07\/alptransit-pd-lavori-rischiano-isolare-capronno-barzola\/731918\/"]}]},{"@type":"BreadcrumbList","@id":"https:\/\/staging.varesenews.it\/2018\/07\/alptransit-pd-lavori-rischiano-isolare-capronno-barzola\/731918\/#breadcrumb","itemListElement":[{"@type":"ListItem","position":1,"name":"Home","item":"https:\/\/www.varesenews.it\/"},{"@type":"ListItem","position":2,"name":"AlpTransit, il Pd: &#8220;I lavori rischiano di isolare Capronno e Barzola&#8221;"}]},{"@type":"WebSite","@id":"https:\/\/staging.varesenews.it\/#website","url":"https:\/\/staging.varesenews.it\/","name":"VareseNews","description":"","potentialAction":[{"@type":"SearchAction","target":{"@type":"EntryPoint","urlTemplate":"https:\/\/staging.varesenews.it\/?s={search_term_string}"},"query-input":"required name=search_term_string"}],"inLanguage":"it-IT"},{"@type":"Person","@id":"https:\/\/staging.varesenews.it\/#\/schema\/person\/5bf790e99d7ec50061119cc825c454de","name":"Maria Carla Cebrelli","image":{"@type":"ImageObject","inLanguage":"it-IT","@id":"https:\/\/staging.varesenews.it\/#\/schema\/person\/image\/","url":"https:\/\/staging.varesenews.it\/wp-content\/uploads\/2020\/12\/mariacarla_cebrelli_colori_500-1.jpg","contentUrl":"https:\/\/staging.varesenews.it\/wp-content\/uploads\/2020\/12\/mariacarla_cebrelli_colori_500-1.jpg","caption":"Maria Carla Cebrelli"},"description":"Economista di formazione, giornalista per passione. A VareseNews dal 2005, mi sono occupata negli anni di universit&agrave;, tematiche di confine, news locali e comunicazione nel settore sociale. Attualmente sono responsabile di VerbanoNews, del canale di VareseNews dedicato al Turismo e seguo i social dell'area business.","sameAs":["https:\/\/www.facebook.com\/mariacarla.cebrelli","pikapiketti","https:\/\/twitter.com\/pikapiketti"],"url":"https:\/\/staging.varesenews.it\/persona\/mariacarla-cebrelli1\/"}]}},"post_meta":{"_edit_lock":"1530622054:43","_edit_last":"43","_category_permalink":"a:1:{s:8:\"category\";s:0:\"\";}","ratings_users":"0","ratings_score":"0","ratings_average":"0","foto":"473918","firma_come_redazione":"1","argomento":"Angera","_yoast_wpseo_content_score":"30","_jd_tweet_this":"yes","_wpt_short_url":"http:\/\/www.varesenews.it\/2018\/07\/alptransit-pd-lavori-rischiano-isolare-capronno-barzola\/731918\/","_wp_jd_target":"http:\/\/www.varesenews.it\/2018\/07\/alptransit-pd-lavori-rischiano-isolare-capronno-barzola\/731918\/","_jd_wp_twitter":"a:1:{i:0;s:204:\"AlpTransit, il Pd: \u201cI lavori rischiano di isolare Capronno e Barzola\u201d http:\/\/www.varesenews.it\/2018\/07\/alptransit-pd-lavori-rischiano-isolare-capronno-barzola\/731918\/ #alptransit #Angera #bassoverbano\";}","_wpt_status_message":"Tweet inviato con successo."},"photos":[{"original":"https:\/\/staging.varesenews.it\/photogallery_new\/images\/2015\/08\/lavori-ponte-ferrovia-luino-473918.jpg","full":"https:\/\/staging.varesenews.it\/photogallery_new\/images\/2015\/08\/lavori-ponte-ferrovia-luino-473918.1024x768.jpg","large":"https:\/\/staging.varesenews.it\/photogallery_new\/images\/2015\/08\/lavori-ponte-ferrovia-luino-473918.610x431.jpg"}],"_links":{"self":[{"href":"https:\/\/staging.varesenews.it\/swgapi\/v1\/wp\/v2\/posts\/731918"}],"collection":[{"href":"https:\/\/staging.varesenews.it\/swgapi\/v1\/wp\/v2\/posts"}],"about":[{"href":"https:\/\/staging.varesenews.it\/swgapi\/v1\/wp\/v2\/types\/post"}],"author":[{"embeddable":true,"href":"https:\/\/staging.varesenews.it\/swgapi\/v1\/wp\/v2\/users\/43"}],"replies":[{"embeddable":true,"href":"https:\/\/staging.varesenews.it\/swgapi\/v1\/wp\/v2\/comments?post=731918"}],"version-history":[{"count":0,"href":"https:\/\/staging.varesenews.it\/swgapi\/v1\/wp\/v2\/posts\/731918\/revisions"}],"wp:attachment":[{"href":"https:\/\/staging.varesenews.it\/swgapi\/v1\/wp\/v2\/media?parent=731918"}],"wp:term":[{"taxonomy":"category","embeddable":true,"href":"https:\/\/staging.varesenews.it\/swgapi\/v1\/wp\/v2\/categories?post=731918"},{"taxonomy":"post_tag","embeddable":true,"href":"https:\/\/staging.varesenews.it\/swgapi\/v1\/wp\/v2\/tags?post=731918"}],"curies":[{"name":"wp","href":"https:\/\/api.w.org\/{rel}","templated":true}]}}