{"id":734860,"date":"2018-07-12T15:52:39","date_gmt":"2018-07-12T13:52:39","guid":{"rendered":"http:\/\/www.varesenews.it\/?p=734860"},"modified":"2018-07-12T16:18:34","modified_gmt":"2018-07-12T14:18:34","slug":"insieme-santiago-compostela","status":"publish","type":"post","link":"https:\/\/staging.varesenews.it\/2018\/07\/insieme-santiago-compostela\/734860\/","title":{"rendered":"Insieme fino a Santiago di compostela"},"content":{"rendered":"<p style=\"text-align: right;\">Santiago si fa desiderare fino all\u2019ultimo. La tappa finale si percorre in gran velocit\u00e0.<span class=\"Apple-converted-space\">\u00a0<\/span><\/p>\n<p>Un ritmo incalzante, molto inconscio, perch\u00e9 poi tutti dicono che siamo andati senza fretta, ma di fatto, malgrado tre brevi soste, due per mettere dei timbri e scattare qualche foto e la terza per bere qualcosa, in poco pi\u00f9 di quattro ore siamo arrivati.<span class=\"Apple-converted-space\">\u00a0<\/span><\/p>\n<p>Stamattina come era prevedibile, alle 4 i ragazzi del gruppo di giovani italiani erano in piedi, e dalle cinque \u00e8 iniziato il movimento in diverse camerate. La nostra sveglia puntata alle 6 di fatto \u00e8 stata inutile.<span class=\"Apple-converted-space\">\u00a0<\/span><\/p>\n<p><strong>Sono solo venti chilometri per arrivare a Santiago<\/strong> ma si vede che in tanti desideravano arrivare molto presto.<span class=\"Apple-converted-space\">\u00a0<\/span><\/p>\n<p>Per noi, ma in realt\u00e0 per tutti, c\u2019\u00e8 la routine con i soliti gesti: si piegano i sacchi letto, la propria biancheria, si va a lavare la faccia e i denti, si cercano le scarpe lasciate all\u2019ingresso, si preparano gli zaini e intanto si aspetta il proprio turno per il bagno. Una fugace colazione alle macchinette dell\u2019ostello in attesa di un bar dopo qualche chilometro e si parte.<span class=\"Apple-converted-space\">\u00a0<\/span><\/p>\n<p>Siamo tutti e otto, facciamo una foto fuori dall\u2019ostello ripromettendoci di fare la prossima davanti alla cattedrale.<span class=\"Apple-converted-space\">\u00a0<\/span><\/p>\n<p>\u00c8 ancora buio e quando entriamo nel bosco non si si vede davvero niente. Per la prima volta dopo giorni servono le luci di una torcia e di qualche telefono.<span class=\"Apple-converted-space\">\u00a0<\/span><\/p>\n<p>Si procede uno a fianco dell\u2019altro. Nel silenzio pi\u00f9 assoluto si sentono i nostri passi e i primi cinguettii sugli alberi. Sto un po\u2019 sulle mie, come gli altri, mi risuonano ancora le parole della messa di ieri sera. <span class=\"Apple-converted-space\">\u00a0<\/span><\/p>\n<p>\u201cSan Benedetto con i suoi benedettini rivoluzion\u00f2 la Chiesa e non solo\u201d.<span class=\"Apple-converted-space\">\u00a0<\/span><\/p>\n<p>Ho ritrovato don Fabio che aveva celebrato l\u2019eucarestia domenica a Portomarin. Frate guanelliano, \u00e8 parroco di Pedrouzo dopo esser stato diversi anni in Val d\u2019Aosta.<span class=\"Apple-converted-space\">\u00a0<\/span><\/p>\n<p>Nel giorno dedicato al patrono d\u2019Europa spiega gli elementi fondamentali dell\u2019opera benedettina. \u201cVennero costruiti molti conventi che diventarono luogo di incontro in un periodo difficilissimo. Parte dell\u2019Europa venne invasa da popolazioni del nord che noi chiamavamo barbari, ma che in realt\u00e0 avevano una forte cultura seppur differente dalla nostra. Benedetto predicava che Dio viene sempre al primo posto e intanto favoriva la relazione tra i popoli diversi\u201d.<span class=\"Apple-converted-space\">\u00a0<\/span><\/p>\n<p>Ogni riferimento a quello che stiamo vivendo ognuno pu\u00f2 cercarlo o trovarlo, ma il messaggio ai pellegrini durante la messa \u00e8 stato ancora una volta forte e chiaro.<span class=\"Apple-converted-space\">\u00a0<\/span><\/p>\n<p>La data di ieri ha avuto un altro grande significato per me perch\u00e9 esattamente <strong>tre anni fa <a href=\"http:\/\/www.varesenews.it\/2015\/07\/via-francigena-larrivo-a-roma\/386643\/\">entravo in piazza San Pietro <\/a>dopo aver percorso gli ultimi 560 km della via Francigena<\/strong>. Ho scambiato diversi messaggi con Richard, uno splendido sessantenne olandese, con Marcos, trentenne Catalano e con Alberto di Treviso. Eravamo insieme condividendo l\u2019emozione dell\u2019ingresso a Roma.<span class=\"Apple-converted-space\">\u00a0<\/span><\/p>\n<p>Mi domando come sar\u00e0 a Santiago perch\u00e9 <strong>ormai manca davvero poco all\u2019arrivo<\/strong>. La citt\u00e0 non \u00e8 grandissima con una popolazione ancora sotto i centomila abitanti. Lungo tutti i venti chilometri \u00e8 un flusso continuo di pellegrini. Una tappa che ha poco da raccontare se non il desiderio di esserci, di arrivare. Lavacolla e il monte Gozo sono gli unici punti in cui qualcuno si ferma. Si gira intorno all\u2019aeroporto senza vederlo. Poi finalmente, dopo un tratto di periferia si vede un cartello di ingresso della citt\u00e0.<span class=\"Apple-converted-space\">\u00a0<\/span><\/p>\n<p>La pattuglia si ricompatta e oggi, a parte Thomas con un caviglia messa davvero male, siamo tutti in forma. Non ho voglia di parlare. Ho bisogno di sentire le emozioni<span class=\"Apple-converted-space\">\u00a0 <\/span>dopo tanto cammino.<span class=\"Apple-converted-space\">\u00a0<\/span><\/p>\n<p>\u00c8 la gratitudine la parola pi\u00f9 forte che mi invade. Ho creduto nella mie possibilit\u00e0 di farcela ma ci sono stati un paio di intoppi fisici e devo ringraziare chi mi ha incoraggiato proprio in quei momenti.<span class=\"Apple-converted-space\">\u00a0<\/span><\/p>\n<p><strong>L\u2019elenco delle persone che ho portato con me sarebbe molto lungo<\/strong> e anche da questo mi rendo conto di quanto sia fortunato.<span class=\"Apple-converted-space\">\u00a0<\/span><\/p>\n<p>Ci sono poi gli elementi del cammino. In quattro settimane una sola ora di pioggia e due giornate di caldo vero. In compenso sono riuscito pure a prendere freddo. Un\u2019accoglienza, salvo alcune eccezioni, per nulla calorosa, ma sempre molto efficiente perch\u00e9 ormai il cammino \u00e8 pi\u00f9 un\u2019industria turistica che esperienza spirituale. Malgrado questo va un grandissimo grazie per tutti i posti che hanno permesso di poter dormire e anche di riposare un po\u2019 bevendo una spremuta d\u2019arancia.<span class=\"Apple-converted-space\">\u00a0<\/span><\/p>\n<p>Da ultimo, ma in realt\u00e0 al primo posto, ci sono le belle persone con cui ho condiviso il cammino. Alcune solo per pochi momenti, altre per diversi giorni. Con Giampaolo da Rovigo, serio bancario in pensione, da quando abbiamo rotto il ghiaccio non abbiamo mai smesso di scherzare. Lo stesso con Fabrizio che arriva da Sarteano, il paese pi\u00f9 importante della Val d\u2019Orcia se non addirittura della Toscana, secondo lui. Gigi e Costantino, due calabresi valdostani dato che ci vivono da quando avevano i pantaloni corti. Due pilastri nella compagnia, due colleghi di lavoro in mezzo si motori e da sempre amici inseparabili. Paolo da Foggia, l\u2019unico vero meridionale con l\u2019orgoglio di esserlo e con una tenacia assoluta. Il tedesco Thomas che si \u00e8 fatto adottare e solo a sprazzi ci ha raccontato un po\u2019 di disavventure toste. Sempre con il sorriso e la sempre positivo. E per finire Sabrina da Prato che ha portato la bellezza e la femminilit\u00e0 in un gruppo di anziani maschiacci. Elegante e sobria, autentica e determinata. La sua prima esperienza di cammino e soprattutto il primo distacco lungo dai suoi due bambini. Un piacere per tutti aver condiviso il cammino con lei.<span class=\"Apple-converted-space\">\u00a0<\/span><\/p>\n<p><strong>Santiago \u00e8 solo una tappa<\/strong>. \u00c8 solo un pezzo del viaggio che non pu\u00f2 fermarsi in Galizia. \u00c8 una bella prova, ma soprattutto una bella responsabilit\u00e0 perch\u00e9 come diceva il vecchio pellegrino saggio: \u201cper diventare un bravo pellegrino si deve tornare a casa e amare i propri cari, ma anche i propri nemici\u201d.<span class=\"Apple-converted-space\">\u00a0<\/span><\/p>\n<p><strong>La vita prosegue con tutte le proprie bellezze<\/strong>, ma anche con le tante cose che non vanno bene e che spesso ci indispongono. Da oggi andranno viste con occhi differenti pensando a cosa sia essenziale per la vita.<span class=\"Apple-converted-space\">\u00a0<\/span><\/p>\n<p>Ancora grazie.<span class=\"Apple-converted-space\">\u00a0<\/span><\/p>\n","protected":false},"excerpt":{"rendered":"<p>L\u2019ultima tappa e l\u2019arrivo a Santiago tra emozioni e riflessioni <\/p>\n","protected":false},"author":54,"featured_media":0,"comment_status":"open","ping_status":"open","sticky":false,"template":"","format":"standard","meta":{"footnotes":""},"categories":[9,46],"tags":[4355,87970],"acf":[],"yoast_head":"<!-- This site is optimized with the Yoast SEO plugin v20.1 - https:\/\/yoast.com\/wordpress\/plugins\/seo\/ -->\n<title>Insieme fino a Santiago di compostela<\/title>\n<meta name=\"description\" content=\"L\u2019ultima tappa e l\u2019arrivo a Santiago tra emozioni e riflessioni\" \/>\n<meta name=\"robots\" content=\"noindex, follow, max-snippet:-1, max-image-preview:large, max-video-preview:-1\" \/>\n<meta property=\"og:locale\" content=\"it_IT\" \/>\n<meta property=\"og:type\" content=\"article\" \/>\n<meta property=\"og:title\" content=\"Insieme fino a Santiago di compostela\" \/>\n<meta property=\"og:description\" content=\"L\u2019ultima tappa e l\u2019arrivo a Santiago tra emozioni e riflessioni\" \/>\n<meta property=\"og:url\" content=\"https:\/\/staging.varesenews.it\/2018\/07\/insieme-santiago-compostela\/734860\/\" \/>\n<meta property=\"og:site_name\" content=\"VareseNews\" \/>\n<meta property=\"article:publisher\" content=\"https:\/\/www.facebook.com\/varesenews\" \/>\n<meta property=\"article:author\" content=\"https:\/\/www.facebook.com\/giovannelli.marco?fref=ts\" \/>\n<meta property=\"article:published_time\" content=\"2018-07-12T13:52:39+00:00\" \/>\n<meta property=\"article:modified_time\" content=\"2018-07-12T14:18:34+00:00\" \/>\n<meta name=\"author\" content=\"Marco Giovannelli\" \/>\n<meta name=\"twitter:card\" content=\"summary_large_image\" \/>\n<meta name=\"twitter:creator\" content=\"@marcogio59\" \/>\n<meta name=\"twitter:site\" content=\"@varesenews\" \/>\n<meta name=\"twitter:label1\" content=\"Scritto da\" \/>\n\t<meta name=\"twitter:data1\" content=\"Marco Giovannelli\" \/>\n\t<meta name=\"twitter:label2\" content=\"Tempo di lettura stimato\" \/>\n\t<meta name=\"twitter:data2\" content=\"5 minuti\" \/>\n<script type=\"application\/ld+json\" class=\"yoast-schema-graph\">{\"@context\":\"https:\/\/schema.org\",\"@graph\":[{\"@type\":\"WebPage\",\"@id\":\"https:\/\/staging.varesenews.it\/2018\/07\/insieme-santiago-compostela\/734860\/\",\"url\":\"https:\/\/staging.varesenews.it\/2018\/07\/insieme-santiago-compostela\/734860\/\",\"name\":\"Insieme fino a Santiago di compostela\",\"isPartOf\":{\"@id\":\"https:\/\/staging.varesenews.it\/#website\"},\"datePublished\":\"2018-07-12T13:52:39+00:00\",\"dateModified\":\"2018-07-12T14:18:34+00:00\",\"author\":{\"@id\":\"https:\/\/staging.varesenews.it\/#\/schema\/person\/b32b6f44664f8274f79469e452856024\"},\"description\":\"L\u2019ultima tappa e l\u2019arrivo a Santiago tra emozioni e riflessioni\",\"breadcrumb\":{\"@id\":\"https:\/\/staging.varesenews.it\/2018\/07\/insieme-santiago-compostela\/734860\/#breadcrumb\"},\"inLanguage\":\"it-IT\",\"potentialAction\":[{\"@type\":\"ReadAction\",\"target\":[\"https:\/\/staging.varesenews.it\/2018\/07\/insieme-santiago-compostela\/734860\/\"]}]},{\"@type\":\"BreadcrumbList\",\"@id\":\"https:\/\/staging.varesenews.it\/2018\/07\/insieme-santiago-compostela\/734860\/#breadcrumb\",\"itemListElement\":[{\"@type\":\"ListItem\",\"position\":1,\"name\":\"Home\",\"item\":\"https:\/\/www.varesenews.it\/\"},{\"@type\":\"ListItem\",\"position\":2,\"name\":\"Insieme fino a Santiago di compostela\"}]},{\"@type\":\"WebSite\",\"@id\":\"https:\/\/staging.varesenews.it\/#website\",\"url\":\"https:\/\/staging.varesenews.it\/\",\"name\":\"VareseNews\",\"description\":\"\",\"potentialAction\":[{\"@type\":\"SearchAction\",\"target\":{\"@type\":\"EntryPoint\",\"urlTemplate\":\"https:\/\/staging.varesenews.it\/?s={search_term_string}\"},\"query-input\":\"required name=search_term_string\"}],\"inLanguage\":\"it-IT\"},{\"@type\":\"Person\",\"@id\":\"https:\/\/staging.varesenews.it\/#\/schema\/person\/b32b6f44664f8274f79469e452856024\",\"name\":\"Marco Giovannelli\",\"image\":{\"@type\":\"ImageObject\",\"inLanguage\":\"it-IT\",\"@id\":\"https:\/\/staging.varesenews.it\/#\/schema\/person\/image\/\",\"url\":\"https:\/\/staging.varesenews.it\/wp-content\/uploads\/2020\/12\/marco_giovannelli_colori_500.jpg\",\"contentUrl\":\"https:\/\/staging.varesenews.it\/wp-content\/uploads\/2020\/12\/marco_giovannelli_colori_500.jpg\",\"caption\":\"Marco Giovannelli\"},\"description\":\"Viterbese di origine vivo a Varese dal 1978. Due figli grandi, due lauree in scienze &ldquo;inutili&rdquo; quanto affascinanti che mi portano a mettere lo studio ancora al primo posto. Dopo aver lavorato per il sindacato, fondato e lavorato al centro Gulliver, in una cooperativa che gestiva il Circolino a Varese, con un altro viterbese e un lucano ho fondato VareseNews quando nessuno o quasi sapeva cosa fosse Internet. Ho alcune grandi passioni, la prima &egrave; il cammino che cerco di vivere quotidianamente. Averne percorsi alcuni storici con Santiago e la Francigena mi ha poi portato a far diventare anche lavoro la loro valorizzazione e in particolare la Via Francisca del Lucomagno. Amo leggere, andare al cinema, viaggiare. Mi piace conoscere. La mia migliore attitudine &egrave; connettere mondi e per questo mi affascina la contemporaneit&agrave; e il digitale. Ho insegnato diritto ed economia per un decennio nelle scuole superiori. Ho tenuto diverse lezioni e laboratori allo Iulm e ora all&rsquo;Universit&agrave; dell&rsquo;Insubria con un corso di Giornalismo digitale alla specialistica. Ho fondato diversi progetti editoriali.&nbsp;\",\"sameAs\":[\"https:\/\/www.facebook.com\/giovannelli.marco?fref=ts\",\"marcogio59\",\"https:\/\/it.linkedin.com\/in\/giovannellimarco\",\"https:\/\/twitter.com\/marcogio59\"],\"url\":\"https:\/\/staging.varesenews.it\/persona\/marco_giovannelli-2\/\"}]}<\/script>\n<!-- \/ Yoast SEO plugin. -->","yoast_head_json":{"title":"Insieme fino a Santiago di compostela","description":"L\u2019ultima tappa e l\u2019arrivo a Santiago tra emozioni e riflessioni","robots":{"index":"noindex","follow":"follow","max-snippet":"max-snippet:-1","max-image-preview":"max-image-preview:large","max-video-preview":"max-video-preview:-1"},"og_locale":"it_IT","og_type":"article","og_title":"Insieme fino a Santiago di compostela","og_description":"L\u2019ultima tappa e l\u2019arrivo a Santiago tra emozioni e riflessioni","og_url":"https:\/\/staging.varesenews.it\/2018\/07\/insieme-santiago-compostela\/734860\/","og_site_name":"VareseNews","article_publisher":"https:\/\/www.facebook.com\/varesenews","article_author":"https:\/\/www.facebook.com\/giovannelli.marco?fref=ts","article_published_time":"2018-07-12T13:52:39+00:00","article_modified_time":"2018-07-12T14:18:34+00:00","author":"Marco Giovannelli","twitter_card":"summary_large_image","twitter_creator":"@marcogio59","twitter_site":"@varesenews","twitter_misc":{"Scritto da":"Marco Giovannelli","Tempo di lettura stimato":"5 minuti"},"schema":{"@context":"https:\/\/schema.org","@graph":[{"@type":"WebPage","@id":"https:\/\/staging.varesenews.it\/2018\/07\/insieme-santiago-compostela\/734860\/","url":"https:\/\/staging.varesenews.it\/2018\/07\/insieme-santiago-compostela\/734860\/","name":"Insieme fino a Santiago di compostela","isPartOf":{"@id":"https:\/\/staging.varesenews.it\/#website"},"datePublished":"2018-07-12T13:52:39+00:00","dateModified":"2018-07-12T14:18:34+00:00","author":{"@id":"https:\/\/staging.varesenews.it\/#\/schema\/person\/b32b6f44664f8274f79469e452856024"},"description":"L\u2019ultima tappa e l\u2019arrivo a Santiago tra emozioni e riflessioni","breadcrumb":{"@id":"https:\/\/staging.varesenews.it\/2018\/07\/insieme-santiago-compostela\/734860\/#breadcrumb"},"inLanguage":"it-IT","potentialAction":[{"@type":"ReadAction","target":["https:\/\/staging.varesenews.it\/2018\/07\/insieme-santiago-compostela\/734860\/"]}]},{"@type":"BreadcrumbList","@id":"https:\/\/staging.varesenews.it\/2018\/07\/insieme-santiago-compostela\/734860\/#breadcrumb","itemListElement":[{"@type":"ListItem","position":1,"name":"Home","item":"https:\/\/www.varesenews.it\/"},{"@type":"ListItem","position":2,"name":"Insieme fino a Santiago di compostela"}]},{"@type":"WebSite","@id":"https:\/\/staging.varesenews.it\/#website","url":"https:\/\/staging.varesenews.it\/","name":"VareseNews","description":"","potentialAction":[{"@type":"SearchAction","target":{"@type":"EntryPoint","urlTemplate":"https:\/\/staging.varesenews.it\/?s={search_term_string}"},"query-input":"required name=search_term_string"}],"inLanguage":"it-IT"},{"@type":"Person","@id":"https:\/\/staging.varesenews.it\/#\/schema\/person\/b32b6f44664f8274f79469e452856024","name":"Marco Giovannelli","image":{"@type":"ImageObject","inLanguage":"it-IT","@id":"https:\/\/staging.varesenews.it\/#\/schema\/person\/image\/","url":"https:\/\/staging.varesenews.it\/wp-content\/uploads\/2020\/12\/marco_giovannelli_colori_500.jpg","contentUrl":"https:\/\/staging.varesenews.it\/wp-content\/uploads\/2020\/12\/marco_giovannelli_colori_500.jpg","caption":"Marco Giovannelli"},"description":"Viterbese di origine vivo a Varese dal 1978. Due figli grandi, due lauree in scienze &ldquo;inutili&rdquo; quanto affascinanti che mi portano a mettere lo studio ancora al primo posto. Dopo aver lavorato per il sindacato, fondato e lavorato al centro Gulliver, in una cooperativa che gestiva il Circolino a Varese, con un altro viterbese e un lucano ho fondato VareseNews quando nessuno o quasi sapeva cosa fosse Internet. Ho alcune grandi passioni, la prima &egrave; il cammino che cerco di vivere quotidianamente. Averne percorsi alcuni storici con Santiago e la Francigena mi ha poi portato a far diventare anche lavoro la loro valorizzazione e in particolare la Via Francisca del Lucomagno. Amo leggere, andare al cinema, viaggiare. Mi piace conoscere. La mia migliore attitudine &egrave; connettere mondi e per questo mi affascina la contemporaneit&agrave; e il digitale. Ho insegnato diritto ed economia per un decennio nelle scuole superiori. Ho tenuto diverse lezioni e laboratori allo Iulm e ora all&rsquo;Universit&agrave; dell&rsquo;Insubria con un corso di Giornalismo digitale alla specialistica. Ho fondato diversi progetti editoriali.&nbsp;","sameAs":["https:\/\/www.facebook.com\/giovannelli.marco?fref=ts","marcogio59","https:\/\/it.linkedin.com\/in\/giovannellimarco","https:\/\/twitter.com\/marcogio59"],"url":"https:\/\/staging.varesenews.it\/persona\/marco_giovannelli-2\/"}]}},"post_meta":{"_edit_lock":"1533796409:54","_edit_last":"52","_category_permalink":"a:1:{s:8:\"category\";s:0:\"\";}","ratings_users":"0","ratings_score":"0","ratings_average":"0","argomento":"Diario di cammino","_yoast_wpseo_content_score":"30","_jd_tweet_this":"yes","_wpt_short_url":"http:\/\/www.varesenews.it\/2018\/07\/insieme-santiago-compostela\/734860\/","_wp_jd_target":"http:\/\/www.varesenews.it\/2018\/07\/insieme-santiago-compostela\/734860\/","_jd_wp_twitter":"a:1:{i:0;s:122:\"Insieme fino a Santiago di compostela http:\/\/www.varesenews.it\/2018\/07\/insieme-santiago-compostela\/734860\/ #Diariosantiago\";}","_wpt_status_message":"Tweet inviato con successo.","foto":"685285"},"photos":[{"original":"https:\/\/staging.varesenews.it\/photogallery_new\/images\/2018\/07\/generico-2018-685285.jpg","full":"https:\/\/staging.varesenews.it\/photogallery_new\/images\/2018\/07\/generico-2018-685285.1024x768.jpg","large":"https:\/\/staging.varesenews.it\/photogallery_new\/images\/2018\/07\/generico-2018-685285.610x431.jpg"}],"_links":{"self":[{"href":"https:\/\/staging.varesenews.it\/swgapi\/v1\/wp\/v2\/posts\/734860"}],"collection":[{"href":"https:\/\/staging.varesenews.it\/swgapi\/v1\/wp\/v2\/posts"}],"about":[{"href":"https:\/\/staging.varesenews.it\/swgapi\/v1\/wp\/v2\/types\/post"}],"author":[{"embeddable":true,"href":"https:\/\/staging.varesenews.it\/swgapi\/v1\/wp\/v2\/users\/54"}],"replies":[{"embeddable":true,"href":"https:\/\/staging.varesenews.it\/swgapi\/v1\/wp\/v2\/comments?post=734860"}],"version-history":[{"count":0,"href":"https:\/\/staging.varesenews.it\/swgapi\/v1\/wp\/v2\/posts\/734860\/revisions"}],"wp:attachment":[{"href":"https:\/\/staging.varesenews.it\/swgapi\/v1\/wp\/v2\/media?parent=734860"}],"wp:term":[{"taxonomy":"category","embeddable":true,"href":"https:\/\/staging.varesenews.it\/swgapi\/v1\/wp\/v2\/categories?post=734860"},{"taxonomy":"post_tag","embeddable":true,"href":"https:\/\/staging.varesenews.it\/swgapi\/v1\/wp\/v2\/tags?post=734860"}],"curies":[{"name":"wp","href":"https:\/\/api.w.org\/{rel}","templated":true}]}}