{"id":735213,"date":"2018-07-13T14:47:33","date_gmt":"2018-07-13T12:47:33","guid":{"rendered":"http:\/\/www.varesenews.it\/?p=735213"},"modified":"2018-07-13T14:47:33","modified_gmt":"2018-07-13T12:47:33","slug":"garzonio-luini-al-camponovo","status":"publish","type":"post","link":"https:\/\/staging.varesenews.it\/2018\/07\/garzonio-luini-al-camponovo\/735213\/","title":{"rendered":"Garzonio e Luini al Camponovo"},"content":{"rendered":"<p><strong>Dal 14 al 26 luglio nell\u2019ambito della rassegna Sogno d\u2019Estate<\/strong>, Location Camponovo, ospita la doppia mostra personale di <strong>Luisa Garzonio e Lorenzo Luini, inaugurazione domenica 15 luglio, ore 11,00.<\/strong><\/p>\n<p>L\u2019esposizione di Luisa Garzonio dal titolo \u201c<strong>Acqua viva\u201d<\/strong> presenta una selezione di opere che proseguono la ricerca dell\u2019artista sulla personificazione del paesaggio e dei suoi elementi. \u00ab\u2026I ritratti che s\u2019intravedono \u2013 spiega l\u2019artista- in filigrana su una partitura geometrica e evocativa dei paesaggi, ne sono l\u2019identificazione. Il territorio, i giardini, gli elementi, diventano persona, anima del luogo, in un processo d\u2019incarnazione del paesaggio. Partendo dalle mappe di citt\u00e0 nel 2007 che generavano ritratti -volti di citt\u00e0, ora \u00e8 il volto a farsi mappa territorio dell\u2019anima, in una simbiosi reciproca. La tecnica prediletta resta il pastello ma nuove sperimentazioni con acrilico, danno l\u2019avvio a una resa pi\u00f9 strutturata. L\u2019acqua \u00e8 uno degli elementi indagati, per la trasparenza e i suoi moti, il paesaggio della diga Panperduto uno dei suoi luoghi d\u2019elezione di attuale studio insieme al museo Parisi valle di Maccagno e le acque del Giona. Si sa per\u00f2, che il soggetto \u00e8 un pretesto per sempre nuove sperimentazioni, tra nuove tecniche contemporanee vedi stampe digitali su plexiglass e il fare antico. La prassi operativa resta sempre primaria per una valorizzazione dell\u2019artigianalit\u00e0 della pittura, che, resta sempre la disciplina prediletta, seppur non dimenticando l\u2019uso delle nuove tecnologie. Anche il paesaggio e il volto restano i temi fondativi dei lavori fino a sconfinare uno nell\u2019altro e diventare voltografie infinite e volti territoriali. Per la mostra, sono state realizzate 3 opere specifiche dedicate , che indagano il mistero e celebrano il Sacro Monte\u00bb.<\/p>\n<p>La personale di Lorenzo Luini dal titolo \u201c<strong>Verso il futuro<\/strong>\u201d presenta una sequenza di opere di arte digitale, divenuta ormai la tecnica prediletta dall\u2019artista, che partendo dal dato reale ed oggettivo sperimenta l\u2019uso del colore nelle sue diverse declinazioni digitali e innovative. Sfidando il buio assoluto Luini ricerca la terza dimensione usando la luce per creare le ombre che poi spariscono lasciando spazio al colore e aprendo cos\u00ec nuove prospettive per raggiungere lontani orizzonti. Durante questo percorso nasce la materia nella sua forma incolore dalla quale riemerge la figura che genera nuove e infinite possibilit\u00e0 creative. Questa azione simbolica porta verso paesaggi fantastici, illimitati, in cui lo spazio virtuale, indica l\u2019ipotesi di un divenire cosmico. Questi scenari virtuali si prestano a fungere da sfondi nelle immagini in cui compare la figura, che diventa elemento centrale della rappresentazione.<\/p>\n<p><strong>Domenica 22 luglio<\/strong> per tutta la giornata si svolger\u00e0 il terzo laboratorio gratuito di Incisione dedicato a tutti coloro che vogliono apprendere la tecnica di questa antica arte.<\/p>\n<p>Info laboratorio Anny Ferrario 335.8129631<\/p>\n<p>Il grande spazio espositivo ospita fino al 26 agosto una doppia mostra permanente con le opere degli artisti dell\u2019Associazione Liberi Artisti di Varese che si confrontano con il piccolo formato quadrato di cm 25&#215;25, dove il tema libero permette di esprimere la personale cifra stilistica di ogni singolo autore, mentre una riflessione pi\u00f9 specifica sul formato di cm 40&#215;40 \u00e8 dedicata al Sacro Monte, ove gli autori si confrontano con le suggestioni, i capolavori e la sacralit\u00e0 della Via Sacra.<\/p>\n<p>LUISA GARZONIO. ACQUA VIVA<br \/>\nLORENZO LUINI. VERSO IL FUTURO<br \/>\nper SOGNO D\u2019ESTATE<br \/>\nLocation Camponovo<br \/>\n14 -26 luglio 2018<br \/>\nInaugurazione Domenica 15 luglio ore 11.00<br \/>\nLocation Camponovo, Viale del Santuario<br \/>\nOrari: gioved\u00ec e venerd\u00ec dalle 14.00 alle 19,00<br \/>\nsabato e domenica dalle 10.00 alle 19.00<br \/>\nIngresso libero<br \/>\nInfo info@locationcamponovo.it Tel 374.2311152<\/p>\n","protected":false},"excerpt":{"rendered":"<p>Doppia personale nell&#8217;ambito del progetto Sogno d&#8217;Estate<\/p>\n","protected":false},"author":36,"featured_media":0,"comment_status":"open","ping_status":"open","sticky":false,"template":"","format":"standard","meta":{"footnotes":""},"categories":[18,21,2],"tags":[88824,380,158],"acf":[],"yoast_head":"<!-- This site is optimized with the Yoast SEO plugin v20.1 - https:\/\/yoast.com\/wordpress\/plugins\/seo\/ -->\n<title>Garzonio e Luini al Camponovo<\/title>\n<meta name=\"description\" content=\"Doppia personale nell&#039;ambito del progetto Sogno d&#039;Estate\" \/>\n<meta name=\"robots\" content=\"noindex, follow, max-snippet:-1, max-image-preview:large, max-video-preview:-1\" \/>\n<meta property=\"og:locale\" content=\"it_IT\" \/>\n<meta property=\"og:type\" content=\"article\" \/>\n<meta property=\"og:title\" content=\"Garzonio e Luini al Camponovo\" \/>\n<meta property=\"og:description\" content=\"Doppia personale nell&#039;ambito del progetto Sogno d&#039;Estate\" \/>\n<meta property=\"og:url\" content=\"https:\/\/staging.varesenews.it\/2018\/07\/garzonio-luini-al-camponovo\/735213\/\" \/>\n<meta property=\"og:site_name\" content=\"VareseNews\" \/>\n<meta property=\"article:publisher\" content=\"https:\/\/www.facebook.com\/varesenews\" \/>\n<meta property=\"article:published_time\" content=\"2018-07-13T12:47:33+00:00\" \/>\n<meta name=\"author\" content=\"Erika La Rosa\" \/>\n<meta name=\"twitter:card\" content=\"summary_large_image\" \/>\n<meta name=\"twitter:creator\" content=\"@twerirosa\" \/>\n<meta name=\"twitter:site\" content=\"@varesenews\" \/>\n<meta name=\"twitter:label1\" content=\"Scritto da\" \/>\n\t<meta name=\"twitter:data1\" content=\"Erika La Rosa\" \/>\n\t<meta name=\"twitter:label2\" content=\"Tempo di lettura stimato\" \/>\n\t<meta name=\"twitter:data2\" content=\"3 minuti\" \/>\n<script type=\"application\/ld+json\" class=\"yoast-schema-graph\">{\"@context\":\"https:\/\/schema.org\",\"@graph\":[{\"@type\":\"WebPage\",\"@id\":\"https:\/\/staging.varesenews.it\/2018\/07\/garzonio-luini-al-camponovo\/735213\/\",\"url\":\"https:\/\/staging.varesenews.it\/2018\/07\/garzonio-luini-al-camponovo\/735213\/\",\"name\":\"Garzonio e Luini al Camponovo\",\"isPartOf\":{\"@id\":\"https:\/\/staging.varesenews.it\/#website\"},\"datePublished\":\"2018-07-13T12:47:33+00:00\",\"dateModified\":\"2018-07-13T12:47:33+00:00\",\"author\":{\"@id\":\"https:\/\/staging.varesenews.it\/#\/schema\/person\/0512a4cda1d8b4f14c19f86d1016dc18\"},\"description\":\"Doppia personale nell'ambito del progetto Sogno d'Estate\",\"breadcrumb\":{\"@id\":\"https:\/\/staging.varesenews.it\/2018\/07\/garzonio-luini-al-camponovo\/735213\/#breadcrumb\"},\"inLanguage\":\"it-IT\",\"potentialAction\":[{\"@type\":\"ReadAction\",\"target\":[\"https:\/\/staging.varesenews.it\/2018\/07\/garzonio-luini-al-camponovo\/735213\/\"]}]},{\"@type\":\"BreadcrumbList\",\"@id\":\"https:\/\/staging.varesenews.it\/2018\/07\/garzonio-luini-al-camponovo\/735213\/#breadcrumb\",\"itemListElement\":[{\"@type\":\"ListItem\",\"position\":1,\"name\":\"Home\",\"item\":\"https:\/\/www.varesenews.it\/\"},{\"@type\":\"ListItem\",\"position\":2,\"name\":\"Garzonio e Luini al Camponovo\"}]},{\"@type\":\"WebSite\",\"@id\":\"https:\/\/staging.varesenews.it\/#website\",\"url\":\"https:\/\/staging.varesenews.it\/\",\"name\":\"VareseNews\",\"description\":\"\",\"potentialAction\":[{\"@type\":\"SearchAction\",\"target\":{\"@type\":\"EntryPoint\",\"urlTemplate\":\"https:\/\/staging.varesenews.it\/?s={search_term_string}\"},\"query-input\":\"required name=search_term_string\"}],\"inLanguage\":\"it-IT\"},{\"@type\":\"Person\",\"@id\":\"https:\/\/staging.varesenews.it\/#\/schema\/person\/0512a4cda1d8b4f14c19f86d1016dc18\",\"name\":\"Erika La Rosa\",\"image\":{\"@type\":\"ImageObject\",\"inLanguage\":\"it-IT\",\"@id\":\"https:\/\/staging.varesenews.it\/#\/schema\/person\/image\/\",\"url\":\"https:\/\/staging.varesenews.it\/wp-content\/uploads\/2020\/12\/erika_larosa_colori_500.jpg\",\"contentUrl\":\"https:\/\/staging.varesenews.it\/wp-content\/uploads\/2020\/12\/erika_larosa_colori_500.jpg\",\"caption\":\"Erika La Rosa\"},\"description\":\"Giornalista pubblicista, collaboro con VareseNews dal lontano 1997 quando la redazione piccolissima ma l&rsquo;entusiasmo era tanto e la sfida titanica. Da allora siamo cresciuti, la redazione &egrave; diventata pi&ugrave; grande ma l&rsquo;entusiasmo &egrave; rimato lo stesso. Mi piace guardare il mondo attraverso gli occhi degli artisti, per questo scrivo, leggo e mi nutro di arte seguendo per il giornale le pagine dedicate alle mostre e agli artisti. Ho collaborato con diversi Musei e Istituzioni culturali italiane e svizzere. Da oltre dieci anni mi occupo di strategie e comunicazione sui social media di enti pubblici e privati. Vivo il presente e non dimentico mai che quando c&rsquo;&egrave; una meta, anche il deserto diventa una strada.\",\"sameAs\":[\"https:\/\/www.linkedin.com\/profile\/view?id=93070756&trk=nav_responsive_tab_profile_pic\",\"https:\/\/twitter.com\/twerirosa\"],\"url\":\"https:\/\/staging.varesenews.it\/persona\/erika_larosa\/\"}]}<\/script>\n<!-- \/ Yoast SEO plugin. -->","yoast_head_json":{"title":"Garzonio e Luini al Camponovo","description":"Doppia personale nell'ambito del progetto Sogno d'Estate","robots":{"index":"noindex","follow":"follow","max-snippet":"max-snippet:-1","max-image-preview":"max-image-preview:large","max-video-preview":"max-video-preview:-1"},"og_locale":"it_IT","og_type":"article","og_title":"Garzonio e Luini al Camponovo","og_description":"Doppia personale nell'ambito del progetto Sogno d'Estate","og_url":"https:\/\/staging.varesenews.it\/2018\/07\/garzonio-luini-al-camponovo\/735213\/","og_site_name":"VareseNews","article_publisher":"https:\/\/www.facebook.com\/varesenews","article_published_time":"2018-07-13T12:47:33+00:00","author":"Erika La Rosa","twitter_card":"summary_large_image","twitter_creator":"@twerirosa","twitter_site":"@varesenews","twitter_misc":{"Scritto da":"Erika La Rosa","Tempo di lettura stimato":"3 minuti"},"schema":{"@context":"https:\/\/schema.org","@graph":[{"@type":"WebPage","@id":"https:\/\/staging.varesenews.it\/2018\/07\/garzonio-luini-al-camponovo\/735213\/","url":"https:\/\/staging.varesenews.it\/2018\/07\/garzonio-luini-al-camponovo\/735213\/","name":"Garzonio e Luini al Camponovo","isPartOf":{"@id":"https:\/\/staging.varesenews.it\/#website"},"datePublished":"2018-07-13T12:47:33+00:00","dateModified":"2018-07-13T12:47:33+00:00","author":{"@id":"https:\/\/staging.varesenews.it\/#\/schema\/person\/0512a4cda1d8b4f14c19f86d1016dc18"},"description":"Doppia personale nell'ambito del progetto Sogno d'Estate","breadcrumb":{"@id":"https:\/\/staging.varesenews.it\/2018\/07\/garzonio-luini-al-camponovo\/735213\/#breadcrumb"},"inLanguage":"it-IT","potentialAction":[{"@type":"ReadAction","target":["https:\/\/staging.varesenews.it\/2018\/07\/garzonio-luini-al-camponovo\/735213\/"]}]},{"@type":"BreadcrumbList","@id":"https:\/\/staging.varesenews.it\/2018\/07\/garzonio-luini-al-camponovo\/735213\/#breadcrumb","itemListElement":[{"@type":"ListItem","position":1,"name":"Home","item":"https:\/\/www.varesenews.it\/"},{"@type":"ListItem","position":2,"name":"Garzonio e Luini al Camponovo"}]},{"@type":"WebSite","@id":"https:\/\/staging.varesenews.it\/#website","url":"https:\/\/staging.varesenews.it\/","name":"VareseNews","description":"","potentialAction":[{"@type":"SearchAction","target":{"@type":"EntryPoint","urlTemplate":"https:\/\/staging.varesenews.it\/?s={search_term_string}"},"query-input":"required name=search_term_string"}],"inLanguage":"it-IT"},{"@type":"Person","@id":"https:\/\/staging.varesenews.it\/#\/schema\/person\/0512a4cda1d8b4f14c19f86d1016dc18","name":"Erika La Rosa","image":{"@type":"ImageObject","inLanguage":"it-IT","@id":"https:\/\/staging.varesenews.it\/#\/schema\/person\/image\/","url":"https:\/\/staging.varesenews.it\/wp-content\/uploads\/2020\/12\/erika_larosa_colori_500.jpg","contentUrl":"https:\/\/staging.varesenews.it\/wp-content\/uploads\/2020\/12\/erika_larosa_colori_500.jpg","caption":"Erika La Rosa"},"description":"Giornalista pubblicista, collaboro con VareseNews dal lontano 1997 quando la redazione piccolissima ma l&rsquo;entusiasmo era tanto e la sfida titanica. Da allora siamo cresciuti, la redazione &egrave; diventata pi&ugrave; grande ma l&rsquo;entusiasmo &egrave; rimato lo stesso. Mi piace guardare il mondo attraverso gli occhi degli artisti, per questo scrivo, leggo e mi nutro di arte seguendo per il giornale le pagine dedicate alle mostre e agli artisti. Ho collaborato con diversi Musei e Istituzioni culturali italiane e svizzere. Da oltre dieci anni mi occupo di strategie e comunicazione sui social media di enti pubblici e privati. Vivo il presente e non dimentico mai che quando c&rsquo;&egrave; una meta, anche il deserto diventa una strada.","sameAs":["https:\/\/www.linkedin.com\/profile\/view?id=93070756&trk=nav_responsive_tab_profile_pic","https:\/\/twitter.com\/twerirosa"],"url":"https:\/\/staging.varesenews.it\/persona\/erika_larosa\/"}]}},"post_meta":{"_edit_lock":"1531487221:36","_edit_last":"36","_category_permalink":"a:1:{s:8:\"category\";s:0:\"\";}","ratings_users":"0","ratings_score":"0","ratings_average":"0","foto":"685432","firma_come_redazione":"1","argomento":"Varese Sacro Monte","_yoast_wpseo_content_score":"30","_jd_tweet_this":"yes","_wpt_short_url":"http:\/\/www.varesenews.it\/2018\/07\/garzonio-luini-al-camponovo\/735213\/","_wp_jd_target":"http:\/\/www.varesenews.it\/2018\/07\/garzonio-luini-al-camponovo\/735213\/","_jd_wp_twitter":"a:1:{i:0;s:119:\"Garzonio e Luini al Camponovo http:\/\/www.varesenews.it\/2018\/07\/garzonio-luini-al-camponovo\/735213\/ #sacromonte #weekend\";}","_wpt_status_message":"Tweet inviato con successo."},"photos":[{"original":"https:\/\/staging.varesenews.it\/photogallery_new\/images\/2018\/07\/arte-mostre-685432.jpg","full":"https:\/\/staging.varesenews.it\/photogallery_new\/images\/2018\/07\/arte-mostre-685432.1024x768.jpg","large":"https:\/\/staging.varesenews.it\/photogallery_new\/images\/2018\/07\/arte-mostre-685432.610x431.jpg"}],"_links":{"self":[{"href":"https:\/\/staging.varesenews.it\/swgapi\/v1\/wp\/v2\/posts\/735213"}],"collection":[{"href":"https:\/\/staging.varesenews.it\/swgapi\/v1\/wp\/v2\/posts"}],"about":[{"href":"https:\/\/staging.varesenews.it\/swgapi\/v1\/wp\/v2\/types\/post"}],"author":[{"embeddable":true,"href":"https:\/\/staging.varesenews.it\/swgapi\/v1\/wp\/v2\/users\/36"}],"replies":[{"embeddable":true,"href":"https:\/\/staging.varesenews.it\/swgapi\/v1\/wp\/v2\/comments?post=735213"}],"version-history":[{"count":0,"href":"https:\/\/staging.varesenews.it\/swgapi\/v1\/wp\/v2\/posts\/735213\/revisions"}],"wp:attachment":[{"href":"https:\/\/staging.varesenews.it\/swgapi\/v1\/wp\/v2\/media?parent=735213"}],"wp:term":[{"taxonomy":"category","embeddable":true,"href":"https:\/\/staging.varesenews.it\/swgapi\/v1\/wp\/v2\/categories?post=735213"},{"taxonomy":"post_tag","embeddable":true,"href":"https:\/\/staging.varesenews.it\/swgapi\/v1\/wp\/v2\/tags?post=735213"}],"curies":[{"name":"wp","href":"https:\/\/api.w.org\/{rel}","templated":true}]}}