{"id":735233,"date":"2018-07-13T15:16:02","date_gmt":"2018-07-13T13:16:02","guid":{"rendered":"http:\/\/www.varesenews.it\/?p=735233"},"modified":"2018-07-13T15:27:57","modified_gmt":"2018-07-13T13:27:57","slug":"scrubb-firmato-lala-lopenjobmetis","status":"publish","type":"post","link":"https:\/\/staging.varesenews.it\/2018\/07\/scrubb-firmato-lala-lopenjobmetis\/735233\/","title":{"rendered":"Scrubb ha firmato, ecco l&#8217;ala per l&#8217;Openjobmetis"},"content":{"rendered":"<p>(Foto &#8211; <a href=\"http:\/\/www.pallacanestrovarese.it\/thomas-scrubb-nuova-firma-per-la-pallacanestro-varese\/\">pallacanestrovarese.it<\/a>)<\/p>\n<p>E&#8217; arrivata anche l&#8217;ala piccola o, come detto in gergo cestistico il general manager della Pallacanestro Varese Andrea Conti <strong>\u00abil 3 titolare\u00bb.<\/strong><\/p>\n<p>Vi avevamo anticipato che le parti si erano avvicinate e che tutto volgeva verso il sereno. Cos\u00ec \u00e8 stato e da oggi coach A<strong>ttilio Caja potr\u00e0 contare sulla duttilit\u00e0 difensiva e sul tiro mancino di Thomas Scrubb.<\/strong><\/p>\n<p>Ora per completare il puzzle manca un solo pezzo, che come nel gioco da tavolo non sar\u00e0 dovr\u00e0 dare una visione totale della tavola. <strong>Il tassello mancante \u00e8 un esterno che possa fare da collante tra i piccoli e i lunghi<\/strong>. Uno che possa giocare minuti veri e portare qualche soluzione dalla panchina.<\/p>\n<p><iframe loading=\"lazy\" style=\"border: none; overflow: hidden;\" src=\"https:\/\/www.facebook.com\/plugins\/post.php?href=https%3A%2F%2Fwww.facebook.com%2Fpallvarese%2Fposts%2F2239036729443272&amp;width=500\" width=\"500\" height=\"633\" frameborder=\"0\" scrolling=\"no\"><\/iframe><\/p>\n<p>IL COMUNICATO:<\/p>\n<p>Pallacanestro Openjobmetis Varese \u00e8 felice di annunciare l\u2019avvenuto ingaggio del giocatore <strong>Thomas Scrubb<\/strong>. Ala classe 1991, Scrubb ha firmato un contratto che lo legher\u00e0 al club biancorosso fino al termine della stagione sportiva 2018\/19. Mancino naturale, Scrubb \u00e8 un giocatore di grande energia, multi dimensionale, capace di creare sempre qualcosa di utile per la squadra. La scorsa stagione, con il 53,3 % da 3 punti, \u00e8 stato il miglior tiratore dall\u2019arco in Lega Basket Serie A.<\/p>\n<p><strong>Toto Bulgheroni,<\/strong> consigliere Pallacanestro Varese:\u00a0\u00abThomas era uno dei due obiettivi che avevamo per il ruolo di ala titolare. Abbiamo optato su di lui per la grande disponibilit\u00e0 che ci ha dato fin da subito. Oltre ad essere un giocatore molto interessante dal punto di vista tecnico, ci dar\u00e0 grande affidabilit\u00e0 dal punto di vista umano e comportamentale. Siamo sicuri che si inserir\u00e0 al meglio nel sistema di gioco di coach Attilio Caja. Siamo molto contenti per questa firma\u00bb.<\/p>\n<p><strong>La Scheda:<\/strong><br \/>\nData di nascita: 26 settembre 1991<br \/>\nLuogo di nascita: Richmond (Canada)<br \/>\nAltezza: 198 cm<br \/>\nRuolo: ala<\/p>\n<p><strong>La Carriera:<\/strong><br \/>\nNativo di Richmond (Canada) e di passaporto britannico, Scrubb si forma alla Carleton University con la quale vince 5 titoli consecutivi oltre a numerosi riconoscimenti personali (MVP nel 2013 e miglior difensore 2014 e 2015). Inizia la sua carriera professionistica tra le fila del Joensuun Kataja (qui ha giocato con l\u2019ex capitano biancorosso Teemu Rannikko), squadra finlandese con cui raccoglie 14.1 punti, 7.5 rimbalzi, 3.5 assist (53% da 2, 49% da 3) in campionato e 12.3 punti, 8.1 rimbalzi, 2.2 assist e 1.3 rubate nelle 12 gare giocate in FIBA Europe Cup. Nella stagione 2016\/17 firma per il Giessen 46ers totalizzando 11.8 punti, 5.2 rimbalzi, 1.7 assist e 1.8 rubate ma, a gennaio, \u00e8 costretto a fermarsi per un problema al piede. La scorsa stagione ha vestito la canotta di Avellino: 19.8 minuti, 9.5 punti, 4.6 rimbalzi (57% da 2 e 53% da 3, migliore specialista del campionato) in campionato, 9.3 punti, 6 rimbalzi in Champions League e 4.5 punti e 3.1 rimbalzi in FIBA Europe Cup perdendo in finale contro Venezia.<\/p>\n<p>Semifinalista con la Nazionale canadese alle Universiadi del 2011 e convocato per le partite di qualificazione delle Olimpiadi del 2016 (4 partite, 5.3 punti e 4.5 rimbalzi), \u00e8 fratello di Philip Scrubb, avversario di Varese nella finale della FIBA Europe Cup a Chalon.<\/p>\n","protected":false},"excerpt":{"rendered":"<p>Il canadese ha firmato il contratto che lo legher\u00e0 alla Pallacanestro Varese fino al termine della stagione<\/p>\n","protected":false},"author":37,"featured_media":0,"comment_status":"open","ping_status":"open","sticky":false,"template":"","format":"standard","meta":{"footnotes":""},"categories":[14,2],"tags":[153,154],"acf":[],"yoast_head":"<!-- This site is optimized with the Yoast SEO plugin v20.1 - https:\/\/yoast.com\/wordpress\/plugins\/seo\/ -->\n<title>Scrubb ha firmato, ecco l&#039;ala per l&#039;Openjobmetis<\/title>\n<meta name=\"description\" content=\"Il canadese ha firmato il contratto che lo legher\u00e0 alla Pallacanestro Varese fino al termine della stagione\" \/>\n<meta name=\"robots\" content=\"noindex, follow, max-snippet:-1, max-image-preview:large, max-video-preview:-1\" \/>\n<meta property=\"og:locale\" content=\"it_IT\" \/>\n<meta property=\"og:type\" content=\"article\" \/>\n<meta property=\"og:title\" content=\"Scrubb ha firmato, ecco l&#039;ala per l&#039;Openjobmetis\" \/>\n<meta property=\"og:description\" content=\"Il canadese ha firmato il contratto che lo legher\u00e0 alla Pallacanestro Varese fino al termine della stagione\" \/>\n<meta property=\"og:url\" content=\"https:\/\/staging.varesenews.it\/2018\/07\/scrubb-firmato-lala-lopenjobmetis\/735233\/\" \/>\n<meta property=\"og:site_name\" content=\"VareseNews\" \/>\n<meta property=\"article:publisher\" content=\"https:\/\/www.facebook.com\/varesenews\" \/>\n<meta property=\"article:published_time\" content=\"2018-07-13T13:16:02+00:00\" \/>\n<meta property=\"article:modified_time\" content=\"2018-07-13T13:27:57+00:00\" \/>\n<meta name=\"author\" content=\"Francesco Mazzoleni\" \/>\n<meta name=\"twitter:card\" content=\"summary_large_image\" \/>\n<meta name=\"twitter:creator\" content=\"@fmazzof\" \/>\n<meta name=\"twitter:site\" content=\"@varesenews\" \/>\n<meta name=\"twitter:label1\" content=\"Scritto da\" \/>\n\t<meta name=\"twitter:data1\" content=\"Francesco Mazzoleni\" \/>\n\t<meta name=\"twitter:label2\" content=\"Tempo di lettura stimato\" \/>\n\t<meta name=\"twitter:data2\" content=\"2 minuti\" \/>\n<script type=\"application\/ld+json\" class=\"yoast-schema-graph\">{\"@context\":\"https:\/\/schema.org\",\"@graph\":[{\"@type\":\"WebPage\",\"@id\":\"https:\/\/staging.varesenews.it\/2018\/07\/scrubb-firmato-lala-lopenjobmetis\/735233\/\",\"url\":\"https:\/\/staging.varesenews.it\/2018\/07\/scrubb-firmato-lala-lopenjobmetis\/735233\/\",\"name\":\"Scrubb ha firmato, ecco l'ala per l'Openjobmetis\",\"isPartOf\":{\"@id\":\"https:\/\/staging.varesenews.it\/#website\"},\"datePublished\":\"2018-07-13T13:16:02+00:00\",\"dateModified\":\"2018-07-13T13:27:57+00:00\",\"author\":{\"@id\":\"https:\/\/staging.varesenews.it\/#\/schema\/person\/e82236e79160d30d4e1f942004ac3038\"},\"description\":\"Il canadese ha firmato il contratto che lo legher\u00e0 alla Pallacanestro Varese fino al termine della stagione\",\"breadcrumb\":{\"@id\":\"https:\/\/staging.varesenews.it\/2018\/07\/scrubb-firmato-lala-lopenjobmetis\/735233\/#breadcrumb\"},\"inLanguage\":\"it-IT\",\"potentialAction\":[{\"@type\":\"ReadAction\",\"target\":[\"https:\/\/staging.varesenews.it\/2018\/07\/scrubb-firmato-lala-lopenjobmetis\/735233\/\"]}]},{\"@type\":\"BreadcrumbList\",\"@id\":\"https:\/\/staging.varesenews.it\/2018\/07\/scrubb-firmato-lala-lopenjobmetis\/735233\/#breadcrumb\",\"itemListElement\":[{\"@type\":\"ListItem\",\"position\":1,\"name\":\"Home\",\"item\":\"https:\/\/www.varesenews.it\/\"},{\"@type\":\"ListItem\",\"position\":2,\"name\":\"Scrubb ha firmato, ecco l&#8217;ala per l&#8217;Openjobmetis\"}]},{\"@type\":\"WebSite\",\"@id\":\"https:\/\/staging.varesenews.it\/#website\",\"url\":\"https:\/\/staging.varesenews.it\/\",\"name\":\"VareseNews\",\"description\":\"\",\"potentialAction\":[{\"@type\":\"SearchAction\",\"target\":{\"@type\":\"EntryPoint\",\"urlTemplate\":\"https:\/\/staging.varesenews.it\/?s={search_term_string}\"},\"query-input\":\"required name=search_term_string\"}],\"inLanguage\":\"it-IT\"},{\"@type\":\"Person\",\"@id\":\"https:\/\/staging.varesenews.it\/#\/schema\/person\/e82236e79160d30d4e1f942004ac3038\",\"name\":\"Francesco Mazzoleni\",\"image\":{\"@type\":\"ImageObject\",\"inLanguage\":\"it-IT\",\"@id\":\"https:\/\/staging.varesenews.it\/#\/schema\/person\/image\/\",\"url\":\"https:\/\/staging.varesenews.it\/wp-content\/uploads\/2020\/12\/francesco_mazzoleni_colori_500-1.jpg\",\"contentUrl\":\"https:\/\/staging.varesenews.it\/wp-content\/uploads\/2020\/12\/francesco_mazzoleni_colori_500-1.jpg\",\"caption\":\"Francesco Mazzoleni\"},\"description\":\"\\\"Uomo di campo\\\" della redazione sportiva. Nutro una vera passione per il calcio, che sia ad alti livelli, sui campi di provincia o in altri continenti. Sono nato a Varese nel 1984, vivo da sempre a Malnate e ho una laurea in Scienze Motorie. Ho mosso i primi passi a VareseNews da stagista nel 2002; nel 2008 ho iniziato a collaborare con maggiore continuit\u00e0 e dal 2018 sono giornalista professionista. Orgoglioso pap\u00e0 di Federico e Adelaide.\",\"sameAs\":[\"fmazzof\",\"it.linkedin.com\/in\/francescomazzolenif\",\"https:\/\/twitter.com\/fmazzof\"],\"url\":\"https:\/\/staging.varesenews.it\/persona\/francesco_mazzoleniferracini\/\"}]}<\/script>\n<!-- \/ Yoast SEO plugin. -->","yoast_head_json":{"title":"Scrubb ha firmato, ecco l'ala per l'Openjobmetis","description":"Il canadese ha firmato il contratto che lo legher\u00e0 alla Pallacanestro Varese fino al termine della stagione","robots":{"index":"noindex","follow":"follow","max-snippet":"max-snippet:-1","max-image-preview":"max-image-preview:large","max-video-preview":"max-video-preview:-1"},"og_locale":"it_IT","og_type":"article","og_title":"Scrubb ha firmato, ecco l'ala per l'Openjobmetis","og_description":"Il canadese ha firmato il contratto che lo legher\u00e0 alla Pallacanestro Varese fino al termine della stagione","og_url":"https:\/\/staging.varesenews.it\/2018\/07\/scrubb-firmato-lala-lopenjobmetis\/735233\/","og_site_name":"VareseNews","article_publisher":"https:\/\/www.facebook.com\/varesenews","article_published_time":"2018-07-13T13:16:02+00:00","article_modified_time":"2018-07-13T13:27:57+00:00","author":"Francesco Mazzoleni","twitter_card":"summary_large_image","twitter_creator":"@fmazzof","twitter_site":"@varesenews","twitter_misc":{"Scritto da":"Francesco Mazzoleni","Tempo di lettura stimato":"2 minuti"},"schema":{"@context":"https:\/\/schema.org","@graph":[{"@type":"WebPage","@id":"https:\/\/staging.varesenews.it\/2018\/07\/scrubb-firmato-lala-lopenjobmetis\/735233\/","url":"https:\/\/staging.varesenews.it\/2018\/07\/scrubb-firmato-lala-lopenjobmetis\/735233\/","name":"Scrubb ha firmato, ecco l'ala per l'Openjobmetis","isPartOf":{"@id":"https:\/\/staging.varesenews.it\/#website"},"datePublished":"2018-07-13T13:16:02+00:00","dateModified":"2018-07-13T13:27:57+00:00","author":{"@id":"https:\/\/staging.varesenews.it\/#\/schema\/person\/e82236e79160d30d4e1f942004ac3038"},"description":"Il canadese ha firmato il contratto che lo legher\u00e0 alla Pallacanestro Varese fino al termine della stagione","breadcrumb":{"@id":"https:\/\/staging.varesenews.it\/2018\/07\/scrubb-firmato-lala-lopenjobmetis\/735233\/#breadcrumb"},"inLanguage":"it-IT","potentialAction":[{"@type":"ReadAction","target":["https:\/\/staging.varesenews.it\/2018\/07\/scrubb-firmato-lala-lopenjobmetis\/735233\/"]}]},{"@type":"BreadcrumbList","@id":"https:\/\/staging.varesenews.it\/2018\/07\/scrubb-firmato-lala-lopenjobmetis\/735233\/#breadcrumb","itemListElement":[{"@type":"ListItem","position":1,"name":"Home","item":"https:\/\/www.varesenews.it\/"},{"@type":"ListItem","position":2,"name":"Scrubb ha firmato, ecco l&#8217;ala per l&#8217;Openjobmetis"}]},{"@type":"WebSite","@id":"https:\/\/staging.varesenews.it\/#website","url":"https:\/\/staging.varesenews.it\/","name":"VareseNews","description":"","potentialAction":[{"@type":"SearchAction","target":{"@type":"EntryPoint","urlTemplate":"https:\/\/staging.varesenews.it\/?s={search_term_string}"},"query-input":"required name=search_term_string"}],"inLanguage":"it-IT"},{"@type":"Person","@id":"https:\/\/staging.varesenews.it\/#\/schema\/person\/e82236e79160d30d4e1f942004ac3038","name":"Francesco Mazzoleni","image":{"@type":"ImageObject","inLanguage":"it-IT","@id":"https:\/\/staging.varesenews.it\/#\/schema\/person\/image\/","url":"https:\/\/staging.varesenews.it\/wp-content\/uploads\/2020\/12\/francesco_mazzoleni_colori_500-1.jpg","contentUrl":"https:\/\/staging.varesenews.it\/wp-content\/uploads\/2020\/12\/francesco_mazzoleni_colori_500-1.jpg","caption":"Francesco Mazzoleni"},"description":"\"Uomo di campo\" della redazione sportiva. Nutro una vera passione per il calcio, che sia ad alti livelli, sui campi di provincia o in altri continenti. Sono nato a Varese nel 1984, vivo da sempre a Malnate e ho una laurea in Scienze Motorie. Ho mosso i primi passi a VareseNews da stagista nel 2002; nel 2008 ho iniziato a collaborare con maggiore continuit\u00e0 e dal 2018 sono giornalista professionista. Orgoglioso pap\u00e0 di Federico e Adelaide.","sameAs":["fmazzof","it.linkedin.com\/in\/francescomazzolenif","https:\/\/twitter.com\/fmazzof"],"url":"https:\/\/staging.varesenews.it\/persona\/francesco_mazzoleniferracini\/"}]}},"post_meta":{"_edit_lock":"1531489174:37","_edit_last":"37","_category_permalink":"a:1:{s:8:\"category\";s:0:\"\";}","ratings_users":"0","ratings_score":"0","ratings_average":"0","foto":"685434","firma_come_redazione":"1","argomento":"Basket","_yoast_wpseo_content_score":"30","_jd_tweet_this":"yes","_wpt_short_url":"http:\/\/www.varesenews.it\/2018\/07\/scrubb-firmato-lala-lopenjobmetis\/735233\/","_wp_jd_target":"http:\/\/www.varesenews.it\/2018\/07\/scrubb-firmato-lala-lopenjobmetis\/735233\/","_jd_wp_twitter":"a:1:{i:0;s:135:\"Scrubb ha firmato, ecco l\u2019ala per l\u2019Openjobmetis http:\/\/www.varesenews.it\/2018\/07\/scrubb-firmato-lala-lopenjobmetis\/735233\/ #basket\";}","_wpt_status_message":"Tweet inviato con successo."},"photos":[{"original":"https:\/\/staging.varesenews.it\/photogallery_new\/images\/2018\/07\/thomas-scrubb-685434.jpg","full":"https:\/\/staging.varesenews.it\/photogallery_new\/images\/2018\/07\/thomas-scrubb-685434.1024x768.jpg","large":"https:\/\/staging.varesenews.it\/photogallery_new\/images\/2018\/07\/thomas-scrubb-685434.610x431.jpg"}],"_links":{"self":[{"href":"https:\/\/staging.varesenews.it\/swgapi\/v1\/wp\/v2\/posts\/735233"}],"collection":[{"href":"https:\/\/staging.varesenews.it\/swgapi\/v1\/wp\/v2\/posts"}],"about":[{"href":"https:\/\/staging.varesenews.it\/swgapi\/v1\/wp\/v2\/types\/post"}],"author":[{"embeddable":true,"href":"https:\/\/staging.varesenews.it\/swgapi\/v1\/wp\/v2\/users\/37"}],"replies":[{"embeddable":true,"href":"https:\/\/staging.varesenews.it\/swgapi\/v1\/wp\/v2\/comments?post=735233"}],"version-history":[{"count":0,"href":"https:\/\/staging.varesenews.it\/swgapi\/v1\/wp\/v2\/posts\/735233\/revisions"}],"wp:attachment":[{"href":"https:\/\/staging.varesenews.it\/swgapi\/v1\/wp\/v2\/media?parent=735233"}],"wp:term":[{"taxonomy":"category","embeddable":true,"href":"https:\/\/staging.varesenews.it\/swgapi\/v1\/wp\/v2\/categories?post=735233"},{"taxonomy":"post_tag","embeddable":true,"href":"https:\/\/staging.varesenews.it\/swgapi\/v1\/wp\/v2\/tags?post=735233"}],"curies":[{"name":"wp","href":"https:\/\/api.w.org\/{rel}","templated":true}]}}