{"id":736678,"date":"2018-07-18T18:37:54","date_gmt":"2018-07-18T16:37:54","guid":{"rendered":"http:\/\/www.varesenews.it\/?p=736678"},"modified":"2018-07-18T18:37:54","modified_gmt":"2018-07-18T16:37:54","slug":"angei-pd-ce-lha-volontari-anziani","status":"publish","type":"post","link":"https:\/\/staging.varesenews.it\/2018\/07\/angei-pd-ce-lha-volontari-anziani\/736678\/","title":{"rendered":"Angei: &#8220;Il PD ce l&#8217;ha con i volontari anziani&#8221;"},"content":{"rendered":"<p>\u00ab\u00c8 evidente che il caldo di questi giorni debba aver dato alla testa al giovane consigliere del Pd, Alessandro Pepe. Non riesco a spiegarmi in altro modo le sue parole di scarso apprezzamento, per usare un eufemismo, nei confronti dei Volontari Anziani\u00bb.<\/p>\n<p><strong>Stefano Angei<\/strong>, Coordinatore cittadino del Movimento Giovani Padani MGP, replica alle parole del consigliere comunale del Partito democratico, Alessandro Pepe, il quale \u00abHa liquidato la figura dei Volontari Anziani, che per anni hanno svolto importantissimi lavori di pubblica utilit\u00e0 per il Comune, primo tra tutti quello di assistere i giovani scolari all&#8217;ingresso e all&#8217;uscita delle scuole, in modo non troppo garbato\u00bb.<\/p>\n<p>\u00abLa &#8216;colpa&#8217; dei Volontari Anziani, secondo l&#8217;esponente del Pd, sarebbe stata quella di percepire un contributo economico per l&#8217;attivit\u00e0 svolta \u2013 continua Angei \u2013 e attaccandosi a questo fatto, il consigliere del Pd pensa di liquidare l&#8217;importanza del lavoro che veniva svolto da queste persone e che oggi non pu\u00f2 pi\u00f9 essere fatto, dal momento che la Giunta Galimberti ha abolito proprio i contributi loro previsti. Credo che questa scelta abbia rappresentato un impoverimento dei servizi offerti alla Cittadinanza. Una scelta sbagliata, della quale il centrosinistra dovr\u00e0 rendere conto agli elettori. Purtroppo, il consigliere Pepe non dev&#8217;essere stato troppo presente sul territorio cittadino, nel corso degli anni, per non essersi accorto dell&#8217;utilit\u00e0 che questa figura ha sempre avuto per la Cittadinanza.Il metodo con cui il Pd governa la Citt\u00e0 di Varese porter\u00e0 i Cittadini ad avere sempre meno servizi e a pagare sempre di pi\u00f9\u00bb.<\/p>\n","protected":false},"excerpt":{"rendered":"<p>Stefano Angei, Coordinatore cittadino del Movimento Giovani Padani MGP, replica alle parole del consigliere comunale del Partito democratico, Alessandro Pepe sui volontari anziani<\/p>\n","protected":false},"author":48,"featured_media":0,"comment_status":"open","ping_status":"open","sticky":false,"template":"","format":"standard","meta":{"footnotes":""},"categories":[2],"tags":[71682],"acf":[],"yoast_head":"<!-- This site is optimized with the Yoast SEO plugin v20.1 - https:\/\/yoast.com\/wordpress\/plugins\/seo\/ -->\n<title>Angei: &quot;Il PD ce l&#039;ha con i volontari anziani&quot;<\/title>\n<meta name=\"description\" content=\"Stefano Angei, Coordinatore cittadino del Movimento Giovani Padani MGP, replica alle parole del consigliere comunale del Partito democratico, Alessandro Pepe sui volontari anziani\" \/>\n<meta name=\"robots\" content=\"noindex, follow, max-snippet:-1, max-image-preview:large, max-video-preview:-1\" \/>\n<meta property=\"og:locale\" content=\"it_IT\" \/>\n<meta property=\"og:type\" content=\"article\" \/>\n<meta property=\"og:title\" content=\"Angei: &quot;Il PD ce l&#039;ha con i volontari anziani&quot;\" \/>\n<meta property=\"og:description\" content=\"Stefano Angei, Coordinatore cittadino del Movimento Giovani Padani MGP, replica alle parole del consigliere comunale del Partito democratico, Alessandro Pepe sui volontari anziani\" \/>\n<meta property=\"og:url\" content=\"https:\/\/staging.varesenews.it\/2018\/07\/angei-pd-ce-lha-volontari-anziani\/736678\/\" \/>\n<meta property=\"og:site_name\" content=\"VareseNews\" \/>\n<meta property=\"article:publisher\" content=\"https:\/\/www.facebook.com\/varesenews\" \/>\n<meta property=\"article:author\" content=\"https:\/\/www.facebook.com\/stefaniaradman\" \/>\n<meta property=\"article:published_time\" content=\"2018-07-18T16:37:54+00:00\" \/>\n<meta name=\"author\" content=\"Stefania Radman\" \/>\n<meta name=\"twitter:card\" content=\"summary_large_image\" \/>\n<meta name=\"twitter:creator\" content=\"@LaRadman\" \/>\n<meta name=\"twitter:site\" content=\"@varesenews\" \/>\n<meta name=\"twitter:label1\" content=\"Scritto da\" \/>\n\t<meta name=\"twitter:data1\" content=\"Stefania Radman\" \/>\n\t<meta name=\"twitter:label2\" content=\"Tempo di lettura stimato\" \/>\n\t<meta name=\"twitter:data2\" content=\"1 minuto\" \/>\n<script type=\"application\/ld+json\" class=\"yoast-schema-graph\">{\"@context\":\"https:\/\/schema.org\",\"@graph\":[{\"@type\":\"WebPage\",\"@id\":\"https:\/\/staging.varesenews.it\/2018\/07\/angei-pd-ce-lha-volontari-anziani\/736678\/\",\"url\":\"https:\/\/staging.varesenews.it\/2018\/07\/angei-pd-ce-lha-volontari-anziani\/736678\/\",\"name\":\"Angei: \\\"Il PD ce l'ha con i volontari anziani\\\"\",\"isPartOf\":{\"@id\":\"https:\/\/staging.varesenews.it\/#website\"},\"datePublished\":\"2018-07-18T16:37:54+00:00\",\"dateModified\":\"2018-07-18T16:37:54+00:00\",\"author\":{\"@id\":\"https:\/\/staging.varesenews.it\/#\/schema\/person\/995d2e6a31c67237a9a1bc1f0079f3aa\"},\"description\":\"Stefano Angei, Coordinatore cittadino del Movimento Giovani Padani MGP, replica alle parole del consigliere comunale del Partito democratico, Alessandro Pepe sui volontari anziani\",\"breadcrumb\":{\"@id\":\"https:\/\/staging.varesenews.it\/2018\/07\/angei-pd-ce-lha-volontari-anziani\/736678\/#breadcrumb\"},\"inLanguage\":\"it-IT\",\"potentialAction\":[{\"@type\":\"ReadAction\",\"target\":[\"https:\/\/staging.varesenews.it\/2018\/07\/angei-pd-ce-lha-volontari-anziani\/736678\/\"]}]},{\"@type\":\"BreadcrumbList\",\"@id\":\"https:\/\/staging.varesenews.it\/2018\/07\/angei-pd-ce-lha-volontari-anziani\/736678\/#breadcrumb\",\"itemListElement\":[{\"@type\":\"ListItem\",\"position\":1,\"name\":\"Home\",\"item\":\"https:\/\/www.varesenews.it\/\"},{\"@type\":\"ListItem\",\"position\":2,\"name\":\"Angei: &#8220;Il PD ce l&#8217;ha con i volontari anziani&#8221;\"}]},{\"@type\":\"WebSite\",\"@id\":\"https:\/\/staging.varesenews.it\/#website\",\"url\":\"https:\/\/staging.varesenews.it\/\",\"name\":\"VareseNews\",\"description\":\"\",\"potentialAction\":[{\"@type\":\"SearchAction\",\"target\":{\"@type\":\"EntryPoint\",\"urlTemplate\":\"https:\/\/staging.varesenews.it\/?s={search_term_string}\"},\"query-input\":\"required name=search_term_string\"}],\"inLanguage\":\"it-IT\"},{\"@type\":\"Person\",\"@id\":\"https:\/\/staging.varesenews.it\/#\/schema\/person\/995d2e6a31c67237a9a1bc1f0079f3aa\",\"name\":\"Stefania Radman\",\"image\":{\"@type\":\"ImageObject\",\"inLanguage\":\"it-IT\",\"@id\":\"https:\/\/staging.varesenews.it\/#\/schema\/person\/image\/\",\"url\":\"https:\/\/staging.varesenews.it\/wp-content\/uploads\/2020\/12\/stefania_radman_colori_500.jpg\",\"contentUrl\":\"https:\/\/staging.varesenews.it\/wp-content\/uploads\/2020\/12\/stefania_radman_colori_500.jpg\",\"caption\":\"Stefania Radman\"},\"description\":\"Varesina dal 1991, lavoro dal 2000 per Varesenews.it, prima come responsabile della pagina dell&rsquo;economia, poi della pagina life, ora della citt&agrave; di Varese.Ma sono (e sono stata) anche altro: per esempio, agli albori delle radio private ero dj in una radio milanese, Onda Radio. Da 20 anni sono corrispondente da Varese di Radio Popolare e ho collaborato con Espresso, Repubblica, Diario della Settimana, Italia Oggi. &ldquo;Smanettona&rdquo; da sempre, ho aperto il mio primo sito personale con Geocities nei primi anni novanta (chi se lo ricorda?) e i miei primi blog in Splinder all&rsquo;inizio del 2000. Ora sono sui social: qui quasi sempre sono semplicemente \\\"LaRadman&rdquo;.\",\"sameAs\":[\"http:\/\/laradman.blogspot.it\",\"https:\/\/www.facebook.com\/stefaniaradman\",\"@LaRadman\",\"https:\/\/www.linkedin.com\/in\/stefaniaradman\",\"https:\/\/twitter.com\/LaRadman\"],\"url\":\"https:\/\/staging.varesenews.it\/persona\/stefania-radman1\/\"}]}<\/script>\n<!-- \/ Yoast SEO plugin. -->","yoast_head_json":{"title":"Angei: \"Il PD ce l'ha con i volontari anziani\"","description":"Stefano Angei, Coordinatore cittadino del Movimento Giovani Padani MGP, replica alle parole del consigliere comunale del Partito democratico, Alessandro Pepe sui volontari anziani","robots":{"index":"noindex","follow":"follow","max-snippet":"max-snippet:-1","max-image-preview":"max-image-preview:large","max-video-preview":"max-video-preview:-1"},"og_locale":"it_IT","og_type":"article","og_title":"Angei: \"Il PD ce l'ha con i volontari anziani\"","og_description":"Stefano Angei, Coordinatore cittadino del Movimento Giovani Padani MGP, replica alle parole del consigliere comunale del Partito democratico, Alessandro Pepe sui volontari anziani","og_url":"https:\/\/staging.varesenews.it\/2018\/07\/angei-pd-ce-lha-volontari-anziani\/736678\/","og_site_name":"VareseNews","article_publisher":"https:\/\/www.facebook.com\/varesenews","article_author":"https:\/\/www.facebook.com\/stefaniaradman","article_published_time":"2018-07-18T16:37:54+00:00","author":"Stefania Radman","twitter_card":"summary_large_image","twitter_creator":"@LaRadman","twitter_site":"@varesenews","twitter_misc":{"Scritto da":"Stefania Radman","Tempo di lettura stimato":"1 minuto"},"schema":{"@context":"https:\/\/schema.org","@graph":[{"@type":"WebPage","@id":"https:\/\/staging.varesenews.it\/2018\/07\/angei-pd-ce-lha-volontari-anziani\/736678\/","url":"https:\/\/staging.varesenews.it\/2018\/07\/angei-pd-ce-lha-volontari-anziani\/736678\/","name":"Angei: \"Il PD ce l'ha con i volontari anziani\"","isPartOf":{"@id":"https:\/\/staging.varesenews.it\/#website"},"datePublished":"2018-07-18T16:37:54+00:00","dateModified":"2018-07-18T16:37:54+00:00","author":{"@id":"https:\/\/staging.varesenews.it\/#\/schema\/person\/995d2e6a31c67237a9a1bc1f0079f3aa"},"description":"Stefano Angei, Coordinatore cittadino del Movimento Giovani Padani MGP, replica alle parole del consigliere comunale del Partito democratico, Alessandro Pepe sui volontari anziani","breadcrumb":{"@id":"https:\/\/staging.varesenews.it\/2018\/07\/angei-pd-ce-lha-volontari-anziani\/736678\/#breadcrumb"},"inLanguage":"it-IT","potentialAction":[{"@type":"ReadAction","target":["https:\/\/staging.varesenews.it\/2018\/07\/angei-pd-ce-lha-volontari-anziani\/736678\/"]}]},{"@type":"BreadcrumbList","@id":"https:\/\/staging.varesenews.it\/2018\/07\/angei-pd-ce-lha-volontari-anziani\/736678\/#breadcrumb","itemListElement":[{"@type":"ListItem","position":1,"name":"Home","item":"https:\/\/www.varesenews.it\/"},{"@type":"ListItem","position":2,"name":"Angei: &#8220;Il PD ce l&#8217;ha con i volontari anziani&#8221;"}]},{"@type":"WebSite","@id":"https:\/\/staging.varesenews.it\/#website","url":"https:\/\/staging.varesenews.it\/","name":"VareseNews","description":"","potentialAction":[{"@type":"SearchAction","target":{"@type":"EntryPoint","urlTemplate":"https:\/\/staging.varesenews.it\/?s={search_term_string}"},"query-input":"required name=search_term_string"}],"inLanguage":"it-IT"},{"@type":"Person","@id":"https:\/\/staging.varesenews.it\/#\/schema\/person\/995d2e6a31c67237a9a1bc1f0079f3aa","name":"Stefania Radman","image":{"@type":"ImageObject","inLanguage":"it-IT","@id":"https:\/\/staging.varesenews.it\/#\/schema\/person\/image\/","url":"https:\/\/staging.varesenews.it\/wp-content\/uploads\/2020\/12\/stefania_radman_colori_500.jpg","contentUrl":"https:\/\/staging.varesenews.it\/wp-content\/uploads\/2020\/12\/stefania_radman_colori_500.jpg","caption":"Stefania Radman"},"description":"Varesina dal 1991, lavoro dal 2000 per Varesenews.it, prima come responsabile della pagina dell&rsquo;economia, poi della pagina life, ora della citt&agrave; di Varese.Ma sono (e sono stata) anche altro: per esempio, agli albori delle radio private ero dj in una radio milanese, Onda Radio. Da 20 anni sono corrispondente da Varese di Radio Popolare e ho collaborato con Espresso, Repubblica, Diario della Settimana, Italia Oggi. &ldquo;Smanettona&rdquo; da sempre, ho aperto il mio primo sito personale con Geocities nei primi anni novanta (chi se lo ricorda?) e i miei primi blog in Splinder all&rsquo;inizio del 2000. Ora sono sui social: qui quasi sempre sono semplicemente \"LaRadman&rdquo;.","sameAs":["http:\/\/laradman.blogspot.it","https:\/\/www.facebook.com\/stefaniaradman","@LaRadman","https:\/\/www.linkedin.com\/in\/stefaniaradman","https:\/\/twitter.com\/LaRadman"],"url":"https:\/\/staging.varesenews.it\/persona\/stefania-radman1\/"}]}},"post_meta":{"_edit_lock":"1531931769:48","_edit_last":"48","_category_permalink":"a:1:{s:8:\"category\";s:0:\"\";}","ratings_users":"0","ratings_score":"0","ratings_average":"0","foto":"585550","firma_come_redazione":"1","argomento":"Varese","_yoast_wpseo_focuskw_text_input":"volontari","_yoast_wpseo_focuskw":"volontari","_yoast_wpseo_linkdex":"65","_yoast_wpseo_content_score":"30","_jd_tweet_this":"yes","_wpt_short_url":"http:\/\/www.varesenews.it\/2018\/07\/angei-pd-ce-lha-volontari-anziani\/736678\/","_wp_jd_target":"http:\/\/www.varesenews.it\/2018\/07\/angei-pd-ce-lha-volontari-anziani\/736678\/","_jd_wp_twitter":"a:1:{i:0;s:128:\"Angei: \u201cIl PD ce l\u2019ha con i volontari anziani\u201d http:\/\/www.varesenews.it\/2018\/07\/angei-pd-ce-lha-volontari-anziani\/736678\/ \";}","_wpt_status_message":"Tweet inviato con successo."},"photos":[{"original":"https:\/\/staging.varesenews.it\/photogallery_new\/images\/2016\/12\/gli-auguri-di-palazzo-estense-ai-volontari-anziani-585550.jpg","full":"https:\/\/staging.varesenews.it\/photogallery_new\/images\/2016\/12\/gli-auguri-di-palazzo-estense-ai-volontari-anziani-585550.1024x768.jpg","large":"https:\/\/staging.varesenews.it\/photogallery_new\/images\/2016\/12\/gli-auguri-di-palazzo-estense-ai-volontari-anziani-585550.610x431.jpg"}],"_links":{"self":[{"href":"https:\/\/staging.varesenews.it\/swgapi\/v1\/wp\/v2\/posts\/736678"}],"collection":[{"href":"https:\/\/staging.varesenews.it\/swgapi\/v1\/wp\/v2\/posts"}],"about":[{"href":"https:\/\/staging.varesenews.it\/swgapi\/v1\/wp\/v2\/types\/post"}],"author":[{"embeddable":true,"href":"https:\/\/staging.varesenews.it\/swgapi\/v1\/wp\/v2\/users\/48"}],"replies":[{"embeddable":true,"href":"https:\/\/staging.varesenews.it\/swgapi\/v1\/wp\/v2\/comments?post=736678"}],"version-history":[{"count":0,"href":"https:\/\/staging.varesenews.it\/swgapi\/v1\/wp\/v2\/posts\/736678\/revisions"}],"wp:attachment":[{"href":"https:\/\/staging.varesenews.it\/swgapi\/v1\/wp\/v2\/media?parent=736678"}],"wp:term":[{"taxonomy":"category","embeddable":true,"href":"https:\/\/staging.varesenews.it\/swgapi\/v1\/wp\/v2\/categories?post=736678"},{"taxonomy":"post_tag","embeddable":true,"href":"https:\/\/staging.varesenews.it\/swgapi\/v1\/wp\/v2\/tags?post=736678"}],"curies":[{"name":"wp","href":"https:\/\/api.w.org\/{rel}","templated":true}]}}