{"id":736812,"date":"2018-07-19T12:43:15","date_gmt":"2018-07-19T10:43:15","guid":{"rendered":"http:\/\/www.varesenews.it\/?p=736812"},"modified":"2018-07-19T12:44:05","modified_gmt":"2018-07-19T10:44:05","slug":"selvaggia-lucarelli-ospite-della-biblos-al-maga","status":"publish","type":"post","link":"https:\/\/staging.varesenews.it\/2018\/07\/selvaggia-lucarelli-ospite-della-biblos-al-maga\/736812\/","title":{"rendered":"Selvaggia Lucarelli ospite della Biblos al Maga"},"content":{"rendered":"<p>La scrittrice e opinionista <a href=\"https:\/\/it.wikipedia.org\/wiki\/Selvaggia_Lucarelli\" target=\"_blank\" rel=\"noopener\">Selvaggia Lucarelli<\/a> arriva a <strong>Gallarate<\/strong> gioved\u00ec 26 luglio, per un incontro al Museo Maga di Gallarate, promosso dalla Biblos Mondadori.<\/p>\n<p><strong>Presenter\u00e0 il suo ultimo libro, &#8220;Casi umani<\/strong> &#8211; Uomini che servivano a dimenticare, ma che hanno peggiorato le cose&#8221;, pubblicato da Rizzoli.<\/p>\n<p>&#8220;L&#8217;inizio di tutto \u00e8 il disgraziato giorno in cui il mio fidanzato dell&#8217;epoca mi lasci\u00f2.\u00a0Non ero preparata, non ritenevo contemplabile il fatto di poter essere mollata, l&#8217;ipotesi non mi era stata annunciata in alcun modo e, soprattutto, era profondamente ingiusto. Non si lascia una donna perch\u00e9 \u00e8 gelosa anche della tua segretaria lesbica sessantaduenne, o perch\u00e9 ogni volta che devi partire per lavoro ti mette su il muso come se avesse scoperto un tuo passato di militanza in Casa Pound. Cosa succede quando finisce un amore? La delusione, la tristezza, il dolore, certo. Ma poi, dopo i primi giorni, anche l&#8217;inesorabile scivolare verso una serie di incontri surreali e di relazioni-lampo con personaggi a cui, a distanza di anni, non si concederebbe neppure il tempo di un caff\u00e8 ma che, per irripetibili congiunzioni astrali, si sono trovati a rivestire il ruolo di traghettatori&#8221;. Con effetti tragicomici. Personaggi che &#8220;potrebbero sembrare frutto di fantasia, di un mojito di troppo o di una sfiga siderale e che invece, ahim\u00e8, sono comuni e realmente esistiti&#8221;. Da Mister Foglio Excel, di una taccagneria mitologica, a Mister Ho una cosa per te, cleptomane compulsivo, fino al vincitore assoluto, Mister Il piacere \u00e8 soggettivo, voyeurista seriale. Una galleria di uomini che, prima ancora di poter essere definiti ex, sono evidenti, cristallini Casi Umani.<br \/>\nE che Selvaggia Lucarelli racconta con spietata (auto)ironia, con il sollievo e la benevolenza della sopravvissuta.<\/p>\n<p><strong>A dialogo con l&#8217;autrice sar\u00e0 Sandy Bertuol.<\/strong><\/p>\n<p>L&#8217;evento si svolge con il Patrocinio del Comune di Gallarate-Assessorato alla Cultura. Appuntamento gioved\u00ec 26 luglio, alle 21.00.<\/p>\n<p><a href=\"https:\/\/eventi.mondadoristore.it\/it\/event\/2018\/07\/26\/selvaggia-lucarelli-presenta-il-libro-casi-umani-rizzoli\/4210\/\" target=\"_blank\" rel=\"noopener\">Qui<\/a> l&#8217;evento su MondadoriStore:<\/p>\n","protected":false},"excerpt":{"rendered":"<p>La blogger, scrittrice e opinionista presenter\u00e0 il suo ultimo libro, &#8220;Casi umani<\/p>\n","protected":false},"author":46,"featured_media":0,"comment_status":"open","ping_status":"open","sticky":false,"template":"","format":"standard","meta":{"footnotes":""},"categories":[3,21],"tags":[41324],"acf":[],"yoast_head":"<!-- This site is optimized with the Yoast SEO plugin v20.1 - https:\/\/yoast.com\/wordpress\/plugins\/seo\/ -->\n<title>Selvaggia Lucarelli ospite della Biblos al Maga<\/title>\n<meta name=\"description\" content=\"La blogger, scrittrice e opinionista presenter\u00e0 il suo ultimo libro, &quot;Casi umani\" \/>\n<meta name=\"robots\" content=\"noindex, follow, max-snippet:-1, max-image-preview:large, max-video-preview:-1\" \/>\n<meta property=\"og:locale\" content=\"it_IT\" \/>\n<meta property=\"og:type\" content=\"article\" \/>\n<meta property=\"og:title\" content=\"Selvaggia Lucarelli ospite della Biblos al Maga\" \/>\n<meta property=\"og:description\" content=\"La blogger, scrittrice e opinionista presenter\u00e0 il suo ultimo libro, &quot;Casi umani\" \/>\n<meta property=\"og:url\" content=\"https:\/\/staging.varesenews.it\/2018\/07\/selvaggia-lucarelli-ospite-della-biblos-al-maga\/736812\/\" \/>\n<meta property=\"og:site_name\" content=\"VareseNews\" \/>\n<meta property=\"article:publisher\" content=\"https:\/\/www.facebook.com\/varesenews\" \/>\n<meta property=\"article:published_time\" content=\"2018-07-19T10:43:15+00:00\" \/>\n<meta property=\"article:modified_time\" content=\"2018-07-19T10:44:05+00:00\" \/>\n<meta name=\"author\" content=\"Roberto Morandi\" \/>\n<meta name=\"twitter:card\" content=\"summary_large_image\" \/>\n<meta name=\"twitter:creator\" content=\"@ilmorands\" \/>\n<meta name=\"twitter:site\" content=\"@varesenews\" \/>\n<meta name=\"twitter:label1\" content=\"Scritto da\" \/>\n\t<meta name=\"twitter:data1\" content=\"Roberto Morandi\" \/>\n\t<meta name=\"twitter:label2\" content=\"Tempo di lettura stimato\" \/>\n\t<meta name=\"twitter:data2\" content=\"2 minuti\" \/>\n<script type=\"application\/ld+json\" class=\"yoast-schema-graph\">{\"@context\":\"https:\/\/schema.org\",\"@graph\":[{\"@type\":\"WebPage\",\"@id\":\"https:\/\/staging.varesenews.it\/2018\/07\/selvaggia-lucarelli-ospite-della-biblos-al-maga\/736812\/\",\"url\":\"https:\/\/staging.varesenews.it\/2018\/07\/selvaggia-lucarelli-ospite-della-biblos-al-maga\/736812\/\",\"name\":\"Selvaggia Lucarelli ospite della Biblos al Maga\",\"isPartOf\":{\"@id\":\"https:\/\/staging.varesenews.it\/#website\"},\"datePublished\":\"2018-07-19T10:43:15+00:00\",\"dateModified\":\"2018-07-19T10:44:05+00:00\",\"author\":{\"@id\":\"https:\/\/staging.varesenews.it\/#\/schema\/person\/efe592ae4c76536b551f89d8b6674bc3\"},\"description\":\"La blogger, scrittrice e opinionista presenter\u00e0 il suo ultimo libro, \\\"Casi umani\",\"breadcrumb\":{\"@id\":\"https:\/\/staging.varesenews.it\/2018\/07\/selvaggia-lucarelli-ospite-della-biblos-al-maga\/736812\/#breadcrumb\"},\"inLanguage\":\"it-IT\",\"potentialAction\":[{\"@type\":\"ReadAction\",\"target\":[\"https:\/\/staging.varesenews.it\/2018\/07\/selvaggia-lucarelli-ospite-della-biblos-al-maga\/736812\/\"]}]},{\"@type\":\"BreadcrumbList\",\"@id\":\"https:\/\/staging.varesenews.it\/2018\/07\/selvaggia-lucarelli-ospite-della-biblos-al-maga\/736812\/#breadcrumb\",\"itemListElement\":[{\"@type\":\"ListItem\",\"position\":1,\"name\":\"Home\",\"item\":\"https:\/\/www.varesenews.it\/\"},{\"@type\":\"ListItem\",\"position\":2,\"name\":\"Selvaggia Lucarelli ospite della Biblos al Maga\"}]},{\"@type\":\"WebSite\",\"@id\":\"https:\/\/staging.varesenews.it\/#website\",\"url\":\"https:\/\/staging.varesenews.it\/\",\"name\":\"VareseNews\",\"description\":\"\",\"potentialAction\":[{\"@type\":\"SearchAction\",\"target\":{\"@type\":\"EntryPoint\",\"urlTemplate\":\"https:\/\/staging.varesenews.it\/?s={search_term_string}\"},\"query-input\":\"required name=search_term_string\"}],\"inLanguage\":\"it-IT\"},{\"@type\":\"Person\",\"@id\":\"https:\/\/staging.varesenews.it\/#\/schema\/person\/efe592ae4c76536b551f89d8b6674bc3\",\"name\":\"Roberto Morandi\",\"image\":{\"@type\":\"ImageObject\",\"inLanguage\":\"it-IT\",\"@id\":\"https:\/\/staging.varesenews.it\/#\/schema\/person\/image\/\",\"url\":\"https:\/\/staging.varesenews.it\/wp-content\/uploads\/2020\/12\/roberto_morandi_colori_500.jpg\",\"contentUrl\":\"https:\/\/staging.varesenews.it\/wp-content\/uploads\/2020\/12\/roberto_morandi_colori_500.jpg\",\"caption\":\"Roberto Morandi\"},\"description\":\"Classe 1980, laureato in storia, mi occupo dell&rsquo;area di Gallarate e di Malpensa, di trasporti e mobilit&agrave;. Amo molto la dimensione della citt&agrave;, come luogo d&rsquo;incontro di persone diverse e come organismo che si trasforma costantemente. Mi piace anche raccontare le piccole e grandi vicende, anche locali, che compongono la Storia con la S maiuscola. Appassionato di bicicletta: la macchina perfetta per muoversi in citt&agrave; e per viaggiare.\",\"sameAs\":[\"https:\/\/twitter.com\/ilmorands\"],\"url\":\"https:\/\/staging.varesenews.it\/persona\/roberto-morandi1\/\"}]}<\/script>\n<!-- \/ Yoast SEO plugin. -->","yoast_head_json":{"title":"Selvaggia Lucarelli ospite della Biblos al Maga","description":"La blogger, scrittrice e opinionista presenter\u00e0 il suo ultimo libro, \"Casi umani","robots":{"index":"noindex","follow":"follow","max-snippet":"max-snippet:-1","max-image-preview":"max-image-preview:large","max-video-preview":"max-video-preview:-1"},"og_locale":"it_IT","og_type":"article","og_title":"Selvaggia Lucarelli ospite della Biblos al Maga","og_description":"La blogger, scrittrice e opinionista presenter\u00e0 il suo ultimo libro, \"Casi umani","og_url":"https:\/\/staging.varesenews.it\/2018\/07\/selvaggia-lucarelli-ospite-della-biblos-al-maga\/736812\/","og_site_name":"VareseNews","article_publisher":"https:\/\/www.facebook.com\/varesenews","article_published_time":"2018-07-19T10:43:15+00:00","article_modified_time":"2018-07-19T10:44:05+00:00","author":"Roberto Morandi","twitter_card":"summary_large_image","twitter_creator":"@ilmorands","twitter_site":"@varesenews","twitter_misc":{"Scritto da":"Roberto Morandi","Tempo di lettura stimato":"2 minuti"},"schema":{"@context":"https:\/\/schema.org","@graph":[{"@type":"WebPage","@id":"https:\/\/staging.varesenews.it\/2018\/07\/selvaggia-lucarelli-ospite-della-biblos-al-maga\/736812\/","url":"https:\/\/staging.varesenews.it\/2018\/07\/selvaggia-lucarelli-ospite-della-biblos-al-maga\/736812\/","name":"Selvaggia Lucarelli ospite della Biblos al Maga","isPartOf":{"@id":"https:\/\/staging.varesenews.it\/#website"},"datePublished":"2018-07-19T10:43:15+00:00","dateModified":"2018-07-19T10:44:05+00:00","author":{"@id":"https:\/\/staging.varesenews.it\/#\/schema\/person\/efe592ae4c76536b551f89d8b6674bc3"},"description":"La blogger, scrittrice e opinionista presenter\u00e0 il suo ultimo libro, \"Casi umani","breadcrumb":{"@id":"https:\/\/staging.varesenews.it\/2018\/07\/selvaggia-lucarelli-ospite-della-biblos-al-maga\/736812\/#breadcrumb"},"inLanguage":"it-IT","potentialAction":[{"@type":"ReadAction","target":["https:\/\/staging.varesenews.it\/2018\/07\/selvaggia-lucarelli-ospite-della-biblos-al-maga\/736812\/"]}]},{"@type":"BreadcrumbList","@id":"https:\/\/staging.varesenews.it\/2018\/07\/selvaggia-lucarelli-ospite-della-biblos-al-maga\/736812\/#breadcrumb","itemListElement":[{"@type":"ListItem","position":1,"name":"Home","item":"https:\/\/www.varesenews.it\/"},{"@type":"ListItem","position":2,"name":"Selvaggia Lucarelli ospite della Biblos al Maga"}]},{"@type":"WebSite","@id":"https:\/\/staging.varesenews.it\/#website","url":"https:\/\/staging.varesenews.it\/","name":"VareseNews","description":"","potentialAction":[{"@type":"SearchAction","target":{"@type":"EntryPoint","urlTemplate":"https:\/\/staging.varesenews.it\/?s={search_term_string}"},"query-input":"required name=search_term_string"}],"inLanguage":"it-IT"},{"@type":"Person","@id":"https:\/\/staging.varesenews.it\/#\/schema\/person\/efe592ae4c76536b551f89d8b6674bc3","name":"Roberto Morandi","image":{"@type":"ImageObject","inLanguage":"it-IT","@id":"https:\/\/staging.varesenews.it\/#\/schema\/person\/image\/","url":"https:\/\/staging.varesenews.it\/wp-content\/uploads\/2020\/12\/roberto_morandi_colori_500.jpg","contentUrl":"https:\/\/staging.varesenews.it\/wp-content\/uploads\/2020\/12\/roberto_morandi_colori_500.jpg","caption":"Roberto Morandi"},"description":"Classe 1980, laureato in storia, mi occupo dell&rsquo;area di Gallarate e di Malpensa, di trasporti e mobilit&agrave;. Amo molto la dimensione della citt&agrave;, come luogo d&rsquo;incontro di persone diverse e come organismo che si trasforma costantemente. Mi piace anche raccontare le piccole e grandi vicende, anche locali, che compongono la Storia con la S maiuscola. Appassionato di bicicletta: la macchina perfetta per muoversi in citt&agrave; e per viaggiare.","sameAs":["https:\/\/twitter.com\/ilmorands"],"url":"https:\/\/staging.varesenews.it\/persona\/roberto-morandi1\/"}]}},"post_meta":{"_edit_lock":"1531997594:46","_edit_last":"46","_category_permalink":"a:1:{s:8:\"category\";s:1:\"3\";}","ratings_users":"0","ratings_score":"0","ratings_average":"0","foto":"686384","firma_come_redazione":"1","argomento":"Gallarate","_yoast_wpseo_content_score":"30","_jd_tweet_this":"yes","_wpt_short_url":"http:\/\/www.varesenews.it\/2018\/07\/selvaggia-lucarelli-ospite-della-biblos-al-maga\/736812\/","_wp_jd_target":"http:\/\/www.varesenews.it\/2018\/07\/selvaggia-lucarelli-ospite-della-biblos-al-maga\/736812\/","_jd_wp_twitter":"a:1:{i:0;s:147:\"Selvaggia Lucarelli ospite della Biblos al Maga http:\/\/www.varesenews.it\/2018\/07\/selvaggia-lucarelli-ospite-della-biblos-al-maga\/736812\/ #gallarate\";}","_wpt_status_message":"Tweet inviato con successo."},"photos":[{"original":"https:\/\/staging.varesenews.it\/photogallery_new\/images\/2018\/07\/gallarate-generico-686384.jpg","full":"https:\/\/staging.varesenews.it\/photogallery_new\/images\/2018\/07\/gallarate-generico-686384.1024x768.jpg","large":"https:\/\/staging.varesenews.it\/photogallery_new\/images\/2018\/07\/gallarate-generico-686384.610x431.jpg"}],"_links":{"self":[{"href":"https:\/\/staging.varesenews.it\/swgapi\/v1\/wp\/v2\/posts\/736812"}],"collection":[{"href":"https:\/\/staging.varesenews.it\/swgapi\/v1\/wp\/v2\/posts"}],"about":[{"href":"https:\/\/staging.varesenews.it\/swgapi\/v1\/wp\/v2\/types\/post"}],"author":[{"embeddable":true,"href":"https:\/\/staging.varesenews.it\/swgapi\/v1\/wp\/v2\/users\/46"}],"replies":[{"embeddable":true,"href":"https:\/\/staging.varesenews.it\/swgapi\/v1\/wp\/v2\/comments?post=736812"}],"version-history":[{"count":0,"href":"https:\/\/staging.varesenews.it\/swgapi\/v1\/wp\/v2\/posts\/736812\/revisions"}],"wp:attachment":[{"href":"https:\/\/staging.varesenews.it\/swgapi\/v1\/wp\/v2\/media?parent=736812"}],"wp:term":[{"taxonomy":"category","embeddable":true,"href":"https:\/\/staging.varesenews.it\/swgapi\/v1\/wp\/v2\/categories?post=736812"},{"taxonomy":"post_tag","embeddable":true,"href":"https:\/\/staging.varesenews.it\/swgapi\/v1\/wp\/v2\/tags?post=736812"}],"curies":[{"name":"wp","href":"https:\/\/api.w.org\/{rel}","templated":true}]}}