{"id":736822,"date":"2018-07-19T15:30:57","date_gmt":"2018-07-19T13:30:57","guid":{"rendered":"http:\/\/www.varesenews.it\/?p=736822"},"modified":"2018-07-19T15:30:57","modified_gmt":"2018-07-19T13:30:57","slug":"la-scuola-dei-bimbi-del-bosco","status":"publish","type":"post","link":"https:\/\/staging.varesenews.it\/2018\/07\/la-scuola-dei-bimbi-del-bosco\/736822\/","title":{"rendered":"La scuola dei Bimbi del Bosco"},"content":{"rendered":"<p>Da asilo diffuso a scuola materna: <strong>apre a settembre nella sede dell&#8217;ex agrituismo Pa\u00f9 di via Dumenza&#8221;I bimbi del bosco&#8221;, scuola per bambini dai 2 anni e mezzo ai sette anni.<\/strong><\/p>\n<p>Tutto \u00e8 iniziato l&#8217;anno scorso da due gruppi distinti di genitori, uno di Luino e l&#8217;altro di Orino, che hanno deciso di unire le forze per creare esperienze e contesti educativi condivisi per i loro bambini in et\u00e0 prescolare. Con il passare dei mesi <strong>il gruppo originario, che contava una ventina di persone in tutto tra mamme e pap\u00e0, \u00e8 cresciuto fino a raddoppiare nei numeri, arrivando a strutturare una progettualit\u00e0 pi\u00f9 precisa<\/strong>. &#8220;Abbiamo condiviso insieme un percorso di formazione di 80 ore, improntato alla psicomotricit\u00e0 relazionale e basato sull&#8217;ascolto dei bisogni del bambino&#8221;, spiega Roberto Soru, psicomotricista che ha coordinato la formazione e l&#8217;organizzazione della nuova scuola.<\/p>\n<p>Con l&#8217;inizio del nuovo anno gli incontri dei &#8220;Bimbi del bosco&#8221; sono diventati via via pi\u00f9 frequenti e, apartire\u00a0 dal mese di marzo, le esperienze educative proposte ai bambini sono diventate quotidiane, secondo<strong> la formula di un asilo diffuso, itinerante tra boschi, aziende agricole e, all&#8217;occorrenza, case private. Un&#8217;esperienza significativa da cui \u00e8 nata l&#8217;associazione Il nocciolo, con lo scopo preciso di aprire una scuola materna vera e propria, basata sull&#8217;educazione in natura: &#8220;I bimbi del bosco&#8221;.<\/strong><\/p>\n<p>Il progetto \u00e8 stato presentato per la prima volta lo scorso 9 giugno a Varese a Villa Toeplitz in occasione della presentazione del libro di Lucia Carpi &#8220;Educare in natura&#8221; e ad oggi la nuova scuola conta gi\u00e0 15 iscritti e un&#8217;equipe educativa di quattro persone: oltre a Soru (nel ruolo di vicepresidente) c&#8217;\u00e8 la logopedista Eliana Storaci, una psicomotricista e una ragazza laureata in scienze dell&#8217;educazione con una specifica formazione sull&#8217;outdoor. La scuola, che accoglier\u00e0 al massimo venti iscritti, pu\u00f2 anche contare sulla collaborazione di una professionista laureata in scienze naturali a supervisionare il lavoro e <strong>le interazioni con gli asinelli<\/strong> (due quelli in affido alla struttura, Houdini e Polidoro). L&#8217;offerta formativa della scuola punta sulle<strong> attivit\u00e0 nel bosco, l&#8217;esplorazione, la psicomotricit\u00e0 relazionale, l&#8217;interazione con gli animali e una serie di laboratori del linguaggio, artistici e creativi.<\/strong><\/p>\n<p>E l&#8217;idea \u00e8 quella di aprire lo spazio anche ai pi\u00f9 grandi: a partire dalle 12.30, quando le scuole elementari tradizionali terminano le lezioni, la struttura accoglier\u00e0 anche i bambini fino ai dieci anni, per pomeriggi di compiti e attivit\u00e0 in natura, fino alle 17.30.<br \/>\nPer maggiori informazioni ibimbidelbosco@gmail.com<\/p>\n","protected":false},"excerpt":{"rendered":"<p>Nasce da un gruppo di genitori e dall&#8217;esperienza di un&#8217;asilo diffuso la nuova scuola materna che aprir\u00e0 a settembre nell&#8217;ex agriturismo Pa\u00f9<\/p>\n","protected":false},"author":14095,"featured_media":0,"comment_status":"open","ping_status":"open","sticky":false,"template":"","format":"standard","meta":{"footnotes":""},"categories":[23,90,1,2],"tags":[87451,87452,87851,87843],"acf":[],"yoast_head":"<!-- This site is optimized with the Yoast SEO plugin v20.1 - https:\/\/yoast.com\/wordpress\/plugins\/seo\/ -->\n<title>La scuola dei Bimbi del Bosco<\/title>\n<meta name=\"description\" content=\"Nasce da un gruppo di genitori e dall&#039;esperienza di un&#039;asilo diffuso la nuova scuola materna che aprir\u00e0 a settembre nell&#039;ex agriturismo Pa\u00f9\" \/>\n<meta name=\"robots\" content=\"noindex, follow, max-snippet:-1, max-image-preview:large, max-video-preview:-1\" \/>\n<meta property=\"og:locale\" content=\"it_IT\" \/>\n<meta property=\"og:type\" content=\"article\" \/>\n<meta property=\"og:title\" content=\"La scuola dei Bimbi del Bosco\" \/>\n<meta property=\"og:description\" content=\"Nasce da un gruppo di genitori e dall&#039;esperienza di un&#039;asilo diffuso la nuova scuola materna che aprir\u00e0 a settembre nell&#039;ex agriturismo Pa\u00f9\" \/>\n<meta property=\"og:url\" content=\"https:\/\/staging.varesenews.it\/2018\/07\/la-scuola-dei-bimbi-del-bosco\/736822\/\" \/>\n<meta property=\"og:site_name\" content=\"VareseNews\" \/>\n<meta property=\"article:publisher\" content=\"https:\/\/www.facebook.com\/varesenews\" \/>\n<meta property=\"article:published_time\" content=\"2018-07-19T13:30:57+00:00\" \/>\n<meta name=\"author\" content=\"Lidia Romeo\" \/>\n<meta name=\"twitter:card\" content=\"summary_large_image\" \/>\n<meta name=\"twitter:creator\" content=\"@varesenews\" \/>\n<meta name=\"twitter:site\" content=\"@varesenews\" \/>\n<meta name=\"twitter:label1\" content=\"Scritto da\" \/>\n\t<meta name=\"twitter:data1\" content=\"Lidia Romeo\" \/>\n\t<meta name=\"twitter:label2\" content=\"Tempo di lettura stimato\" \/>\n\t<meta name=\"twitter:data2\" content=\"2 minuti\" \/>\n<script type=\"application\/ld+json\" class=\"yoast-schema-graph\">{\"@context\":\"https:\/\/schema.org\",\"@graph\":[{\"@type\":\"WebPage\",\"@id\":\"https:\/\/staging.varesenews.it\/2018\/07\/la-scuola-dei-bimbi-del-bosco\/736822\/\",\"url\":\"https:\/\/staging.varesenews.it\/2018\/07\/la-scuola-dei-bimbi-del-bosco\/736822\/\",\"name\":\"La scuola dei Bimbi del Bosco\",\"isPartOf\":{\"@id\":\"https:\/\/staging.varesenews.it\/#website\"},\"datePublished\":\"2018-07-19T13:30:57+00:00\",\"dateModified\":\"2018-07-19T13:30:57+00:00\",\"author\":{\"@id\":\"https:\/\/staging.varesenews.it\/#\/schema\/person\/83b39e5ac77662e18c07cdb07f0b4e7a\"},\"description\":\"Nasce da un gruppo di genitori e dall'esperienza di un'asilo diffuso la nuova scuola materna che aprir\u00e0 a settembre nell'ex agriturismo Pa\u00f9\",\"breadcrumb\":{\"@id\":\"https:\/\/staging.varesenews.it\/2018\/07\/la-scuola-dei-bimbi-del-bosco\/736822\/#breadcrumb\"},\"inLanguage\":\"it-IT\",\"potentialAction\":[{\"@type\":\"ReadAction\",\"target\":[\"https:\/\/staging.varesenews.it\/2018\/07\/la-scuola-dei-bimbi-del-bosco\/736822\/\"]}]},{\"@type\":\"BreadcrumbList\",\"@id\":\"https:\/\/staging.varesenews.it\/2018\/07\/la-scuola-dei-bimbi-del-bosco\/736822\/#breadcrumb\",\"itemListElement\":[{\"@type\":\"ListItem\",\"position\":1,\"name\":\"Home\",\"item\":\"https:\/\/www.varesenews.it\/\"},{\"@type\":\"ListItem\",\"position\":2,\"name\":\"La scuola dei Bimbi del Bosco\"}]},{\"@type\":\"WebSite\",\"@id\":\"https:\/\/staging.varesenews.it\/#website\",\"url\":\"https:\/\/staging.varesenews.it\/\",\"name\":\"VareseNews\",\"description\":\"\",\"potentialAction\":[{\"@type\":\"SearchAction\",\"target\":{\"@type\":\"EntryPoint\",\"urlTemplate\":\"https:\/\/staging.varesenews.it\/?s={search_term_string}\"},\"query-input\":\"required name=search_term_string\"}],\"inLanguage\":\"it-IT\"},{\"@type\":\"Person\",\"@id\":\"https:\/\/staging.varesenews.it\/#\/schema\/person\/83b39e5ac77662e18c07cdb07f0b4e7a\",\"name\":\"Lidia Romeo\",\"image\":{\"@type\":\"ImageObject\",\"inLanguage\":\"it-IT\",\"@id\":\"https:\/\/staging.varesenews.it\/#\/schema\/person\/image\/\",\"url\":\"https:\/\/staging.varesenews.it\/wp-content\/uploads\/2020\/12\/lidia_romeo_colori_500.jpg\",\"contentUrl\":\"https:\/\/staging.varesenews.it\/wp-content\/uploads\/2020\/12\/lidia_romeo_colori_500.jpg\",\"caption\":\"Lidia Romeo\"},\"description\":\"Giornalista professionista dal 2010, una laurea in Scienze politiche e tante, tantissime domande. Ascolto risposte, ne cerco altre e alcune le scrivo. Mi piacciono le chiacchiere, le idee capaci di guardare lontano e camminare in spazi aperti senza altra meta che l&rsquo;orizzonte.&nbsp;Per VareseNews sono responsabile del canale Bambini, a proposito di orizzonti ampi... quanto il futuro. &nbsp;\",\"url\":\"https:\/\/staging.varesenews.it\/persona\/lidia-romeo-a\/\"}]}<\/script>\n<!-- \/ Yoast SEO plugin. -->","yoast_head_json":{"title":"La scuola dei Bimbi del Bosco","description":"Nasce da un gruppo di genitori e dall'esperienza di un'asilo diffuso la nuova scuola materna che aprir\u00e0 a settembre nell'ex agriturismo Pa\u00f9","robots":{"index":"noindex","follow":"follow","max-snippet":"max-snippet:-1","max-image-preview":"max-image-preview:large","max-video-preview":"max-video-preview:-1"},"og_locale":"it_IT","og_type":"article","og_title":"La scuola dei Bimbi del Bosco","og_description":"Nasce da un gruppo di genitori e dall'esperienza di un'asilo diffuso la nuova scuola materna che aprir\u00e0 a settembre nell'ex agriturismo Pa\u00f9","og_url":"https:\/\/staging.varesenews.it\/2018\/07\/la-scuola-dei-bimbi-del-bosco\/736822\/","og_site_name":"VareseNews","article_publisher":"https:\/\/www.facebook.com\/varesenews","article_published_time":"2018-07-19T13:30:57+00:00","author":"Lidia Romeo","twitter_card":"summary_large_image","twitter_creator":"@varesenews","twitter_site":"@varesenews","twitter_misc":{"Scritto da":"Lidia Romeo","Tempo di lettura stimato":"2 minuti"},"schema":{"@context":"https:\/\/schema.org","@graph":[{"@type":"WebPage","@id":"https:\/\/staging.varesenews.it\/2018\/07\/la-scuola-dei-bimbi-del-bosco\/736822\/","url":"https:\/\/staging.varesenews.it\/2018\/07\/la-scuola-dei-bimbi-del-bosco\/736822\/","name":"La scuola dei Bimbi del Bosco","isPartOf":{"@id":"https:\/\/staging.varesenews.it\/#website"},"datePublished":"2018-07-19T13:30:57+00:00","dateModified":"2018-07-19T13:30:57+00:00","author":{"@id":"https:\/\/staging.varesenews.it\/#\/schema\/person\/83b39e5ac77662e18c07cdb07f0b4e7a"},"description":"Nasce da un gruppo di genitori e dall'esperienza di un'asilo diffuso la nuova scuola materna che aprir\u00e0 a settembre nell'ex agriturismo Pa\u00f9","breadcrumb":{"@id":"https:\/\/staging.varesenews.it\/2018\/07\/la-scuola-dei-bimbi-del-bosco\/736822\/#breadcrumb"},"inLanguage":"it-IT","potentialAction":[{"@type":"ReadAction","target":["https:\/\/staging.varesenews.it\/2018\/07\/la-scuola-dei-bimbi-del-bosco\/736822\/"]}]},{"@type":"BreadcrumbList","@id":"https:\/\/staging.varesenews.it\/2018\/07\/la-scuola-dei-bimbi-del-bosco\/736822\/#breadcrumb","itemListElement":[{"@type":"ListItem","position":1,"name":"Home","item":"https:\/\/www.varesenews.it\/"},{"@type":"ListItem","position":2,"name":"La scuola dei Bimbi del Bosco"}]},{"@type":"WebSite","@id":"https:\/\/staging.varesenews.it\/#website","url":"https:\/\/staging.varesenews.it\/","name":"VareseNews","description":"","potentialAction":[{"@type":"SearchAction","target":{"@type":"EntryPoint","urlTemplate":"https:\/\/staging.varesenews.it\/?s={search_term_string}"},"query-input":"required name=search_term_string"}],"inLanguage":"it-IT"},{"@type":"Person","@id":"https:\/\/staging.varesenews.it\/#\/schema\/person\/83b39e5ac77662e18c07cdb07f0b4e7a","name":"Lidia Romeo","image":{"@type":"ImageObject","inLanguage":"it-IT","@id":"https:\/\/staging.varesenews.it\/#\/schema\/person\/image\/","url":"https:\/\/staging.varesenews.it\/wp-content\/uploads\/2020\/12\/lidia_romeo_colori_500.jpg","contentUrl":"https:\/\/staging.varesenews.it\/wp-content\/uploads\/2020\/12\/lidia_romeo_colori_500.jpg","caption":"Lidia Romeo"},"description":"Giornalista professionista dal 2010, una laurea in Scienze politiche e tante, tantissime domande. Ascolto risposte, ne cerco altre e alcune le scrivo. Mi piacciono le chiacchiere, le idee capaci di guardare lontano e camminare in spazi aperti senza altra meta che l&rsquo;orizzonte.&nbsp;Per VareseNews sono responsabile del canale Bambini, a proposito di orizzonti ampi... quanto il futuro. &nbsp;","url":"https:\/\/staging.varesenews.it\/persona\/lidia-romeo-a\/"}]}},"post_meta":{"_edit_lock":"1532007152:14095","_edit_last":"14095","_category_permalink":"a:1:{s:8:\"category\";s:2:\"23\";}","_yoast_wpseo_content_score":"30","_jd_tweet_this":"yes","id_leggi_anche":"736788,779558","foto":"686412","firma-personalizzata":"bambini@varesenews.it","argomento":"Luino","ratings_users":"0","ratings_score":"0","ratings_average":"0","_wpt_short_url":"http:\/\/www.varesenews.it\/2018\/07\/la-scuola-dei-bimbi-del-bosco\/736822\/","_wp_jd_target":"http:\/\/www.varesenews.it\/2018\/07\/la-scuola-dei-bimbi-del-bosco\/736822\/","_jd_wp_twitter":"a:1:{i:0;s:131:\"La scuola dei Bimbi del Bosco http:\/\/www.varesenews.it\/2018\/07\/la-scuola-dei-bimbi-del-bosco\/736822\/ #Et\u00e036 #Et\u00e0610 #mondobambini\";}","_wpt_status_message":"Tweet inviato con successo."},"photos":[{"original":"https:\/\/staging.varesenews.it\/photogallery_new\/images\/2018\/07\/bimbi-del-bosco-686412.jpg","full":"https:\/\/staging.varesenews.it\/photogallery_new\/images\/2018\/07\/bimbi-del-bosco-686412.1024x768.jpg","large":"https:\/\/staging.varesenews.it\/photogallery_new\/images\/2018\/07\/bimbi-del-bosco-686412.610x431.jpg"}],"_links":{"self":[{"href":"https:\/\/staging.varesenews.it\/swgapi\/v1\/wp\/v2\/posts\/736822"}],"collection":[{"href":"https:\/\/staging.varesenews.it\/swgapi\/v1\/wp\/v2\/posts"}],"about":[{"href":"https:\/\/staging.varesenews.it\/swgapi\/v1\/wp\/v2\/types\/post"}],"author":[{"embeddable":true,"href":"https:\/\/staging.varesenews.it\/swgapi\/v1\/wp\/v2\/users\/14095"}],"replies":[{"embeddable":true,"href":"https:\/\/staging.varesenews.it\/swgapi\/v1\/wp\/v2\/comments?post=736822"}],"version-history":[{"count":0,"href":"https:\/\/staging.varesenews.it\/swgapi\/v1\/wp\/v2\/posts\/736822\/revisions"}],"wp:attachment":[{"href":"https:\/\/staging.varesenews.it\/swgapi\/v1\/wp\/v2\/media?parent=736822"}],"wp:term":[{"taxonomy":"category","embeddable":true,"href":"https:\/\/staging.varesenews.it\/swgapi\/v1\/wp\/v2\/categories?post=736822"},{"taxonomy":"post_tag","embeddable":true,"href":"https:\/\/staging.varesenews.it\/swgapi\/v1\/wp\/v2\/tags?post=736822"}],"curies":[{"name":"wp","href":"https:\/\/api.w.org\/{rel}","templated":true}]}}