{"id":73734,"date":"2012-11-28T00:00:00","date_gmt":"2012-11-28T00:00:00","guid":{"rendered":""},"modified":"2012-11-28T00:00:00","modified_gmt":"2012-11-28T00:00:00","slug":"ims-non-ci-sono-piu-speranze-per-la-fabbrica-dei-sogni","status":"publish","type":"post","link":"https:\/\/staging.varesenews.it\/2012\/11\/ims-non-ci-sono-piu-speranze-per-la-fabbrica-dei-sogni\/73734\/","title":{"rendered":"Ims, non ci sono pi\u00f9 speranze per \u201cla fabbrica dei sogni\u201d"},"content":{"rendered":"<p><img loading=\"lazy\" decoding=\"async\" src=\"https:\/\/www3.varesenews.it\/immagini_articoli\/201110\/IMG_2287.JPG\" width=\"350\" height=\"263\" vspace=\"3\" hspace=\"3\" border=\"1\" align=\"left\" alt=\"\" \/>&Egrave; finita, <strong>non ci sono pi&ugrave; spazi di manovra per l&rsquo;Ims di Caronno Pertusella e i suoi dipendenti<\/strong>. Dopo un anno di<strong> lotte, azioni sindacali, battaglie, presidi permanenti giorno e notte<\/strong>, al freddo a al gelo, ecco arrivare la pessima notizia: il curatore fallimentare <strong>aprir&agrave; la mobilit&agrave; per i 104 dipendenti dal 5 dicembre.<\/strong> Scaduta la cassa integrazione e senza proposte valide di acquisizione dell&rsquo;azienda, non resta molto altro da fare. <br \/>\nRassegnato anche il comunicato dei sindacati <strong>Cobas Cub<\/strong>, che in questi mesi hanno lottato accanto ai lavoratori in tutte le loro iniziative: &laquo;<strong>Troppi silenzi, soprattutto dalla politica<\/strong>, porteranno alla chiusura un&rsquo;altra importante manifatturiera del Varesotto &#8211; si legge le comunicato -. Questa mattina c&#8217;&egrave; stato l&#8217;incontro (conclusivo?) tra il curatore fallimentare e le organizzazioni sindacali per apertura mobilit&agrave; (licenziamenti) <strong>dal 5 dicembre per tutti i 104 lavoratori e lavoratrici della IMS di Caronno Pertusella&raquo;<\/strong>. <\/p>\n<p><a href=\"http:\/\/www3.varesenews.it\/saronno_tradate\/tags.php?id=189298&amp;start=1\">Tutti gli articoli sulla Ims di Caronno Pertusella  <\/a><\/p>\n<p>L&rsquo;Ims &egrave; la storica <strong>ex Emi Records<\/strong>, si occupa di stampare Cd e Dvd di artisti nazionali e internazionali. Le notizie delle difficolt&agrave; economiche dell&rsquo;azienda <a href=\"http:\/\/www3.varesenews.it\/saronno_tradate\/articolo.php?id=215305\">arrivarono come un fulmine a ciel sereno nell&rsquo;estate del 2011<\/a>, tanto che <strong>venne chiusa la mensa e tagliata l&rsquo;elettricit&agrave;<\/strong> alla ditta di via Bergamo. Subito<a href=\"http:\/\/www3.varesenews.it\/saronno_tradate\/articolo.php?id=216344\"> inizi&ograve; la mobilitazione dei lavoratori<\/a>, prima per ottenere gli stipendi poi per cercare di <strong>riattivare la produzione cercando acquirenti<\/strong>.  Nel dicembre 2011 <a href=\"http:\/\/www3.varesenews.it\/saronno_tradate\/articolo.php?id=218922\">la dichiarazione di fallimento<\/a> e la cassa integrazione per i lavoratori. <br \/>\nNel frattempo sono proseguite le azioni di protesta come il<strong> presidio permanente fuori dai cancelli<\/strong>, con a<strong>zioni di solidariet&agrave; da tutto il territorio<\/strong>.  Molti gli artisti che hanno espresso chiaramente la loro solidariet&agrave; all&rsquo;Ims: <a href=\"http:\/\/www3.varesenews.it\/saronno_tradate\/articolo.php?id=217316\">Vasco Rossi<\/a> che li ha accolti nella sua casa chiedendo di non far chiudere <strong>&ldquo;la fabbrica dei sogni&rdquo;,<\/strong> ma anche <a href=\"http:\/\/www3.varesenews.it\/saronno_tradate\/articolo.php?id=218644\">Francesco Guccini<\/a>, <a href=\"http:\/\/www3.varesenews.it\/saronno_tradate\/articolo.php?id=218805\">Caparezza<\/a>, <a href=\"http:\/\/www3.varesenews.it\/gallarate_malpensa\/articolo.php?id=239848\">Fiorella Mannoia<\/a> e molti altri. Anche <strong>Gianni Morandi <\/strong>che ha portato la causa dei lavoratori <a href=\"http:\/\/www3.varesenews.it\/saronno_tradate\/articolo.php?id=225877\">sul palco di Sanremo nel febbraio 2011<\/a>, di fronte a milioni si spettatori. <\/p>\n<p><strong>Ora l&rsquo;amara conclusione di tutta la vicenda,<\/strong> dopo che non si sono mai concretizzate<strong> le ipotesi di acquisizione da parte di altre realt&agrave;<\/strong>. Nella serata di mercoled&igrave; alle 17.30 ci sar&agrave; un&rsquo;assemblea dei lavoratori e delle lavoratrici: &laquo;Non senza rammarico si prender&agrave; atto che l&rsquo;unica prospettiva, ad oggi, <strong>sono i licenziamenti<\/strong>&raquo; conclude il comunicato dei sindacati. <br \/>\nDopo la riunione potrebbe emergere qualche posizione in pi&ugrave;, ma le speranze, <strong>salvo improvvisi colpi di scena, sembrano ormai terminate.<\/strong><\/p>\n","protected":false},"excerpt":{"rendered":"<p>Annuncio delle mobilit\u00e0 per tutti i dipendenti dal 5 dicembre. La lotta \u00e8 durata pi\u00f9 di un anno e non \u00e8 servita la solidariet\u00e0 di artisti come Vasco, Caparezza, Guccini, Mannoia, o l\u2019essere arrivati anche sul palco di Sanremo<\/p>\n","protected":false},"author":10,"featured_media":0,"comment_status":"open","ping_status":"open","sticky":false,"template":"","format":"standard","meta":{"footnotes":""},"categories":[17,5],"tags":[19788,211],"acf":[],"yoast_head":"<!-- This site is optimized with the Yoast SEO plugin v20.1 - https:\/\/yoast.com\/wordpress\/plugins\/seo\/ -->\n<title>Ims, non ci sono pi\u00f9 speranze per \u201cla fabbrica dei sogni\u201d<\/title>\n<meta name=\"description\" content=\"Annuncio delle mobilit\u00e0 per tutti i dipendenti dal 5 dicembre. La lotta \u00e8 durata pi\u00f9 di un anno e non \u00e8 servita la solidariet\u00e0 di artisti come Vasco, Caparezza, Guccini, Mannoia, o l\u2019essere arrivati anche sul palco di Sanremo\" \/>\n<meta name=\"robots\" content=\"noindex, follow, max-snippet:-1, max-image-preview:large, max-video-preview:-1\" \/>\n<meta property=\"og:locale\" content=\"it_IT\" \/>\n<meta property=\"og:type\" content=\"article\" \/>\n<meta property=\"og:title\" content=\"Ims, non ci sono pi\u00f9 speranze per \u201cla fabbrica dei sogni\u201d\" \/>\n<meta property=\"og:description\" content=\"Annuncio delle mobilit\u00e0 per tutti i dipendenti dal 5 dicembre. La lotta \u00e8 durata pi\u00f9 di un anno e non \u00e8 servita la solidariet\u00e0 di artisti come Vasco, Caparezza, Guccini, Mannoia, o l\u2019essere arrivati anche sul palco di Sanremo\" \/>\n<meta property=\"og:url\" content=\"https:\/\/www.varesenews.it\/2012\/11\/ims-non-ci-sono-piu-speranze-per-la-fabbrica-dei-sogni\/73734\/\" \/>\n<meta property=\"og:site_name\" content=\"VareseNews\" \/>\n<meta property=\"article:publisher\" content=\"https:\/\/www.facebook.com\/varesenews\" \/>\n<meta property=\"article:published_time\" content=\"2012-11-28T00:00:00+00:00\" \/>\n<meta property=\"og:image\" content=\"https:\/\/www3.varesenews.it\/immagini_articoli\/201110\/IMG_2287.JPG\" \/>\n<meta name=\"author\" content=\"Redazione VareseNews\" \/>\n<meta name=\"twitter:card\" content=\"summary_large_image\" \/>\n<meta name=\"twitter:creator\" content=\"@varesenews\" \/>\n<meta name=\"twitter:site\" content=\"@varesenews\" \/>\n<meta name=\"twitter:label1\" content=\"Scritto da\" \/>\n\t<meta name=\"twitter:data1\" content=\"Redazione VareseNews\" \/>\n\t<meta name=\"twitter:label2\" content=\"Tempo di lettura stimato\" \/>\n\t<meta name=\"twitter:data2\" content=\"2 minuti\" \/>\n<script type=\"application\/ld+json\" class=\"yoast-schema-graph\">{\"@context\":\"https:\/\/schema.org\",\"@graph\":[{\"@type\":\"WebPage\",\"@id\":\"https:\/\/www.varesenews.it\/2012\/11\/ims-non-ci-sono-piu-speranze-per-la-fabbrica-dei-sogni\/73734\/\",\"url\":\"https:\/\/www.varesenews.it\/2012\/11\/ims-non-ci-sono-piu-speranze-per-la-fabbrica-dei-sogni\/73734\/\",\"name\":\"Ims, non ci sono pi\u00f9 speranze per \u201cla fabbrica dei sogni\u201d\",\"isPartOf\":{\"@id\":\"https:\/\/staging.varesenews.it\/#website\"},\"datePublished\":\"2012-11-28T00:00:00+00:00\",\"dateModified\":\"2012-11-28T00:00:00+00:00\",\"author\":{\"@id\":\"https:\/\/staging.varesenews.it\/#\/schema\/person\/fb20c4da0b7b16c291707a20db73e169\"},\"description\":\"Annuncio delle mobilit\u00e0 per tutti i dipendenti dal 5 dicembre. La lotta \u00e8 durata pi\u00f9 di un anno e non \u00e8 servita la solidariet\u00e0 di artisti come Vasco, Caparezza, Guccini, Mannoia, o l\u2019essere arrivati anche sul palco di Sanremo\",\"breadcrumb\":{\"@id\":\"https:\/\/www.varesenews.it\/2012\/11\/ims-non-ci-sono-piu-speranze-per-la-fabbrica-dei-sogni\/73734\/#breadcrumb\"},\"inLanguage\":\"it-IT\",\"potentialAction\":[{\"@type\":\"ReadAction\",\"target\":[\"https:\/\/www.varesenews.it\/2012\/11\/ims-non-ci-sono-piu-speranze-per-la-fabbrica-dei-sogni\/73734\/\"]}]},{\"@type\":\"BreadcrumbList\",\"@id\":\"https:\/\/www.varesenews.it\/2012\/11\/ims-non-ci-sono-piu-speranze-per-la-fabbrica-dei-sogni\/73734\/#breadcrumb\",\"itemListElement\":[{\"@type\":\"ListItem\",\"position\":1,\"name\":\"Home\",\"item\":\"https:\/\/www.varesenews.it\/\"},{\"@type\":\"ListItem\",\"position\":2,\"name\":\"Ims, non ci sono pi\u00f9 speranze per \u201cla fabbrica dei sogni\u201d\"}]},{\"@type\":\"WebSite\",\"@id\":\"https:\/\/staging.varesenews.it\/#website\",\"url\":\"https:\/\/staging.varesenews.it\/\",\"name\":\"VareseNews\",\"description\":\"\",\"potentialAction\":[{\"@type\":\"SearchAction\",\"target\":{\"@type\":\"EntryPoint\",\"urlTemplate\":\"https:\/\/staging.varesenews.it\/?s={search_term_string}\"},\"query-input\":\"required name=search_term_string\"}],\"inLanguage\":\"it-IT\"},{\"@type\":\"Person\",\"@id\":\"https:\/\/staging.varesenews.it\/#\/schema\/person\/fb20c4da0b7b16c291707a20db73e169\",\"name\":\"Redazione VareseNews\",\"image\":{\"@type\":\"ImageObject\",\"inLanguage\":\"it-IT\",\"@id\":\"https:\/\/staging.varesenews.it\/#\/schema\/person\/image\/\",\"url\":\"https:\/\/staging.varesenews.it\/wp-content\/uploads\/2020\/12\/logo_VN_colori_500.png\",\"contentUrl\":\"https:\/\/staging.varesenews.it\/wp-content\/uploads\/2020\/12\/logo_VN_colori_500.png\",\"caption\":\"Redazione VareseNews\"},\"url\":\"https:\/\/staging.varesenews.it\/persona\/redazione1\/\"}]}<\/script>\n<!-- \/ Yoast SEO plugin. -->","yoast_head_json":{"title":"Ims, non ci sono pi\u00f9 speranze per \u201cla fabbrica dei sogni\u201d","description":"Annuncio delle mobilit\u00e0 per tutti i dipendenti dal 5 dicembre. La lotta \u00e8 durata pi\u00f9 di un anno e non \u00e8 servita la solidariet\u00e0 di artisti come Vasco, Caparezza, Guccini, Mannoia, o l\u2019essere arrivati anche sul palco di Sanremo","robots":{"index":"noindex","follow":"follow","max-snippet":"max-snippet:-1","max-image-preview":"max-image-preview:large","max-video-preview":"max-video-preview:-1"},"og_locale":"it_IT","og_type":"article","og_title":"Ims, non ci sono pi\u00f9 speranze per \u201cla fabbrica dei sogni\u201d","og_description":"Annuncio delle mobilit\u00e0 per tutti i dipendenti dal 5 dicembre. La lotta \u00e8 durata pi\u00f9 di un anno e non \u00e8 servita la solidariet\u00e0 di artisti come Vasco, Caparezza, Guccini, Mannoia, o l\u2019essere arrivati anche sul palco di Sanremo","og_url":"https:\/\/www.varesenews.it\/2012\/11\/ims-non-ci-sono-piu-speranze-per-la-fabbrica-dei-sogni\/73734\/","og_site_name":"VareseNews","article_publisher":"https:\/\/www.facebook.com\/varesenews","article_published_time":"2012-11-28T00:00:00+00:00","og_image":[{"url":"https:\/\/www3.varesenews.it\/immagini_articoli\/201110\/IMG_2287.JPG"}],"author":"Redazione VareseNews","twitter_card":"summary_large_image","twitter_creator":"@varesenews","twitter_site":"@varesenews","twitter_misc":{"Scritto da":"Redazione VareseNews","Tempo di lettura stimato":"2 minuti"},"schema":{"@context":"https:\/\/schema.org","@graph":[{"@type":"WebPage","@id":"https:\/\/www.varesenews.it\/2012\/11\/ims-non-ci-sono-piu-speranze-per-la-fabbrica-dei-sogni\/73734\/","url":"https:\/\/www.varesenews.it\/2012\/11\/ims-non-ci-sono-piu-speranze-per-la-fabbrica-dei-sogni\/73734\/","name":"Ims, non ci sono pi\u00f9 speranze per \u201cla fabbrica dei sogni\u201d","isPartOf":{"@id":"https:\/\/staging.varesenews.it\/#website"},"datePublished":"2012-11-28T00:00:00+00:00","dateModified":"2012-11-28T00:00:00+00:00","author":{"@id":"https:\/\/staging.varesenews.it\/#\/schema\/person\/fb20c4da0b7b16c291707a20db73e169"},"description":"Annuncio delle mobilit\u00e0 per tutti i dipendenti dal 5 dicembre. La lotta \u00e8 durata pi\u00f9 di un anno e non \u00e8 servita la solidariet\u00e0 di artisti come Vasco, Caparezza, Guccini, Mannoia, o l\u2019essere arrivati anche sul palco di Sanremo","breadcrumb":{"@id":"https:\/\/www.varesenews.it\/2012\/11\/ims-non-ci-sono-piu-speranze-per-la-fabbrica-dei-sogni\/73734\/#breadcrumb"},"inLanguage":"it-IT","potentialAction":[{"@type":"ReadAction","target":["https:\/\/www.varesenews.it\/2012\/11\/ims-non-ci-sono-piu-speranze-per-la-fabbrica-dei-sogni\/73734\/"]}]},{"@type":"BreadcrumbList","@id":"https:\/\/www.varesenews.it\/2012\/11\/ims-non-ci-sono-piu-speranze-per-la-fabbrica-dei-sogni\/73734\/#breadcrumb","itemListElement":[{"@type":"ListItem","position":1,"name":"Home","item":"https:\/\/www.varesenews.it\/"},{"@type":"ListItem","position":2,"name":"Ims, non ci sono pi\u00f9 speranze per \u201cla fabbrica dei sogni\u201d"}]},{"@type":"WebSite","@id":"https:\/\/staging.varesenews.it\/#website","url":"https:\/\/staging.varesenews.it\/","name":"VareseNews","description":"","potentialAction":[{"@type":"SearchAction","target":{"@type":"EntryPoint","urlTemplate":"https:\/\/staging.varesenews.it\/?s={search_term_string}"},"query-input":"required name=search_term_string"}],"inLanguage":"it-IT"},{"@type":"Person","@id":"https:\/\/staging.varesenews.it\/#\/schema\/person\/fb20c4da0b7b16c291707a20db73e169","name":"Redazione VareseNews","image":{"@type":"ImageObject","inLanguage":"it-IT","@id":"https:\/\/staging.varesenews.it\/#\/schema\/person\/image\/","url":"https:\/\/staging.varesenews.it\/wp-content\/uploads\/2020\/12\/logo_VN_colori_500.png","contentUrl":"https:\/\/staging.varesenews.it\/wp-content\/uploads\/2020\/12\/logo_VN_colori_500.png","caption":"Redazione VareseNews"},"url":"https:\/\/staging.varesenews.it\/persona\/redazione1\/"}]}},"post_meta":{"id_old":"249275","argomento":"Caronno Pertusella","autore_old":"Manuel Sgarella"},"photos":[],"_links":{"self":[{"href":"https:\/\/staging.varesenews.it\/swgapi\/v1\/wp\/v2\/posts\/73734"}],"collection":[{"href":"https:\/\/staging.varesenews.it\/swgapi\/v1\/wp\/v2\/posts"}],"about":[{"href":"https:\/\/staging.varesenews.it\/swgapi\/v1\/wp\/v2\/types\/post"}],"author":[{"embeddable":true,"href":"https:\/\/staging.varesenews.it\/swgapi\/v1\/wp\/v2\/users\/10"}],"replies":[{"embeddable":true,"href":"https:\/\/staging.varesenews.it\/swgapi\/v1\/wp\/v2\/comments?post=73734"}],"version-history":[{"count":0,"href":"https:\/\/staging.varesenews.it\/swgapi\/v1\/wp\/v2\/posts\/73734\/revisions"}],"wp:attachment":[{"href":"https:\/\/staging.varesenews.it\/swgapi\/v1\/wp\/v2\/media?parent=73734"}],"wp:term":[{"taxonomy":"category","embeddable":true,"href":"https:\/\/staging.varesenews.it\/swgapi\/v1\/wp\/v2\/categories?post=73734"},{"taxonomy":"post_tag","embeddable":true,"href":"https:\/\/staging.varesenews.it\/swgapi\/v1\/wp\/v2\/tags?post=73734"}],"curies":[{"name":"wp","href":"https:\/\/api.w.org\/{rel}","templated":true}]}}