{"id":739861,"date":"2018-07-31T16:02:27","date_gmt":"2018-07-31T14:02:27","guid":{"rendered":"http:\/\/www.varesenews.it\/?p=739861"},"modified":"2018-07-31T16:02:27","modified_gmt":"2018-07-31T14:02:27","slug":"bianchi-accam-cda-proponga-soluzione-ai-comuni","status":"publish","type":"post","link":"https:\/\/staging.varesenews.it\/2018\/07\/bianchi-accam-cda-proponga-soluzione-ai-comuni\/739861\/","title":{"rendered":"Bianchi su Accam: &#8220;Il cda proponga una soluzione ai comuni&#8221;"},"content":{"rendered":"<p>La notizia del concreto rischio di fallimento per l&#8217;inceneritore di Busto Arsizio \u00e8 arrivata fino a Roma, all&#8217;orecchio del deputato leghista Matteo Bianchi, che \u00e8 anche segretario provinciale del partito. \u00ab<strong>A seguito dell\u2019ultima assemblea dei soci di Accam, urge che il CdA della societ\u00e0 raccordi e proponga ai Sindaci una soluzione per il salvataggio della societ\u00e0 stessa<\/strong>, affinch\u00e9 si possa scongiurare un possibile fallimento a danno dei Comuni\u00bb dice Bianchi.<\/p>\n<p>Per lui \u00ab\u00e8 fondamentale che il consiglio di amministrazione sviluppi in autonomia e con debita autorevolezza gestional-manageriale, una proposta di prospettiva, cercando di capire le esigenze dei singoli comuni, le quali sono abbastanza eterogenee\u00bb.<\/p>\n<p>In questo senso \u00abci si augura che i Sindaci, a cavallo tra basso varesotto ed alto milanese, possano avere a breve uno scenario scremato e coordinato cos\u00ec da poter guardare al futuro con maggiore serenit\u00e0, anche se \u00e8 ovvio che non esister\u00e0 mai la proposta perfetta per ogni singolo comune\u00bb.<\/p>\n","protected":false},"excerpt":{"rendered":"<p>Il segretario provinciale della Lega prende posizione sulle liti che stanno mettendo a rischio il futuro di Accam: &#8220;Urge che il CdA della societ\u00e0 raccordi e proponga ai Sindaci una soluzione per il salvataggio&#8221;<\/p>\n","protected":false},"author":42,"featured_media":0,"comment_status":"open","ping_status":"open","sticky":false,"template":"","format":"standard","meta":{"footnotes":""},"categories":[4,3,16],"tags":[715],"acf":[],"yoast_head":"<!-- This site is optimized with the Yoast SEO plugin v20.1 - https:\/\/yoast.com\/wordpress\/plugins\/seo\/ -->\n<title>Bianchi su Accam: &quot;Il cda proponga una soluzione ai comuni&quot;<\/title>\n<meta name=\"description\" content=\"Il segretario provinciale della Lega prende posizione sulle liti che stanno mettendo a rischio il futuro di Accam: &quot;Urge che il CdA della societ\u00e0 raccordi e proponga ai Sindaci una soluzione per il salvataggio&quot;\" \/>\n<meta name=\"robots\" content=\"noindex, follow, max-snippet:-1, max-image-preview:large, max-video-preview:-1\" \/>\n<meta property=\"og:locale\" content=\"it_IT\" \/>\n<meta property=\"og:type\" content=\"article\" \/>\n<meta property=\"og:title\" content=\"Bianchi su Accam: &quot;Il cda proponga una soluzione ai comuni&quot;\" \/>\n<meta property=\"og:description\" content=\"Il segretario provinciale della Lega prende posizione sulle liti che stanno mettendo a rischio il futuro di Accam: &quot;Urge che il CdA della societ\u00e0 raccordi e proponga ai Sindaci una soluzione per il salvataggio&quot;\" \/>\n<meta property=\"og:url\" content=\"https:\/\/staging.varesenews.it\/2018\/07\/bianchi-accam-cda-proponga-soluzione-ai-comuni\/739861\/\" \/>\n<meta property=\"og:site_name\" content=\"VareseNews\" \/>\n<meta property=\"article:publisher\" content=\"https:\/\/www.facebook.com\/varesenews\" \/>\n<meta property=\"article:published_time\" content=\"2018-07-31T14:02:27+00:00\" \/>\n<meta name=\"author\" content=\"Marco Corso\" \/>\n<meta name=\"twitter:card\" content=\"summary_large_image\" \/>\n<meta name=\"twitter:creator\" content=\"@varesenews\" \/>\n<meta name=\"twitter:site\" content=\"@varesenews\" \/>\n<meta name=\"twitter:label1\" content=\"Scritto da\" \/>\n\t<meta name=\"twitter:data1\" content=\"Marco Corso\" \/>\n\t<meta name=\"twitter:label2\" content=\"Tempo di lettura stimato\" \/>\n\t<meta name=\"twitter:data2\" content=\"1 minuto\" \/>\n<script type=\"application\/ld+json\" class=\"yoast-schema-graph\">{\"@context\":\"https:\/\/schema.org\",\"@graph\":[{\"@type\":\"WebPage\",\"@id\":\"https:\/\/staging.varesenews.it\/2018\/07\/bianchi-accam-cda-proponga-soluzione-ai-comuni\/739861\/\",\"url\":\"https:\/\/staging.varesenews.it\/2018\/07\/bianchi-accam-cda-proponga-soluzione-ai-comuni\/739861\/\",\"name\":\"Bianchi su Accam: \\\"Il cda proponga una soluzione ai comuni\\\"\",\"isPartOf\":{\"@id\":\"https:\/\/staging.varesenews.it\/#website\"},\"datePublished\":\"2018-07-31T14:02:27+00:00\",\"dateModified\":\"2018-07-31T14:02:27+00:00\",\"author\":{\"@id\":\"https:\/\/staging.varesenews.it\/#\/schema\/person\/f0b866bf1a4a7b2b1558574309a927fa\"},\"description\":\"Il segretario provinciale della Lega prende posizione sulle liti che stanno mettendo a rischio il futuro di Accam: \\\"Urge che il CdA della societ\u00e0 raccordi e proponga ai Sindaci una soluzione per il salvataggio\\\"\",\"breadcrumb\":{\"@id\":\"https:\/\/staging.varesenews.it\/2018\/07\/bianchi-accam-cda-proponga-soluzione-ai-comuni\/739861\/#breadcrumb\"},\"inLanguage\":\"it-IT\",\"potentialAction\":[{\"@type\":\"ReadAction\",\"target\":[\"https:\/\/staging.varesenews.it\/2018\/07\/bianchi-accam-cda-proponga-soluzione-ai-comuni\/739861\/\"]}]},{\"@type\":\"BreadcrumbList\",\"@id\":\"https:\/\/staging.varesenews.it\/2018\/07\/bianchi-accam-cda-proponga-soluzione-ai-comuni\/739861\/#breadcrumb\",\"itemListElement\":[{\"@type\":\"ListItem\",\"position\":1,\"name\":\"Home\",\"item\":\"https:\/\/www.varesenews.it\/\"},{\"@type\":\"ListItem\",\"position\":2,\"name\":\"Bianchi su Accam: &#8220;Il cda proponga una soluzione ai comuni&#8221;\"}]},{\"@type\":\"WebSite\",\"@id\":\"https:\/\/staging.varesenews.it\/#website\",\"url\":\"https:\/\/staging.varesenews.it\/\",\"name\":\"VareseNews\",\"description\":\"\",\"potentialAction\":[{\"@type\":\"SearchAction\",\"target\":{\"@type\":\"EntryPoint\",\"urlTemplate\":\"https:\/\/staging.varesenews.it\/?s={search_term_string}\"},\"query-input\":\"required name=search_term_string\"}],\"inLanguage\":\"it-IT\"},{\"@type\":\"Person\",\"@id\":\"https:\/\/staging.varesenews.it\/#\/schema\/person\/f0b866bf1a4a7b2b1558574309a927fa\",\"name\":\"Marco Corso\",\"image\":{\"@type\":\"ImageObject\",\"inLanguage\":\"it-IT\",\"@id\":\"https:\/\/staging.varesenews.it\/#\/schema\/person\/image\/\",\"url\":\"https:\/\/staging.varesenews.it\/wp-content\/uploads\/2020\/12\/marco_corso_colori_500.jpg\",\"contentUrl\":\"https:\/\/staging.varesenews.it\/wp-content\/uploads\/2020\/12\/marco_corso_colori_500.jpg\",\"caption\":\"Marco Corso\"},\"description\":\"Classe 91, per diversi anni mi sono fregiato del titolo di pi&ugrave; giovane della redazione, ma adesso faccio il fratello maggiore alle nuove leve. Mi sono laureato nel 2013 in Scienze Sociali per la Globalizzazione alla Statale di Milano e nel 2015 mi sono diplomato in videogiornalismo alla Civica Scuola di Cinema di Milano. A VareseNews da 10 anni, ho seguito da sempre diversi progetti, partendo dalla mia Busto Arsizio per attraversare tutta la provincia. Adesso la \\\"sorvolo\\\" anche con il mio drone, regalando alle mie riprese sempre un punto di vista emozionale e narrativo sui luoghi e le vicende che racconto, ma rimanendo fedele alla cronaca. Quando non faccio il giornalista viaggio o mi arrampico sui monti, per guardare il mondo da altri punti di vista.\",\"sameAs\":[\"mar_corso\"],\"url\":\"https:\/\/staging.varesenews.it\/persona\/marco-corso1\/\"}]}<\/script>\n<!-- \/ Yoast SEO plugin. -->","yoast_head_json":{"title":"Bianchi su Accam: \"Il cda proponga una soluzione ai comuni\"","description":"Il segretario provinciale della Lega prende posizione sulle liti che stanno mettendo a rischio il futuro di Accam: \"Urge che il CdA della societ\u00e0 raccordi e proponga ai Sindaci una soluzione per il salvataggio\"","robots":{"index":"noindex","follow":"follow","max-snippet":"max-snippet:-1","max-image-preview":"max-image-preview:large","max-video-preview":"max-video-preview:-1"},"og_locale":"it_IT","og_type":"article","og_title":"Bianchi su Accam: \"Il cda proponga una soluzione ai comuni\"","og_description":"Il segretario provinciale della Lega prende posizione sulle liti che stanno mettendo a rischio il futuro di Accam: \"Urge che il CdA della societ\u00e0 raccordi e proponga ai Sindaci una soluzione per il salvataggio\"","og_url":"https:\/\/staging.varesenews.it\/2018\/07\/bianchi-accam-cda-proponga-soluzione-ai-comuni\/739861\/","og_site_name":"VareseNews","article_publisher":"https:\/\/www.facebook.com\/varesenews","article_published_time":"2018-07-31T14:02:27+00:00","author":"Marco Corso","twitter_card":"summary_large_image","twitter_creator":"@varesenews","twitter_site":"@varesenews","twitter_misc":{"Scritto da":"Marco Corso","Tempo di lettura stimato":"1 minuto"},"schema":{"@context":"https:\/\/schema.org","@graph":[{"@type":"WebPage","@id":"https:\/\/staging.varesenews.it\/2018\/07\/bianchi-accam-cda-proponga-soluzione-ai-comuni\/739861\/","url":"https:\/\/staging.varesenews.it\/2018\/07\/bianchi-accam-cda-proponga-soluzione-ai-comuni\/739861\/","name":"Bianchi su Accam: \"Il cda proponga una soluzione ai comuni\"","isPartOf":{"@id":"https:\/\/staging.varesenews.it\/#website"},"datePublished":"2018-07-31T14:02:27+00:00","dateModified":"2018-07-31T14:02:27+00:00","author":{"@id":"https:\/\/staging.varesenews.it\/#\/schema\/person\/f0b866bf1a4a7b2b1558574309a927fa"},"description":"Il segretario provinciale della Lega prende posizione sulle liti che stanno mettendo a rischio il futuro di Accam: \"Urge che il CdA della societ\u00e0 raccordi e proponga ai Sindaci una soluzione per il salvataggio\"","breadcrumb":{"@id":"https:\/\/staging.varesenews.it\/2018\/07\/bianchi-accam-cda-proponga-soluzione-ai-comuni\/739861\/#breadcrumb"},"inLanguage":"it-IT","potentialAction":[{"@type":"ReadAction","target":["https:\/\/staging.varesenews.it\/2018\/07\/bianchi-accam-cda-proponga-soluzione-ai-comuni\/739861\/"]}]},{"@type":"BreadcrumbList","@id":"https:\/\/staging.varesenews.it\/2018\/07\/bianchi-accam-cda-proponga-soluzione-ai-comuni\/739861\/#breadcrumb","itemListElement":[{"@type":"ListItem","position":1,"name":"Home","item":"https:\/\/www.varesenews.it\/"},{"@type":"ListItem","position":2,"name":"Bianchi su Accam: &#8220;Il cda proponga una soluzione ai comuni&#8221;"}]},{"@type":"WebSite","@id":"https:\/\/staging.varesenews.it\/#website","url":"https:\/\/staging.varesenews.it\/","name":"VareseNews","description":"","potentialAction":[{"@type":"SearchAction","target":{"@type":"EntryPoint","urlTemplate":"https:\/\/staging.varesenews.it\/?s={search_term_string}"},"query-input":"required name=search_term_string"}],"inLanguage":"it-IT"},{"@type":"Person","@id":"https:\/\/staging.varesenews.it\/#\/schema\/person\/f0b866bf1a4a7b2b1558574309a927fa","name":"Marco Corso","image":{"@type":"ImageObject","inLanguage":"it-IT","@id":"https:\/\/staging.varesenews.it\/#\/schema\/person\/image\/","url":"https:\/\/staging.varesenews.it\/wp-content\/uploads\/2020\/12\/marco_corso_colori_500.jpg","contentUrl":"https:\/\/staging.varesenews.it\/wp-content\/uploads\/2020\/12\/marco_corso_colori_500.jpg","caption":"Marco Corso"},"description":"Classe 91, per diversi anni mi sono fregiato del titolo di pi&ugrave; giovane della redazione, ma adesso faccio il fratello maggiore alle nuove leve. Mi sono laureato nel 2013 in Scienze Sociali per la Globalizzazione alla Statale di Milano e nel 2015 mi sono diplomato in videogiornalismo alla Civica Scuola di Cinema di Milano. A VareseNews da 10 anni, ho seguito da sempre diversi progetti, partendo dalla mia Busto Arsizio per attraversare tutta la provincia. Adesso la \"sorvolo\" anche con il mio drone, regalando alle mie riprese sempre un punto di vista emozionale e narrativo sui luoghi e le vicende che racconto, ma rimanendo fedele alla cronaca. Quando non faccio il giornalista viaggio o mi arrampico sui monti, per guardare il mondo da altri punti di vista.","sameAs":["mar_corso"],"url":"https:\/\/staging.varesenews.it\/persona\/marco-corso1\/"}]}},"post_meta":{"_edit_lock":"1533049718:42","_edit_last":"42","_category_permalink":"a:1:{s:8:\"category\";s:0:\"\";}","id_leggi_anche":"739663","foto":"686727","argomento":"Politica","_yoast_wpseo_content_score":"30","_jd_tweet_this":"yes","ratings_users":"0","ratings_score":"0","ratings_average":"0","firma_come_redazione":"1","_wpt_short_url":"http:\/\/www.varesenews.it\/2018\/07\/bianchi-accam-cda-proponga-soluzione-ai-comuni\/739861\/","_wp_jd_target":"http:\/\/www.varesenews.it\/2018\/07\/bianchi-accam-cda-proponga-soluzione-ai-comuni\/739861\/","_jd_wp_twitter":"a:1:{i:0;s:158:\"Bianchi su Accam: \u201cIl cda proponga una soluzione ai comuni\u201d http:\/\/www.varesenews.it\/2018\/07\/bianchi-accam-cda-proponga-soluzione-ai-comuni\/739861\/ #accam\";}","_wpt_status_message":"Tweet inviato con successo."},"photos":[{"original":"https:\/\/staging.varesenews.it\/photogallery_new\/images\/2018\/07\/lega-forza-italia-686727.jpg","full":"https:\/\/staging.varesenews.it\/photogallery_new\/images\/2018\/07\/lega-forza-italia-686727.1024x768.jpg","large":"https:\/\/staging.varesenews.it\/photogallery_new\/images\/2018\/07\/lega-forza-italia-686727.610x431.jpg"}],"_links":{"self":[{"href":"https:\/\/staging.varesenews.it\/swgapi\/v1\/wp\/v2\/posts\/739861"}],"collection":[{"href":"https:\/\/staging.varesenews.it\/swgapi\/v1\/wp\/v2\/posts"}],"about":[{"href":"https:\/\/staging.varesenews.it\/swgapi\/v1\/wp\/v2\/types\/post"}],"author":[{"embeddable":true,"href":"https:\/\/staging.varesenews.it\/swgapi\/v1\/wp\/v2\/users\/42"}],"replies":[{"embeddable":true,"href":"https:\/\/staging.varesenews.it\/swgapi\/v1\/wp\/v2\/comments?post=739861"}],"version-history":[{"count":0,"href":"https:\/\/staging.varesenews.it\/swgapi\/v1\/wp\/v2\/posts\/739861\/revisions"}],"wp:attachment":[{"href":"https:\/\/staging.varesenews.it\/swgapi\/v1\/wp\/v2\/media?parent=739861"}],"wp:term":[{"taxonomy":"category","embeddable":true,"href":"https:\/\/staging.varesenews.it\/swgapi\/v1\/wp\/v2\/categories?post=739861"},{"taxonomy":"post_tag","embeddable":true,"href":"https:\/\/staging.varesenews.it\/swgapi\/v1\/wp\/v2\/tags?post=739861"}],"curies":[{"name":"wp","href":"https:\/\/api.w.org\/{rel}","templated":true}]}}