{"id":740560,"date":"2018-08-03T12:26:43","date_gmt":"2018-08-03T10:26:43","guid":{"rendered":"http:\/\/www.varesenews.it\/?p=740560"},"modified":"2018-08-03T18:06:34","modified_gmt":"2018-08-03T16:06:34","slug":"al-lago-montagna-fritto-misto-polenta-taragna","status":"publish","type":"post","link":"https:\/\/staging.varesenews.it\/2018\/08\/al-lago-montagna-fritto-misto-polenta-taragna\/740560\/","title":{"rendered":"Al lago o in montagna, fritto misto e polenta taragna"},"content":{"rendered":"<p><em><strong>GLI EVENTI DEL WEEKEND<\/strong><\/em><\/p>\n<p><iframe loading=\"lazy\" style=\"border: none; overflow: hidden;\" src=\"https:\/\/www.facebook.com\/plugins\/video.php?href=https%3A%2F%2Fwww.facebook.com%2Fvaresenews%2Fvideos%2F10156416029616832%2F&amp;show_text=0&amp;width=560\" width=\"560\" height=\"315\" frameborder=\"0\" scrolling=\"no\" allowfullscreen=\"allowfullscreen\"><\/iframe><\/p>\n<p><strong>Meteo &#8211;<\/strong> Sabato prosegue soleggiato e caldo afoso, massime stazionarie o in lieve rialzo. Al mattino qualche nube irregolare. Nel pomeriggio cumuli torreggianti su Alpi e Prealpi con possibili temporali di calore, raramente in pianura.\u00a0Soleggiato e molto caldo. Afoso sulla pianura padana e area metropolitana. Solo qualche banco nuvoloso irregolare nella notte e al mattino. Nel pomeriggio nuvole cumuliformi sui monti con un raro temporale di calore.<\/p>\n<p><strong>SAGRE E FESTE\u00a0<\/strong><\/p>\n<p><strong>Varese &#8211;\u00a0<\/strong>La cucina di nonna Carla vi aspetta alla Festa dello sportivo. Fino al 12 agosto in fondo via Corridoni, l\u2019area verde situata di fronte all\u2019Agricola Home &amp; Garden, il Casbeno Calcio organizza la tradizionale festa del sodalizio sportivo &#8211; <a href=\"http:\/\/www.varesenews.it\/2018\/07\/la-cucina-nonna-carla-vi-aspetta-alla-festa-dello-sportivo\/739475\/\" target=\"_blank\" rel=\"noopener\">Tutto il programma\u00a0<\/a><\/p>\n<p><strong>Bizzozzero &#8211;<\/strong> Continua anche questo fine settimana la festa a Bizzozzero (dietro al supermercato) &#8211;<a href=\"http:\/\/www.varesenews.it\/2018\/07\/la-festa-bizzozero-apre-la-donazione-nuova-ambulanza\/739044\/\" target=\"_blank\" rel=\"noopener\"> Tutto il programma<\/a><\/p>\n<p><strong>Comerio &#8211;<\/strong> Domenica al pian Cald\u00e8 grande cotechinata alpina.<\/p>\n<p><strong>Cuvio &#8211; <\/strong>Tre giorni di festa che si terranno al Parco Comunale da venerd\u00ec 3 a domenica 5 agosto, dove sar\u00e0 possibile divertirsi con la musica e degustare i prelibati men\u00f9 che la cucina della Pro Cuvio ha preparato. Ogni serata sar\u00e0 animata da orchestra con musica dal vivo e sabato 4 il culmine della manifestazione con l\u2019eccezionale spettacolo pirotecnico: un\u2019entusiasmante susseguirsi di luci, colori e botti che illumineranno l\u2019intera vallata &#8211; <a href=\"http:\/\/www.varesenews.it\/2018\/07\/biergarten-fuochi-dartificio-arriva-tris-destate\/739842\/\" target=\"_blank\" rel=\"noopener\">Tutto il programma\u00a0<\/a><\/p>\n<p><strong>Cunardo &#8211;<\/strong>\u00a0Da venerd\u00ec 3 a domenica 5 agosto apre la Sagra della patata di Cunardo.\u00a0Ogni giorno alla Baita del fondista (via per Bedero) si cena a partire dalle 19, mentre domenica le cucine saranno aperte anche a pranzo. Tutti i giorni si terranno la tombola e le estrazioni dei \u201ctavoli fortunati\u201d &#8211;<a href=\"http:\/\/www.varesenews.it\/2018\/07\/venerdi-al-via-la-sagra-della-patata\/739590\/\" target=\"_blank\" rel=\"noopener\"> Tutto il programma\u00a0<\/a><\/p>\n<p><strong>Cald\u00e8 di Castelveccana<\/strong> &#8211; Nel fine settimana c&#8217;\u00e8 la Sagra del Pesce, arrivata alla sua 45esima edizione e organizzata dalla Pro Loco. Venerd\u00ec sera, sabato e domenica anche a pranzo &#8211; <a href=\"https:\/\/www.facebook.com\/events\/159208411449621\/?notif_t=plan_reminder&amp;notif_id=1533287049506679\" target=\"_blank\" rel=\"noopener\">Tutte le informazioni\u00a0<\/a><\/p>\n<p><strong>Leggiuno &#8211;<\/strong> Sabato sera e domenica a mezzogiorno stand gastronomico alla canottieri di Arolo<\/p>\n<p><strong>Monate &#8211;<\/strong> Torna la per la 55esima edizione la Festa di Monate.\u00a0Si parte venerdi 3 agosto con l\u2019apericena al lago, buona birra, salamelle e patatine in compagnia della band dei RUMORE! Sabato 4 agosto, Live Music Night in compagnia dei FUN-KONNECTION, stand gastronomico con le specialit\u00e0 del lago e piatti della cucina lombarda. Domenica 5 agosto stand gastronomico con le specialit\u00e0 del lago e piatti della cucina lombarda. Special Guest MATA NERA! Luned\u00ec 6 agosto, spettacolo pirotecnico sull\u2019acqua. &#8211; <a href=\"http:\/\/www.varesenews.it\/evento\/55-festa-monate\/\" target=\"_blank\" rel=\"noopener\">Tutto il programma\u00a0<\/a><\/p>\n<p><strong>Luino &#8211;\u00a0<\/strong>Appuntamento a Luino dal 3 al 5 agosto per Urban &amp; Lake Street Food Festival presso il parcheggio del Porto Nuovo. La kermesse ha inizio venerd\u00ec dalle 18:00 alle 24:00 per poi proseguire sabato e domenica dalle 11:00 del mattino con chiusura sabato alle 24:00 e domenica alle 23:00. Ancora una volta Luino offre un\u2019occasione imperdibile per gustare le prelibatezze italiane che ci contraddistinguono nel mondo. Ci sar\u00e0 anche la silent disco &#8211; <a href=\"http:\/\/www.varesenews.it\/2018\/08\/un-weekend-street-food\/740288\/\" target=\"_blank\" rel=\"noopener\">Tutto il programma\u00a0<\/a><\/p>\n<p><strong>Curiglia &#8211;<\/strong> Ricordiamo a tutti gli appassionati della montagna che domenica 7\u00a0 si svolger\u00e0 nello splendido anfiteatro dell&#8217;alpeggio in localit\u00e0 Alpone di Curiglia a quota 1200m la tradizionale Festa della Montagna organizzata dagli &#8220;Amici dell&#8217;Alpone&#8221;.<\/p>\n<p><strong>Laveno Mombello &#8211;<\/strong> Apre questo fine settimana, sabato 4 agosto, il Luna Park in localit\u00e0 Gaggetto.<\/p>\n<p><strong>Castiglione Olona &#8211;\u00a0<\/strong>Torna nel fine settimana alla frazione Biciccera di Castiglione Olona la tradizionale festa in occasione di Santa Maria degli Angeli. La festa inizia sabato 4 agosto con l\u2019apertura dello stand gastronomico e della pesca di beneficenza alle 19. Si continua domenica per tutto il giorno &#8211; <a href=\"http:\/\/www.varesenews.it\/2018\/07\/giochi-pesca-santa-maria-degli-angeli\/739441\/\" target=\"_blank\" rel=\"noopener\">Tutto il programma\u00a0<\/a><\/p>\n<p><strong>Jerago con Orago<\/strong> &#8211; Continua fino al 26 agosto la manifestazione Jerago Beach.\u00a0Gli Amici di Paese vi aspettano tutte le sere, a partire dalle ore 19 (tranne il luned\u00ec) con tante proposte, serate a tema, musica ma soprattutto tanto tanto divertimento &#8211; <a href=\"http:\/\/www.varesenews.it\/evento\/jerago-beach-2018\/\" target=\"_blank\" rel=\"noopener\">Tutto il programma<\/a><\/p>\n<p><strong>Somma Lombardo &#8211;<\/strong> Sabato e domenica appuntamento per grandi e piccini alla Diga del Panperduto. Sabato e domenica c&#8217;\u00e8 &#8220;Il Giardino dei giochi d&#8217;acqua&#8221;\u00a0uno spazio gioco per comprendere e sperimentare il movimento e la potenza dell\u2019acqua. Domenica anche una visita guidata a piedi alle dighe &#8211; <a href=\"https:\/\/www.facebook.com\/events\/359625517899996\/\" target=\"_blank\" rel=\"noopener\">Tutto il programma\u00a0<\/a><\/p>\n<div class=\"photo-inside-post\"><img decoding=\"async\" loading=\"lazy\" fetchpriority=\"low\" width=\"610\" height=\"431\" src=\"https:\/\/staging.varesenews.it\/photogallery_new\/images\/2017\/06\/un-tuffo-dove-l-acqua-pi-blu-614951.610x431.jpg\" alt=\"Un tuffo dove l'acqua \u00e8 pi\u00f9 blu...\"><\/div>\n<p><strong>INCONTRI ED ESCURSIONI<\/strong><\/p>\n<p><strong>Varese &#8211;<\/strong> Venerd\u00ec sera \u00e8\u00a0Shopping by night,\u00a0dalle ore 21.00 alle 24.00, iniziativa a cura di: Confcommercio Ascom Varese e Confesercenti Lombardia.<\/p>\n<p><strong>Varese &#8211;<\/strong> Appuntamento all&#8217;Ippodromo Le Bettole per sabato 4 con la corsa pi\u00f9 antica e importante delle Bettole compie 140 anni e festeggia il ritorno al rango di &#8220;Listed&#8221;. Gare dalle 19,50, c&#8217;\u00e8 anche il &#8220;La Novella&#8221; &#8211; <a href=\"http:\/\/www.varesenews.it\/2018\/08\/storia-futuro-si-fondono-nel-criterium-varesino\/740549\/\" target=\"_blank\" rel=\"noopener\">Tutto il programma\u00a0<\/a><\/p>\n<p><strong>Varese &#8211;<\/strong>\u00a0Continua anche ad agosto il progetto dei \u201claboratori viaggianti\u201d nei rioni di Varese: domenica si va a Biumo Inferiore. Appuntamento in piazzale Trento, davanti alla stazione Nord, per 2 ore di passeggiata alla scoperta di Biumo Inferiore, alle 17 &#8211; <a href=\"http:\/\/www.varesenews.it\/2018\/08\/scoprono-biumo-inferiore-rasa-laboratori-viaggianti-dagosto\/740406\/\" target=\"_blank\" rel=\"noopener\">Tutto il programma\u00a0<\/a><\/p>\n<p><strong>MUSICA<\/strong><\/p>\n<p><strong>Varese &#8211;<\/strong> Domenica sera al Tennis bar nel parco di Villa Toeplitz in via Vico esibizione del Marco Punzi Trio dalle 19.30 primo set con l\u2019aperitivo e poi secondo concerto dalle 21.30 dopo cena. Ingresso libero.<\/p>\n<p><strong>Monvalle &#8211;\u00a0<\/strong>Il tour estivo di Ruggero de I Timidi passa per Monvalle. Il celebre cantante si esibir\u00e0 sul palco per un appuntamento dal titolo \u201cTitillami il Lago\u201d, il 3 agosto alle 22,00 al Circolo cooperativo di Monvalle.\u00a0Lo spettacolo \u00e8 organizzato<a href=\"http:\/\/www.prolocomonvalle.org\/\" target=\"_blank\" rel=\"noopener\">\u00a0dalla Proloco di Monvalle<\/a>\u00a0che festeggia il suo 85\u00b0 compleanno &#8211; <a href=\"http:\/\/www.varesenews.it\/2018\/07\/titillami-lago-ruggero-de-timidi-arriva-monvalle\/739760\/\" target=\"_blank\" rel=\"noopener\">Tutto il programma\u00a0<\/a><\/p>\n<p><strong>Porto Valtravaglia &#8211;\u00a0<\/strong>Una serata free entry a tema Rap\/Trap con Broke, One-Nil, Jeik, M.I.D., Skiro e AcA in console. Appuntamento al Kiosk di Punta Molino.<\/p>\n<p><strong>Gorla Maggiore &#8211;<\/strong>\u00a0Venerd\u00ec 3 agosto, alle ore 21.15, a Parco di Villa Durini a Gorla Minore (Via Roma \u2013 Ingresso 8 euro, studenti e soci ARCI 5 euro), JAZZaltro, con la collaborazione dell\u2019Amministrazione di Gorla Minore, ospita un grande evento di jazz internazionale con Trabucco Bros Quintet. &#8211; <a href=\"http:\/\/www.varesenews.it\/2018\/08\/trabucco-bros-quintet-appuntamento-jazz-villa-durini\/740330\/\" target=\"_blank\" rel=\"noopener\">Tutto il programma\u00a0<\/a><\/p>\n<p><strong>Luino &#8211;<\/strong>\u00a0Jazz in Maggiore continua con il tributo a Enzo Jannacci. In scena Francesca Galante, voce Enrico Salvato, pianoforte Ciro Radice, fisarmonica, appuntamento venerd\u00ec 3 agosto &#8211; <a href=\"http:\/\/www.varesenews.it\/2018\/08\/jazz-maggiore-tributo-enzo-jannacci\/740394\/\" target=\"_blank\" rel=\"noopener\">Tutto il programma\u00a0<\/a><\/p>\n<p><strong>CINEMA<\/strong><\/p>\n<p><strong>Varese &#8211;<\/strong> Sabato 4 agosto continua la\u00a0Rassegna cinematografica di Esterno Notte con &#8220;Molly\u2019s game&#8221; di Aaron Sorkin, con Jessica Chastain, Idris Elba, Kevin Costner. Domenica proiezione di\u00a0Hostiles &#8211; Ostili di Scott Cooper, con Christian Bale, Rosamund Pike, Wes Studi alla\u00a0Tensostruttura dei Giardini Estensi &#8211; Via Sacco, 5, ore 21.15.\u00a0 www.filmstudio90.it<\/p>\n","protected":false},"excerpt":{"rendered":"<p>Fine settimana con temperature alte e caldo afoso e le sagre sono in tutta la provincia. Ecco gli appuntamenti del fine settimana <\/p>\n","protected":false},"author":32,"featured_media":0,"comment_status":"open","ping_status":"open","sticky":false,"template":"","format":"standard","meta":{"footnotes":""},"categories":[4,3,5,21,2],"tags":[66851,158],"acf":[],"yoast_head":"<!-- This site is optimized with the Yoast SEO plugin v20.1 - https:\/\/yoast.com\/wordpress\/plugins\/seo\/ -->\n<title>Al lago o in montagna, fritto misto e polenta taragna<\/title>\n<meta name=\"description\" content=\"Fine settimana con temperature alte e caldo afoso e le sagre sono in tutta la provincia. Ecco gli appuntamenti del fine settimana\" \/>\n<meta name=\"robots\" content=\"noindex, follow, max-snippet:-1, max-image-preview:large, max-video-preview:-1\" \/>\n<meta property=\"og:locale\" content=\"it_IT\" \/>\n<meta property=\"og:type\" content=\"article\" \/>\n<meta property=\"og:title\" content=\"Al lago o in montagna, fritto misto e polenta taragna\" \/>\n<meta property=\"og:description\" content=\"Fine settimana con temperature alte e caldo afoso e le sagre sono in tutta la provincia. Ecco gli appuntamenti del fine settimana\" \/>\n<meta property=\"og:url\" content=\"https:\/\/staging.varesenews.it\/2018\/08\/al-lago-montagna-fritto-misto-polenta-taragna\/740560\/\" \/>\n<meta property=\"og:site_name\" content=\"VareseNews\" \/>\n<meta property=\"article:publisher\" content=\"https:\/\/www.facebook.com\/varesenews\" \/>\n<meta property=\"article:published_time\" content=\"2018-08-03T10:26:43+00:00\" \/>\n<meta property=\"article:modified_time\" content=\"2018-08-03T16:06:34+00:00\" \/>\n<meta name=\"author\" content=\"Adelia Brigo\" \/>\n<meta name=\"twitter:card\" content=\"summary_large_image\" \/>\n<meta name=\"twitter:creator\" content=\"@AdeliaBrigo\" \/>\n<meta name=\"twitter:site\" content=\"@varesenews\" \/>\n<meta name=\"twitter:label1\" content=\"Scritto da\" \/>\n\t<meta name=\"twitter:data1\" content=\"Adelia Brigo\" \/>\n\t<meta name=\"twitter:label2\" content=\"Tempo di lettura stimato\" \/>\n\t<meta name=\"twitter:data2\" content=\"5 minuti\" \/>\n<script type=\"application\/ld+json\" class=\"yoast-schema-graph\">{\"@context\":\"https:\/\/schema.org\",\"@graph\":[{\"@type\":\"WebPage\",\"@id\":\"https:\/\/staging.varesenews.it\/2018\/08\/al-lago-montagna-fritto-misto-polenta-taragna\/740560\/\",\"url\":\"https:\/\/staging.varesenews.it\/2018\/08\/al-lago-montagna-fritto-misto-polenta-taragna\/740560\/\",\"name\":\"Al lago o in montagna, fritto misto e polenta taragna\",\"isPartOf\":{\"@id\":\"https:\/\/staging.varesenews.it\/#website\"},\"datePublished\":\"2018-08-03T10:26:43+00:00\",\"dateModified\":\"2018-08-03T16:06:34+00:00\",\"author\":{\"@id\":\"https:\/\/staging.varesenews.it\/#\/schema\/person\/272ac0f5b2dbfd572218c2d86e013f1a\"},\"description\":\"Fine settimana con temperature alte e caldo afoso e le sagre sono in tutta la provincia. Ecco gli appuntamenti del fine settimana\",\"breadcrumb\":{\"@id\":\"https:\/\/staging.varesenews.it\/2018\/08\/al-lago-montagna-fritto-misto-polenta-taragna\/740560\/#breadcrumb\"},\"inLanguage\":\"it-IT\",\"potentialAction\":[{\"@type\":\"ReadAction\",\"target\":[\"https:\/\/staging.varesenews.it\/2018\/08\/al-lago-montagna-fritto-misto-polenta-taragna\/740560\/\"]}]},{\"@type\":\"BreadcrumbList\",\"@id\":\"https:\/\/staging.varesenews.it\/2018\/08\/al-lago-montagna-fritto-misto-polenta-taragna\/740560\/#breadcrumb\",\"itemListElement\":[{\"@type\":\"ListItem\",\"position\":1,\"name\":\"Home\",\"item\":\"https:\/\/www.varesenews.it\/\"},{\"@type\":\"ListItem\",\"position\":2,\"name\":\"Al lago o in montagna, fritto misto e polenta taragna\"}]},{\"@type\":\"WebSite\",\"@id\":\"https:\/\/staging.varesenews.it\/#website\",\"url\":\"https:\/\/staging.varesenews.it\/\",\"name\":\"VareseNews\",\"description\":\"\",\"potentialAction\":[{\"@type\":\"SearchAction\",\"target\":{\"@type\":\"EntryPoint\",\"urlTemplate\":\"https:\/\/staging.varesenews.it\/?s={search_term_string}\"},\"query-input\":\"required name=search_term_string\"}],\"inLanguage\":\"it-IT\"},{\"@type\":\"Person\",\"@id\":\"https:\/\/staging.varesenews.it\/#\/schema\/person\/272ac0f5b2dbfd572218c2d86e013f1a\",\"name\":\"Adelia Brigo\",\"image\":{\"@type\":\"ImageObject\",\"inLanguage\":\"it-IT\",\"@id\":\"https:\/\/staging.varesenews.it\/#\/schema\/person\/image\/\",\"url\":\"https:\/\/staging.varesenews.it\/wp-content\/uploads\/2020\/12\/adelia_brigo_colori_500.jpg\",\"contentUrl\":\"https:\/\/staging.varesenews.it\/wp-content\/uploads\/2020\/12\/adelia_brigo_colori_500.jpg\",\"caption\":\"Adelia Brigo\"},\"description\":\"Giornalista pubblicista, lavoro a VareseNews dal 2007 e mi occupo di cronaca locale e del settore dedicato alla cultura. In questi anni ho seguito diversi progetti di comunicazione, amo sperimentare strategie per i Social Network e raccontare storie. Varesina, classe 1984, sono laureata in Scienze della Comunicazione.&nbsp;\",\"sameAs\":[\"AdeliaBrigo\",\"https:\/\/twitter.com\/AdeliaBrigo\"],\"url\":\"https:\/\/staging.varesenews.it\/persona\/adelia_brigo\/\"}]}<\/script>\n<!-- \/ Yoast SEO plugin. -->","yoast_head_json":{"title":"Al lago o in montagna, fritto misto e polenta taragna","description":"Fine settimana con temperature alte e caldo afoso e le sagre sono in tutta la provincia. Ecco gli appuntamenti del fine settimana","robots":{"index":"noindex","follow":"follow","max-snippet":"max-snippet:-1","max-image-preview":"max-image-preview:large","max-video-preview":"max-video-preview:-1"},"og_locale":"it_IT","og_type":"article","og_title":"Al lago o in montagna, fritto misto e polenta taragna","og_description":"Fine settimana con temperature alte e caldo afoso e le sagre sono in tutta la provincia. Ecco gli appuntamenti del fine settimana","og_url":"https:\/\/staging.varesenews.it\/2018\/08\/al-lago-montagna-fritto-misto-polenta-taragna\/740560\/","og_site_name":"VareseNews","article_publisher":"https:\/\/www.facebook.com\/varesenews","article_published_time":"2018-08-03T10:26:43+00:00","article_modified_time":"2018-08-03T16:06:34+00:00","author":"Adelia Brigo","twitter_card":"summary_large_image","twitter_creator":"@AdeliaBrigo","twitter_site":"@varesenews","twitter_misc":{"Scritto da":"Adelia Brigo","Tempo di lettura stimato":"5 minuti"},"schema":{"@context":"https:\/\/schema.org","@graph":[{"@type":"WebPage","@id":"https:\/\/staging.varesenews.it\/2018\/08\/al-lago-montagna-fritto-misto-polenta-taragna\/740560\/","url":"https:\/\/staging.varesenews.it\/2018\/08\/al-lago-montagna-fritto-misto-polenta-taragna\/740560\/","name":"Al lago o in montagna, fritto misto e polenta taragna","isPartOf":{"@id":"https:\/\/staging.varesenews.it\/#website"},"datePublished":"2018-08-03T10:26:43+00:00","dateModified":"2018-08-03T16:06:34+00:00","author":{"@id":"https:\/\/staging.varesenews.it\/#\/schema\/person\/272ac0f5b2dbfd572218c2d86e013f1a"},"description":"Fine settimana con temperature alte e caldo afoso e le sagre sono in tutta la provincia. Ecco gli appuntamenti del fine settimana","breadcrumb":{"@id":"https:\/\/staging.varesenews.it\/2018\/08\/al-lago-montagna-fritto-misto-polenta-taragna\/740560\/#breadcrumb"},"inLanguage":"it-IT","potentialAction":[{"@type":"ReadAction","target":["https:\/\/staging.varesenews.it\/2018\/08\/al-lago-montagna-fritto-misto-polenta-taragna\/740560\/"]}]},{"@type":"BreadcrumbList","@id":"https:\/\/staging.varesenews.it\/2018\/08\/al-lago-montagna-fritto-misto-polenta-taragna\/740560\/#breadcrumb","itemListElement":[{"@type":"ListItem","position":1,"name":"Home","item":"https:\/\/www.varesenews.it\/"},{"@type":"ListItem","position":2,"name":"Al lago o in montagna, fritto misto e polenta taragna"}]},{"@type":"WebSite","@id":"https:\/\/staging.varesenews.it\/#website","url":"https:\/\/staging.varesenews.it\/","name":"VareseNews","description":"","potentialAction":[{"@type":"SearchAction","target":{"@type":"EntryPoint","urlTemplate":"https:\/\/staging.varesenews.it\/?s={search_term_string}"},"query-input":"required name=search_term_string"}],"inLanguage":"it-IT"},{"@type":"Person","@id":"https:\/\/staging.varesenews.it\/#\/schema\/person\/272ac0f5b2dbfd572218c2d86e013f1a","name":"Adelia Brigo","image":{"@type":"ImageObject","inLanguage":"it-IT","@id":"https:\/\/staging.varesenews.it\/#\/schema\/person\/image\/","url":"https:\/\/staging.varesenews.it\/wp-content\/uploads\/2020\/12\/adelia_brigo_colori_500.jpg","contentUrl":"https:\/\/staging.varesenews.it\/wp-content\/uploads\/2020\/12\/adelia_brigo_colori_500.jpg","caption":"Adelia Brigo"},"description":"Giornalista pubblicista, lavoro a VareseNews dal 2007 e mi occupo di cronaca locale e del settore dedicato alla cultura. In questi anni ho seguito diversi progetti di comunicazione, amo sperimentare strategie per i Social Network e raccontare storie. Varesina, classe 1984, sono laureata in Scienze della Comunicazione.&nbsp;","sameAs":["AdeliaBrigo","https:\/\/twitter.com\/AdeliaBrigo"],"url":"https:\/\/staging.varesenews.it\/persona\/adelia_brigo\/"}]}},"post_meta":{"_edit_lock":"1533312265:39","_edit_last":"39","_category_permalink":"a:1:{s:8:\"category\";s:2:\"21\";}","ratings_users":"0","ratings_score":"0","ratings_average":"0","foto":"688619","argomento":"Cosa fare nel weekend","_yoast_wpseo_content_score":"30","_jd_tweet_this":"yes","_wpt_short_url":"http:\/\/www.varesenews.it\/2018\/08\/al-lago-montagna-fritto-misto-polenta-taragna\/740560\/","_wp_jd_target":"http:\/\/www.varesenews.it\/2018\/08\/al-lago-montagna-fritto-misto-polenta-taragna\/740560\/","_jd_wp_twitter":"a:1:{i:0;s:149:\"Al lago o in montagna, fritto misto e polenta taragna http:\/\/www.varesenews.it\/2018\/08\/al-lago-montagna-fritto-misto-polenta-taragna\/740560\/ #weekend\";}","_wpt_status_message":"Tweet inviato con successo."},"photos":[{"original":"https:\/\/staging.varesenews.it\/photogallery_new\/images\/2018\/08\/macchina-rigata-688619.jpg","full":"https:\/\/staging.varesenews.it\/photogallery_new\/images\/2018\/08\/macchina-rigata-688619.1024x768.jpg","large":"https:\/\/staging.varesenews.it\/photogallery_new\/images\/2018\/08\/macchina-rigata-688619.610x431.jpg"}],"_links":{"self":[{"href":"https:\/\/staging.varesenews.it\/swgapi\/v1\/wp\/v2\/posts\/740560"}],"collection":[{"href":"https:\/\/staging.varesenews.it\/swgapi\/v1\/wp\/v2\/posts"}],"about":[{"href":"https:\/\/staging.varesenews.it\/swgapi\/v1\/wp\/v2\/types\/post"}],"author":[{"embeddable":true,"href":"https:\/\/staging.varesenews.it\/swgapi\/v1\/wp\/v2\/users\/32"}],"replies":[{"embeddable":true,"href":"https:\/\/staging.varesenews.it\/swgapi\/v1\/wp\/v2\/comments?post=740560"}],"version-history":[{"count":0,"href":"https:\/\/staging.varesenews.it\/swgapi\/v1\/wp\/v2\/posts\/740560\/revisions"}],"wp:attachment":[{"href":"https:\/\/staging.varesenews.it\/swgapi\/v1\/wp\/v2\/media?parent=740560"}],"wp:term":[{"taxonomy":"category","embeddable":true,"href":"https:\/\/staging.varesenews.it\/swgapi\/v1\/wp\/v2\/categories?post=740560"},{"taxonomy":"post_tag","embeddable":true,"href":"https:\/\/staging.varesenews.it\/swgapi\/v1\/wp\/v2\/tags?post=740560"}],"curies":[{"name":"wp","href":"https:\/\/api.w.org\/{rel}","templated":true}]}}