{"id":74147,"date":"2012-11-23T00:00:00","date_gmt":"2012-11-23T00:00:00","guid":{"rendered":""},"modified":"2012-11-23T00:00:00","modified_gmt":"2012-11-23T00:00:00","slug":"un-secolo-nelle-immagini-della-pubblicita-un-libro-e-una-mostra-degli-industraili","status":"publish","type":"post","link":"https:\/\/staging.varesenews.it\/2012\/11\/un-secolo-nelle-immagini-della-pubblicita-un-libro-e-una-mostra-degli-industraili\/74147\/","title":{"rendered":"Un secolo nelle immagini della pubblicit\u00e0, un libro e una mostra degli industraili"},"content":{"rendered":"<p>&quot;<strong>Varese in the World<\/strong>&quot; arriva a Ville Ponti. La presentazione del testo &egrave; in programma per luned&igrave; 26 novembre alle ore 17.00 &nbsp;nela&nbsp;Villa Napoleonica del centro congressi (piazza Litta, 2).&nbsp;Il libro &egrave; stato pubblicato a cura dell&#8217;Unione degli Industriali della Provincia di Varese.<br \/>\nIl programma dell&#8217;incontro:<br \/>\n&#8211; Saluto: <strong>Giovanni Brugnoli<\/strong>, Presidente Unione degli Industriali della Provincia di Varese <br \/>\n&#8211; <strong>Gianfranco Fabi intervista Philippe Daverio<\/strong>, autore dell&#8217;introduzione del libro<br \/>\n&#8211; Aperitivo. <\/p>\n<p>Nel volume sono raccolte immagini di manifesti d&#8217;epoca, etichette, cartoline, cataloghi e altri supporti visivi utilizzati come<strong> strumenti pubblicitari <\/strong>dalle imprese del territorio. <br \/>\nIl risultato &egrave; un <strong>grande affresco che attraversa le diverse epoche artistiche <\/strong>succedutesi lungo il Novecento, dall&#8217;affacciarsi dell&#8217;Art Nuoveau alla fine dell&#8217;Ottocento fino alla conclusione del cosiddetto boom economico, cio&egrave; fino alla fine degli anni &#8217;60 del secolo scorso. <br \/>\nCon introduzione di Philippe Daverio, contiene circa 600 immagini a colori, nonch&eacute; due saggi scritti da Pietro Macchione, storico dell&#8217;impresa e da Donatella Ferrari, storico del design. <br \/>\nUna <strong>selezione delle pi&ugrave; belle immagini del volume<\/strong> dar&agrave; vita successivamente ad una mostra itinerante che, tra la fine di novembre 2012 e i primi di febbraio 2013 toccher&agrave; le quattro pi&ugrave; importanti citt&agrave; della provincia: <strong>Varese, Busto Arsizio, Gallarate, Saronno<\/strong>.   <\/p>\n","protected":false},"excerpt":{"rendered":"<p>&#8220;Varese in the World&#8221; verr\u00e0 presentato  luned\u00ec 26 novembre alle ore 17.00 a Ville Ponti. Presente anche  Philippe Daverio. Poi diventer\u00e0 una mostra itinerante<\/p>\n","protected":false},"author":10,"featured_media":0,"comment_status":"open","ping_status":"open","sticky":false,"template":"","format":"standard","meta":{"footnotes":""},"categories":[15,2,52],"tags":[588,19216,182],"acf":[],"yoast_head":"<!-- This site is optimized with the Yoast SEO plugin v20.1 - https:\/\/yoast.com\/wordpress\/plugins\/seo\/ -->\n<title>Un secolo nelle immagini della pubblicit\u00e0, un libro e una mostra degli industraili<\/title>\n<meta name=\"description\" content=\"&quot;Varese in the World&quot; verr\u00e0 presentato luned\u00ec 26 novembre alle ore 17.00 a Ville Ponti. Presente anche Philippe Daverio. Poi diventer\u00e0 una mostra itinerante\" \/>\n<meta name=\"robots\" content=\"noindex, follow, max-snippet:-1, max-image-preview:large, max-video-preview:-1\" \/>\n<meta property=\"og:locale\" content=\"it_IT\" \/>\n<meta property=\"og:type\" content=\"article\" \/>\n<meta property=\"og:title\" content=\"Un secolo nelle immagini della pubblicit\u00e0, un libro e una mostra degli industraili\" \/>\n<meta property=\"og:description\" content=\"&quot;Varese in the World&quot; verr\u00e0 presentato luned\u00ec 26 novembre alle ore 17.00 a Ville Ponti. Presente anche Philippe Daverio. Poi diventer\u00e0 una mostra itinerante\" \/>\n<meta property=\"og:url\" content=\"https:\/\/staging.varesenews.it\/2012\/11\/un-secolo-nelle-immagini-della-pubblicita-un-libro-e-una-mostra-degli-industraili\/74147\/\" \/>\n<meta property=\"og:site_name\" content=\"VareseNews\" \/>\n<meta property=\"article:publisher\" content=\"https:\/\/www.facebook.com\/varesenews\" \/>\n<meta property=\"article:published_time\" content=\"2012-11-23T00:00:00+00:00\" \/>\n<meta name=\"author\" content=\"Redazione VareseNews\" \/>\n<meta name=\"twitter:card\" content=\"summary_large_image\" \/>\n<meta name=\"twitter:creator\" content=\"@varesenews\" \/>\n<meta name=\"twitter:site\" content=\"@varesenews\" \/>\n<meta name=\"twitter:label1\" content=\"Scritto da\" \/>\n\t<meta name=\"twitter:data1\" content=\"Redazione VareseNews\" \/>\n\t<meta name=\"twitter:label2\" content=\"Tempo di lettura stimato\" \/>\n\t<meta name=\"twitter:data2\" content=\"1 minuto\" \/>\n<script type=\"application\/ld+json\" class=\"yoast-schema-graph\">{\"@context\":\"https:\/\/schema.org\",\"@graph\":[{\"@type\":\"WebPage\",\"@id\":\"https:\/\/staging.varesenews.it\/2012\/11\/un-secolo-nelle-immagini-della-pubblicita-un-libro-e-una-mostra-degli-industraili\/74147\/\",\"url\":\"https:\/\/staging.varesenews.it\/2012\/11\/un-secolo-nelle-immagini-della-pubblicita-un-libro-e-una-mostra-degli-industraili\/74147\/\",\"name\":\"Un secolo nelle immagini della pubblicit\u00e0, un libro e una mostra degli industraili\",\"isPartOf\":{\"@id\":\"https:\/\/staging.varesenews.it\/#website\"},\"datePublished\":\"2012-11-23T00:00:00+00:00\",\"dateModified\":\"2012-11-23T00:00:00+00:00\",\"author\":{\"@id\":\"https:\/\/staging.varesenews.it\/#\/schema\/person\/fb20c4da0b7b16c291707a20db73e169\"},\"description\":\"\\\"Varese in the World\\\" verr\u00e0 presentato luned\u00ec 26 novembre alle ore 17.00 a Ville Ponti. Presente anche Philippe Daverio. Poi diventer\u00e0 una mostra itinerante\",\"breadcrumb\":{\"@id\":\"https:\/\/staging.varesenews.it\/2012\/11\/un-secolo-nelle-immagini-della-pubblicita-un-libro-e-una-mostra-degli-industraili\/74147\/#breadcrumb\"},\"inLanguage\":\"it-IT\",\"potentialAction\":[{\"@type\":\"ReadAction\",\"target\":[\"https:\/\/staging.varesenews.it\/2012\/11\/un-secolo-nelle-immagini-della-pubblicita-un-libro-e-una-mostra-degli-industraili\/74147\/\"]}]},{\"@type\":\"BreadcrumbList\",\"@id\":\"https:\/\/staging.varesenews.it\/2012\/11\/un-secolo-nelle-immagini-della-pubblicita-un-libro-e-una-mostra-degli-industraili\/74147\/#breadcrumb\",\"itemListElement\":[{\"@type\":\"ListItem\",\"position\":1,\"name\":\"Home\",\"item\":\"https:\/\/www.varesenews.it\/\"},{\"@type\":\"ListItem\",\"position\":2,\"name\":\"Un secolo nelle immagini della pubblicit\u00e0, un libro e una mostra degli industraili\"}]},{\"@type\":\"WebSite\",\"@id\":\"https:\/\/staging.varesenews.it\/#website\",\"url\":\"https:\/\/staging.varesenews.it\/\",\"name\":\"VareseNews\",\"description\":\"\",\"potentialAction\":[{\"@type\":\"SearchAction\",\"target\":{\"@type\":\"EntryPoint\",\"urlTemplate\":\"https:\/\/staging.varesenews.it\/?s={search_term_string}\"},\"query-input\":\"required name=search_term_string\"}],\"inLanguage\":\"it-IT\"},{\"@type\":\"Person\",\"@id\":\"https:\/\/staging.varesenews.it\/#\/schema\/person\/fb20c4da0b7b16c291707a20db73e169\",\"name\":\"Redazione VareseNews\",\"image\":{\"@type\":\"ImageObject\",\"inLanguage\":\"it-IT\",\"@id\":\"https:\/\/staging.varesenews.it\/#\/schema\/person\/image\/\",\"url\":\"https:\/\/staging.varesenews.it\/wp-content\/uploads\/2020\/12\/logo_VN_colori_500.png\",\"contentUrl\":\"https:\/\/staging.varesenews.it\/wp-content\/uploads\/2020\/12\/logo_VN_colori_500.png\",\"caption\":\"Redazione VareseNews\"},\"url\":\"https:\/\/staging.varesenews.it\/persona\/redazione1\/\"}]}<\/script>\n<!-- \/ Yoast SEO plugin. -->","yoast_head_json":{"title":"Un secolo nelle immagini della pubblicit\u00e0, un libro e una mostra degli industraili","description":"\"Varese in the World\" verr\u00e0 presentato luned\u00ec 26 novembre alle ore 17.00 a Ville Ponti. Presente anche Philippe Daverio. Poi diventer\u00e0 una mostra itinerante","robots":{"index":"noindex","follow":"follow","max-snippet":"max-snippet:-1","max-image-preview":"max-image-preview:large","max-video-preview":"max-video-preview:-1"},"og_locale":"it_IT","og_type":"article","og_title":"Un secolo nelle immagini della pubblicit\u00e0, un libro e una mostra degli industraili","og_description":"\"Varese in the World\" verr\u00e0 presentato luned\u00ec 26 novembre alle ore 17.00 a Ville Ponti. Presente anche Philippe Daverio. Poi diventer\u00e0 una mostra itinerante","og_url":"https:\/\/staging.varesenews.it\/2012\/11\/un-secolo-nelle-immagini-della-pubblicita-un-libro-e-una-mostra-degli-industraili\/74147\/","og_site_name":"VareseNews","article_publisher":"https:\/\/www.facebook.com\/varesenews","article_published_time":"2012-11-23T00:00:00+00:00","author":"Redazione VareseNews","twitter_card":"summary_large_image","twitter_creator":"@varesenews","twitter_site":"@varesenews","twitter_misc":{"Scritto da":"Redazione VareseNews","Tempo di lettura stimato":"1 minuto"},"schema":{"@context":"https:\/\/schema.org","@graph":[{"@type":"WebPage","@id":"https:\/\/staging.varesenews.it\/2012\/11\/un-secolo-nelle-immagini-della-pubblicita-un-libro-e-una-mostra-degli-industraili\/74147\/","url":"https:\/\/staging.varesenews.it\/2012\/11\/un-secolo-nelle-immagini-della-pubblicita-un-libro-e-una-mostra-degli-industraili\/74147\/","name":"Un secolo nelle immagini della pubblicit\u00e0, un libro e una mostra degli industraili","isPartOf":{"@id":"https:\/\/staging.varesenews.it\/#website"},"datePublished":"2012-11-23T00:00:00+00:00","dateModified":"2012-11-23T00:00:00+00:00","author":{"@id":"https:\/\/staging.varesenews.it\/#\/schema\/person\/fb20c4da0b7b16c291707a20db73e169"},"description":"\"Varese in the World\" verr\u00e0 presentato luned\u00ec 26 novembre alle ore 17.00 a Ville Ponti. Presente anche Philippe Daverio. Poi diventer\u00e0 una mostra itinerante","breadcrumb":{"@id":"https:\/\/staging.varesenews.it\/2012\/11\/un-secolo-nelle-immagini-della-pubblicita-un-libro-e-una-mostra-degli-industraili\/74147\/#breadcrumb"},"inLanguage":"it-IT","potentialAction":[{"@type":"ReadAction","target":["https:\/\/staging.varesenews.it\/2012\/11\/un-secolo-nelle-immagini-della-pubblicita-un-libro-e-una-mostra-degli-industraili\/74147\/"]}]},{"@type":"BreadcrumbList","@id":"https:\/\/staging.varesenews.it\/2012\/11\/un-secolo-nelle-immagini-della-pubblicita-un-libro-e-una-mostra-degli-industraili\/74147\/#breadcrumb","itemListElement":[{"@type":"ListItem","position":1,"name":"Home","item":"https:\/\/www.varesenews.it\/"},{"@type":"ListItem","position":2,"name":"Un secolo nelle immagini della pubblicit\u00e0, un libro e una mostra degli industraili"}]},{"@type":"WebSite","@id":"https:\/\/staging.varesenews.it\/#website","url":"https:\/\/staging.varesenews.it\/","name":"VareseNews","description":"","potentialAction":[{"@type":"SearchAction","target":{"@type":"EntryPoint","urlTemplate":"https:\/\/staging.varesenews.it\/?s={search_term_string}"},"query-input":"required name=search_term_string"}],"inLanguage":"it-IT"},{"@type":"Person","@id":"https:\/\/staging.varesenews.it\/#\/schema\/person\/fb20c4da0b7b16c291707a20db73e169","name":"Redazione VareseNews","image":{"@type":"ImageObject","inLanguage":"it-IT","@id":"https:\/\/staging.varesenews.it\/#\/schema\/person\/image\/","url":"https:\/\/staging.varesenews.it\/wp-content\/uploads\/2020\/12\/logo_VN_colori_500.png","contentUrl":"https:\/\/staging.varesenews.it\/wp-content\/uploads\/2020\/12\/logo_VN_colori_500.png","caption":"Redazione VareseNews"},"url":"https:\/\/staging.varesenews.it\/persona\/redazione1\/"}]}},"post_meta":{"id_old":"248853","argomento":"Varese"},"photos":[],"_links":{"self":[{"href":"https:\/\/staging.varesenews.it\/swgapi\/v1\/wp\/v2\/posts\/74147"}],"collection":[{"href":"https:\/\/staging.varesenews.it\/swgapi\/v1\/wp\/v2\/posts"}],"about":[{"href":"https:\/\/staging.varesenews.it\/swgapi\/v1\/wp\/v2\/types\/post"}],"author":[{"embeddable":true,"href":"https:\/\/staging.varesenews.it\/swgapi\/v1\/wp\/v2\/users\/10"}],"replies":[{"embeddable":true,"href":"https:\/\/staging.varesenews.it\/swgapi\/v1\/wp\/v2\/comments?post=74147"}],"version-history":[{"count":0,"href":"https:\/\/staging.varesenews.it\/swgapi\/v1\/wp\/v2\/posts\/74147\/revisions"}],"wp:attachment":[{"href":"https:\/\/staging.varesenews.it\/swgapi\/v1\/wp\/v2\/media?parent=74147"}],"wp:term":[{"taxonomy":"category","embeddable":true,"href":"https:\/\/staging.varesenews.it\/swgapi\/v1\/wp\/v2\/categories?post=74147"},{"taxonomy":"post_tag","embeddable":true,"href":"https:\/\/staging.varesenews.it\/swgapi\/v1\/wp\/v2\/tags?post=74147"}],"curies":[{"name":"wp","href":"https:\/\/api.w.org\/{rel}","templated":true}]}}