{"id":742479,"date":"2018-08-13T09:01:24","date_gmt":"2018-08-13T07:01:24","guid":{"rendered":"http:\/\/www.varesenews.it\/?p=742479"},"modified":"2018-08-13T09:01:24","modified_gmt":"2018-08-13T07:01:24","slug":"luino-ferragosto-col-piano-antonio-davi","status":"publish","type":"post","link":"https:\/\/staging.varesenews.it\/2018\/08\/luino-ferragosto-col-piano-antonio-davi\/742479\/","title":{"rendered":"Luino, Ferragosto col piano di Antonio Dav\u00ec"},"content":{"rendered":"<p><strong>Mercoled\u00ec 15 agosto<\/strong> alle ore 21:00 presso il palco del Parco a Lago di Luino si potr\u00e0 assistere al concerto di Antonio Davi&#8217;.<\/p>\n<p>\u00abAntonio Dav\u00ec \u00e8 una forza della natura. &#8211; commenta l&#8217;Assessore Pier Marcello Castelli &#8211; Apprezzo questo pianista che, non solo esegue i brani in maniera eccellente, ma ha la capacit\u00e0 di coinvolgere il pubblico che si unisce al suo concerto, diventandone esso stesso protagonista\u00bb.<\/p>\n<p><strong>A nove anni Davi&#8217; \u00e8 entrato al Conservatorio Vincenzo Bellini di Palermo<\/strong> e il suo carisma innato lo ha portato ad esibirsi in tanti palcoscenici internazionali. Tra i suoi scritti, si comprende che la musica \u00e8 la sua vita: &#8220;Ogni giorno mi faccio prendere per mano dalle emozioni e con queste cammino e attraverso il mio destino\u201d. La serata sara&#8217; dedicata agli standard in cui il pubblico intraprender\u00e0 un viaggio immaginario nella sua musica: il pianoforte sar\u00e0 lo strumento che sostituisce le parole.<\/p>\n","protected":false},"excerpt":{"rendered":"<p>Mercoled\u00ec 15 con inizio alle 21 nella splendida cornice del Parco a Lago si potr\u00e0 assistere al concerto<\/p>\n","protected":false},"author":34,"featured_media":0,"comment_status":"open","ping_status":"open","sticky":false,"template":"","format":"standard","meta":{"footnotes":""},"categories":[2],"tags":[2925,89256],"acf":[],"yoast_head":"<!-- This site is optimized with the Yoast SEO plugin v20.1 - https:\/\/yoast.com\/wordpress\/plugins\/seo\/ -->\n<title>Luino, Ferragosto col piano di Antonio Dav\u00ec<\/title>\n<meta name=\"description\" content=\"Mercoled\u00ec 15 con inizio alle 21 nella splendida cornice del Parco a Lago si potr\u00e0 assistere al concerto\" \/>\n<meta name=\"robots\" content=\"noindex, follow, max-snippet:-1, max-image-preview:large, max-video-preview:-1\" \/>\n<meta property=\"og:locale\" content=\"it_IT\" \/>\n<meta property=\"og:type\" content=\"article\" \/>\n<meta property=\"og:title\" content=\"Luino, Ferragosto col piano di Antonio Dav\u00ec\" \/>\n<meta property=\"og:description\" content=\"Mercoled\u00ec 15 con inizio alle 21 nella splendida cornice del Parco a Lago si potr\u00e0 assistere al concerto\" \/>\n<meta property=\"og:url\" content=\"https:\/\/staging.varesenews.it\/2018\/08\/luino-ferragosto-col-piano-antonio-davi\/742479\/\" \/>\n<meta property=\"og:site_name\" content=\"VareseNews\" \/>\n<meta property=\"article:publisher\" content=\"https:\/\/www.facebook.com\/varesenews\" \/>\n<meta property=\"article:author\" content=\"https:\/\/www.facebook.com\/andrea.camurani?fref=photo\" \/>\n<meta property=\"article:published_time\" content=\"2018-08-13T07:01:24+00:00\" \/>\n<meta name=\"author\" content=\"Andrea Camurani\" \/>\n<meta name=\"twitter:card\" content=\"summary_large_image\" \/>\n<meta name=\"twitter:creator\" content=\"@AndreaCamurani\" \/>\n<meta name=\"twitter:site\" content=\"@varesenews\" \/>\n<meta name=\"twitter:label1\" content=\"Scritto da\" \/>\n\t<meta name=\"twitter:data1\" content=\"Andrea Camurani\" \/>\n\t<meta name=\"twitter:label2\" content=\"Tempo di lettura stimato\" \/>\n\t<meta name=\"twitter:data2\" content=\"1 minuto\" \/>\n<script type=\"application\/ld+json\" class=\"yoast-schema-graph\">{\"@context\":\"https:\/\/schema.org\",\"@graph\":[{\"@type\":\"WebPage\",\"@id\":\"https:\/\/staging.varesenews.it\/2018\/08\/luino-ferragosto-col-piano-antonio-davi\/742479\/\",\"url\":\"https:\/\/staging.varesenews.it\/2018\/08\/luino-ferragosto-col-piano-antonio-davi\/742479\/\",\"name\":\"Luino, Ferragosto col piano di Antonio Dav\u00ec\",\"isPartOf\":{\"@id\":\"https:\/\/staging.varesenews.it\/#website\"},\"datePublished\":\"2018-08-13T07:01:24+00:00\",\"dateModified\":\"2018-08-13T07:01:24+00:00\",\"author\":{\"@id\":\"https:\/\/staging.varesenews.it\/#\/schema\/person\/3eb5832c6beae763de8d9596fdbe8c49\"},\"description\":\"Mercoled\u00ec 15 con inizio alle 21 nella splendida cornice del Parco a Lago si potr\u00e0 assistere al concerto\",\"breadcrumb\":{\"@id\":\"https:\/\/staging.varesenews.it\/2018\/08\/luino-ferragosto-col-piano-antonio-davi\/742479\/#breadcrumb\"},\"inLanguage\":\"it-IT\",\"potentialAction\":[{\"@type\":\"ReadAction\",\"target\":[\"https:\/\/staging.varesenews.it\/2018\/08\/luino-ferragosto-col-piano-antonio-davi\/742479\/\"]}]},{\"@type\":\"BreadcrumbList\",\"@id\":\"https:\/\/staging.varesenews.it\/2018\/08\/luino-ferragosto-col-piano-antonio-davi\/742479\/#breadcrumb\",\"itemListElement\":[{\"@type\":\"ListItem\",\"position\":1,\"name\":\"Home\",\"item\":\"https:\/\/www.varesenews.it\/\"},{\"@type\":\"ListItem\",\"position\":2,\"name\":\"Luino, Ferragosto col piano di Antonio Dav\u00ec\"}]},{\"@type\":\"WebSite\",\"@id\":\"https:\/\/staging.varesenews.it\/#website\",\"url\":\"https:\/\/staging.varesenews.it\/\",\"name\":\"VareseNews\",\"description\":\"\",\"potentialAction\":[{\"@type\":\"SearchAction\",\"target\":{\"@type\":\"EntryPoint\",\"urlTemplate\":\"https:\/\/staging.varesenews.it\/?s={search_term_string}\"},\"query-input\":\"required name=search_term_string\"}],\"inLanguage\":\"it-IT\"},{\"@type\":\"Person\",\"@id\":\"https:\/\/staging.varesenews.it\/#\/schema\/person\/3eb5832c6beae763de8d9596fdbe8c49\",\"name\":\"Andrea Camurani\",\"image\":{\"@type\":\"ImageObject\",\"inLanguage\":\"it-IT\",\"@id\":\"https:\/\/staging.varesenews.it\/#\/schema\/person\/image\/\",\"url\":\"https:\/\/staging.varesenews.it\/wp-content\/uploads\/2020\/12\/andrea_camurani_colori_500.jpg\",\"contentUrl\":\"https:\/\/staging.varesenews.it\/wp-content\/uploads\/2020\/12\/andrea_camurani_colori_500.jpg\",\"caption\":\"Andrea Camurani\"},\"description\":\"Sono figlio degli anni Settanta e di Milano, dove ho imparato a riconoscere buoni e cattivi. Laurea in scienze politiche, lavoro a VareseNews dal 2000. Racconto quel che trovo quando incontro chi vuole lasciare al mondo un pezzetto di vita, che si chiama cronaca. &ldquo;...perch&eacute; &egrave; la gente il pi&ugrave; grande spettacolo del mondo. E non si paga il biglietto...&rdquo; (Charles Bukowsky)\",\"sameAs\":[\"https:\/\/www.facebook.com\/andrea.camurani?fref=photo\",\"andreacamurani\",\"https:\/\/www.linkedin.com\/hp\/?dnr=A9a84RfzsLdo9xg4NcGV4dLiMknoc9ms4WM\",\"https:\/\/twitter.com\/AndreaCamurani\"],\"url\":\"https:\/\/staging.varesenews.it\/persona\/andrea_camurani\/\"}]}<\/script>\n<!-- \/ Yoast SEO plugin. -->","yoast_head_json":{"title":"Luino, Ferragosto col piano di Antonio Dav\u00ec","description":"Mercoled\u00ec 15 con inizio alle 21 nella splendida cornice del Parco a Lago si potr\u00e0 assistere al concerto","robots":{"index":"noindex","follow":"follow","max-snippet":"max-snippet:-1","max-image-preview":"max-image-preview:large","max-video-preview":"max-video-preview:-1"},"og_locale":"it_IT","og_type":"article","og_title":"Luino, Ferragosto col piano di Antonio Dav\u00ec","og_description":"Mercoled\u00ec 15 con inizio alle 21 nella splendida cornice del Parco a Lago si potr\u00e0 assistere al concerto","og_url":"https:\/\/staging.varesenews.it\/2018\/08\/luino-ferragosto-col-piano-antonio-davi\/742479\/","og_site_name":"VareseNews","article_publisher":"https:\/\/www.facebook.com\/varesenews","article_author":"https:\/\/www.facebook.com\/andrea.camurani?fref=photo","article_published_time":"2018-08-13T07:01:24+00:00","author":"Andrea Camurani","twitter_card":"summary_large_image","twitter_creator":"@AndreaCamurani","twitter_site":"@varesenews","twitter_misc":{"Scritto da":"Andrea Camurani","Tempo di lettura stimato":"1 minuto"},"schema":{"@context":"https:\/\/schema.org","@graph":[{"@type":"WebPage","@id":"https:\/\/staging.varesenews.it\/2018\/08\/luino-ferragosto-col-piano-antonio-davi\/742479\/","url":"https:\/\/staging.varesenews.it\/2018\/08\/luino-ferragosto-col-piano-antonio-davi\/742479\/","name":"Luino, Ferragosto col piano di Antonio Dav\u00ec","isPartOf":{"@id":"https:\/\/staging.varesenews.it\/#website"},"datePublished":"2018-08-13T07:01:24+00:00","dateModified":"2018-08-13T07:01:24+00:00","author":{"@id":"https:\/\/staging.varesenews.it\/#\/schema\/person\/3eb5832c6beae763de8d9596fdbe8c49"},"description":"Mercoled\u00ec 15 con inizio alle 21 nella splendida cornice del Parco a Lago si potr\u00e0 assistere al concerto","breadcrumb":{"@id":"https:\/\/staging.varesenews.it\/2018\/08\/luino-ferragosto-col-piano-antonio-davi\/742479\/#breadcrumb"},"inLanguage":"it-IT","potentialAction":[{"@type":"ReadAction","target":["https:\/\/staging.varesenews.it\/2018\/08\/luino-ferragosto-col-piano-antonio-davi\/742479\/"]}]},{"@type":"BreadcrumbList","@id":"https:\/\/staging.varesenews.it\/2018\/08\/luino-ferragosto-col-piano-antonio-davi\/742479\/#breadcrumb","itemListElement":[{"@type":"ListItem","position":1,"name":"Home","item":"https:\/\/www.varesenews.it\/"},{"@type":"ListItem","position":2,"name":"Luino, Ferragosto col piano di Antonio Dav\u00ec"}]},{"@type":"WebSite","@id":"https:\/\/staging.varesenews.it\/#website","url":"https:\/\/staging.varesenews.it\/","name":"VareseNews","description":"","potentialAction":[{"@type":"SearchAction","target":{"@type":"EntryPoint","urlTemplate":"https:\/\/staging.varesenews.it\/?s={search_term_string}"},"query-input":"required name=search_term_string"}],"inLanguage":"it-IT"},{"@type":"Person","@id":"https:\/\/staging.varesenews.it\/#\/schema\/person\/3eb5832c6beae763de8d9596fdbe8c49","name":"Andrea Camurani","image":{"@type":"ImageObject","inLanguage":"it-IT","@id":"https:\/\/staging.varesenews.it\/#\/schema\/person\/image\/","url":"https:\/\/staging.varesenews.it\/wp-content\/uploads\/2020\/12\/andrea_camurani_colori_500.jpg","contentUrl":"https:\/\/staging.varesenews.it\/wp-content\/uploads\/2020\/12\/andrea_camurani_colori_500.jpg","caption":"Andrea Camurani"},"description":"Sono figlio degli anni Settanta e di Milano, dove ho imparato a riconoscere buoni e cattivi. Laurea in scienze politiche, lavoro a VareseNews dal 2000. Racconto quel che trovo quando incontro chi vuole lasciare al mondo un pezzetto di vita, che si chiama cronaca. &ldquo;...perch&eacute; &egrave; la gente il pi&ugrave; grande spettacolo del mondo. E non si paga il biglietto...&rdquo; (Charles Bukowsky)","sameAs":["https:\/\/www.facebook.com\/andrea.camurani?fref=photo","andreacamurani","https:\/\/www.linkedin.com\/hp\/?dnr=A9a84RfzsLdo9xg4NcGV4dLiMknoc9ms4WM","https:\/\/twitter.com\/AndreaCamurani"],"url":"https:\/\/staging.varesenews.it\/persona\/andrea_camurani\/"}]}},"post_meta":{"_edit_lock":"1534144246:34","_edit_last":"34","_category_permalink":"a:1:{s:8:\"category\";s:0:\"\";}","ratings_users":"0","ratings_score":"0","ratings_average":"0","foto":"689840","firma_come_redazione":"1","argomento":"Luino","_yoast_wpseo_content_score":"30","_jd_tweet_this":"yes","_wpt_short_url":"http:\/\/www.varesenews.it\/2018\/08\/luino-ferragosto-col-piano-antonio-davi\/742479\/","_wp_jd_target":"http:\/\/www.varesenews.it\/2018\/08\/luino-ferragosto-col-piano-antonio-davi\/742479\/","_jd_wp_twitter":"a:1:{i:0;s:153:\"Luino, Ferragosto col piano di Antonio Dav\u00ec http:\/\/www.varesenews.it\/2018\/08\/luino-ferragosto-col-piano-antonio-davi\/742479\/ #ferragosto #ferragosto2018\";}","_wpt_status_message":"Tweet inviato con successo."},"photos":[{"original":"https:\/\/staging.varesenews.it\/photogallery_new\/images\/2018\/08\/avarie-689840.jpg","full":"https:\/\/staging.varesenews.it\/photogallery_new\/images\/2018\/08\/avarie-689840.1024x768.jpg","large":"https:\/\/staging.varesenews.it\/photogallery_new\/images\/2018\/08\/avarie-689840.610x431.jpg"}],"_links":{"self":[{"href":"https:\/\/staging.varesenews.it\/swgapi\/v1\/wp\/v2\/posts\/742479"}],"collection":[{"href":"https:\/\/staging.varesenews.it\/swgapi\/v1\/wp\/v2\/posts"}],"about":[{"href":"https:\/\/staging.varesenews.it\/swgapi\/v1\/wp\/v2\/types\/post"}],"author":[{"embeddable":true,"href":"https:\/\/staging.varesenews.it\/swgapi\/v1\/wp\/v2\/users\/34"}],"replies":[{"embeddable":true,"href":"https:\/\/staging.varesenews.it\/swgapi\/v1\/wp\/v2\/comments?post=742479"}],"version-history":[{"count":0,"href":"https:\/\/staging.varesenews.it\/swgapi\/v1\/wp\/v2\/posts\/742479\/revisions"}],"wp:attachment":[{"href":"https:\/\/staging.varesenews.it\/swgapi\/v1\/wp\/v2\/media?parent=742479"}],"wp:term":[{"taxonomy":"category","embeddable":true,"href":"https:\/\/staging.varesenews.it\/swgapi\/v1\/wp\/v2\/categories?post=742479"},{"taxonomy":"post_tag","embeddable":true,"href":"https:\/\/staging.varesenews.it\/swgapi\/v1\/wp\/v2\/tags?post=742479"}],"curies":[{"name":"wp","href":"https:\/\/api.w.org\/{rel}","templated":true}]}}