{"id":742536,"date":"2018-08-13T12:24:22","date_gmt":"2018-08-13T10:24:22","guid":{"rendered":"http:\/\/www.varesenews.it\/?p=742536"},"modified":"2018-08-13T12:24:22","modified_gmt":"2018-08-13T10:24:22","slug":"sito-teatro-tirinnanzi","status":"publish","type":"post","link":"https:\/\/staging.varesenews.it\/2018\/08\/sito-teatro-tirinnanzi\/742536\/","title":{"rendered":"Nuovo sito per il teatro Tirinnanzi"},"content":{"rendered":"<p>\u201cE\u2019 on line il nuovo sito interamente dedicato al<strong> Teatro Tirinnanzi,<\/strong> (<a href=\"http:\/\/www.teatrotirinnanzilegnano.it\">www.teatrotirinnanzilegnano.it<\/a>) dove \u00e8 consultabile gran parte della nuova stagione, che comprender\u00e0 ben 31 spettacoli suddivisi tra prosa, musica, cabaret, teatro famiglia, rassegna jazz e spettacoli allestiti da Compagnie del territorio\u201d.<\/p>\n<p>Lo annuncia <strong>Marco Negri,<\/strong> direttore artistico di Melarido srl, che ha vinto la gara per la gestione del Teatro Tirinnanzi. \u201cAl ritorno dalle vacanze \u2013 fa presente l\u2019assessore alla Cultura,<strong> Franco Colombo<\/strong> &#8211; organizzeremo una presentazione complessiva. Intanto \u00e8 importante che si possa scoprire una proposta articolata, in grado di piacere a palati differenti. Il tutto a prezzi contenuti, in modo da rivolgersi a un pubblico il pi\u00f9 vasto possibile\u201d.<\/p>\n<p>La societ\u00e0 fondata da<strong> Rosanna Martinez Bergonzi<\/strong>, oltre che dallo stesso Negri, pur essendo \u201cdomiciliata\u201d in Brianza, ha radici nel capoluogo lombardo, dove ha collaborato con il Comune e con realt\u00e0 sia teatrali che aziendali. Melarido ha gestito anche l\u2019Auditorium di Rho (sold out per tutta la stagione di prosa) il TresArtes di Vittuone, il Teatro Civico di Vercelli, il Teatro Toscanini di Segrate (fino alla stagione 2016\/2017), e lo storico Teatro Elena di Sesto San Giovanni, inaugurato nel 1954 (ebbe l\u2019onore di ospitare la compagnia di Eduardo De Filippo, poi quella del figlio Luca, pi\u00f9 gli indimenticabili Gianni Magni e Bruno Lauzi, oltre alle primissime date dei mitici \u201cLegnanesi\u201d, da allora divenuti amici dei due soci). Il nome Melarido \u00e8 legato al logo: una mela rossa che sorride, simbolo di positivit\u00e0, gentilezza, ascolto, creativit\u00e0 a disposizione del pubblico e di tutte le Amministrazioni Comunali. Con tutte loro, ognuna con differenti appartenenze politiche, c\u2019\u00e8 sempre stato accordo e collaborazione.<\/p>\n<p>L\u2019Amministrazione Comunale di Legnano ha saputo apprezzare con grande competenza le proposte artistiche dei nuovi gestori: nella stagione 2018\/2019 grande spazio sar\u00e0 dato alle Scuole, con produzioni innovative che incanteranno studenti e insegnanti, cos\u00ec come alle Associazioni e alle compagnie teatrali locali grazie a una rassegna denominata \u201cSipario a chilometro zero\u201d. Talisio Tirinnanzi ne sarebbe felice: la cultura non appartiene solo ai grandi nomi e nessun attore, del resto, \u00e8 nato gi\u00e0 famoso. Legnano, sensibile e generosa, non mancher\u00e0 di seguire e incoraggiare tutti: forse, qualche futura \u201cnuova stella\u201d partir\u00e0 proprio dal teatro della citt\u00e0!<\/p>\n<p>Coerentemente con la sua storia, Melarido proporr\u00e0 un mix di proposte leggere e impegnate. Due anni fa la societ\u00e0 ha prodotto un imponente \u201cOtello\u201d con un lavoro di preparazione di quasi un anno al teatro Civico di Vercelli. E solo l\u2019anno scorso \u00e8 stata co-produttrice e distributrice, insieme a Eventi di Valore, del musical \u201cFigliol Prodigo\u201d, che ha ridato fiducia nella vita e un lavoro retribuito ad alcuni carcerati che hanno studiato per anni canto e recitazione (sotto la guida di Isabella Biffi, nota autrice e regista) all\u2019interno dell\u2019Istituto Penitenziario di Opera (Mi). Il musical da loro interpretato ha visto su tutti i manifesti il volto di Papa Francesco, che ha riconosciuto il valore del progetto di recupero sociale.<\/p>\n<p>\u201cBiglietti e abbonamenti \u2013 conclude Negri &#8211; sono acquistabili sul circuito Vivaticket e da settembre anche online sul sito del teatro, oltre che direttamente al botteghino\u201d. Per qualsiasi informazione i recapiti sono i seguenti: e-mail teatrotirinnanzi@legnano.org tel. 331 7189086.<\/p>\n","protected":false},"excerpt":{"rendered":"<p>\u00c8 consultabile gran parte della nuova stagione, che comprender\u00e0 ben 31 spettacoli tra prosa, musica, cabaret, teatro famiglia, rassegna jazz e spettacoli di compagnie locali<\/p>\n","protected":false},"author":47,"featured_media":0,"comment_status":"open","ping_status":"open","sticky":false,"template":"","format":"standard","meta":{"footnotes":""},"categories":[4,18],"tags":[59455],"acf":[],"yoast_head":"<!-- This site is optimized with the Yoast SEO plugin v20.1 - https:\/\/yoast.com\/wordpress\/plugins\/seo\/ -->\n<title>Nuovo sito per il teatro Tirinnanzi<\/title>\n<meta name=\"description\" content=\"\u00c8 consultabile gran parte della nuova stagione, che comprender\u00e0 ben 31 spettacoli tra prosa, musica, cabaret, teatro famiglia, rassegna jazz e spettacoli di compagnie locali\" \/>\n<meta name=\"robots\" content=\"noindex, follow, max-snippet:-1, max-image-preview:large, max-video-preview:-1\" \/>\n<meta property=\"og:locale\" content=\"it_IT\" \/>\n<meta property=\"og:type\" content=\"article\" \/>\n<meta property=\"og:title\" content=\"Nuovo sito per il teatro Tirinnanzi\" \/>\n<meta property=\"og:description\" content=\"\u00c8 consultabile gran parte della nuova stagione, che comprender\u00e0 ben 31 spettacoli tra prosa, musica, cabaret, teatro famiglia, rassegna jazz e spettacoli di compagnie locali\" \/>\n<meta property=\"og:url\" content=\"https:\/\/staging.varesenews.it\/2018\/08\/sito-teatro-tirinnanzi\/742536\/\" \/>\n<meta property=\"og:site_name\" content=\"VareseNews\" \/>\n<meta property=\"article:publisher\" content=\"https:\/\/www.facebook.com\/varesenews\" \/>\n<meta property=\"article:published_time\" content=\"2018-08-13T10:24:22+00:00\" \/>\n<meta name=\"author\" content=\"Orlando Mastrillo\" \/>\n<meta name=\"twitter:card\" content=\"summary_large_image\" \/>\n<meta name=\"twitter:creator\" content=\"@nando_mastrillo\" \/>\n<meta name=\"twitter:site\" content=\"@varesenews\" \/>\n<meta name=\"twitter:label1\" content=\"Scritto da\" \/>\n\t<meta name=\"twitter:data1\" content=\"Orlando Mastrillo\" \/>\n\t<meta name=\"twitter:label2\" content=\"Tempo di lettura stimato\" \/>\n\t<meta name=\"twitter:data2\" content=\"3 minuti\" \/>\n<script type=\"application\/ld+json\" class=\"yoast-schema-graph\">{\"@context\":\"https:\/\/schema.org\",\"@graph\":[{\"@type\":\"WebPage\",\"@id\":\"https:\/\/staging.varesenews.it\/2018\/08\/sito-teatro-tirinnanzi\/742536\/\",\"url\":\"https:\/\/staging.varesenews.it\/2018\/08\/sito-teatro-tirinnanzi\/742536\/\",\"name\":\"Nuovo sito per il teatro Tirinnanzi\",\"isPartOf\":{\"@id\":\"https:\/\/staging.varesenews.it\/#website\"},\"datePublished\":\"2018-08-13T10:24:22+00:00\",\"dateModified\":\"2018-08-13T10:24:22+00:00\",\"author\":{\"@id\":\"https:\/\/staging.varesenews.it\/#\/schema\/person\/14c47ccce537a9058dddce296f10b296\"},\"description\":\"\u00c8 consultabile gran parte della nuova stagione, che comprender\u00e0 ben 31 spettacoli tra prosa, musica, cabaret, teatro famiglia, rassegna jazz e spettacoli di compagnie locali\",\"breadcrumb\":{\"@id\":\"https:\/\/staging.varesenews.it\/2018\/08\/sito-teatro-tirinnanzi\/742536\/#breadcrumb\"},\"inLanguage\":\"it-IT\",\"potentialAction\":[{\"@type\":\"ReadAction\",\"target\":[\"https:\/\/staging.varesenews.it\/2018\/08\/sito-teatro-tirinnanzi\/742536\/\"]}]},{\"@type\":\"BreadcrumbList\",\"@id\":\"https:\/\/staging.varesenews.it\/2018\/08\/sito-teatro-tirinnanzi\/742536\/#breadcrumb\",\"itemListElement\":[{\"@type\":\"ListItem\",\"position\":1,\"name\":\"Home\",\"item\":\"https:\/\/www.varesenews.it\/\"},{\"@type\":\"ListItem\",\"position\":2,\"name\":\"Nuovo sito per il teatro Tirinnanzi\"}]},{\"@type\":\"WebSite\",\"@id\":\"https:\/\/staging.varesenews.it\/#website\",\"url\":\"https:\/\/staging.varesenews.it\/\",\"name\":\"VareseNews\",\"description\":\"\",\"potentialAction\":[{\"@type\":\"SearchAction\",\"target\":{\"@type\":\"EntryPoint\",\"urlTemplate\":\"https:\/\/staging.varesenews.it\/?s={search_term_string}\"},\"query-input\":\"required name=search_term_string\"}],\"inLanguage\":\"it-IT\"},{\"@type\":\"Person\",\"@id\":\"https:\/\/staging.varesenews.it\/#\/schema\/person\/14c47ccce537a9058dddce296f10b296\",\"name\":\"Orlando Mastrillo\",\"image\":{\"@type\":\"ImageObject\",\"inLanguage\":\"it-IT\",\"@id\":\"https:\/\/staging.varesenews.it\/#\/schema\/person\/image\/\",\"url\":\"https:\/\/staging.varesenews.it\/wp-content\/uploads\/2020\/12\/orlando_mastrillo_colori_500.jpg\",\"contentUrl\":\"https:\/\/staging.varesenews.it\/wp-content\/uploads\/2020\/12\/orlando_mastrillo_colori_500.jpg\",\"caption\":\"Orlando Mastrillo\"},\"description\":\"Nasco a Luino nel 1981, ho iniziato questo lavoro nell'estate del 2003 nella redazione de Il Giorno di Varese e dall'anno successivo ho intrapreso la collaborazione con VareseNews. Dopo anni nell'Alto Varesotto mi sono trasferito a Busto Arsizio nel 2007, territorio che ho iniziato a seguire e che seguo tutt'oggi. Nel 2013 sono diventato giornalista professionista. Mi occupo di cronaca politica, giudiziaria e nera in una vasta area che comprende anche parte della Valle Olona e il Legnanese. Sono sposato con Valeria Arini e ho due splendide figlie.\",\"sameAs\":[\"or_ma\",\"https:\/\/twitter.com\/nando_mastrillo\"],\"url\":\"https:\/\/staging.varesenews.it\/persona\/orlando-mastrillo1\/\"}]}<\/script>\n<!-- \/ Yoast SEO plugin. -->","yoast_head_json":{"title":"Nuovo sito per il teatro Tirinnanzi","description":"\u00c8 consultabile gran parte della nuova stagione, che comprender\u00e0 ben 31 spettacoli tra prosa, musica, cabaret, teatro famiglia, rassegna jazz e spettacoli di compagnie locali","robots":{"index":"noindex","follow":"follow","max-snippet":"max-snippet:-1","max-image-preview":"max-image-preview:large","max-video-preview":"max-video-preview:-1"},"og_locale":"it_IT","og_type":"article","og_title":"Nuovo sito per il teatro Tirinnanzi","og_description":"\u00c8 consultabile gran parte della nuova stagione, che comprender\u00e0 ben 31 spettacoli tra prosa, musica, cabaret, teatro famiglia, rassegna jazz e spettacoli di compagnie locali","og_url":"https:\/\/staging.varesenews.it\/2018\/08\/sito-teatro-tirinnanzi\/742536\/","og_site_name":"VareseNews","article_publisher":"https:\/\/www.facebook.com\/varesenews","article_published_time":"2018-08-13T10:24:22+00:00","author":"Orlando Mastrillo","twitter_card":"summary_large_image","twitter_creator":"@nando_mastrillo","twitter_site":"@varesenews","twitter_misc":{"Scritto da":"Orlando Mastrillo","Tempo di lettura stimato":"3 minuti"},"schema":{"@context":"https:\/\/schema.org","@graph":[{"@type":"WebPage","@id":"https:\/\/staging.varesenews.it\/2018\/08\/sito-teatro-tirinnanzi\/742536\/","url":"https:\/\/staging.varesenews.it\/2018\/08\/sito-teatro-tirinnanzi\/742536\/","name":"Nuovo sito per il teatro Tirinnanzi","isPartOf":{"@id":"https:\/\/staging.varesenews.it\/#website"},"datePublished":"2018-08-13T10:24:22+00:00","dateModified":"2018-08-13T10:24:22+00:00","author":{"@id":"https:\/\/staging.varesenews.it\/#\/schema\/person\/14c47ccce537a9058dddce296f10b296"},"description":"\u00c8 consultabile gran parte della nuova stagione, che comprender\u00e0 ben 31 spettacoli tra prosa, musica, cabaret, teatro famiglia, rassegna jazz e spettacoli di compagnie locali","breadcrumb":{"@id":"https:\/\/staging.varesenews.it\/2018\/08\/sito-teatro-tirinnanzi\/742536\/#breadcrumb"},"inLanguage":"it-IT","potentialAction":[{"@type":"ReadAction","target":["https:\/\/staging.varesenews.it\/2018\/08\/sito-teatro-tirinnanzi\/742536\/"]}]},{"@type":"BreadcrumbList","@id":"https:\/\/staging.varesenews.it\/2018\/08\/sito-teatro-tirinnanzi\/742536\/#breadcrumb","itemListElement":[{"@type":"ListItem","position":1,"name":"Home","item":"https:\/\/www.varesenews.it\/"},{"@type":"ListItem","position":2,"name":"Nuovo sito per il teatro Tirinnanzi"}]},{"@type":"WebSite","@id":"https:\/\/staging.varesenews.it\/#website","url":"https:\/\/staging.varesenews.it\/","name":"VareseNews","description":"","potentialAction":[{"@type":"SearchAction","target":{"@type":"EntryPoint","urlTemplate":"https:\/\/staging.varesenews.it\/?s={search_term_string}"},"query-input":"required name=search_term_string"}],"inLanguage":"it-IT"},{"@type":"Person","@id":"https:\/\/staging.varesenews.it\/#\/schema\/person\/14c47ccce537a9058dddce296f10b296","name":"Orlando Mastrillo","image":{"@type":"ImageObject","inLanguage":"it-IT","@id":"https:\/\/staging.varesenews.it\/#\/schema\/person\/image\/","url":"https:\/\/staging.varesenews.it\/wp-content\/uploads\/2020\/12\/orlando_mastrillo_colori_500.jpg","contentUrl":"https:\/\/staging.varesenews.it\/wp-content\/uploads\/2020\/12\/orlando_mastrillo_colori_500.jpg","caption":"Orlando Mastrillo"},"description":"Nasco a Luino nel 1981, ho iniziato questo lavoro nell'estate del 2003 nella redazione de Il Giorno di Varese e dall'anno successivo ho intrapreso la collaborazione con VareseNews. Dopo anni nell'Alto Varesotto mi sono trasferito a Busto Arsizio nel 2007, territorio che ho iniziato a seguire e che seguo tutt'oggi. Nel 2013 sono diventato giornalista professionista. Mi occupo di cronaca politica, giudiziaria e nera in una vasta area che comprende anche parte della Valle Olona e il Legnanese. Sono sposato con Valeria Arini e ho due splendide figlie.","sameAs":["or_ma","https:\/\/twitter.com\/nando_mastrillo"],"url":"https:\/\/staging.varesenews.it\/persona\/orlando-mastrillo1\/"}]}},"post_meta":{"_edit_lock":"1534157360:47","_edit_last":"47","_category_permalink":"a:1:{s:8:\"category\";s:0:\"\";}","ratings_users":"0","ratings_score":"0","ratings_average":"0","foto":"595685","argomento":"Legnano","_yoast_wpseo_content_score":"30","_jd_tweet_this":"yes","_wpt_short_url":"http:\/\/www.varesenews.it\/2018\/08\/sito-teatro-tirinnanzi\/742536\/","_wp_jd_target":"http:\/\/www.varesenews.it\/2018\/08\/sito-teatro-tirinnanzi\/742536\/","_jd_wp_twitter":"a:1:{i:0;s:100:\"Nuovo sito per il teatro Tirinnanzi http:\/\/www.varesenews.it\/2018\/08\/sito-teatro-tirinnanzi\/742536\/ \";}","_wpt_status_message":"Tweet inviato con successo."},"photos":[{"original":"https:\/\/staging.varesenews.it\/photogallery_new\/images\/2017\/02\/il-cardinale-scola-a-legnano-595685.jpg","full":"https:\/\/staging.varesenews.it\/photogallery_new\/images\/2017\/02\/il-cardinale-scola-a-legnano-595685.1024x768.jpg","large":"https:\/\/staging.varesenews.it\/photogallery_new\/images\/2017\/02\/il-cardinale-scola-a-legnano-595685.610x431.jpg"}],"_links":{"self":[{"href":"https:\/\/staging.varesenews.it\/swgapi\/v1\/wp\/v2\/posts\/742536"}],"collection":[{"href":"https:\/\/staging.varesenews.it\/swgapi\/v1\/wp\/v2\/posts"}],"about":[{"href":"https:\/\/staging.varesenews.it\/swgapi\/v1\/wp\/v2\/types\/post"}],"author":[{"embeddable":true,"href":"https:\/\/staging.varesenews.it\/swgapi\/v1\/wp\/v2\/users\/47"}],"replies":[{"embeddable":true,"href":"https:\/\/staging.varesenews.it\/swgapi\/v1\/wp\/v2\/comments?post=742536"}],"version-history":[{"count":0,"href":"https:\/\/staging.varesenews.it\/swgapi\/v1\/wp\/v2\/posts\/742536\/revisions"}],"wp:attachment":[{"href":"https:\/\/staging.varesenews.it\/swgapi\/v1\/wp\/v2\/media?parent=742536"}],"wp:term":[{"taxonomy":"category","embeddable":true,"href":"https:\/\/staging.varesenews.it\/swgapi\/v1\/wp\/v2\/categories?post=742536"},{"taxonomy":"post_tag","embeddable":true,"href":"https:\/\/staging.varesenews.it\/swgapi\/v1\/wp\/v2\/tags?post=742536"}],"curies":[{"name":"wp","href":"https:\/\/api.w.org\/{rel}","templated":true}]}}