{"id":743521,"date":"2018-08-20T14:57:16","date_gmt":"2018-08-20T12:57:16","guid":{"rendered":"http:\/\/www.varesenews.it\/?p=743521"},"modified":"2018-08-20T16:14:23","modified_gmt":"2018-08-20T14:14:23","slug":"servizio-antincendio-ospedale-finisce-tribunale","status":"publish","type":"post","link":"https:\/\/staging.varesenews.it\/2018\/08\/servizio-antincendio-ospedale-finisce-tribunale\/743521\/","title":{"rendered":"Il servizio antincendio in ospedale finisce in tribunale"},"content":{"rendered":"<p class=\"p2\"><span class=\"s1\"><strong>Sono 40 dipendenti<\/strong>. Quranta pompieri volontari in servizio negli<strong> ospedali dell\u2019asst Valle Olona.<\/strong> Il loro rapporto di lavoro, per\u00f2, \u00e8 a rischio. IL loro servizio scadr\u00e0 il 13 settembre prossimo, se non cambier\u00e0 qualcosa.<\/span><\/p>\n<p class=\"p2\"><span class=\"s1\">Sono i dipendenti della <strong>GSA (Gruppo servizi associazione) societ\u00e0 di Udine<\/strong> a cui la direzione dell\u2019azienda ospedaliera aveva <strong>temporaneamente affidato l\u2019incarico<\/strong> vista la situazione \u201cnon a norma\u201d dei presidi sul tema dell\u2019anticendio. Un affidamento temporaneo in attesa di affidare l&#8217;incarico con un bando di gara ( per sei mesi).<\/span><\/p>\n<p class=\"p2\"><span class=\"s1\">La primavera scorsa l&#8217;Asst Valle Olona ha indetto la gara, bando vinto da una societ\u00e0 siciliana, la Edil Sicilia. <\/span><\/p>\n<p class=\"p2\"><span class=\"s1\">La vittoria che, per\u00f2, ha innescato alcune polemiche finite davanti al tribunale amministrativo. Il <strong>concorrente sconfitto, GSA, contesta l&#8217;applicazione del criterio del massimo ribasso in un ambito<\/strong> dove, sostengono, giurisprudenza e codice degli appalti consigliano di<strong> valutare l&#8217;<\/strong><\/span><span class=\"s1\"><strong>offerta economicamente pi\u00f9 vantaggiosa<\/strong> perch\u00e9 garante anche di qualit\u00e0 e progettualit\u00e0.<\/span><\/p>\n<p>La contestazione di GSA \u00e8 stata sposata dal <strong>tribunale amministrativo<\/strong> che, con un pronunciamento a fine luglio, <strong>ha accolto il ricorso e annullato la gara<\/strong>. Il pronunciamento \u00e8 stato <strong>a sua volta impugnato davanti al Consiglio di Stato<\/strong> da parte di Edil Sicilia chiedendo una sospensiva urgente del pronunciamento. <strong>I giudici d&#8217;appello, lo scorso 10 agosto, hanno congelato la situazione:<\/strong> la materia complessa va vagliata con attenzione rimandando ogni pronunciamento al 6\u00a0 \u00a0settembre.<\/p>\n<p>\u00ab Per un motivo che non ci \u00e8 chiaro &#8211; commentano gli avvocati di GSA <strong>Luca Mazzeo e Luca De Pauli<\/strong> &#8211; dopo la decisione del Consiglio di Stato, Asst Valle Olona ha fatto\u00a0<span class=\"s1\">una procedura negoziata per affidare, per solo un mese, il servizio adottando sempre il requisito del prezzo pi\u00f9 basso. Chiaramente il mio cliente ha perso ancora. Da qui <strong>la nostra nuova azione legale davanti al Tar della Lombardia<\/strong> che ha di nuovo accolto la nostra domanda rinviando la decisione al 13 settembre\u00bb.<\/span><\/p>\n<p class=\"p2\"><span class=\"s1\">A far discutere sono<strong> le condizioni dell\u2019offerta avanzata dalla societ\u00e0 siciliana<\/strong>: \u00ab Un eccesso di ribasso &#8211; commenta <strong>Emilio Rossignoli della GSA<\/strong> &#8211; che ricade sui dipendenti\u00bb. Da quanto sanno, infatti,<strong> la nuova azienda avrebbe proposto un contratto per 10,8 euro all\u2019ora<\/strong>, una retribuzione per gli addetti veramente esiguo in un settore dove la media \u00e8 ai 13\/15 euro all&#8217;ora. <\/span><\/p>\n<p class=\"p2\"><span class=\"s1\">La questione, quindi, \u00e8 affidata alla magistratura: \u00ab Come azienda &#8211; <strong>spiegano all&#8217;Asst Valle Olona<\/strong> &#8211; attendiamo che ci sia il pronunciamento del giudice che dirima la lite tra i due contendenti. Assicuriamo, per\u00f2, che il servizio antincendio \u00e8 garantito regolarmente in tutti i presidi\u00bb.\u00a0<\/span><\/p>\n<p class=\"p2\"><span class=\"s1\">Il servizio prevede che<strong> 32 operatori qualificati vigilino sugli ospedali di Busto Arsizio, Gallarate, Saronno, Angera e Somma Lombardo<\/strong>.<span class=\"Apple-converted-space\">\u00a0 <\/span>Il personale \u00e8 chiamato a prevenire e, nel caso, gestire l\u2019emergenza sette giorni su sette in un\u2019articolazione oraria che garantisca una copertura continuata per 24 ore. <\/span><\/p>\n","protected":false},"excerpt":{"rendered":"<p>La gara indetta dall&#8217;Asst Valle Olona \u00e8 stata impugnata dall&#8217;azienda che ha perso. Al centro della disputa l&#8217;opportunit\u00e0 di premiare l&#8217;offerta al ribasso<\/p>\n","protected":false},"author":33,"featured_media":0,"comment_status":"open","ping_status":"open","sticky":false,"template":"","format":"standard","meta":{"footnotes":""},"categories":[4,17,5,1],"tags":[3673,89580,56122],"acf":[],"yoast_head":"<!-- This site is optimized with the Yoast SEO plugin v20.1 - https:\/\/yoast.com\/wordpress\/plugins\/seo\/ -->\n<title>Il servizio antincendio in ospedale finisce in tribunale<\/title>\n<meta name=\"description\" content=\"La gara indetta dall&#039;Asst Valle Olona \u00e8 stata impugnata dall&#039;azienda che ha perso. Al centro della disputa l&#039;opportunit\u00e0 di premiare l&#039;offerta al ribasso\" \/>\n<meta name=\"robots\" content=\"noindex, follow, max-snippet:-1, max-image-preview:large, max-video-preview:-1\" \/>\n<meta property=\"og:locale\" content=\"it_IT\" \/>\n<meta property=\"og:type\" content=\"article\" \/>\n<meta property=\"og:title\" content=\"Il servizio antincendio in ospedale finisce in tribunale\" \/>\n<meta property=\"og:description\" content=\"La gara indetta dall&#039;Asst Valle Olona \u00e8 stata impugnata dall&#039;azienda che ha perso. Al centro della disputa l&#039;opportunit\u00e0 di premiare l&#039;offerta al ribasso\" \/>\n<meta property=\"og:url\" content=\"https:\/\/staging.varesenews.it\/2018\/08\/servizio-antincendio-ospedale-finisce-tribunale\/743521\/\" \/>\n<meta property=\"og:site_name\" content=\"VareseNews\" \/>\n<meta property=\"article:publisher\" content=\"https:\/\/www.facebook.com\/varesenews\" \/>\n<meta property=\"article:author\" content=\"alessandra.toni7\" \/>\n<meta property=\"article:published_time\" content=\"2018-08-20T12:57:16+00:00\" \/>\n<meta property=\"article:modified_time\" content=\"2018-08-20T14:14:23+00:00\" \/>\n<meta name=\"author\" content=\"Alessandra Toni\" \/>\n<meta name=\"twitter:card\" content=\"summary_large_image\" \/>\n<meta name=\"twitter:creator\" content=\"@alessandra_toni\" \/>\n<meta name=\"twitter:site\" content=\"@varesenews\" \/>\n<meta name=\"twitter:label1\" content=\"Scritto da\" \/>\n\t<meta name=\"twitter:data1\" content=\"Alessandra Toni\" \/>\n\t<meta name=\"twitter:label2\" content=\"Tempo di lettura stimato\" \/>\n\t<meta name=\"twitter:data2\" content=\"2 minuti\" \/>\n<script type=\"application\/ld+json\" class=\"yoast-schema-graph\">{\"@context\":\"https:\/\/schema.org\",\"@graph\":[{\"@type\":\"WebPage\",\"@id\":\"https:\/\/staging.varesenews.it\/2018\/08\/servizio-antincendio-ospedale-finisce-tribunale\/743521\/\",\"url\":\"https:\/\/staging.varesenews.it\/2018\/08\/servizio-antincendio-ospedale-finisce-tribunale\/743521\/\",\"name\":\"Il servizio antincendio in ospedale finisce in tribunale\",\"isPartOf\":{\"@id\":\"https:\/\/staging.varesenews.it\/#website\"},\"datePublished\":\"2018-08-20T12:57:16+00:00\",\"dateModified\":\"2018-08-20T14:14:23+00:00\",\"author\":{\"@id\":\"https:\/\/staging.varesenews.it\/#\/schema\/person\/2643ce123d4a3c9511e015dc548779b8\"},\"description\":\"La gara indetta dall'Asst Valle Olona \u00e8 stata impugnata dall'azienda che ha perso. Al centro della disputa l'opportunit\u00e0 di premiare l'offerta al ribasso\",\"breadcrumb\":{\"@id\":\"https:\/\/staging.varesenews.it\/2018\/08\/servizio-antincendio-ospedale-finisce-tribunale\/743521\/#breadcrumb\"},\"inLanguage\":\"it-IT\",\"potentialAction\":[{\"@type\":\"ReadAction\",\"target\":[\"https:\/\/staging.varesenews.it\/2018\/08\/servizio-antincendio-ospedale-finisce-tribunale\/743521\/\"]}]},{\"@type\":\"BreadcrumbList\",\"@id\":\"https:\/\/staging.varesenews.it\/2018\/08\/servizio-antincendio-ospedale-finisce-tribunale\/743521\/#breadcrumb\",\"itemListElement\":[{\"@type\":\"ListItem\",\"position\":1,\"name\":\"Home\",\"item\":\"https:\/\/www.varesenews.it\/\"},{\"@type\":\"ListItem\",\"position\":2,\"name\":\"Il servizio antincendio in ospedale finisce in tribunale\"}]},{\"@type\":\"WebSite\",\"@id\":\"https:\/\/staging.varesenews.it\/#website\",\"url\":\"https:\/\/staging.varesenews.it\/\",\"name\":\"VareseNews\",\"description\":\"\",\"potentialAction\":[{\"@type\":\"SearchAction\",\"target\":{\"@type\":\"EntryPoint\",\"urlTemplate\":\"https:\/\/staging.varesenews.it\/?s={search_term_string}\"},\"query-input\":\"required name=search_term_string\"}],\"inLanguage\":\"it-IT\"},{\"@type\":\"Person\",\"@id\":\"https:\/\/staging.varesenews.it\/#\/schema\/person\/2643ce123d4a3c9511e015dc548779b8\",\"name\":\"Alessandra Toni\",\"image\":{\"@type\":\"ImageObject\",\"inLanguage\":\"it-IT\",\"@id\":\"https:\/\/staging.varesenews.it\/#\/schema\/person\/image\/\",\"url\":\"https:\/\/staging.varesenews.it\/wp-content\/uploads\/2020\/12\/alessandra_toni_colori_500.jpg\",\"contentUrl\":\"https:\/\/staging.varesenews.it\/wp-content\/uploads\/2020\/12\/alessandra_toni_colori_500.jpg\",\"caption\":\"Alessandra Toni\"},\"description\":\"Sono entrata nella redazione di VareseNews nel lontano anno 2000. Ero reduce da una bellissima esperienza nella redazione giornalistica della TV Nuova Antennatre, sotto la direzione dell'indimenticabile direttore Adolfo Caldarini. Sono arrivata quando era ancora una piccola realt\u00e0 editoriale e insieme abbiamo fatto un lungo ed entusiasmante lavoro. Mi occupo prevalentemente di scuola e di sanit\u00e0, settori impegnativi di grande valore sociale.\u00a0\",\"sameAs\":[\"alessandra.toni7\",\"alessandra.toni\",\"https:\/\/twitter.com\/alessandra_toni\"],\"url\":\"https:\/\/staging.varesenews.it\/persona\/alessandra_toni1\/\"}]}<\/script>\n<!-- \/ Yoast SEO plugin. -->","yoast_head_json":{"title":"Il servizio antincendio in ospedale finisce in tribunale","description":"La gara indetta dall'Asst Valle Olona \u00e8 stata impugnata dall'azienda che ha perso. Al centro della disputa l'opportunit\u00e0 di premiare l'offerta al ribasso","robots":{"index":"noindex","follow":"follow","max-snippet":"max-snippet:-1","max-image-preview":"max-image-preview:large","max-video-preview":"max-video-preview:-1"},"og_locale":"it_IT","og_type":"article","og_title":"Il servizio antincendio in ospedale finisce in tribunale","og_description":"La gara indetta dall'Asst Valle Olona \u00e8 stata impugnata dall'azienda che ha perso. Al centro della disputa l'opportunit\u00e0 di premiare l'offerta al ribasso","og_url":"https:\/\/staging.varesenews.it\/2018\/08\/servizio-antincendio-ospedale-finisce-tribunale\/743521\/","og_site_name":"VareseNews","article_publisher":"https:\/\/www.facebook.com\/varesenews","article_author":"alessandra.toni7","article_published_time":"2018-08-20T12:57:16+00:00","article_modified_time":"2018-08-20T14:14:23+00:00","author":"Alessandra Toni","twitter_card":"summary_large_image","twitter_creator":"@alessandra_toni","twitter_site":"@varesenews","twitter_misc":{"Scritto da":"Alessandra Toni","Tempo di lettura stimato":"2 minuti"},"schema":{"@context":"https:\/\/schema.org","@graph":[{"@type":"WebPage","@id":"https:\/\/staging.varesenews.it\/2018\/08\/servizio-antincendio-ospedale-finisce-tribunale\/743521\/","url":"https:\/\/staging.varesenews.it\/2018\/08\/servizio-antincendio-ospedale-finisce-tribunale\/743521\/","name":"Il servizio antincendio in ospedale finisce in tribunale","isPartOf":{"@id":"https:\/\/staging.varesenews.it\/#website"},"datePublished":"2018-08-20T12:57:16+00:00","dateModified":"2018-08-20T14:14:23+00:00","author":{"@id":"https:\/\/staging.varesenews.it\/#\/schema\/person\/2643ce123d4a3c9511e015dc548779b8"},"description":"La gara indetta dall'Asst Valle Olona \u00e8 stata impugnata dall'azienda che ha perso. Al centro della disputa l'opportunit\u00e0 di premiare l'offerta al ribasso","breadcrumb":{"@id":"https:\/\/staging.varesenews.it\/2018\/08\/servizio-antincendio-ospedale-finisce-tribunale\/743521\/#breadcrumb"},"inLanguage":"it-IT","potentialAction":[{"@type":"ReadAction","target":["https:\/\/staging.varesenews.it\/2018\/08\/servizio-antincendio-ospedale-finisce-tribunale\/743521\/"]}]},{"@type":"BreadcrumbList","@id":"https:\/\/staging.varesenews.it\/2018\/08\/servizio-antincendio-ospedale-finisce-tribunale\/743521\/#breadcrumb","itemListElement":[{"@type":"ListItem","position":1,"name":"Home","item":"https:\/\/www.varesenews.it\/"},{"@type":"ListItem","position":2,"name":"Il servizio antincendio in ospedale finisce in tribunale"}]},{"@type":"WebSite","@id":"https:\/\/staging.varesenews.it\/#website","url":"https:\/\/staging.varesenews.it\/","name":"VareseNews","description":"","potentialAction":[{"@type":"SearchAction","target":{"@type":"EntryPoint","urlTemplate":"https:\/\/staging.varesenews.it\/?s={search_term_string}"},"query-input":"required name=search_term_string"}],"inLanguage":"it-IT"},{"@type":"Person","@id":"https:\/\/staging.varesenews.it\/#\/schema\/person\/2643ce123d4a3c9511e015dc548779b8","name":"Alessandra Toni","image":{"@type":"ImageObject","inLanguage":"it-IT","@id":"https:\/\/staging.varesenews.it\/#\/schema\/person\/image\/","url":"https:\/\/staging.varesenews.it\/wp-content\/uploads\/2020\/12\/alessandra_toni_colori_500.jpg","contentUrl":"https:\/\/staging.varesenews.it\/wp-content\/uploads\/2020\/12\/alessandra_toni_colori_500.jpg","caption":"Alessandra Toni"},"description":"Sono entrata nella redazione di VareseNews nel lontano anno 2000. Ero reduce da una bellissima esperienza nella redazione giornalistica della TV Nuova Antennatre, sotto la direzione dell'indimenticabile direttore Adolfo Caldarini. Sono arrivata quando era ancora una piccola realt\u00e0 editoriale e insieme abbiamo fatto un lungo ed entusiasmante lavoro. Mi occupo prevalentemente di scuola e di sanit\u00e0, settori impegnativi di grande valore sociale.\u00a0","sameAs":["alessandra.toni7","alessandra.toni","https:\/\/twitter.com\/alessandra_toni"],"url":"https:\/\/staging.varesenews.it\/persona\/alessandra_toni1\/"}]}},"post_meta":{"_edit_lock":"1534774842:33","_edit_last":"33","_category_permalink":"a:1:{s:8:\"category\";s:2:\"17\";}","argomento":"Busto Arsizio","_yoast_wpseo_content_score":"30","_jd_tweet_this":"yes","ratings_users":"0","ratings_score":"0","ratings_average":"0","foto":"446044","firma-personalizzata":"A.T.","_wpt_short_url":"http:\/\/www.varesenews.it\/2018\/08\/servizio-antincendio-ospedale-finisce-tribunale\/743521\/","_wp_jd_target":"http:\/\/www.varesenews.it\/2018\/08\/servizio-antincendio-ospedale-finisce-tribunale\/743521\/","_jd_wp_twitter":"a:1:{i:0;s:181:\"Il servizio antincendio in ospedale finisce in tribunale http:\/\/www.varesenews.it\/2018\/08\/servizio-antincendio-ospedale-finisce-tribunale\/743521\/ #appalti #appaltipa #asstvalleolona\";}","_wpt_status_message":"Tweet inviato con successo."},"photos":[{"original":"https:\/\/staging.varesenews.it\/photogallery_new\/images\/2015\/04\/ospedale-busto-arsizio-446044.jpg","full":"https:\/\/staging.varesenews.it\/photogallery_new\/images\/2015\/04\/ospedale-busto-arsizio-446044.1024x768.jpg","large":"https:\/\/staging.varesenews.it\/photogallery_new\/images\/2015\/04\/ospedale-busto-arsizio-446044.610x431.jpg"}],"_links":{"self":[{"href":"https:\/\/staging.varesenews.it\/swgapi\/v1\/wp\/v2\/posts\/743521"}],"collection":[{"href":"https:\/\/staging.varesenews.it\/swgapi\/v1\/wp\/v2\/posts"}],"about":[{"href":"https:\/\/staging.varesenews.it\/swgapi\/v1\/wp\/v2\/types\/post"}],"author":[{"embeddable":true,"href":"https:\/\/staging.varesenews.it\/swgapi\/v1\/wp\/v2\/users\/33"}],"replies":[{"embeddable":true,"href":"https:\/\/staging.varesenews.it\/swgapi\/v1\/wp\/v2\/comments?post=743521"}],"version-history":[{"count":0,"href":"https:\/\/staging.varesenews.it\/swgapi\/v1\/wp\/v2\/posts\/743521\/revisions"}],"wp:attachment":[{"href":"https:\/\/staging.varesenews.it\/swgapi\/v1\/wp\/v2\/media?parent=743521"}],"wp:term":[{"taxonomy":"category","embeddable":true,"href":"https:\/\/staging.varesenews.it\/swgapi\/v1\/wp\/v2\/categories?post=743521"},{"taxonomy":"post_tag","embeddable":true,"href":"https:\/\/staging.varesenews.it\/swgapi\/v1\/wp\/v2\/tags?post=743521"}],"curies":[{"name":"wp","href":"https:\/\/api.w.org\/{rel}","templated":true}]}}