{"id":744331,"date":"2018-08-24T12:35:00","date_gmt":"2018-08-24T10:35:00","guid":{"rendered":"http:\/\/www.varesenews.it\/?p=744331"},"modified":"2018-08-24T12:35:00","modified_gmt":"2018-08-24T10:35:00","slug":"mondiali-gran-fondo-programma-sportivo","status":"publish","type":"post","link":"https:\/\/staging.varesenews.it\/2018\/08\/mondiali-gran-fondo-programma-sportivo\/744331\/","title":{"rendered":"Mondiali Gran Fondo: il programma sportivo"},"content":{"rendered":"<p>Tra mercoled\u00ec 29 agosto e domenica 2 settembre, Varese e la sua provincia ospitano il <strong>Gran Fondo World Championship<\/strong>, e cio\u00e8 il campionato <strong>mondiale di ciclismo amatoriale<\/strong> per il 2018. Un evento di grande portata turistica, prima ancora che sportiva, organizzato dalla <strong>Societ\u00e0 Ciclistica Alfredo Binda<\/strong>, la stessa che ogni anno allestisce la Tre Valli Varesine dei professionisti e che dieci anni fa &#8220;govern\u00f2&#8221; il campionato del mondo di ciclismo.<\/p>\n<p>In questo articolo segnaliamo il <strong>programma di massima<\/strong> &#8211; giorno per giorno &#8211; <strong>per quanto riguarda l&#8217;ambito sportivo<\/strong>. In rosso gli eventi agonistici (prove e gare), quelli per i quali \u00e8 prevista anche la chiusura delle strade. Nei prossimi giorni pubblicheremo con esattezza orari e viabilit\u00e0 di cronometro e staffetta. In calce all&#8217;articolo invece trovate le quattro parti del percorso della Gran e Medio Fondo raccontate nel dettaglio.<\/p>\n<p><strong>MERCOLEDI&#8217; 29 AGOSTO<\/strong><\/p>\n<p>10 &#8211; 18:\u00a0Verifica iscrizioni e ritiro numeri<br \/>\n14 &#8211; 16: <span style=\"color: #ff0000;\">Prova percorso Cronometro individuale (Varese &#8211; Valganna)<\/span><br \/>\n17:\u00a0Briefing tecnico per Cronometro individuale<br \/>\n18,30 &#8211; 20:\u00a0Cerimonia di Apertura (piazza Repubblica)<\/p>\n<p><strong>GIOVEDI&#8217; 30 AGOSTO<\/strong><\/p>\n<p>9-12,30 &#8211; 14-18: <span style=\"color: #ff0000;\"><strong>CRONOMETRO INDIVIDUALE\u00a0<\/strong><\/span><br \/>\n18,30:\u00a0Premiazioni Cronometro Individuale<\/p>\n<p><strong>VENERDI&#8217; 31 AGOSTO<\/strong><\/p>\n<p>9 &#8211; 17:\u00a0Verifica iscrizioni e ritiro numeri<br \/>\n14,30 &#8211; 15,30:\u00a0Breafing tecnico per gara Staffetta a squadre<br \/>\n17,30:\u00a0<span style=\"color: #ff0000;\">Prova percorso Staffetta a squadre (Varese centro)<\/span><br \/>\n18,30 &#8211; 19,30: <span style=\"color: #ff0000;\"><strong>STAFFETTA A SQUADRE<\/strong><\/span><br \/>\n19,30:\u00a0Premiazioni gara Staffetta a squadre<br \/>\n20,30: Cena<\/p>\n<p><strong>SABATO 1 SETTEMBRE<\/strong><\/p>\n<p>9 &#8211; 18:\u00a0Verifica iscrizioni e ritiro pettorali<br \/>\n15 &#8211; 16:\u00a0Breafing tecnico per gara in linea<\/p>\n<p><strong>DOMENICA 2 SETTEMBRE<\/strong><\/p>\n<p>7,30 &#8211; 15,30: <span style=\"color: #ff0000;\"><strong>GRAN FONDO E MEDIO FONDO<br \/>\n<\/strong><\/span>12:\u00a0Apertura Pasta Party<br \/>\n14:\u00a0Inizio Premiazioni<br \/>\nAl termine: Cerimonia di Chiusura (piazza Repubblica)<br \/>\nPer le strade chiuse domenica, cliccate sui link seguenti<\/p>\n<blockquote class=\"wp-embedded-content\" data-secret=\"O94HSfh0q8\"><p><a href=\"http:\/\/www.varesenews.it\/2018\/08\/mondiali-gran-fondo-tempi-percorso-1-varese-brusimpiano\/742617\/\">Mondiali Gran Fondo &#8211; Tempi e percorso: 1) da Varese a Brusimpiano<\/a><\/p><\/blockquote>\n<p><iframe class=\"wp-embedded-content\" sandbox=\"allow-scripts\" security=\"restricted\" style=\"position: absolute; clip: rect(1px, 1px, 1px, 1px);\" src=\"http:\/\/www.varesenews.it\/2018\/08\/mondiali-gran-fondo-tempi-percorso-1-varese-brusimpiano\/742617\/embed\/#?secret=O94HSfh0q8\" data-secret=\"O94HSfh0q8\" width=\"500\" height=\"282\" title=\"&#8220;Mondiali Gran Fondo &#8211; Tempi e percorso: 1) da Varese a Brusimpiano&#8221; &#8212; VareseNews\" frameborder=\"0\" marginwidth=\"0\" marginheight=\"0\" scrolling=\"no\"><\/iframe><\/p>\n<blockquote class=\"wp-embedded-content\" data-secret=\"rPHr3pXE4k\"><p><a href=\"http:\/\/www.varesenews.it\/2018\/08\/mondiali-gran-fondo-tempi-percorso-2-brusimpiano-mesenzana\/742631\/\">Mondiali Gran Fondo &#8211; Tempi e percorso: 2) da Brusimpiano a Mesenzana<\/a><\/p><\/blockquote>\n<p><iframe class=\"wp-embedded-content\" sandbox=\"allow-scripts\" security=\"restricted\" style=\"position: absolute; clip: rect(1px, 1px, 1px, 1px);\" src=\"http:\/\/www.varesenews.it\/2018\/08\/mondiali-gran-fondo-tempi-percorso-2-brusimpiano-mesenzana\/742631\/embed\/#?secret=rPHr3pXE4k\" data-secret=\"rPHr3pXE4k\" width=\"500\" height=\"282\" title=\"&#8220;Mondiali Gran Fondo &#8211; Tempi e percorso: 2) da Brusimpiano a Mesenzana&#8221; &#8212; VareseNews\" frameborder=\"0\" marginwidth=\"0\" marginheight=\"0\" scrolling=\"no\"><\/iframe><\/p>\n<blockquote class=\"wp-embedded-content\" data-secret=\"0MckszCcL9\"><p><a href=\"http:\/\/www.varesenews.it\/2018\/08\/mondiali-gran-fondo-tempi-percorso-3-mesenzana-gemonio\/744217\/\">Mondiali Gran Fondo \u2013 Tempi e percorso: 3) da Mesenzana a Gemonio<\/a><\/p><\/blockquote>\n<p><iframe class=\"wp-embedded-content\" sandbox=\"allow-scripts\" security=\"restricted\" style=\"position: absolute; clip: rect(1px, 1px, 1px, 1px);\" src=\"http:\/\/www.varesenews.it\/2018\/08\/mondiali-gran-fondo-tempi-percorso-3-mesenzana-gemonio\/744217\/embed\/#?secret=0MckszCcL9\" data-secret=\"0MckszCcL9\" width=\"500\" height=\"282\" title=\"&#8220;Mondiali Gran Fondo \u2013 Tempi e percorso: 3) da Mesenzana a Gemonio&#8221; &#8212; VareseNews\" frameborder=\"0\" marginwidth=\"0\" marginheight=\"0\" scrolling=\"no\"><\/iframe><\/p>\n<blockquote class=\"wp-embedded-content\" data-secret=\"CY0mAuQnX4\"><p><a href=\"http:\/\/www.varesenews.it\/2018\/08\/mondiali-gran-fondo-tempi-percorso-4-caravate-varese\/744461\/\">Mondiali Gran Fondo \u2013 Tempi e percorso: 4) da Caravate a Varese<\/a><\/p><\/blockquote>\n<p><iframe class=\"wp-embedded-content\" sandbox=\"allow-scripts\" security=\"restricted\" style=\"position: absolute; clip: rect(1px, 1px, 1px, 1px);\" src=\"http:\/\/www.varesenews.it\/2018\/08\/mondiali-gran-fondo-tempi-percorso-4-caravate-varese\/744461\/embed\/#?secret=CY0mAuQnX4\" data-secret=\"CY0mAuQnX4\" width=\"500\" height=\"282\" title=\"&#8220;Mondiali Gran Fondo \u2013 Tempi e percorso: 4) da Caravate a Varese&#8221; &#8212; VareseNews\" frameborder=\"0\" marginwidth=\"0\" marginheight=\"0\" scrolling=\"no\"><\/iframe><\/p>\n","protected":false},"excerpt":{"rendered":"<p>Il grande evento sportivo si aprir\u00e0 mercoled\u00ec 29. Tre le gare: crono (gioved\u00ec), staffetta (venerd\u00ec), linea (domenica). Ecco gli orari <\/p>\n","protected":false},"author":38,"featured_media":0,"comment_status":"open","ping_status":"open","sticky":false,"template":"","format":"standard","meta":{"footnotes":""},"categories":[14,21,2],"tags":[89474,1297,398,83170,58625],"acf":[],"yoast_head":"<!-- This site is optimized with the Yoast SEO plugin v20.1 - https:\/\/yoast.com\/wordpress\/plugins\/seo\/ -->\n<title>Mondiali Gran Fondo: il programma sportivo<\/title>\n<meta name=\"description\" content=\"Il grande evento sportivo si aprir\u00e0 mercoled\u00ec 29. Tre le gare: crono (gioved\u00ec), staffetta (venerd\u00ec), linea (domenica). Ecco gli orari\" \/>\n<meta name=\"robots\" content=\"noindex, follow, max-snippet:-1, max-image-preview:large, max-video-preview:-1\" \/>\n<meta property=\"og:locale\" content=\"it_IT\" \/>\n<meta property=\"og:type\" content=\"article\" \/>\n<meta property=\"og:title\" content=\"Mondiali Gran Fondo: il programma sportivo\" \/>\n<meta property=\"og:description\" content=\"Il grande evento sportivo si aprir\u00e0 mercoled\u00ec 29. Tre le gare: crono (gioved\u00ec), staffetta (venerd\u00ec), linea (domenica). Ecco gli orari\" \/>\n<meta property=\"og:url\" content=\"https:\/\/staging.varesenews.it\/2018\/08\/mondiali-gran-fondo-programma-sportivo\/744331\/\" \/>\n<meta property=\"og:site_name\" content=\"VareseNews\" \/>\n<meta property=\"article:publisher\" content=\"https:\/\/www.facebook.com\/varesenews\" \/>\n<meta property=\"article:published_time\" content=\"2018-08-24T10:35:00+00:00\" \/>\n<meta name=\"author\" content=\"Damiano Franzetti\" \/>\n<meta name=\"twitter:card\" content=\"summary_large_image\" \/>\n<meta name=\"twitter:creator\" content=\"@damianofranz\" \/>\n<meta name=\"twitter:site\" content=\"@varesenews\" \/>\n<meta name=\"twitter:label1\" content=\"Scritto da\" \/>\n\t<meta name=\"twitter:data1\" content=\"Damiano Franzetti\" \/>\n\t<meta name=\"twitter:label2\" content=\"Tempo di lettura stimato\" \/>\n\t<meta name=\"twitter:data2\" content=\"1 minuto\" \/>\n<script type=\"application\/ld+json\" class=\"yoast-schema-graph\">{\"@context\":\"https:\/\/schema.org\",\"@graph\":[{\"@type\":\"WebPage\",\"@id\":\"https:\/\/staging.varesenews.it\/2018\/08\/mondiali-gran-fondo-programma-sportivo\/744331\/\",\"url\":\"https:\/\/staging.varesenews.it\/2018\/08\/mondiali-gran-fondo-programma-sportivo\/744331\/\",\"name\":\"Mondiali Gran Fondo: il programma sportivo\",\"isPartOf\":{\"@id\":\"https:\/\/staging.varesenews.it\/#website\"},\"datePublished\":\"2018-08-24T10:35:00+00:00\",\"dateModified\":\"2018-08-24T10:35:00+00:00\",\"author\":{\"@id\":\"https:\/\/staging.varesenews.it\/#\/schema\/person\/709ae3769f6b4dbde8ec332baede8a5b\"},\"description\":\"Il grande evento sportivo si aprir\u00e0 mercoled\u00ec 29. Tre le gare: crono (gioved\u00ec), staffetta (venerd\u00ec), linea (domenica). Ecco gli orari\",\"breadcrumb\":{\"@id\":\"https:\/\/staging.varesenews.it\/2018\/08\/mondiali-gran-fondo-programma-sportivo\/744331\/#breadcrumb\"},\"inLanguage\":\"it-IT\",\"potentialAction\":[{\"@type\":\"ReadAction\",\"target\":[\"https:\/\/staging.varesenews.it\/2018\/08\/mondiali-gran-fondo-programma-sportivo\/744331\/\"]}]},{\"@type\":\"BreadcrumbList\",\"@id\":\"https:\/\/staging.varesenews.it\/2018\/08\/mondiali-gran-fondo-programma-sportivo\/744331\/#breadcrumb\",\"itemListElement\":[{\"@type\":\"ListItem\",\"position\":1,\"name\":\"Home\",\"item\":\"https:\/\/www.varesenews.it\/\"},{\"@type\":\"ListItem\",\"position\":2,\"name\":\"Mondiali Gran Fondo: il programma sportivo\"}]},{\"@type\":\"WebSite\",\"@id\":\"https:\/\/staging.varesenews.it\/#website\",\"url\":\"https:\/\/staging.varesenews.it\/\",\"name\":\"VareseNews\",\"description\":\"\",\"potentialAction\":[{\"@type\":\"SearchAction\",\"target\":{\"@type\":\"EntryPoint\",\"urlTemplate\":\"https:\/\/staging.varesenews.it\/?s={search_term_string}\"},\"query-input\":\"required name=search_term_string\"}],\"inLanguage\":\"it-IT\"},{\"@type\":\"Person\",\"@id\":\"https:\/\/staging.varesenews.it\/#\/schema\/person\/709ae3769f6b4dbde8ec332baede8a5b\",\"name\":\"Damiano Franzetti\",\"image\":{\"@type\":\"ImageObject\",\"inLanguage\":\"it-IT\",\"@id\":\"https:\/\/staging.varesenews.it\/#\/schema\/person\/image\/\",\"url\":\"https:\/\/staging.varesenews.it\/wp-content\/uploads\/2020\/12\/damiano_franzetti_colori_500.jpg\",\"contentUrl\":\"https:\/\/staging.varesenews.it\/wp-content\/uploads\/2020\/12\/damiano_franzetti_colori_500.jpg\",\"caption\":\"Damiano Franzetti\"},\"description\":\"Classe 1976, una laurea (nel cassetto) in scienze e tecnologie alimentari; sono giornalista professionista dal 2009 nato e cresciuto con VareseNews dove mi occupo soprattutto di sport ormai da vent&rsquo;anni. Inviato sui campi (sulle piste, sulle strade...), intervistatore, coordinatore e responsabile delle pagine sportive, mi ritaglio volentieri lo spazio per scrivere di birra sul blog Malto Gradimento. Ho seguito innumerevoli campionati di Serie A di basket, di serie B di calcio, due Mondiali di ciclismo, qualche Giro d&rsquo;;Italia e tanto altro ancora. Collaboro con Tuttosport e altre testate, mi diletto di social. Ho una moglie, un figlio, vivo nella mia Gemonio e ho purtroppo smesso con il basket giocato. &nbsp;\",\"sameAs\":[\"damianofranz\",\"https:\/\/www.linkedin.com\/profile\/view?id=241597124&trk=nav_responsive_tab_profile\",\"https:\/\/twitter.com\/damianofranz\"],\"url\":\"https:\/\/staging.varesenews.it\/persona\/damiano_franzetti-2\/\"}]}<\/script>\n<!-- \/ Yoast SEO plugin. -->","yoast_head_json":{"title":"Mondiali Gran Fondo: il programma sportivo","description":"Il grande evento sportivo si aprir\u00e0 mercoled\u00ec 29. Tre le gare: crono (gioved\u00ec), staffetta (venerd\u00ec), linea (domenica). Ecco gli orari","robots":{"index":"noindex","follow":"follow","max-snippet":"max-snippet:-1","max-image-preview":"max-image-preview:large","max-video-preview":"max-video-preview:-1"},"og_locale":"it_IT","og_type":"article","og_title":"Mondiali Gran Fondo: il programma sportivo","og_description":"Il grande evento sportivo si aprir\u00e0 mercoled\u00ec 29. Tre le gare: crono (gioved\u00ec), staffetta (venerd\u00ec), linea (domenica). Ecco gli orari","og_url":"https:\/\/staging.varesenews.it\/2018\/08\/mondiali-gran-fondo-programma-sportivo\/744331\/","og_site_name":"VareseNews","article_publisher":"https:\/\/www.facebook.com\/varesenews","article_published_time":"2018-08-24T10:35:00+00:00","author":"Damiano Franzetti","twitter_card":"summary_large_image","twitter_creator":"@damianofranz","twitter_site":"@varesenews","twitter_misc":{"Scritto da":"Damiano Franzetti","Tempo di lettura stimato":"1 minuto"},"schema":{"@context":"https:\/\/schema.org","@graph":[{"@type":"WebPage","@id":"https:\/\/staging.varesenews.it\/2018\/08\/mondiali-gran-fondo-programma-sportivo\/744331\/","url":"https:\/\/staging.varesenews.it\/2018\/08\/mondiali-gran-fondo-programma-sportivo\/744331\/","name":"Mondiali Gran Fondo: il programma sportivo","isPartOf":{"@id":"https:\/\/staging.varesenews.it\/#website"},"datePublished":"2018-08-24T10:35:00+00:00","dateModified":"2018-08-24T10:35:00+00:00","author":{"@id":"https:\/\/staging.varesenews.it\/#\/schema\/person\/709ae3769f6b4dbde8ec332baede8a5b"},"description":"Il grande evento sportivo si aprir\u00e0 mercoled\u00ec 29. Tre le gare: crono (gioved\u00ec), staffetta (venerd\u00ec), linea (domenica). Ecco gli orari","breadcrumb":{"@id":"https:\/\/staging.varesenews.it\/2018\/08\/mondiali-gran-fondo-programma-sportivo\/744331\/#breadcrumb"},"inLanguage":"it-IT","potentialAction":[{"@type":"ReadAction","target":["https:\/\/staging.varesenews.it\/2018\/08\/mondiali-gran-fondo-programma-sportivo\/744331\/"]}]},{"@type":"BreadcrumbList","@id":"https:\/\/staging.varesenews.it\/2018\/08\/mondiali-gran-fondo-programma-sportivo\/744331\/#breadcrumb","itemListElement":[{"@type":"ListItem","position":1,"name":"Home","item":"https:\/\/www.varesenews.it\/"},{"@type":"ListItem","position":2,"name":"Mondiali Gran Fondo: il programma sportivo"}]},{"@type":"WebSite","@id":"https:\/\/staging.varesenews.it\/#website","url":"https:\/\/staging.varesenews.it\/","name":"VareseNews","description":"","potentialAction":[{"@type":"SearchAction","target":{"@type":"EntryPoint","urlTemplate":"https:\/\/staging.varesenews.it\/?s={search_term_string}"},"query-input":"required name=search_term_string"}],"inLanguage":"it-IT"},{"@type":"Person","@id":"https:\/\/staging.varesenews.it\/#\/schema\/person\/709ae3769f6b4dbde8ec332baede8a5b","name":"Damiano Franzetti","image":{"@type":"ImageObject","inLanguage":"it-IT","@id":"https:\/\/staging.varesenews.it\/#\/schema\/person\/image\/","url":"https:\/\/staging.varesenews.it\/wp-content\/uploads\/2020\/12\/damiano_franzetti_colori_500.jpg","contentUrl":"https:\/\/staging.varesenews.it\/wp-content\/uploads\/2020\/12\/damiano_franzetti_colori_500.jpg","caption":"Damiano Franzetti"},"description":"Classe 1976, una laurea (nel cassetto) in scienze e tecnologie alimentari; sono giornalista professionista dal 2009 nato e cresciuto con VareseNews dove mi occupo soprattutto di sport ormai da vent&rsquo;anni. Inviato sui campi (sulle piste, sulle strade...), intervistatore, coordinatore e responsabile delle pagine sportive, mi ritaglio volentieri lo spazio per scrivere di birra sul blog Malto Gradimento. Ho seguito innumerevoli campionati di Serie A di basket, di serie B di calcio, due Mondiali di ciclismo, qualche Giro d&rsquo;;Italia e tanto altro ancora. Collaboro con Tuttosport e altre testate, mi diletto di social. Ho una moglie, un figlio, vivo nella mia Gemonio e ho purtroppo smesso con il basket giocato. &nbsp;","sameAs":["damianofranz","https:\/\/www.linkedin.com\/profile\/view?id=241597124&trk=nav_responsive_tab_profile","https:\/\/twitter.com\/damianofranz"],"url":"https:\/\/staging.varesenews.it\/persona\/damiano_franzetti-2\/"}]}},"post_meta":{"_edit_lock":"1535106776:38","_edit_last":"38","_oembed_b7d8c31d9bb3a7a9340cf663efdf72b5":"<blockquote class=\"wp-embedded-content\" data-secret=\"O94HSfh0q8\"><a href=\"http:\/\/www.varesenews.it\/2018\/08\/mondiali-gran-fondo-tempi-percorso-1-varese-brusimpiano\/742617\/\">Mondiali Gran Fondo &#8211; Tempi e percorso: 1) da Varese a Brusimpiano<\/a><\/blockquote><iframe class=\"wp-embedded-content\" sandbox=\"allow-scripts\" security=\"restricted\" style=\"position: absolute; clip: rect(1px, 1px, 1px, 1px);\" src=\"http:\/\/www.varesenews.it\/2018\/08\/mondiali-gran-fondo-tempi-percorso-1-varese-brusimpiano\/742617\/embed\/#?secret=O94HSfh0q8\" data-secret=\"O94HSfh0q8\" width=\"500\" height=\"282\" title=\"&#8220;Mondiali Gran Fondo &#8211; Tempi e percorso: 1) da Varese a Brusimpiano&#8221; &#8212; VareseNews\" frameborder=\"0\" marginwidth=\"0\" marginheight=\"0\" scrolling=\"no\"><\/iframe>","_oembed_time_b7d8c31d9bb3a7a9340cf663efdf72b5":"1535039651","_oembed_204782c4486026f07d0765834e0669ce":"<blockquote class=\"wp-embedded-content\" data-secret=\"rPHr3pXE4k\"><a href=\"http:\/\/www.varesenews.it\/2018\/08\/mondiali-gran-fondo-tempi-percorso-2-brusimpiano-mesenzana\/742631\/\">Mondiali Gran Fondo &#8211; Tempi e percorso: 2) da Brusimpiano a Mesenzana<\/a><\/blockquote><iframe class=\"wp-embedded-content\" sandbox=\"allow-scripts\" security=\"restricted\" style=\"position: absolute; clip: rect(1px, 1px, 1px, 1px);\" src=\"http:\/\/www.varesenews.it\/2018\/08\/mondiali-gran-fondo-tempi-percorso-2-brusimpiano-mesenzana\/742631\/embed\/#?secret=rPHr3pXE4k\" data-secret=\"rPHr3pXE4k\" width=\"500\" height=\"282\" title=\"&#8220;Mondiali Gran Fondo &#8211; Tempi e percorso: 2) da Brusimpiano a Mesenzana&#8221; &#8212; VareseNews\" frameborder=\"0\" marginwidth=\"0\" marginheight=\"0\" scrolling=\"no\"><\/iframe>","_oembed_time_204782c4486026f07d0765834e0669ce":"1535039660","_oembed_1b93da0503caa1612000fecbc1dffd23":"<blockquote class=\"wp-embedded-content\" data-secret=\"0MckszCcL9\"><a href=\"http:\/\/www.varesenews.it\/2018\/08\/mondiali-gran-fondo-tempi-percorso-3-mesenzana-gemonio\/744217\/\">Mondiali Gran Fondo \u2013 Tempi e percorso: 3) da Mesenzana a Gemonio<\/a><\/blockquote><iframe class=\"wp-embedded-content\" sandbox=\"allow-scripts\" security=\"restricted\" style=\"position: absolute; clip: rect(1px, 1px, 1px, 1px);\" src=\"http:\/\/www.varesenews.it\/2018\/08\/mondiali-gran-fondo-tempi-percorso-3-mesenzana-gemonio\/744217\/embed\/#?secret=0MckszCcL9\" data-secret=\"0MckszCcL9\" width=\"500\" height=\"282\" title=\"&#8220;Mondiali Gran Fondo \u2013 Tempi e percorso: 3) da Mesenzana a Gemonio&#8221; &#8212; VareseNews\" frameborder=\"0\" marginwidth=\"0\" marginheight=\"0\" scrolling=\"no\"><\/iframe>","_oembed_time_1b93da0503caa1612000fecbc1dffd23":"1535039674","_category_permalink":"a:1:{s:8:\"category\";s:2:\"14\";}","id_leggi_anche":"744188,743513,745478,745524,745539","argomento":"Speciale Mondiale Gran Fondo","_yoast_wpseo_content_score":"30","_jd_tweet_this":"yes","foto":"690860","_oembed_f07c0cd9a57bbd839a9f0abfe61db9f1":"<blockquote class=\"wp-embedded-content\" data-secret=\"CY0mAuQnX4\"><a href=\"http:\/\/www.varesenews.it\/2018\/08\/mondiali-gran-fondo-tempi-percorso-4-caravate-varese\/744461\/\">Mondiali Gran Fondo \u2013 Tempi e percorso: 4) da Caravate a Varese<\/a><\/blockquote><iframe class=\"wp-embedded-content\" sandbox=\"allow-scripts\" security=\"restricted\" style=\"position: absolute; clip: rect(1px, 1px, 1px, 1px);\" src=\"http:\/\/www.varesenews.it\/2018\/08\/mondiali-gran-fondo-tempi-percorso-4-caravate-varese\/744461\/embed\/#?secret=CY0mAuQnX4\" data-secret=\"CY0mAuQnX4\" width=\"500\" height=\"282\" title=\"&#8220;Mondiali Gran Fondo \u2013 Tempi e percorso: 4) da Caravate a Varese&#8221; &#8212; VareseNews\" frameborder=\"0\" marginwidth=\"0\" marginheight=\"0\" scrolling=\"no\"><\/iframe>","_oembed_time_f07c0cd9a57bbd839a9f0abfe61db9f1":"1535106743","ratings_users":"0","ratings_score":"0","ratings_average":"0","firma_come_redazione":"1","_wpt_short_url":"http:\/\/www.varesenews.it\/2018\/08\/mondiali-gran-fondo-programma-sportivo\/744331\/","_wp_jd_target":"http:\/\/www.varesenews.it\/2018\/08\/mondiali-gran-fondo-programma-sportivo\/744331\/","_jd_wp_twitter":"a:1:{i:0;s:139:\"Mondiali Gran Fondo: il programma sportivo http:\/\/www.varesenews.it\/2018\/08\/mondiali-gran-fondo-programma-sportivo\/744331\/ #binda #ciclismo\";}","_wpt_status_message":"Tweet inviato con successo."},"photos":[{"original":"https:\/\/staging.varesenews.it\/photogallery_new\/images\/2018\/08\/granfondo-ciclismo-prova-690860.jpg","full":"https:\/\/staging.varesenews.it\/photogallery_new\/images\/2018\/08\/granfondo-ciclismo-prova-690860.1024x768.jpg","large":"https:\/\/staging.varesenews.it\/photogallery_new\/images\/2018\/08\/granfondo-ciclismo-prova-690860.610x431.jpg"}],"_links":{"self":[{"href":"https:\/\/staging.varesenews.it\/swgapi\/v1\/wp\/v2\/posts\/744331"}],"collection":[{"href":"https:\/\/staging.varesenews.it\/swgapi\/v1\/wp\/v2\/posts"}],"about":[{"href":"https:\/\/staging.varesenews.it\/swgapi\/v1\/wp\/v2\/types\/post"}],"author":[{"embeddable":true,"href":"https:\/\/staging.varesenews.it\/swgapi\/v1\/wp\/v2\/users\/38"}],"replies":[{"embeddable":true,"href":"https:\/\/staging.varesenews.it\/swgapi\/v1\/wp\/v2\/comments?post=744331"}],"version-history":[{"count":0,"href":"https:\/\/staging.varesenews.it\/swgapi\/v1\/wp\/v2\/posts\/744331\/revisions"}],"wp:attachment":[{"href":"https:\/\/staging.varesenews.it\/swgapi\/v1\/wp\/v2\/media?parent=744331"}],"wp:term":[{"taxonomy":"category","embeddable":true,"href":"https:\/\/staging.varesenews.it\/swgapi\/v1\/wp\/v2\/categories?post=744331"},{"taxonomy":"post_tag","embeddable":true,"href":"https:\/\/staging.varesenews.it\/swgapi\/v1\/wp\/v2\/tags?post=744331"}],"curies":[{"name":"wp","href":"https:\/\/api.w.org\/{rel}","templated":true}]}}